{"id":43980,"date":"2022-05-21T08:14:39","date_gmt":"2022-05-21T08:14:39","guid":{"rendered":"http:\/\/musikaliaelkartea.eus\/?p=43980"},"modified":"2022-05-21T08:16:07","modified_gmt":"2022-05-21T08:16:07","slug":"goizargi-gospel-choir-eta-musikalia-banda-elkarlanean","status":"publish","type":"post","link":"http:\/\/musikaliaelkartea.eus\/es\/2022\/05\/21\/goizargi-gospel-choir-eta-musikalia-banda-elkarlanean\/","title":{"rendered":"\u00a1Goizargi Gospel Choir y Musikalia Banda en concierto!"},"content":{"rendered":"<p>Como todos los a\u00f1os vamos a ofrecer una colaboraci\u00f3n especial para celebrar el D\u00eda Internacional de la M\u00fasica. Este a\u00f1o colaboraremos con <a href=\"https:\/\/www.facebook.com\/GoizargiGospel\">Goizargi Gospel Choir<\/a>. El grupo est\u00e1 dirigido por Ram\u00f3n Escale y re\u00fane las mejores voces de Euskal Herria. Est\u00e1n orientadas a ser un referente en estilo gospel, haciendo fuerza musical en el panorama vasco.<br \/>\n<img data-recalc-dims=\"1\" fetchpriority=\"high\" decoding=\"async\" data-attachment-id=\"43981\" data-permalink=\"http:\/\/musikaliaelkartea.eus\/es\/2022\/05\/21\/goizargi-gospel-choir-eta-musikalia-banda-elkarlanean\/167800388_226254735628481_2312658854863955941_n\/\" data-orig-file=\"https:\/\/i0.wp.com\/musikaliaelkartea.eus\/wp-content\/uploads\/2022\/05\/167800388_226254735628481_2312658854863955941_n.jpeg?fit=2048%2C1365\" data-orig-size=\"2048,1365\" data-comments-opened=\"0\" data-image-meta=\"{&quot;aperture&quot;:&quot;0&quot;,&quot;credit&quot;:&quot;&quot;,&quot;camera&quot;:&quot;&quot;,&quot;caption&quot;:&quot;&quot;,&quot;created_timestamp&quot;:&quot;0&quot;,&quot;copyright&quot;:&quot;&quot;,&quot;focal_length&quot;:&quot;0&quot;,&quot;iso&quot;:&quot;0&quot;,&quot;shutter_speed&quot;:&quot;0&quot;,&quot;title&quot;:&quot;&quot;,&quot;orientation&quot;:&quot;0&quot;}\" data-image-title=\"167800388_226254735628481_2312658854863955941_n\" data-image-description=\"\" data-image-caption=\"\" data-large-file=\"https:\/\/i0.wp.com\/musikaliaelkartea.eus\/wp-content\/uploads\/2022\/05\/167800388_226254735628481_2312658854863955941_n.jpeg?fit=1024%2C683\" class=\"aligncenter wp-image-43981 size-large\" src=\"https:\/\/i0.wp.com\/musikaliaelkartea.eus\/wp-content\/uploads\/2022\/05\/167800388_226254735628481_2312658854863955941_n.jpeg?resize=723%2C482\" alt=\"\" width=\"723\" height=\"482\" srcset=\"https:\/\/i0.wp.com\/musikaliaelkartea.eus\/wp-content\/uploads\/2022\/05\/167800388_226254735628481_2312658854863955941_n.jpeg?resize=1024%2C683 1024w, https:\/\/i0.wp.com\/musikaliaelkartea.eus\/wp-content\/uploads\/2022\/05\/167800388_226254735628481_2312658854863955941_n.jpeg?resize=300%2C200 300w, https:\/\/i0.wp.com\/musikaliaelkartea.eus\/wp-content\/uploads\/2022\/05\/167800388_226254735628481_2312658854863955941_n.jpeg?resize=768%2C512 768w, https:\/\/i0.wp.com\/musikaliaelkartea.eus\/wp-content\/uploads\/2022\/05\/167800388_226254735628481_2312658854863955941_n.jpeg?resize=1536%2C1024 1536w, https:\/\/i0.wp.com\/musikaliaelkartea.eus\/wp-content\/uploads\/2022\/05\/167800388_226254735628481_2312658854863955941_n.jpeg?resize=450%2C300 450w, https:\/\/i0.wp.com\/musikaliaelkartea.eus\/wp-content\/uploads\/2022\/05\/167800388_226254735628481_2312658854863955941_n.jpeg?resize=272%2C182 272w, https:\/\/i0.wp.com\/musikaliaelkartea.eus\/wp-content\/uploads\/2022\/05\/167800388_226254735628481_2312658854863955941_n.jpeg?w=2048 2048w\" sizes=\"(max-width: 723px) 100vw, 723px\" \/><\/p>\n<p>Los preparativos empezaron en octubre y llevamos meses trabajando. Como siempre, el concierto ser\u00e1 dirigido por Ane Legarreta. El espect\u00e1culo est\u00e1 lleno de m\u00fasica, movimiento y efectos especiales en el escenario.<\/p>\n<p><img data-recalc-dims=\"1\" decoding=\"async\" data-attachment-id=\"43982\" data-permalink=\"http:\/\/musikaliaelkartea.eus\/es\/2022\/05\/21\/goizargi-gospel-choir-eta-musikalia-banda-elkarlanean\/img_5561\/\" data-orig-file=\"https:\/\/i0.wp.com\/musikaliaelkartea.eus\/wp-content\/uploads\/2022\/05\/IMG_5561-scaled.jpg?fit=2560%2C1707\" data-orig-size=\"2560,1707\" data-comments-opened=\"0\" data-image-meta=\"{&quot;aperture&quot;:&quot;0&quot;,&quot;credit&quot;:&quot;&quot;,&quot;camera&quot;:&quot;&quot;,&quot;caption&quot;:&quot;&quot;,&quot;created_timestamp&quot;:&quot;0&quot;,&quot;copyright&quot;:&quot;&quot;,&quot;focal_length&quot;:&quot;0&quot;,&quot;iso&quot;:&quot;0&quot;,&quot;shutter_speed&quot;:&quot;0&quot;,&quot;title&quot;:&quot;&quot;,&quot;orientation&quot;:&quot;0&quot;}\" data-image-title=\"IMG_5561\" data-image-description=\"\" data-image-caption=\"\" data-large-file=\"https:\/\/i0.wp.com\/musikaliaelkartea.eus\/wp-content\/uploads\/2022\/05\/IMG_5561-scaled.jpg?fit=1024%2C683\" class=\"aligncenter wp-image-43982 size-apostrophe-featured\" src=\"https:\/\/i0.wp.com\/musikaliaelkartea.eus\/wp-content\/uploads\/2022\/05\/IMG_5561.jpg?resize=723%2C350\" alt=\"\" width=\"723\" height=\"350\" srcset=\"https:\/\/i0.wp.com\/musikaliaelkartea.eus\/wp-content\/uploads\/2022\/05\/IMG_5561-scaled.jpg?resize=930%2C450 930w, https:\/\/i0.wp.com\/musikaliaelkartea.eus\/wp-content\/uploads\/2022\/05\/IMG_5561-scaled.jpg?zoom=2&amp;resize=723%2C350 1446w, https:\/\/i0.wp.com\/musikaliaelkartea.eus\/wp-content\/uploads\/2022\/05\/IMG_5561-scaled.jpg?zoom=3&amp;resize=723%2C350 2169w\" sizes=\"(max-width: 723px) 100vw, 723px\" \/><\/p>\n<p>La actuaci\u00f3n tendr\u00e1 lugar en el Centro Muxikebarri de Getxo el 12 de junio a las 19:30 horas. Pero por la ma\u00f1ana haremos un ensayo general y tendr\u00e9is abiertas nuestras puertas para ver c\u00f3mo coordinamos las pruebas de sonido y los toques finales del concierto. Las entradas para el concierto ya est\u00e1n a la venta en la p\u00e1gina web de <a href=\"https:\/\/ticket.kutxabank.es\/aulacultura\/public\/janto\/\">Kutxabank<\/a> o en las taquillas del Aula de Cultura de Getxo. Pr\u00f3ximamente estar\u00e1n disponibles las invitaciones para el ensayo matinal. \u00a1No pierdas la oportunidad!<\/p>","protected":false},"excerpt":{"rendered":"<p>Como todos los a\u00f1os vamos a ofrecer una colaboraci\u00f3n especial para celebrar el D\u00eda Internacional de la M\u00fasica. Este a\u00f1o colaboraremos con Goizargi Gospel Choir.<a href=\"http:\/\/musikaliaelkartea.eus\/es\/2022\/05\/21\/goizargi-gospel-choir-eta-musikalia-banda-elkarlanean\/\" class=\"more-link\">View More<\/a><\/p>\n","protected":false},"author":2,"featured_media":43983,"comment_status":"closed","ping_status":"open","sticky":false,"template":"","format":"standard","meta":{"jetpack_post_was_ever_published":false,"_jetpack_newsletter_access":"","_jetpack_dont_email_post_to_subs":false,"_jetpack_newsletter_tier_id":0,"_jetpack_memberships_contains_paywalled_content":false,"_jetpack_memberships_contains_paid_content":false,"footnotes":""},"categories":[1],"tags":[],"class_list":["post-43980","post","type-post","status-publish","format-standard","has-post-thumbnail","hentry","category-uncategorized"],"yoast_head":"<!-- This site is optimized with the Yoast SEO plugin v27.4 - https:\/\/yoast.com\/product\/yoast-seo-wordpress\/ -->\n<title>\u00a1Goizargi Gospel Choir y Musikalia Banda en concierto! - Musikalia Elkartea<\/title>\n<meta name=\"robots\" content=\"index, follow, max-snippet:-1, max-image-preview:large, max-video-preview:-1\" \/>\n<link rel=\"canonical\" href=\"http:\/\/musikaliaelkartea.eus\/2022\/05\/21\/goizargi-gospel-choir-eta-musikalia-banda-elkarlanean\/\" \/>\n<meta property=\"og:locale\" content=\"es_ES\" \/>\n<meta property=\"og:type\" content=\"article\" \/>\n<meta property=\"og:title\" content=\"[:eu]Goizargi Gospel Choir eta Musikalia Banda elkarlanean![:es]\u00a1Goizargi Gospel Choir y Musikalia Banda en concierto![:] - Musikalia Elkartea\" \/>\n<meta property=\"og:description\" content=\"Como todos los a\u00f1os vamos a ofrecer una colaboraci\u00f3n especial para celebrar el D\u00eda Internacional de la M\u00fasica. Este a\u00f1o colaboraremos con Goizargi Gospel Choir.View More\" \/>\n<meta property=\"og:url\" content=\"http:\/\/musikaliaelkartea.eus\/2022\/05\/21\/goizargi-gospel-choir-eta-musikalia-banda-elkarlanean\/\" \/>\n<meta property=\"og:site_name\" content=\"Musikalia Elkartea\" \/>\n<meta property=\"article:publisher\" content=\"https:\/\/www.facebook.com\/musikaliaelkartea\" \/>\n<meta property=\"article:published_time\" content=\"2022-05-21T08:14:39+00:00\" \/>\n<meta property=\"article:modified_time\" content=\"2022-05-21T08:16:07+00:00\" \/>\n<meta property=\"og:image\" content=\"https:\/\/i0.wp.com\/musikaliaelkartea.eus\/wp-content\/uploads\/2022\/05\/irribanda.png?fit=820%2C312\" \/>\n\t<meta property=\"og:image:width\" content=\"820\" \/>\n\t<meta property=\"og:image:height\" content=\"312\" \/>\n\t<meta property=\"og:image:type\" content=\"image\/png\" \/>\n<meta name=\"author\" content=\"Musikalia\" \/>\n<meta name=\"twitter:card\" content=\"summary_large_image\" \/>\n<meta name=\"twitter:label1\" content=\"Escrito por\" \/>\n\t<meta name=\"twitter:data1\" content=\"Musikalia\" \/>\n\t<meta name=\"twitter:label2\" content=\"Tiempo de lectura\" \/>\n\t<meta name=\"twitter:data2\" content=\"2 minutos\" \/>\n<script type=\"application\/ld+json\" class=\"yoast-schema-graph\">{\"@context\":\"https:\\\/\\\/schema.org\",\"@graph\":[{\"@type\":\"Article\",\"@id\":\"http:\\\/\\\/musikaliaelkartea.eus\\\/2022\\\/05\\\/21\\\/goizargi-gospel-choir-eta-musikalia-banda-elkarlanean\\\/#article\",\"isPartOf\":{\"@id\":\"http:\\\/\\\/musikaliaelkartea.eus\\\/2022\\\/05\\\/21\\\/goizargi-gospel-choir-eta-musikalia-banda-elkarlanean\\\/\"},\"author\":{\"name\":\"Musikalia\",\"@id\":\"http:\\\/\\\/musikaliaelkartea.eus\\\/es\\\/#\\\/schema\\\/person\\\/14029d72e7fe33dcc3b5b67080703aab\"},\"headline\":\"\u00a1Goizargi Gospel Choir y Musikalia Banda en concierto!\",\"datePublished\":\"2022-05-21T08:14:39+00:00\",\"dateModified\":\"2022-05-21T08:16:07+00:00\",\"mainEntityOfPage\":{\"@id\":\"http:\\\/\\\/musikaliaelkartea.eus\\\/2022\\\/05\\\/21\\\/goizargi-gospel-choir-eta-musikalia-banda-elkarlanean\\\/\"},\"wordCount\":330,\"publisher\":{\"@id\":\"http:\\\/\\\/musikaliaelkartea.eus\\\/es\\\/#organization\"},\"image\":{\"@id\":\"http:\\\/\\\/musikaliaelkartea.eus\\\/2022\\\/05\\\/21\\\/goizargi-gospel-choir-eta-musikalia-banda-elkarlanean\\\/#primaryimage\"},\"thumbnailUrl\":\"https:\\\/\\\/i0.wp.com\\\/musikaliaelkartea.eus\\\/wp-content\\\/uploads\\\/2022\\\/05\\\/irribanda.png?fit=820%2C312\",\"articleSection\":[\"Uncategorized\"],\"inLanguage\":\"es\"},{\"@type\":\"WebPage\",\"@id\":\"http:\\\/\\\/musikaliaelkartea.eus\\\/2022\\\/05\\\/21\\\/goizargi-gospel-choir-eta-musikalia-banda-elkarlanean\\\/\",\"url\":\"http:\\\/\\\/musikaliaelkartea.eus\\\/2022\\\/05\\\/21\\\/goizargi-gospel-choir-eta-musikalia-banda-elkarlanean\\\/\",\"name\":\"[:eu]Goizargi Gospel Choir eta Musikalia Banda elkarlanean![:es]\u00a1Goizargi Gospel Choir y Musikalia Banda en concierto![:] - Musikalia Elkartea\",\"isPartOf\":{\"@id\":\"http:\\\/\\\/musikaliaelkartea.eus\\\/es\\\/#website\"},\"primaryImageOfPage\":{\"@id\":\"http:\\\/\\\/musikaliaelkartea.eus\\\/2022\\\/05\\\/21\\\/goizargi-gospel-choir-eta-musikalia-banda-elkarlanean\\\/#primaryimage\"},\"image\":{\"@id\":\"http:\\\/\\\/musikaliaelkartea.eus\\\/2022\\\/05\\\/21\\\/goizargi-gospel-choir-eta-musikalia-banda-elkarlanean\\\/#primaryimage\"},\"thumbnailUrl\":\"https:\\\/\\\/i0.wp.com\\\/musikaliaelkartea.eus\\\/wp-content\\\/uploads\\\/2022\\\/05\\\/irribanda.png?fit=820%2C312\",\"datePublished\":\"2022-05-21T08:14:39+00:00\",\"dateModified\":\"2022-05-21T08:16:07+00:00\",\"breadcrumb\":{\"@id\":\"http:\\\/\\\/musikaliaelkartea.eus\\\/2022\\\/05\\\/21\\\/goizargi-gospel-choir-eta-musikalia-banda-elkarlanean\\\/#breadcrumb\"},\"inLanguage\":\"es\",\"potentialAction\":[{\"@type\":\"ReadAction\",\"target\":[\"http:\\\/\\\/musikaliaelkartea.eus\\\/2022\\\/05\\\/21\\\/goizargi-gospel-choir-eta-musikalia-banda-elkarlanean\\\/\"]}]},{\"@type\":\"ImageObject\",\"inLanguage\":\"es\",\"@id\":\"http:\\\/\\\/musikaliaelkartea.eus\\\/2022\\\/05\\\/21\\\/goizargi-gospel-choir-eta-musikalia-banda-elkarlanean\\\/#primaryimage\",\"url\":\"https:\\\/\\\/i0.wp.com\\\/musikaliaelkartea.eus\\\/wp-content\\\/uploads\\\/2022\\\/05\\\/irribanda.png?fit=820%2C312\",\"contentUrl\":\"https:\\\/\\\/i0.wp.com\\\/musikaliaelkartea.eus\\\/wp-content\\\/uploads\\\/2022\\\/05\\\/irribanda.png?fit=820%2C312\",\"width\":820,\"height\":312},{\"@type\":\"BreadcrumbList\",\"@id\":\"http:\\\/\\\/musikaliaelkartea.eus\\\/2022\\\/05\\\/21\\\/goizargi-gospel-choir-eta-musikalia-banda-elkarlanean\\\/#breadcrumb\",\"itemListElement\":[{\"@type\":\"ListItem\",\"position\":1,\"name\":\"Home\",\"item\":\"http:\\\/\\\/musikaliaelkartea.eus\\\/es\\\/\"},{\"@type\":\"ListItem\",\"position\":2,\"name\":\"Goizargi Gospel Choir eta Musikalia Banda elkarlanean!\"}]},{\"@type\":\"WebSite\",\"@id\":\"http:\\\/\\\/musikaliaelkartea.eus\\\/es\\\/#website\",\"url\":\"http:\\\/\\\/musikaliaelkartea.eus\\\/es\\\/\",\"name\":\"Musikalia Elkartea\",\"description\":\"\",\"publisher\":{\"@id\":\"http:\\\/\\\/musikaliaelkartea.eus\\\/es\\\/#organization\"},\"potentialAction\":[{\"@type\":\"SearchAction\",\"target\":{\"@type\":\"EntryPoint\",\"urlTemplate\":\"http:\\\/\\\/musikaliaelkartea.eus\\\/es\\\/?s={search_term_string}\"},\"query-input\":{\"@type\":\"PropertyValueSpecification\",\"valueRequired\":true,\"valueName\":\"search_term_string\"}}],\"inLanguage\":\"es\"},{\"@type\":\"Organization\",\"@id\":\"http:\\\/\\\/musikaliaelkartea.eus\\\/es\\\/#organization\",\"name\":\"Getxoko Andres Isasi Musikalia Elkartea\",\"url\":\"http:\\\/\\\/musikaliaelkartea.eus\\\/es\\\/\",\"logo\":{\"@type\":\"ImageObject\",\"inLanguage\":\"es\",\"@id\":\"http:\\\/\\\/musikaliaelkartea.eus\\\/es\\\/#\\\/schema\\\/logo\\\/image\\\/\",\"url\":\"https:\\\/\\\/i0.wp.com\\\/musikaliaelkartea.eus\\\/wp-content\\\/uploads\\\/2025\\\/03\\\/cropped-MUSIKALIA-LOGO-LARGO.png?fit=5455%2C1928\",\"contentUrl\":\"https:\\\/\\\/i0.wp.com\\\/musikaliaelkartea.eus\\\/wp-content\\\/uploads\\\/2025\\\/03\\\/cropped-MUSIKALIA-LOGO-LARGO.png?fit=5455%2C1928\",\"width\":5455,\"height\":1928,\"caption\":\"Getxoko Andres Isasi Musikalia Elkartea\"},\"image\":{\"@id\":\"http:\\\/\\\/musikaliaelkartea.eus\\\/es\\\/#\\\/schema\\\/logo\\\/image\\\/\"},\"sameAs\":[\"https:\\\/\\\/www.facebook.com\\\/musikaliaelkartea\",\"https:\\\/\\\/www.instagram.com\\\/musikaliaelkartea\\\/\",\"https:\\\/\\\/www.youtube.com\\\/channel\\\/UCYG_UH_Rv-34wbmS8nQ7mpg\"]},{\"@type\":\"Person\",\"@id\":\"http:\\\/\\\/musikaliaelkartea.eus\\\/es\\\/#\\\/schema\\\/person\\\/14029d72e7fe33dcc3b5b67080703aab\",\"name\":\"Musikalia\",\"image\":{\"@type\":\"ImageObject\",\"inLanguage\":\"es\",\"@id\":\"https:\\\/\\\/secure.gravatar.com\\\/avatar\\\/4cedd4863d0dc30f70d9375282b4f70545dbeb2a5fec482325b3b89efe2dd5e3?s=96&d=mm&r=g\",\"url\":\"https:\\\/\\\/secure.gravatar.com\\\/avatar\\\/4cedd4863d0dc30f70d9375282b4f70545dbeb2a5fec482325b3b89efe2dd5e3?s=96&d=mm&r=g\",\"contentUrl\":\"https:\\\/\\\/secure.gravatar.com\\\/avatar\\\/4cedd4863d0dc30f70d9375282b4f70545dbeb2a5fec482325b3b89efe2dd5e3?s=96&d=mm&r=g\",\"caption\":\"Musikalia\"},\"url\":\"http:\\\/\\\/musikaliaelkartea.eus\\\/es\\\/author\\\/musikalia\\\/\"}]}<\/script>\n<!-- \/ Yoast SEO plugin. -->","yoast_head_json":{"title":"[:eu]Goizargi Gospel Choir eta Musikalia Banda elkarlanean![:es]\u00a1Goizargi Gospel Choir y Musikalia Banda en concierto![:] - Musikalia Elkartea","robots":{"index":"index","follow":"follow","max-snippet":"max-snippet:-1","max-image-preview":"max-image-preview:large","max-video-preview":"max-video-preview:-1"},"canonical":"http:\/\/musikaliaelkartea.eus\/2022\/05\/21\/goizargi-gospel-choir-eta-musikalia-banda-elkarlanean\/","og_locale":"es_ES","og_type":"article","og_title":"[:eu]Goizargi Gospel Choir eta Musikalia Banda elkarlanean![:es]\u00a1Goizargi Gospel Choir y Musikalia Banda en concierto![:] - Musikalia Elkartea","og_description":"Como todos los a\u00f1os vamos a ofrecer una colaboraci\u00f3n especial para celebrar el D\u00eda Internacional de la M\u00fasica. Este a\u00f1o colaboraremos con Goizargi Gospel Choir.View More","og_url":"http:\/\/musikaliaelkartea.eus\/2022\/05\/21\/goizargi-gospel-choir-eta-musikalia-banda-elkarlanean\/","og_site_name":"Musikalia Elkartea","article_publisher":"https:\/\/www.facebook.com\/musikaliaelkartea","article_published_time":"2022-05-21T08:14:39+00:00","article_modified_time":"2022-05-21T08:16:07+00:00","og_image":[{"width":820,"height":312,"url":"https:\/\/i0.wp.com\/musikaliaelkartea.eus\/wp-content\/uploads\/2022\/05\/irribanda.png?fit=820%2C312","type":"image\/png"}],"author":"Musikalia","twitter_card":"summary_large_image","twitter_misc":{"Escrito por":"Musikalia","Tiempo de lectura":"2 minutos"},"schema":{"@context":"https:\/\/schema.org","@graph":[{"@type":"Article","@id":"http:\/\/musikaliaelkartea.eus\/2022\/05\/21\/goizargi-gospel-choir-eta-musikalia-banda-elkarlanean\/#article","isPartOf":{"@id":"http:\/\/musikaliaelkartea.eus\/2022\/05\/21\/goizargi-gospel-choir-eta-musikalia-banda-elkarlanean\/"},"author":{"name":"Musikalia","@id":"http:\/\/musikaliaelkartea.eus\/es\/#\/schema\/person\/14029d72e7fe33dcc3b5b67080703aab"},"headline":"\u00a1Goizargi Gospel Choir y Musikalia Banda en concierto!","datePublished":"2022-05-21T08:14:39+00:00","dateModified":"2022-05-21T08:16:07+00:00","mainEntityOfPage":{"@id":"http:\/\/musikaliaelkartea.eus\/2022\/05\/21\/goizargi-gospel-choir-eta-musikalia-banda-elkarlanean\/"},"wordCount":330,"publisher":{"@id":"http:\/\/musikaliaelkartea.eus\/es\/#organization"},"image":{"@id":"http:\/\/musikaliaelkartea.eus\/2022\/05\/21\/goizargi-gospel-choir-eta-musikalia-banda-elkarlanean\/#primaryimage"},"thumbnailUrl":"https:\/\/i0.wp.com\/musikaliaelkartea.eus\/wp-content\/uploads\/2022\/05\/irribanda.png?fit=820%2C312","articleSection":["Uncategorized"],"inLanguage":"es"},{"@type":"WebPage","@id":"http:\/\/musikaliaelkartea.eus\/2022\/05\/21\/goizargi-gospel-choir-eta-musikalia-banda-elkarlanean\/","url":"http:\/\/musikaliaelkartea.eus\/2022\/05\/21\/goizargi-gospel-choir-eta-musikalia-banda-elkarlanean\/","name":"[:eu]Goizargi Gospel Choir eta Musikalia Banda elkarlanean![:es]\u00a1Goizargi Gospel Choir y Musikalia Banda en concierto![:] - Musikalia Elkartea","isPartOf":{"@id":"http:\/\/musikaliaelkartea.eus\/es\/#website"},"primaryImageOfPage":{"@id":"http:\/\/musikaliaelkartea.eus\/2022\/05\/21\/goizargi-gospel-choir-eta-musikalia-banda-elkarlanean\/#primaryimage"},"image":{"@id":"http:\/\/musikaliaelkartea.eus\/2022\/05\/21\/goizargi-gospel-choir-eta-musikalia-banda-elkarlanean\/#primaryimage"},"thumbnailUrl":"https:\/\/i0.wp.com\/musikaliaelkartea.eus\/wp-content\/uploads\/2022\/05\/irribanda.png?fit=820%2C312","datePublished":"2022-05-21T08:14:39+00:00","dateModified":"2022-05-21T08:16:07+00:00","breadcrumb":{"@id":"http:\/\/musikaliaelkartea.eus\/2022\/05\/21\/goizargi-gospel-choir-eta-musikalia-banda-elkarlanean\/#breadcrumb"},"inLanguage":"es","potentialAction":[{"@type":"ReadAction","target":["http:\/\/musikaliaelkartea.eus\/2022\/05\/21\/goizargi-gospel-choir-eta-musikalia-banda-elkarlanean\/"]}]},{"@type":"ImageObject","inLanguage":"es","@id":"http:\/\/musikaliaelkartea.eus\/2022\/05\/21\/goizargi-gospel-choir-eta-musikalia-banda-elkarlanean\/#primaryimage","url":"https:\/\/i0.wp.com\/musikaliaelkartea.eus\/wp-content\/uploads\/2022\/05\/irribanda.png?fit=820%2C312","contentUrl":"https:\/\/i0.wp.com\/musikaliaelkartea.eus\/wp-content\/uploads\/2022\/05\/irribanda.png?fit=820%2C312","width":820,"height":312},{"@type":"BreadcrumbList","@id":"http:\/\/musikaliaelkartea.eus\/2022\/05\/21\/goizargi-gospel-choir-eta-musikalia-banda-elkarlanean\/#breadcrumb","itemListElement":[{"@type":"ListItem","position":1,"name":"Home","item":"http:\/\/musikaliaelkartea.eus\/es\/"},{"@type":"ListItem","position":2,"name":"Goizargi Gospel Choir eta Musikalia Banda elkarlanean!"}]},{"@type":"WebSite","@id":"http:\/\/musikaliaelkartea.eus\/es\/#website","url":"http:\/\/musikaliaelkartea.eus\/es\/","name":"Musikalia Elkartea","description":"","publisher":{"@id":"http:\/\/musikaliaelkartea.eus\/es\/#organization"},"potentialAction":[{"@type":"SearchAction","target":{"@type":"EntryPoint","urlTemplate":"http:\/\/musikaliaelkartea.eus\/es\/?s={search_term_string}"},"query-input":{"@type":"PropertyValueSpecification","valueRequired":true,"valueName":"search_term_string"}}],"inLanguage":"es"},{"@type":"Organization","@id":"http:\/\/musikaliaelkartea.eus\/es\/#organization","name":"Getxoko Andres Isasi Musikalia Elkartea","url":"http:\/\/musikaliaelkartea.eus\/es\/","logo":{"@type":"ImageObject","inLanguage":"es","@id":"http:\/\/musikaliaelkartea.eus\/es\/#\/schema\/logo\/image\/","url":"https:\/\/i0.wp.com\/musikaliaelkartea.eus\/wp-content\/uploads\/2025\/03\/cropped-MUSIKALIA-LOGO-LARGO.png?fit=5455%2C1928","contentUrl":"https:\/\/i0.wp.com\/musikaliaelkartea.eus\/wp-content\/uploads\/2025\/03\/cropped-MUSIKALIA-LOGO-LARGO.png?fit=5455%2C1928","width":5455,"height":1928,"caption":"Getxoko Andres Isasi Musikalia Elkartea"},"image":{"@id":"http:\/\/musikaliaelkartea.eus\/es\/#\/schema\/logo\/image\/"},"sameAs":["https:\/\/www.facebook.com\/musikaliaelkartea","https:\/\/www.instagram.com\/musikaliaelkartea\/","https:\/\/www.youtube.com\/channel\/UCYG_UH_Rv-34wbmS8nQ7mpg"]},{"@type":"Person","@id":"http:\/\/musikaliaelkartea.eus\/es\/#\/schema\/person\/14029d72e7fe33dcc3b5b67080703aab","name":"Musikalia","image":{"@type":"ImageObject","inLanguage":"es","@id":"https:\/\/secure.gravatar.com\/avatar\/4cedd4863d0dc30f70d9375282b4f70545dbeb2a5fec482325b3b89efe2dd5e3?s=96&d=mm&r=g","url":"https:\/\/secure.gravatar.com\/avatar\/4cedd4863d0dc30f70d9375282b4f70545dbeb2a5fec482325b3b89efe2dd5e3?s=96&d=mm&r=g","contentUrl":"https:\/\/secure.gravatar.com\/avatar\/4cedd4863d0dc30f70d9375282b4f70545dbeb2a5fec482325b3b89efe2dd5e3?s=96&d=mm&r=g","caption":"Musikalia"},"url":"http:\/\/musikaliaelkartea.eus\/es\/author\/musikalia\/"}]}},"jetpack_featured_media_url":"https:\/\/i0.wp.com\/musikaliaelkartea.eus\/wp-content\/uploads\/2022\/05\/irribanda.png?fit=820%2C312","jetpack_sharing_enabled":true,"jetpack_shortlink":"https:\/\/wp.me\/p8OhQz-brm","_links":{"self":[{"href":"http:\/\/musikaliaelkartea.eus\/es\/wp-json\/wp\/v2\/posts\/43980","targetHints":{"allow":["GET"]}}],"collection":[{"href":"http:\/\/musikaliaelkartea.eus\/es\/wp-json\/wp\/v2\/posts"}],"about":[{"href":"http:\/\/musikaliaelkartea.eus\/es\/wp-json\/wp\/v2\/types\/post"}],"author":[{"embeddable":true,"href":"http:\/\/musikaliaelkartea.eus\/es\/wp-json\/wp\/v2\/users\/2"}],"replies":[{"embeddable":true,"href":"http:\/\/musikaliaelkartea.eus\/es\/wp-json\/wp\/v2\/comments?post=43980"}],"version-history":[{"count":1,"href":"http:\/\/musikaliaelkartea.eus\/es\/wp-json\/wp\/v2\/posts\/43980\/revisions"}],"predecessor-version":[{"id":43984,"href":"http:\/\/musikaliaelkartea.eus\/es\/wp-json\/wp\/v2\/posts\/43980\/revisions\/43984"}],"wp:featuredmedia":[{"embeddable":true,"href":"http:\/\/musikaliaelkartea.eus\/es\/wp-json\/wp\/v2\/media\/43983"}],"wp:attachment":[{"href":"http:\/\/musikaliaelkartea.eus\/es\/wp-json\/wp\/v2\/media?parent=43980"}],"wp:term":[{"taxonomy":"category","embeddable":true,"href":"http:\/\/musikaliaelkartea.eus\/es\/wp-json\/wp\/v2\/categories?post=43980"},{"taxonomy":"post_tag","embeddable":true,"href":"http:\/\/musikaliaelkartea.eus\/es\/wp-json\/wp\/v2\/tags?post=43980"}],"curies":[{"name":"wp","href":"https:\/\/api.w.org\/{rel}","templated":true}]}}