{"id":3584,"date":"2021-06-02T09:02:18","date_gmt":"2021-06-02T09:02:18","guid":{"rendered":"http:\/\/musikaliaelkartea.eus\/?p=3584"},"modified":"2021-06-02T09:02:18","modified_gmt":"2021-06-02T09:02:18","slug":"sorotan-bele-taldeko-melodiak-gogora-ekarri-ditugu-zirraraz-beteriko-hiru-emanalditan","status":"publish","type":"post","link":"http:\/\/musikaliaelkartea.eus\/es\/2021\/06\/02\/sorotan-bele-taldeko-melodiak-gogora-ekarri-ditugu-zirraraz-beteriko-hiru-emanalditan\/","title":{"rendered":"3 conciertos para recordar y homenajear a Sorotan Bele"},"content":{"rendered":"<p>El 13 de noviembre de 2019, Xabi Zabala nos envi\u00f3 las cuatro primeras canciones y con Asier Ituarte comenzamos a leer las canciones mientras prepar\u00e1bamos el concierto de Navidad junto al Coro Kimetz. En enero nos envi\u00f3 dos nuevas canciones. Para entonces nos pusimos manos a la obra, ten\u00edamos dos fechas entre manos, la de Larrabetzu, el 26 de abril y la de Getxo, el 30 de junio. Pero como ten\u00edamos otros compromisos, en febrero s\u00f3lo hicimos una lectura. El 12 de marzo nuestros planes de truncaron, comenz\u00f3 la pandemia.<\/p>\n<p>Hasta el 5 de octubre no pudimos comenzar con nuestra actividad. Este inicio fue muy complicado, ya que tuvimos que dise\u00f1ar un plan de contingencia. Tuvimos que dividir la banda en dos grupos. Por un lado creamos el grupo de metal y percusi\u00f3n, dirigido por Asier Ituarte, y por otro, el grupo de madera, dirigido por Ane Legarreta.<\/p>\n<figure id=\"attachment_3587\" aria-describedby=\"caption-attachment-3587\" style=\"width: 300px\" class=\"wp-caption alignleft\"><img data-recalc-dims=\"1\" fetchpriority=\"high\" decoding=\"async\" data-attachment-id=\"3587\" data-permalink=\"http:\/\/musikaliaelkartea.eus\/es\/2021\/06\/02\/sorotan-bele-taldeko-melodiak-gogora-ekarri-ditugu-zirraraz-beteriko-hiru-emanalditan\/img_0385\/\" data-orig-file=\"https:\/\/i0.wp.com\/musikaliaelkartea.eus\/wp-content\/uploads\/2021\/05\/IMG_0385-scaled.jpeg?fit=2560%2C1920\" data-orig-size=\"2560,1920\" data-comments-opened=\"0\" data-image-meta=\"{&quot;aperture&quot;:&quot;1.8&quot;,&quot;credit&quot;:&quot;&quot;,&quot;camera&quot;:&quot;iPhone 11 Pro&quot;,&quot;caption&quot;:&quot;&quot;,&quot;created_timestamp&quot;:&quot;1601662476&quot;,&quot;copyright&quot;:&quot;&quot;,&quot;focal_length&quot;:&quot;4.25&quot;,&quot;iso&quot;:&quot;125&quot;,&quot;shutter_speed&quot;:&quot;0.011363636363636&quot;,&quot;title&quot;:&quot;&quot;,&quot;orientation&quot;:&quot;1&quot;}\" data-image-title=\"IMG_0385\" data-image-description=\"\" data-image-caption=\"&lt;p&gt;2020ko urriaren 2a&lt;\/p&gt;\n\" data-large-file=\"https:\/\/i0.wp.com\/musikaliaelkartea.eus\/wp-content\/uploads\/2021\/05\/IMG_0385-scaled.jpeg?fit=1024%2C768\" class=\"size-medium wp-image-3587\" src=\"https:\/\/i0.wp.com\/musikaliaelkartea.eus\/wp-content\/uploads\/2021\/05\/IMG_0385.jpeg?resize=300%2C225\" alt=\"\" width=\"300\" height=\"225\" srcset=\"https:\/\/i0.wp.com\/musikaliaelkartea.eus\/wp-content\/uploads\/2021\/05\/IMG_0385-scaled.jpeg?resize=300%2C225 300w, https:\/\/i0.wp.com\/musikaliaelkartea.eus\/wp-content\/uploads\/2021\/05\/IMG_0385-scaled.jpeg?resize=1024%2C768 1024w, https:\/\/i0.wp.com\/musikaliaelkartea.eus\/wp-content\/uploads\/2021\/05\/IMG_0385-scaled.jpeg?resize=768%2C576 768w, https:\/\/i0.wp.com\/musikaliaelkartea.eus\/wp-content\/uploads\/2021\/05\/IMG_0385-scaled.jpeg?resize=1536%2C1152 1536w, https:\/\/i0.wp.com\/musikaliaelkartea.eus\/wp-content\/uploads\/2021\/05\/IMG_0385-scaled.jpeg?resize=2048%2C1536 2048w, https:\/\/i0.wp.com\/musikaliaelkartea.eus\/wp-content\/uploads\/2021\/05\/IMG_0385-scaled.jpeg?resize=400%2C300 400w\" sizes=\"(max-width: 300px) 100vw, 300px\" \/><figcaption id=\"caption-attachment-3587\" class=\"wp-caption-text\">2020ko urriaren 2a<\/figcaption><\/figure>\n<figure id=\"attachment_3589\" aria-describedby=\"caption-attachment-3589\" style=\"width: 300px\" class=\"wp-caption alignright\"><img data-recalc-dims=\"1\" decoding=\"async\" data-attachment-id=\"3589\" data-permalink=\"http:\/\/musikaliaelkartea.eus\/es\/2021\/06\/02\/sorotan-bele-taldeko-melodiak-gogora-ekarri-ditugu-zirraraz-beteriko-hiru-emanalditan\/img_0469\/\" data-orig-file=\"https:\/\/i0.wp.com\/musikaliaelkartea.eus\/wp-content\/uploads\/2021\/05\/IMG_0469-scaled.jpeg?fit=2560%2C1920\" data-orig-size=\"2560,1920\" data-comments-opened=\"0\" data-image-meta=\"{&quot;aperture&quot;:&quot;1.8&quot;,&quot;credit&quot;:&quot;&quot;,&quot;camera&quot;:&quot;iPhone 11 Pro&quot;,&quot;caption&quot;:&quot;&quot;,&quot;created_timestamp&quot;:&quot;1602267803&quot;,&quot;copyright&quot;:&quot;&quot;,&quot;focal_length&quot;:&quot;4.25&quot;,&quot;iso&quot;:&quot;160&quot;,&quot;shutter_speed&quot;:&quot;0.02&quot;,&quot;title&quot;:&quot;&quot;,&quot;orientation&quot;:&quot;1&quot;}\" data-image-title=\"IMG_0469\" data-image-description=\"\" data-image-caption=\"&lt;p&gt;2020ko urriaren 9a&lt;\/p&gt;\n\" data-large-file=\"https:\/\/i0.wp.com\/musikaliaelkartea.eus\/wp-content\/uploads\/2021\/05\/IMG_0469-scaled.jpeg?fit=1024%2C768\" class=\"size-medium wp-image-3589\" src=\"https:\/\/i0.wp.com\/musikaliaelkartea.eus\/wp-content\/uploads\/2021\/05\/IMG_0469.jpeg?resize=300%2C225\" alt=\"\" width=\"300\" height=\"225\" srcset=\"https:\/\/i0.wp.com\/musikaliaelkartea.eus\/wp-content\/uploads\/2021\/05\/IMG_0469-scaled.jpeg?resize=300%2C225 300w, https:\/\/i0.wp.com\/musikaliaelkartea.eus\/wp-content\/uploads\/2021\/05\/IMG_0469-scaled.jpeg?resize=1024%2C768 1024w, https:\/\/i0.wp.com\/musikaliaelkartea.eus\/wp-content\/uploads\/2021\/05\/IMG_0469-scaled.jpeg?resize=768%2C576 768w, https:\/\/i0.wp.com\/musikaliaelkartea.eus\/wp-content\/uploads\/2021\/05\/IMG_0469-scaled.jpeg?resize=1536%2C1152 1536w, https:\/\/i0.wp.com\/musikaliaelkartea.eus\/wp-content\/uploads\/2021\/05\/IMG_0469-scaled.jpeg?resize=2048%2C1536 2048w, https:\/\/i0.wp.com\/musikaliaelkartea.eus\/wp-content\/uploads\/2021\/05\/IMG_0469-scaled.jpeg?resize=400%2C300 400w\" sizes=\"(max-width: 300px) 100vw, 300px\" \/><figcaption id=\"caption-attachment-3589\" class=\"wp-caption-text\">2020ko urriaren 9a<\/figcaption><\/figure>\n<p>&nbsp;<\/p>\n<p>&nbsp;<\/p>\n<p>&nbsp;<\/p>\n<p>&nbsp;<\/p>\n<p>&nbsp;<\/p>\n<p>&nbsp;<\/p>\n<p>En noviembre la situaci\u00f3n sanitaria empeor\u00f3\u00a0 y hasta el 14 de diciembre tuvimos que interrumpir nuestra actividad. En enero volvimos a ponernos en marcha con dos nuevas fechas, el 26 de febrero en Larrabetzu y el 26 de abril en Getxo. Pero junto a la tercera ola estas fechas se fueron retrasando hasta mantener fijos los d\u00edas 23 y 30 de mayo.<\/p>\n<p>En este \u00faltimo cuatrimestre hemos estado ensayando en la sala Areeta de Muxikebarri para garantizar la distancia de seguridad. El 24 de abril recibimos la visita de Xabier Zabala para comenzar con los detalles del concierto. Tras un a\u00f1o dedicado a Sorotan Bele, el trabajo realizado por la banda fue evidente. Fue un ensayo largo de 5 horas pero pudimos disfrutarlo.<\/p>\n<figure id=\"attachment_3592\" aria-describedby=\"caption-attachment-3592\" style=\"width: 723px\" class=\"wp-caption aligncenter\"><img data-recalc-dims=\"1\" decoding=\"async\" data-attachment-id=\"3592\" data-permalink=\"http:\/\/musikaliaelkartea.eus\/es\/2021\/06\/02\/sorotan-bele-taldeko-melodiak-gogora-ekarri-ditugu-zirraraz-beteriko-hiru-emanalditan\/img_5248\/\" data-orig-file=\"https:\/\/i0.wp.com\/musikaliaelkartea.eus\/wp-content\/uploads\/2021\/06\/IMG_5248-scaled.jpeg?fit=2560%2C1920\" data-orig-size=\"2560,1920\" data-comments-opened=\"0\" data-image-meta=\"{&quot;aperture&quot;:&quot;1.8&quot;,&quot;credit&quot;:&quot;&quot;,&quot;camera&quot;:&quot;iPhone 11 Pro&quot;,&quot;caption&quot;:&quot;&quot;,&quot;created_timestamp&quot;:&quot;1619270516&quot;,&quot;copyright&quot;:&quot;&quot;,&quot;focal_length&quot;:&quot;4.25&quot;,&quot;iso&quot;:&quot;640&quot;,&quot;shutter_speed&quot;:&quot;0.033333333333333&quot;,&quot;title&quot;:&quot;&quot;,&quot;orientation&quot;:&quot;1&quot;}\" data-image-title=\"IMG_5248\" data-image-description=\"\" data-image-caption=\"&lt;p&gt;2021eko apirilaren 24a&lt;\/p&gt;\n\" data-large-file=\"https:\/\/i0.wp.com\/musikaliaelkartea.eus\/wp-content\/uploads\/2021\/06\/IMG_5248-scaled.jpeg?fit=1024%2C768\" class=\"wp-image-3592 size-apostrophe-featured\" src=\"https:\/\/i0.wp.com\/musikaliaelkartea.eus\/wp-content\/uploads\/2021\/06\/IMG_5248.jpeg?resize=723%2C350\" alt=\"\" width=\"723\" height=\"350\" srcset=\"https:\/\/i0.wp.com\/musikaliaelkartea.eus\/wp-content\/uploads\/2021\/06\/IMG_5248-scaled.jpeg?resize=930%2C450 930w, https:\/\/i0.wp.com\/musikaliaelkartea.eus\/wp-content\/uploads\/2021\/06\/IMG_5248-scaled.jpeg?zoom=2&amp;resize=723%2C350 1446w, https:\/\/i0.wp.com\/musikaliaelkartea.eus\/wp-content\/uploads\/2021\/06\/IMG_5248-scaled.jpeg?zoom=3&amp;resize=723%2C350 2169w\" sizes=\"(max-width: 723px) 100vw, 723px\" \/><figcaption id=\"caption-attachment-3592\" class=\"wp-caption-text\">2021eko apirilaren 24a<\/figcaption><\/figure>\n<p>Por primera vez el 14 de mayo abrimos nuestras puertas para los m\u00e1s curiosos. Ane Legarreta present\u00f3 al p\u00fablico los momentos m\u00e1s dif\u00edciles del concierto, creando un ambiente agradable entre\u00a0 m\u00fasica y las explicaciones .<\/p>\n<p>El d\u00eda 21 de mayo realizamos el primer ensayo general y \u00fanico. Lo realizamos en nuestra sala de ensayos de cristal. Por falta de espacio tuvimos que pasar pruebas de ant\u00edgeno. Adem\u00e1s, tuvimos la visita de EITB.<\/p>\n<div style=\"position: relative; padding-bottom: 56.25%; padding-top: 35px; height: 0; overflow: hidden;\"><iframe style=\"position: absolute; top: 0; left: 0; width: 100%; height: 100%;\" src=\"https:\/\/www.eitb.eus\/es\/get\/multimedia\/screen\/id\/8068387\/tipo\/videos\/cultura\/\" frameborder=\"0\" marginwidth=\"0\" marginheight=\"0\" scrolling=\"no\" data-mce-fragment=\"1\"><\/iframe><\/div>\n<p>&nbsp;<\/p>\n<p>El d\u00eda 23 de mayo comenzamos con los preparatimos desde primera hora de la ma\u00f1ana. Llenamos el cami\u00f3n en la escuela de m\u00fasica de Algorta y pusimos rumbo a Larrabetzu. Pasamos la ma\u00f1ana entre pruebas de ant\u00edgeno, montajes y pruebas de sonido. Aimar, t\u00e9cnico de sonido, tuvo un gran reto, ya que la ac\u00fastica de los frontones complica bastante la sonorizaci\u00f3n.<\/p>\n<p>Despu\u00e9s de comer hicimos la prueba de sonido de la banda y nos preparamos para el primer pase. El primer pase fue a las 17:00 y el segundo a las 19:00. Pudimos disfrutar de la cercan\u00eda, la emoci\u00f3n, la alegr\u00eda y muchas otras emociones que surgieron en el front\u00f3n. 30 a\u00f1os despu\u00e9s, pudimos volver a disfrutar en directo de las melod\u00edas de Sorotan Bel\u00e9n. Aqu\u00ed tienes algunas im\u00e1genes:<\/p>\n<p class=\"jetpack-slideshow-noscript robots-nocontent\">El pase de diapositivas requiere JavaScript.<\/p><div id=\"gallery-3584-3-slideshow\" class=\"jetpack-slideshow-window jetpack-slideshow jetpack-slideshow-black\" data-trans=\"fade\" data-autostart=\"1\" data-gallery=\"[{&quot;src&quot;:&quot;https:\\\/\\\/i0.wp.com\\\/musikaliaelkartea.eus\\\/wp-content\\\/uploads\\\/2021\\\/06\\\/IMG_5071-scaled.jpg?fit=1707%2C2560&quot;,&quot;id&quot;:&quot;3608&quot;,&quot;title&quot;:&quot;IMG_5071&quot;,&quot;alt&quot;:&quot;&quot;,&quot;caption&quot;:&quot;&quot;,&quot;itemprop&quot;:&quot;image&quot;},{&quot;src&quot;:&quot;https:\\\/\\\/i0.wp.com\\\/musikaliaelkartea.eus\\\/wp-content\\\/uploads\\\/2021\\\/06\\\/IMG_5069-scaled.jpg?fit=1707%2C2560&quot;,&quot;id&quot;:&quot;3607&quot;,&quot;title&quot;:&quot;IMG_5069&quot;,&quot;alt&quot;:&quot;&quot;,&quot;caption&quot;:&quot;&quot;,&quot;itemprop&quot;:&quot;image&quot;},{&quot;src&quot;:&quot;https:\\\/\\\/i0.wp.com\\\/musikaliaelkartea.eus\\\/wp-content\\\/uploads\\\/2021\\\/06\\\/IMG_5060-scaled.jpg?fit=2560%2C1707&quot;,&quot;id&quot;:&quot;3606&quot;,&quot;title&quot;:&quot;IMG_5060&quot;,&quot;alt&quot;:&quot;&quot;,&quot;caption&quot;:&quot;&quot;,&quot;itemprop&quot;:&quot;image&quot;},{&quot;src&quot;:&quot;https:\\\/\\\/i0.wp.com\\\/musikaliaelkartea.eus\\\/wp-content\\\/uploads\\\/2021\\\/06\\\/IMG_5051-scaled.jpg?fit=2560%2C1707&quot;,&quot;id&quot;:&quot;3605&quot;,&quot;title&quot;:&quot;IMG_5051&quot;,&quot;alt&quot;:&quot;&quot;,&quot;caption&quot;:&quot;&quot;,&quot;itemprop&quot;:&quot;image&quot;},{&quot;src&quot;:&quot;https:\\\/\\\/i0.wp.com\\\/musikaliaelkartea.eus\\\/wp-content\\\/uploads\\\/2021\\\/06\\\/IMG_5017-scaled.jpg?fit=2560%2C1707&quot;,&quot;id&quot;:&quot;3604&quot;,&quot;title&quot;:&quot;IMG_5017&quot;,&quot;alt&quot;:&quot;&quot;,&quot;caption&quot;:&quot;&quot;,&quot;itemprop&quot;:&quot;image&quot;},{&quot;src&quot;:&quot;https:\\\/\\\/i0.wp.com\\\/musikaliaelkartea.eus\\\/wp-content\\\/uploads\\\/2021\\\/06\\\/IMG_5008-scaled.jpg?fit=2560%2C1707&quot;,&quot;id&quot;:&quot;3603&quot;,&quot;title&quot;:&quot;IMG_5008&quot;,&quot;alt&quot;:&quot;&quot;,&quot;caption&quot;:&quot;&quot;,&quot;itemprop&quot;:&quot;image&quot;},{&quot;src&quot;:&quot;https:\\\/\\\/i0.wp.com\\\/musikaliaelkartea.eus\\\/wp-content\\\/uploads\\\/2021\\\/06\\\/IMG_4930-scaled.jpg?fit=2560%2C1707&quot;,&quot;id&quot;:&quot;3597&quot;,&quot;title&quot;:&quot;IMG_4930&quot;,&quot;alt&quot;:&quot;&quot;,&quot;caption&quot;:&quot;Sorotan Bele Larrabetzu (2021-05-23)&quot;,&quot;itemprop&quot;:&quot;image&quot;},{&quot;src&quot;:&quot;https:\\\/\\\/i0.wp.com\\\/musikaliaelkartea.eus\\\/wp-content\\\/uploads\\\/2021\\\/06\\\/IMG_4935-scaled.jpg?fit=2560%2C1707&quot;,&quot;id&quot;:&quot;3598&quot;,&quot;title&quot;:&quot;IMG_4935&quot;,&quot;alt&quot;:&quot;&quot;,&quot;caption&quot;:&quot;&quot;,&quot;itemprop&quot;:&quot;image&quot;},{&quot;src&quot;:&quot;https:\\\/\\\/i0.wp.com\\\/musikaliaelkartea.eus\\\/wp-content\\\/uploads\\\/2021\\\/06\\\/IMG_4939-scaled.jpg?fit=2560%2C1707&quot;,&quot;id&quot;:&quot;3599&quot;,&quot;title&quot;:&quot;IMG_4939&quot;,&quot;alt&quot;:&quot;&quot;,&quot;caption&quot;:&quot;&quot;,&quot;itemprop&quot;:&quot;image&quot;},{&quot;src&quot;:&quot;https:\\\/\\\/i0.wp.com\\\/musikaliaelkartea.eus\\\/wp-content\\\/uploads\\\/2021\\\/06\\\/IMG_4970-scaled.jpg?fit=2560%2C1707&quot;,&quot;id&quot;:&quot;3600&quot;,&quot;title&quot;:&quot;IMG_4970&quot;,&quot;alt&quot;:&quot;&quot;,&quot;caption&quot;:&quot;&quot;,&quot;itemprop&quot;:&quot;image&quot;},{&quot;src&quot;:&quot;https:\\\/\\\/i0.wp.com\\\/musikaliaelkartea.eus\\\/wp-content\\\/uploads\\\/2021\\\/06\\\/IMG_4994-scaled.jpg?fit=2560%2C1707&quot;,&quot;id&quot;:&quot;3601&quot;,&quot;title&quot;:&quot;IMG_4994&quot;,&quot;alt&quot;:&quot;&quot;,&quot;caption&quot;:&quot;&quot;,&quot;itemprop&quot;:&quot;image&quot;},{&quot;src&quot;:&quot;https:\\\/\\\/i0.wp.com\\\/musikaliaelkartea.eus\\\/wp-content\\\/uploads\\\/2021\\\/06\\\/IMG_5007-scaled.jpg?fit=2560%2C1707&quot;,&quot;id&quot;:&quot;3602&quot;,&quot;title&quot;:&quot;IMG_5007&quot;,&quot;alt&quot;:&quot;&quot;,&quot;caption&quot;:&quot;&quot;,&quot;itemprop&quot;:&quot;image&quot;}]\" itemscope itemtype=\"https:\/\/schema.org\/ImageGallery\"><\/div>\n<p>El 30 de mayo nos toc\u00f3 actuar en casa, en Getxo. Fue la primera actuaci\u00f3n post-pandemia. Como siempre, disfrutar de las instalaciones de Muxikebarri fue un privilegio, teniendo en cuenta todos los recursos de los que dispone y por actuar delante de nuestra gente. Aqu\u00ed tienes algunas im\u00e1genes:<\/p>\n<p class=\"jetpack-slideshow-noscript robots-nocontent\">El pase de diapositivas requiere JavaScript.<\/p><div id=\"gallery-3584-4-slideshow\" class=\"jetpack-slideshow-window jetpack-slideshow jetpack-slideshow-black\" data-trans=\"fade\" data-autostart=\"1\" data-gallery=\"[{&quot;src&quot;:&quot;https:\\\/\\\/i0.wp.com\\\/musikaliaelkartea.eus\\\/wp-content\\\/uploads\\\/2021\\\/06\\\/IMG_5549-scaled.jpg?fit=2560%2C1707&quot;,&quot;id&quot;:&quot;3615&quot;,&quot;title&quot;:&quot;IMG_5549&quot;,&quot;alt&quot;:&quot;&quot;,&quot;caption&quot;:&quot;&quot;,&quot;itemprop&quot;:&quot;image&quot;},{&quot;src&quot;:&quot;https:\\\/\\\/i0.wp.com\\\/musikaliaelkartea.eus\\\/wp-content\\\/uploads\\\/2021\\\/06\\\/IMG_5607-scaled.jpg?fit=2560%2C1707&quot;,&quot;id&quot;:&quot;3616&quot;,&quot;title&quot;:&quot;IMG_5607&quot;,&quot;alt&quot;:&quot;&quot;,&quot;caption&quot;:&quot;&quot;,&quot;itemprop&quot;:&quot;image&quot;},{&quot;src&quot;:&quot;https:\\\/\\\/i0.wp.com\\\/musikaliaelkartea.eus\\\/wp-content\\\/uploads\\\/2021\\\/06\\\/IMG_5634-scaled.jpg?fit=2560%2C1707&quot;,&quot;id&quot;:&quot;3617&quot;,&quot;title&quot;:&quot;IMG_5634&quot;,&quot;alt&quot;:&quot;&quot;,&quot;caption&quot;:&quot;&quot;,&quot;itemprop&quot;:&quot;image&quot;},{&quot;src&quot;:&quot;https:\\\/\\\/i0.wp.com\\\/musikaliaelkartea.eus\\\/wp-content\\\/uploads\\\/2021\\\/06\\\/IMG_5756-scaled.jpg?fit=2560%2C1707&quot;,&quot;id&quot;:&quot;3618&quot;,&quot;title&quot;:&quot;IMG_5756&quot;,&quot;alt&quot;:&quot;&quot;,&quot;caption&quot;:&quot;&quot;,&quot;itemprop&quot;:&quot;image&quot;},{&quot;src&quot;:&quot;https:\\\/\\\/i0.wp.com\\\/musikaliaelkartea.eus\\\/wp-content\\\/uploads\\\/2021\\\/06\\\/IMG_5765-scaled.jpg?fit=2560%2C1707&quot;,&quot;id&quot;:&quot;3619&quot;,&quot;title&quot;:&quot;IMG_5765&quot;,&quot;alt&quot;:&quot;&quot;,&quot;caption&quot;:&quot;&quot;,&quot;itemprop&quot;:&quot;image&quot;},{&quot;src&quot;:&quot;https:\\\/\\\/i0.wp.com\\\/musikaliaelkartea.eus\\\/wp-content\\\/uploads\\\/2021\\\/06\\\/IMG_5794-scaled.jpg?fit=2560%2C1707&quot;,&quot;id&quot;:&quot;3620&quot;,&quot;title&quot;:&quot;IMG_5794&quot;,&quot;alt&quot;:&quot;&quot;,&quot;caption&quot;:&quot;&quot;,&quot;itemprop&quot;:&quot;image&quot;}]\" itemscope itemtype=\"https:\/\/schema.org\/ImageGallery\"><\/div>\n<p>Estos conciertos no ser\u00edan posibles sin el apoyo recibido. Desde el principio ha sido de agradecer la apuesta de Xabier Zabala por nosotros. Hemos pasado momentos dif\u00edciles, hemos tenido que retrasar las actuaciones en tres ocasiones, pero hemos estado por encima de todos los obst\u00e1culos gracias a \u00e9l.<\/p>\n<p>Adem\u00e1s, hemos contado con la colaboraci\u00f3n de varios m\u00fasicos que han hecho posible la actuaci\u00f3n. Al piano Ane Goienetxe, Bajo Xabier Sarasketa, Guitarra el\u00e9ctrica con Endika Baster y Pilar, Peru e Inge en las trompas. \u00a1Gracias a todos!<\/p>\n<p>Y c\u00f3mo no, gracias a Eli, Arrate, Mikel y Joxean que han estado ofreciendo un apoyo constante desde la escuela de m\u00fasica. Estos son los que hacen posible que este tipo de proyectos se hagan realidad.<\/p>\n<p>Por \u00faltimo, muchas gracias a todas las personas que se acercaron a Larrabetzu y a Getxo. Hemos pasado un a\u00f1o muy dif\u00edcil y necesit\u00e1bamos volver a ponernos en marcha y sentir de nuevo vuestro apoyo. Lo vivido estas dos semanas nos anima a mirar al futuro con ganas e ilusi\u00f3n. ESKERRIK ASKO!<\/p>\n<p><figure id=\"attachment_3618\" aria-describedby=\"caption-attachment-3618\" style=\"width: 2560px\" class=\"wp-caption aligncenter\"><img data-recalc-dims=\"1\" loading=\"lazy\" decoding=\"async\" data-attachment-id=\"3618\" data-permalink=\"http:\/\/musikaliaelkartea.eus\/es\/2021\/06\/02\/sorotan-bele-taldeko-melodiak-gogora-ekarri-ditugu-zirraraz-beteriko-hiru-emanalditan\/img_5756\/\" data-orig-file=\"https:\/\/i0.wp.com\/musikaliaelkartea.eus\/wp-content\/uploads\/2021\/06\/IMG_5756-scaled.jpg?fit=2560%2C1707\" data-orig-size=\"2560,1707\" data-comments-opened=\"0\" data-image-meta=\"{&quot;aperture&quot;:&quot;4&quot;,&quot;credit&quot;:&quot;josu&quot;,&quot;camera&quot;:&quot;Canon EOS 7D&quot;,&quot;caption&quot;:&quot;&quot;,&quot;created_timestamp&quot;:&quot;1622402032&quot;,&quot;copyright&quot;:&quot;&quot;,&quot;focal_length&quot;:&quot;24&quot;,&quot;iso&quot;:&quot;1250&quot;,&quot;shutter_speed&quot;:&quot;0.00625&quot;,&quot;title&quot;:&quot;&quot;,&quot;orientation&quot;:&quot;0&quot;}\" data-image-title=\"IMG_5756\" data-image-description=\"\" data-image-caption=\"\" data-large-file=\"https:\/\/i0.wp.com\/musikaliaelkartea.eus\/wp-content\/uploads\/2021\/06\/IMG_5756-scaled.jpg?fit=1024%2C683\" class=\"wp-image-3618 size-full\" src=\"https:\/\/i0.wp.com\/musikaliaelkartea.eus\/wp-content\/uploads\/2021\/06\/IMG_5756-scaled.jpg?resize=1300%2C867\" alt=\"\" width=\"1300\" height=\"867\" srcset=\"https:\/\/i0.wp.com\/musikaliaelkartea.eus\/wp-content\/uploads\/2021\/06\/IMG_5756-scaled.jpg?w=2560 2560w, https:\/\/i0.wp.com\/musikaliaelkartea.eus\/wp-content\/uploads\/2021\/06\/IMG_5756-scaled.jpg?resize=300%2C200 300w, https:\/\/i0.wp.com\/musikaliaelkartea.eus\/wp-content\/uploads\/2021\/06\/IMG_5756-scaled.jpg?resize=1024%2C683 1024w, https:\/\/i0.wp.com\/musikaliaelkartea.eus\/wp-content\/uploads\/2021\/06\/IMG_5756-scaled.jpg?resize=768%2C512 768w, https:\/\/i0.wp.com\/musikaliaelkartea.eus\/wp-content\/uploads\/2021\/06\/IMG_5756-scaled.jpg?resize=1536%2C1024 1536w, https:\/\/i0.wp.com\/musikaliaelkartea.eus\/wp-content\/uploads\/2021\/06\/IMG_5756-scaled.jpg?resize=2048%2C1365 2048w, https:\/\/i0.wp.com\/musikaliaelkartea.eus\/wp-content\/uploads\/2021\/06\/IMG_5756-scaled.jpg?resize=450%2C300 450w, https:\/\/i0.wp.com\/musikaliaelkartea.eus\/wp-content\/uploads\/2021\/06\/IMG_5756-scaled.jpg?resize=272%2C182 272w\" sizes=\"(max-width: 1300px) 100vw, 1300px\" \/><figcaption id=\"caption-attachment-3618\" class=\"wp-caption-text\">Muxikebarri Zentroa. Ereaga aretoa. Argazkia: Josu San Jose<\/figcaption><\/figure><\/p>","protected":false},"excerpt":{"rendered":"<p>El 13 de noviembre de 2019, Xabi Zabala nos envi\u00f3 las cuatro primeras canciones y con Asier Ituarte comenzamos a leer las canciones mientras prepar\u00e1bamos<a href=\"http:\/\/musikaliaelkartea.eus\/es\/2021\/06\/02\/sorotan-bele-taldeko-melodiak-gogora-ekarri-ditugu-zirraraz-beteriko-hiru-emanalditan\/\" class=\"more-link\">View More<\/a><\/p>\n","protected":false},"author":2,"featured_media":3585,"comment_status":"closed","ping_status":"open","sticky":false,"template":"","format":"standard","meta":{"jetpack_post_was_ever_published":false,"_jetpack_newsletter_access":"","_jetpack_dont_email_post_to_subs":false,"_jetpack_newsletter_tier_id":0,"_jetpack_memberships_contains_paywalled_content":false,"_jetpack_memberships_contains_paid_content":false,"footnotes":""},"categories":[1],"tags":[],"class_list":["post-3584","post","type-post","status-publish","format-standard","has-post-thumbnail","hentry","category-uncategorized"],"yoast_head":"<!-- This site is optimized with the Yoast SEO plugin v27.4 - https:\/\/yoast.com\/product\/yoast-seo-wordpress\/ -->\n<title>3 conciertos para recordar y homenajear a Sorotan Bele - Musikalia Elkartea<\/title>\n<meta name=\"robots\" content=\"index, follow, max-snippet:-1, max-image-preview:large, max-video-preview:-1\" \/>\n<link rel=\"canonical\" href=\"http:\/\/musikaliaelkartea.eus\/es\/2021\/06\/02\/sorotan-bele-taldeko-melodiak-gogora-ekarri-ditugu-zirraraz-beteriko-hiru-emanalditan\/\" \/>\n<meta property=\"og:locale\" content=\"es_ES\" \/>\n<meta property=\"og:type\" content=\"article\" \/>\n<meta property=\"og:title\" content=\"[:eu]Sorotan Bele taldeko melodiak gogora ekarri ditugu zirraraz beteriko hiru emanalditan[:es]3 conciertos para recordar y homenajear a Sorotan Bele[:] - Musikalia Elkartea\" \/>\n<meta property=\"og:description\" content=\"El 13 de noviembre de 2019, Xabi Zabala nos envi\u00f3 las cuatro primeras canciones y con Asier Ituarte comenzamos a leer las canciones mientras prepar\u00e1bamosView More\" \/>\n<meta property=\"og:url\" content=\"http:\/\/musikaliaelkartea.eus\/es\/2021\/06\/02\/sorotan-bele-taldeko-melodiak-gogora-ekarri-ditugu-zirraraz-beteriko-hiru-emanalditan\/\" \/>\n<meta property=\"og:site_name\" content=\"Musikalia Elkartea\" \/>\n<meta property=\"article:publisher\" content=\"https:\/\/www.facebook.com\/musikaliaelkartea\" \/>\n<meta property=\"article:published_time\" content=\"2021-06-02T09:02:18+00:00\" \/>\n<meta property=\"og:image\" content=\"https:\/\/i0.wp.com\/musikaliaelkartea.eus\/wp-content\/uploads\/2021\/05\/2.png?fit=820%2C312\" \/>\n\t<meta property=\"og:image:width\" content=\"820\" \/>\n\t<meta property=\"og:image:height\" content=\"312\" \/>\n\t<meta property=\"og:image:type\" content=\"image\/png\" \/>\n<meta name=\"author\" content=\"Musikalia\" \/>\n<meta name=\"twitter:card\" content=\"summary_large_image\" \/>\n<meta name=\"twitter:label1\" content=\"Escrito por\" \/>\n\t<meta name=\"twitter:data1\" content=\"Musikalia\" \/>\n\t<meta name=\"twitter:label2\" content=\"Tiempo de lectura\" \/>\n\t<meta name=\"twitter:data2\" content=\"7 minutos\" \/>\n<script type=\"application\/ld+json\" class=\"yoast-schema-graph\">{\"@context\":\"https:\\\/\\\/schema.org\",\"@graph\":[{\"@type\":\"Article\",\"@id\":\"http:\\\/\\\/musikaliaelkartea.eus\\\/es\\\/2021\\\/06\\\/02\\\/sorotan-bele-taldeko-melodiak-gogora-ekarri-ditugu-zirraraz-beteriko-hiru-emanalditan\\\/#article\",\"isPartOf\":{\"@id\":\"http:\\\/\\\/musikaliaelkartea.eus\\\/es\\\/2021\\\/06\\\/02\\\/sorotan-bele-taldeko-melodiak-gogora-ekarri-ditugu-zirraraz-beteriko-hiru-emanalditan\\\/\"},\"author\":{\"name\":\"Musikalia\",\"@id\":\"http:\\\/\\\/musikaliaelkartea.eus\\\/es\\\/#\\\/schema\\\/person\\\/14029d72e7fe33dcc3b5b67080703aab\"},\"headline\":\"3 conciertos para recordar y homenajear a Sorotan Bele\",\"datePublished\":\"2021-06-02T09:02:18+00:00\",\"mainEntityOfPage\":{\"@id\":\"http:\\\/\\\/musikaliaelkartea.eus\\\/es\\\/2021\\\/06\\\/02\\\/sorotan-bele-taldeko-melodiak-gogora-ekarri-ditugu-zirraraz-beteriko-hiru-emanalditan\\\/\"},\"wordCount\":1390,\"publisher\":{\"@id\":\"http:\\\/\\\/musikaliaelkartea.eus\\\/es\\\/#organization\"},\"image\":{\"@id\":\"http:\\\/\\\/musikaliaelkartea.eus\\\/es\\\/2021\\\/06\\\/02\\\/sorotan-bele-taldeko-melodiak-gogora-ekarri-ditugu-zirraraz-beteriko-hiru-emanalditan\\\/#primaryimage\"},\"thumbnailUrl\":\"https:\\\/\\\/i0.wp.com\\\/musikaliaelkartea.eus\\\/wp-content\\\/uploads\\\/2021\\\/05\\\/2.png?fit=820%2C312\",\"articleSection\":[\"Uncategorized\"],\"inLanguage\":\"es\"},{\"@type\":\"WebPage\",\"@id\":\"http:\\\/\\\/musikaliaelkartea.eus\\\/es\\\/2021\\\/06\\\/02\\\/sorotan-bele-taldeko-melodiak-gogora-ekarri-ditugu-zirraraz-beteriko-hiru-emanalditan\\\/\",\"url\":\"http:\\\/\\\/musikaliaelkartea.eus\\\/es\\\/2021\\\/06\\\/02\\\/sorotan-bele-taldeko-melodiak-gogora-ekarri-ditugu-zirraraz-beteriko-hiru-emanalditan\\\/\",\"name\":\"[:eu]Sorotan Bele taldeko melodiak gogora ekarri ditugu zirraraz beteriko hiru emanalditan[:es]3 conciertos para recordar y homenajear a Sorotan Bele[:] - Musikalia Elkartea\",\"isPartOf\":{\"@id\":\"http:\\\/\\\/musikaliaelkartea.eus\\\/es\\\/#website\"},\"primaryImageOfPage\":{\"@id\":\"http:\\\/\\\/musikaliaelkartea.eus\\\/es\\\/2021\\\/06\\\/02\\\/sorotan-bele-taldeko-melodiak-gogora-ekarri-ditugu-zirraraz-beteriko-hiru-emanalditan\\\/#primaryimage\"},\"image\":{\"@id\":\"http:\\\/\\\/musikaliaelkartea.eus\\\/es\\\/2021\\\/06\\\/02\\\/sorotan-bele-taldeko-melodiak-gogora-ekarri-ditugu-zirraraz-beteriko-hiru-emanalditan\\\/#primaryimage\"},\"thumbnailUrl\":\"https:\\\/\\\/i0.wp.com\\\/musikaliaelkartea.eus\\\/wp-content\\\/uploads\\\/2021\\\/05\\\/2.png?fit=820%2C312\",\"datePublished\":\"2021-06-02T09:02:18+00:00\",\"breadcrumb\":{\"@id\":\"http:\\\/\\\/musikaliaelkartea.eus\\\/es\\\/2021\\\/06\\\/02\\\/sorotan-bele-taldeko-melodiak-gogora-ekarri-ditugu-zirraraz-beteriko-hiru-emanalditan\\\/#breadcrumb\"},\"inLanguage\":\"es\",\"potentialAction\":[{\"@type\":\"ReadAction\",\"target\":[\"http:\\\/\\\/musikaliaelkartea.eus\\\/es\\\/2021\\\/06\\\/02\\\/sorotan-bele-taldeko-melodiak-gogora-ekarri-ditugu-zirraraz-beteriko-hiru-emanalditan\\\/\"]}]},{\"@type\":\"ImageObject\",\"inLanguage\":\"es\",\"@id\":\"http:\\\/\\\/musikaliaelkartea.eus\\\/es\\\/2021\\\/06\\\/02\\\/sorotan-bele-taldeko-melodiak-gogora-ekarri-ditugu-zirraraz-beteriko-hiru-emanalditan\\\/#primaryimage\",\"url\":\"https:\\\/\\\/i0.wp.com\\\/musikaliaelkartea.eus\\\/wp-content\\\/uploads\\\/2021\\\/05\\\/2.png?fit=820%2C312\",\"contentUrl\":\"https:\\\/\\\/i0.wp.com\\\/musikaliaelkartea.eus\\\/wp-content\\\/uploads\\\/2021\\\/05\\\/2.png?fit=820%2C312\",\"width\":820,\"height\":312},{\"@type\":\"BreadcrumbList\",\"@id\":\"http:\\\/\\\/musikaliaelkartea.eus\\\/es\\\/2021\\\/06\\\/02\\\/sorotan-bele-taldeko-melodiak-gogora-ekarri-ditugu-zirraraz-beteriko-hiru-emanalditan\\\/#breadcrumb\",\"itemListElement\":[{\"@type\":\"ListItem\",\"position\":1,\"name\":\"Home\",\"item\":\"http:\\\/\\\/musikaliaelkartea.eus\\\/es\\\/\"},{\"@type\":\"ListItem\",\"position\":2,\"name\":\"3 conciertos para recordar y homenajear a Sorotan Bele\"}]},{\"@type\":\"WebSite\",\"@id\":\"http:\\\/\\\/musikaliaelkartea.eus\\\/es\\\/#website\",\"url\":\"http:\\\/\\\/musikaliaelkartea.eus\\\/es\\\/\",\"name\":\"Musikalia Elkartea\",\"description\":\"\",\"publisher\":{\"@id\":\"http:\\\/\\\/musikaliaelkartea.eus\\\/es\\\/#organization\"},\"potentialAction\":[{\"@type\":\"SearchAction\",\"target\":{\"@type\":\"EntryPoint\",\"urlTemplate\":\"http:\\\/\\\/musikaliaelkartea.eus\\\/es\\\/?s={search_term_string}\"},\"query-input\":{\"@type\":\"PropertyValueSpecification\",\"valueRequired\":true,\"valueName\":\"search_term_string\"}}],\"inLanguage\":\"es\"},{\"@type\":\"Organization\",\"@id\":\"http:\\\/\\\/musikaliaelkartea.eus\\\/es\\\/#organization\",\"name\":\"Getxoko Andres Isasi Musikalia Elkartea\",\"url\":\"http:\\\/\\\/musikaliaelkartea.eus\\\/es\\\/\",\"logo\":{\"@type\":\"ImageObject\",\"inLanguage\":\"es\",\"@id\":\"http:\\\/\\\/musikaliaelkartea.eus\\\/es\\\/#\\\/schema\\\/logo\\\/image\\\/\",\"url\":\"https:\\\/\\\/i0.wp.com\\\/musikaliaelkartea.eus\\\/wp-content\\\/uploads\\\/2025\\\/03\\\/cropped-MUSIKALIA-LOGO-LARGO.png?fit=5455%2C1928\",\"contentUrl\":\"https:\\\/\\\/i0.wp.com\\\/musikaliaelkartea.eus\\\/wp-content\\\/uploads\\\/2025\\\/03\\\/cropped-MUSIKALIA-LOGO-LARGO.png?fit=5455%2C1928\",\"width\":5455,\"height\":1928,\"caption\":\"Getxoko Andres Isasi Musikalia Elkartea\"},\"image\":{\"@id\":\"http:\\\/\\\/musikaliaelkartea.eus\\\/es\\\/#\\\/schema\\\/logo\\\/image\\\/\"},\"sameAs\":[\"https:\\\/\\\/www.facebook.com\\\/musikaliaelkartea\",\"https:\\\/\\\/www.instagram.com\\\/musikaliaelkartea\\\/\",\"https:\\\/\\\/www.youtube.com\\\/channel\\\/UCYG_UH_Rv-34wbmS8nQ7mpg\"]},{\"@type\":\"Person\",\"@id\":\"http:\\\/\\\/musikaliaelkartea.eus\\\/es\\\/#\\\/schema\\\/person\\\/14029d72e7fe33dcc3b5b67080703aab\",\"name\":\"Musikalia\",\"image\":{\"@type\":\"ImageObject\",\"inLanguage\":\"es\",\"@id\":\"https:\\\/\\\/secure.gravatar.com\\\/avatar\\\/4cedd4863d0dc30f70d9375282b4f70545dbeb2a5fec482325b3b89efe2dd5e3?s=96&d=mm&r=g\",\"url\":\"https:\\\/\\\/secure.gravatar.com\\\/avatar\\\/4cedd4863d0dc30f70d9375282b4f70545dbeb2a5fec482325b3b89efe2dd5e3?s=96&d=mm&r=g\",\"contentUrl\":\"https:\\\/\\\/secure.gravatar.com\\\/avatar\\\/4cedd4863d0dc30f70d9375282b4f70545dbeb2a5fec482325b3b89efe2dd5e3?s=96&d=mm&r=g\",\"caption\":\"Musikalia\"},\"url\":\"http:\\\/\\\/musikaliaelkartea.eus\\\/es\\\/author\\\/musikalia\\\/\"}]}<\/script>\n<!-- \/ Yoast SEO plugin. -->","yoast_head_json":{"title":"[:eu]Sorotan Bele taldeko melodiak gogora ekarri ditugu zirraraz beteriko hiru emanalditan[:es]3 conciertos para recordar y homenajear a Sorotan Bele[:] - Musikalia Elkartea","robots":{"index":"index","follow":"follow","max-snippet":"max-snippet:-1","max-image-preview":"max-image-preview:large","max-video-preview":"max-video-preview:-1"},"canonical":"http:\/\/musikaliaelkartea.eus\/es\/2021\/06\/02\/sorotan-bele-taldeko-melodiak-gogora-ekarri-ditugu-zirraraz-beteriko-hiru-emanalditan\/","og_locale":"es_ES","og_type":"article","og_title":"[:eu]Sorotan Bele taldeko melodiak gogora ekarri ditugu zirraraz beteriko hiru emanalditan[:es]3 conciertos para recordar y homenajear a Sorotan Bele[:] - Musikalia Elkartea","og_description":"El 13 de noviembre de 2019, Xabi Zabala nos envi\u00f3 las cuatro primeras canciones y con Asier Ituarte comenzamos a leer las canciones mientras prepar\u00e1bamosView More","og_url":"http:\/\/musikaliaelkartea.eus\/es\/2021\/06\/02\/sorotan-bele-taldeko-melodiak-gogora-ekarri-ditugu-zirraraz-beteriko-hiru-emanalditan\/","og_site_name":"Musikalia Elkartea","article_publisher":"https:\/\/www.facebook.com\/musikaliaelkartea","article_published_time":"2021-06-02T09:02:18+00:00","og_image":[{"width":820,"height":312,"url":"https:\/\/i0.wp.com\/musikaliaelkartea.eus\/wp-content\/uploads\/2021\/05\/2.png?fit=820%2C312","type":"image\/png"}],"author":"Musikalia","twitter_card":"summary_large_image","twitter_misc":{"Escrito por":"Musikalia","Tiempo de lectura":"7 minutos"},"schema":{"@context":"https:\/\/schema.org","@graph":[{"@type":"Article","@id":"http:\/\/musikaliaelkartea.eus\/es\/2021\/06\/02\/sorotan-bele-taldeko-melodiak-gogora-ekarri-ditugu-zirraraz-beteriko-hiru-emanalditan\/#article","isPartOf":{"@id":"http:\/\/musikaliaelkartea.eus\/es\/2021\/06\/02\/sorotan-bele-taldeko-melodiak-gogora-ekarri-ditugu-zirraraz-beteriko-hiru-emanalditan\/"},"author":{"name":"Musikalia","@id":"http:\/\/musikaliaelkartea.eus\/es\/#\/schema\/person\/14029d72e7fe33dcc3b5b67080703aab"},"headline":"3 conciertos para recordar y homenajear a Sorotan Bele","datePublished":"2021-06-02T09:02:18+00:00","mainEntityOfPage":{"@id":"http:\/\/musikaliaelkartea.eus\/es\/2021\/06\/02\/sorotan-bele-taldeko-melodiak-gogora-ekarri-ditugu-zirraraz-beteriko-hiru-emanalditan\/"},"wordCount":1390,"publisher":{"@id":"http:\/\/musikaliaelkartea.eus\/es\/#organization"},"image":{"@id":"http:\/\/musikaliaelkartea.eus\/es\/2021\/06\/02\/sorotan-bele-taldeko-melodiak-gogora-ekarri-ditugu-zirraraz-beteriko-hiru-emanalditan\/#primaryimage"},"thumbnailUrl":"https:\/\/i0.wp.com\/musikaliaelkartea.eus\/wp-content\/uploads\/2021\/05\/2.png?fit=820%2C312","articleSection":["Uncategorized"],"inLanguage":"es"},{"@type":"WebPage","@id":"http:\/\/musikaliaelkartea.eus\/es\/2021\/06\/02\/sorotan-bele-taldeko-melodiak-gogora-ekarri-ditugu-zirraraz-beteriko-hiru-emanalditan\/","url":"http:\/\/musikaliaelkartea.eus\/es\/2021\/06\/02\/sorotan-bele-taldeko-melodiak-gogora-ekarri-ditugu-zirraraz-beteriko-hiru-emanalditan\/","name":"[:eu]Sorotan Bele taldeko melodiak gogora ekarri ditugu zirraraz beteriko hiru emanalditan[:es]3 conciertos para recordar y homenajear a Sorotan Bele[:] - Musikalia Elkartea","isPartOf":{"@id":"http:\/\/musikaliaelkartea.eus\/es\/#website"},"primaryImageOfPage":{"@id":"http:\/\/musikaliaelkartea.eus\/es\/2021\/06\/02\/sorotan-bele-taldeko-melodiak-gogora-ekarri-ditugu-zirraraz-beteriko-hiru-emanalditan\/#primaryimage"},"image":{"@id":"http:\/\/musikaliaelkartea.eus\/es\/2021\/06\/02\/sorotan-bele-taldeko-melodiak-gogora-ekarri-ditugu-zirraraz-beteriko-hiru-emanalditan\/#primaryimage"},"thumbnailUrl":"https:\/\/i0.wp.com\/musikaliaelkartea.eus\/wp-content\/uploads\/2021\/05\/2.png?fit=820%2C312","datePublished":"2021-06-02T09:02:18+00:00","breadcrumb":{"@id":"http:\/\/musikaliaelkartea.eus\/es\/2021\/06\/02\/sorotan-bele-taldeko-melodiak-gogora-ekarri-ditugu-zirraraz-beteriko-hiru-emanalditan\/#breadcrumb"},"inLanguage":"es","potentialAction":[{"@type":"ReadAction","target":["http:\/\/musikaliaelkartea.eus\/es\/2021\/06\/02\/sorotan-bele-taldeko-melodiak-gogora-ekarri-ditugu-zirraraz-beteriko-hiru-emanalditan\/"]}]},{"@type":"ImageObject","inLanguage":"es","@id":"http:\/\/musikaliaelkartea.eus\/es\/2021\/06\/02\/sorotan-bele-taldeko-melodiak-gogora-ekarri-ditugu-zirraraz-beteriko-hiru-emanalditan\/#primaryimage","url":"https:\/\/i0.wp.com\/musikaliaelkartea.eus\/wp-content\/uploads\/2021\/05\/2.png?fit=820%2C312","contentUrl":"https:\/\/i0.wp.com\/musikaliaelkartea.eus\/wp-content\/uploads\/2021\/05\/2.png?fit=820%2C312","width":820,"height":312},{"@type":"BreadcrumbList","@id":"http:\/\/musikaliaelkartea.eus\/es\/2021\/06\/02\/sorotan-bele-taldeko-melodiak-gogora-ekarri-ditugu-zirraraz-beteriko-hiru-emanalditan\/#breadcrumb","itemListElement":[{"@type":"ListItem","position":1,"name":"Home","item":"http:\/\/musikaliaelkartea.eus\/es\/"},{"@type":"ListItem","position":2,"name":"3 conciertos para recordar y homenajear a Sorotan Bele"}]},{"@type":"WebSite","@id":"http:\/\/musikaliaelkartea.eus\/es\/#website","url":"http:\/\/musikaliaelkartea.eus\/es\/","name":"Musikalia Elkartea","description":"","publisher":{"@id":"http:\/\/musikaliaelkartea.eus\/es\/#organization"},"potentialAction":[{"@type":"SearchAction","target":{"@type":"EntryPoint","urlTemplate":"http:\/\/musikaliaelkartea.eus\/es\/?s={search_term_string}"},"query-input":{"@type":"PropertyValueSpecification","valueRequired":true,"valueName":"search_term_string"}}],"inLanguage":"es"},{"@type":"Organization","@id":"http:\/\/musikaliaelkartea.eus\/es\/#organization","name":"Getxoko Andres Isasi Musikalia Elkartea","url":"http:\/\/musikaliaelkartea.eus\/es\/","logo":{"@type":"ImageObject","inLanguage":"es","@id":"http:\/\/musikaliaelkartea.eus\/es\/#\/schema\/logo\/image\/","url":"https:\/\/i0.wp.com\/musikaliaelkartea.eus\/wp-content\/uploads\/2025\/03\/cropped-MUSIKALIA-LOGO-LARGO.png?fit=5455%2C1928","contentUrl":"https:\/\/i0.wp.com\/musikaliaelkartea.eus\/wp-content\/uploads\/2025\/03\/cropped-MUSIKALIA-LOGO-LARGO.png?fit=5455%2C1928","width":5455,"height":1928,"caption":"Getxoko Andres Isasi Musikalia Elkartea"},"image":{"@id":"http:\/\/musikaliaelkartea.eus\/es\/#\/schema\/logo\/image\/"},"sameAs":["https:\/\/www.facebook.com\/musikaliaelkartea","https:\/\/www.instagram.com\/musikaliaelkartea\/","https:\/\/www.youtube.com\/channel\/UCYG_UH_Rv-34wbmS8nQ7mpg"]},{"@type":"Person","@id":"http:\/\/musikaliaelkartea.eus\/es\/#\/schema\/person\/14029d72e7fe33dcc3b5b67080703aab","name":"Musikalia","image":{"@type":"ImageObject","inLanguage":"es","@id":"https:\/\/secure.gravatar.com\/avatar\/4cedd4863d0dc30f70d9375282b4f70545dbeb2a5fec482325b3b89efe2dd5e3?s=96&d=mm&r=g","url":"https:\/\/secure.gravatar.com\/avatar\/4cedd4863d0dc30f70d9375282b4f70545dbeb2a5fec482325b3b89efe2dd5e3?s=96&d=mm&r=g","contentUrl":"https:\/\/secure.gravatar.com\/avatar\/4cedd4863d0dc30f70d9375282b4f70545dbeb2a5fec482325b3b89efe2dd5e3?s=96&d=mm&r=g","caption":"Musikalia"},"url":"http:\/\/musikaliaelkartea.eus\/es\/author\/musikalia\/"}]}},"jetpack_featured_media_url":"https:\/\/i0.wp.com\/musikaliaelkartea.eus\/wp-content\/uploads\/2021\/05\/2.png?fit=820%2C312","jetpack_sharing_enabled":true,"jetpack_shortlink":"https:\/\/wp.me\/p8OhQz-VO","_links":{"self":[{"href":"http:\/\/musikaliaelkartea.eus\/es\/wp-json\/wp\/v2\/posts\/3584","targetHints":{"allow":["GET"]}}],"collection":[{"href":"http:\/\/musikaliaelkartea.eus\/es\/wp-json\/wp\/v2\/posts"}],"about":[{"href":"http:\/\/musikaliaelkartea.eus\/es\/wp-json\/wp\/v2\/types\/post"}],"author":[{"embeddable":true,"href":"http:\/\/musikaliaelkartea.eus\/es\/wp-json\/wp\/v2\/users\/2"}],"replies":[{"embeddable":true,"href":"http:\/\/musikaliaelkartea.eus\/es\/wp-json\/wp\/v2\/comments?post=3584"}],"version-history":[{"count":12,"href":"http:\/\/musikaliaelkartea.eus\/es\/wp-json\/wp\/v2\/posts\/3584\/revisions"}],"predecessor-version":[{"id":3622,"href":"http:\/\/musikaliaelkartea.eus\/es\/wp-json\/wp\/v2\/posts\/3584\/revisions\/3622"}],"wp:featuredmedia":[{"embeddable":true,"href":"http:\/\/musikaliaelkartea.eus\/es\/wp-json\/wp\/v2\/media\/3585"}],"wp:attachment":[{"href":"http:\/\/musikaliaelkartea.eus\/es\/wp-json\/wp\/v2\/media?parent=3584"}],"wp:term":[{"taxonomy":"category","embeddable":true,"href":"http:\/\/musikaliaelkartea.eus\/es\/wp-json\/wp\/v2\/categories?post=3584"},{"taxonomy":"post_tag","embeddable":true,"href":"http:\/\/musikaliaelkartea.eus\/es\/wp-json\/wp\/v2\/tags?post=3584"}],"curies":[{"name":"wp","href":"https:\/\/api.w.org\/{rel}","templated":true}]}}