{"id":3530,"date":"2021-04-15T07:24:12","date_gmt":"2021-04-15T07:24:12","guid":{"rendered":"http:\/\/musikaliaelkartea.eus\/?p=3530"},"modified":"2021-04-19T18:45:58","modified_gmt":"2021-04-19T18:45:58","slug":"sorotan-bele-gogoan-berriz-ere-martxan","status":"publish","type":"post","link":"http:\/\/musikaliaelkartea.eus\/es\/2021\/04\/15\/sorotan-bele-gogoan-berriz-ere-martxan\/","title":{"rendered":"Sorotan Bele Gogoan, otra vez en marcha!"},"content":{"rendered":"<p><img data-recalc-dims=\"1\" fetchpriority=\"high\" decoding=\"async\" data-attachment-id=\"3535\" data-permalink=\"http:\/\/musikaliaelkartea.eus\/es\/2021\/04\/15\/sorotan-bele-gogoan-berriz-ere-martxan\/nagusia-900x596\/\" data-orig-file=\"https:\/\/i0.wp.com\/musikaliaelkartea.eus\/wp-content\/uploads\/2021\/04\/nagusia-900x596-1.jpg?fit=900%2C596\" data-orig-size=\"900,596\" data-comments-opened=\"0\" data-image-meta=\"{&quot;aperture&quot;:&quot;7.1&quot;,&quot;credit&quot;:&quot;&quot;,&quot;camera&quot;:&quot;NIKON D5100&quot;,&quot;caption&quot;:&quot;&quot;,&quot;created_timestamp&quot;:&quot;1579883356&quot;,&quot;copyright&quot;:&quot;&quot;,&quot;focal_length&quot;:&quot;28&quot;,&quot;iso&quot;:&quot;200&quot;,&quot;shutter_speed&quot;:&quot;0.005&quot;,&quot;title&quot;:&quot;&quot;,&quot;orientation&quot;:&quot;1&quot;}\" data-image-title=\"nagusia-900&amp;#215;596\" data-image-description=\"\" data-image-caption=\"\" data-large-file=\"https:\/\/i0.wp.com\/musikaliaelkartea.eus\/wp-content\/uploads\/2021\/04\/nagusia-900x596-1.jpg?fit=900%2C596\" class=\"size-medium wp-image-3535 alignright\" src=\"https:\/\/i0.wp.com\/musikaliaelkartea.eus\/wp-content\/uploads\/2021\/04\/nagusia-900x596-1.jpg?resize=300%2C199\" alt=\"\" width=\"300\" height=\"199\" srcset=\"https:\/\/i0.wp.com\/musikaliaelkartea.eus\/wp-content\/uploads\/2021\/04\/nagusia-900x596-1.jpg?resize=300%2C199 300w, https:\/\/i0.wp.com\/musikaliaelkartea.eus\/wp-content\/uploads\/2021\/04\/nagusia-900x596-1.jpg?resize=768%2C509 768w, https:\/\/i0.wp.com\/musikaliaelkartea.eus\/wp-content\/uploads\/2021\/04\/nagusia-900x596-1.jpg?resize=453%2C300 453w, https:\/\/i0.wp.com\/musikaliaelkartea.eus\/wp-content\/uploads\/2021\/04\/nagusia-900x596-1.jpg?w=900 900w\" sizes=\"(max-width: 300px) 100vw, 300px\" \/>El a\u00f1o pasado y despu\u00e9s de 30 a\u00f1os, el grupo <a href=\"https:\/\/eu.wikipedia.org\/wiki\/Sorotan_Bele\">Sorotan Bele<\/a> anunci\u00f3 su regreso a los escenarios. El primer concierto estaba programado en Larrabetzu. Las entradas salieron a la venta y la pandemia nos pill\u00f3 de pleno. Adem\u00e1s de la actuaci\u00f3n de Larrabetzu, el d\u00eda 30 de junio tambi\u00e9n ten\u00edamos concertado un concierto en Getxo.<\/p>\n<p>Intentamos pasar los conciertos a oto\u00f1o, pero en noviembre tuvimos que volver a hacer frente a una fuerte ola y tuvimos que retrasar los espect\u00e1culos. Mientras tanto, hemos ensayado como hemos podido, en peque\u00f1os grupos y cumpliendo todas las medidas sanitarias.<\/p>\n<p><img data-recalc-dims=\"1\" decoding=\"async\" data-attachment-id=\"3539\" data-permalink=\"http:\/\/musikaliaelkartea.eus\/es\/2021\/04\/15\/sorotan-bele-gogoan-berriz-ere-martxan\/sin-titulo-1\/\" data-orig-file=\"https:\/\/i0.wp.com\/musikaliaelkartea.eus\/wp-content\/uploads\/2021\/04\/Sin-ti%CC%81tulo-1.jpg?fit=800%2C419\" data-orig-size=\"800,419\" data-comments-opened=\"0\" data-image-meta=\"{&quot;aperture&quot;:&quot;0&quot;,&quot;credit&quot;:&quot;&quot;,&quot;camera&quot;:&quot;&quot;,&quot;caption&quot;:&quot;&quot;,&quot;created_timestamp&quot;:&quot;0&quot;,&quot;copyright&quot;:&quot;&quot;,&quot;focal_length&quot;:&quot;0&quot;,&quot;iso&quot;:&quot;0&quot;,&quot;shutter_speed&quot;:&quot;0&quot;,&quot;title&quot;:&quot;&quot;,&quot;orientation&quot;:&quot;1&quot;}\" data-image-title=\"Sin ti\u0301tulo-1\" data-image-description=\"\" data-image-caption=\"\" data-large-file=\"https:\/\/i0.wp.com\/musikaliaelkartea.eus\/wp-content\/uploads\/2021\/04\/Sin-ti%CC%81tulo-1.jpg?fit=800%2C419\" class=\"wp-image-3539 alignright\" src=\"https:\/\/i0.wp.com\/musikaliaelkartea.eus\/wp-content\/uploads\/2021\/04\/Sin-ti%CC%81tulo-1.jpg?resize=472%2C247\" alt=\"\" width=\"472\" height=\"247\" srcset=\"https:\/\/i0.wp.com\/musikaliaelkartea.eus\/wp-content\/uploads\/2021\/04\/Sin-ti%CC%81tulo-1.jpg?resize=768%2C402 768w, https:\/\/i0.wp.com\/musikaliaelkartea.eus\/wp-content\/uploads\/2021\/04\/Sin-ti%CC%81tulo-1.jpg?resize=300%2C157 300w, https:\/\/i0.wp.com\/musikaliaelkartea.eus\/wp-content\/uploads\/2021\/04\/Sin-ti%CC%81tulo-1.jpg?resize=573%2C300 573w, https:\/\/i0.wp.com\/musikaliaelkartea.eus\/wp-content\/uploads\/2021\/04\/Sin-ti%CC%81tulo-1.jpg?w=800 800w\" sizes=\"(max-width: 472px) 100vw, 472px\" \/>En enero y con las estrictas medidas sanitarias, comenzamos con los ensayos generales de la banda y ha llegado la hora de unificar el trabajo realizado entre septiembre y diciembre. Este mes avanzaremos con los ensayos generales, entrando en la recta final de los preparativos.<\/p>\n<p>Si el estado de salud no empeora, las actuaciones se realizar\u00e1n en las siguientes fechas:<\/p>\n<ul>\n<li>23 de mayo en Larrabetzu. <a href=\"https:\/\/www.wegow.com\/es-es\/conciertos\/concierto-de-sorotan-bele-gogoan-en-larrabetzu\">Las entradas ya est\u00e1n a la venta<\/a><\/li>\n<\/ul>\n<pre><em>Las entradas adquiridas con anterioridad son v\u00e1lidas para el 23 de mayo. Debido a la normativa actual, hemos tenido que restringir la capacidad con dos pases: el primero comenzar\u00e1 a las 17:00 y el segundo a las 19:00.<\/em> \r\n\r\n<em>Las entradas que teng\u00e1is adquiridas online ser\u00e1n para el pase a las 17:00 y las que hay\u00e1is comprado entradas f\u00edsicas para el pase a las 19:00. Si ten\u00e9is alguna duda, pod\u00e9is escribir a esta direcci\u00f3n de correo electr\u00f3nico (info@baga-biga.eus) y los que quer\u00e1is devolver las entradas, os devolveremos el dinero de la entrada en el mismo lugar en el que lo hab\u00e9is comprado.<\/em><em><span style=\"font-size: 0.85em;\">\r\n<\/span>Todav\u00eda quedan entradas a la venta:\r\n- 17:00. Entradas a la venta: <a href=\"https:\/\/www.wegow.com\/es-es\/conciertos\/concierto-de-sorotan-bele-gogoan-en-larrabetzu\">wegow<\/a>\r\n- Concierto de las 19:00. Entradas a la venta en la biblioteca de Larrabetzu.\r\n<\/em><\/pre>\n<ul>\n<li>30 de mayo en Getxo, a las 18:00 en Musikebarri. <a href=\"https:\/\/ticket.kutxabank.es\/aulacultura\/public\/janto\/\">Las entradas ya est\u00e1n a la venta<\/a><\/li>\n<\/ul>\n<p><img data-recalc-dims=\"1\" decoding=\"async\" data-attachment-id=\"3533\" data-permalink=\"http:\/\/musikaliaelkartea.eus\/es\/2021\/04\/15\/sorotan-bele-gogoan-berriz-ere-martxan\/irribanda-21\/\" data-orig-file=\"https:\/\/i0.wp.com\/musikaliaelkartea.eus\/wp-content\/uploads\/2021\/04\/irribanda.png?fit=820%2C312\" data-orig-size=\"820,312\" data-comments-opened=\"0\" data-image-meta=\"{&quot;aperture&quot;:&quot;0&quot;,&quot;credit&quot;:&quot;&quot;,&quot;camera&quot;:&quot;&quot;,&quot;caption&quot;:&quot;&quot;,&quot;created_timestamp&quot;:&quot;0&quot;,&quot;copyright&quot;:&quot;&quot;,&quot;focal_length&quot;:&quot;0&quot;,&quot;iso&quot;:&quot;0&quot;,&quot;shutter_speed&quot;:&quot;0&quot;,&quot;title&quot;:&quot;&quot;,&quot;orientation&quot;:&quot;0&quot;}\" data-image-title=\"irribanda\" data-image-description=\"\" data-image-caption=\"\" data-large-file=\"https:\/\/i0.wp.com\/musikaliaelkartea.eus\/wp-content\/uploads\/2021\/04\/irribanda.png?fit=820%2C312\" class=\"aligncenter wp-image-3533 size-apostrophe-logo\" src=\"https:\/\/i0.wp.com\/musikaliaelkartea.eus\/wp-content\/uploads\/2021\/04\/irribanda.png?resize=723%2C275\" alt=\"\" width=\"723\" height=\"275\" srcset=\"https:\/\/i0.wp.com\/musikaliaelkartea.eus\/wp-content\/uploads\/2021\/04\/irribanda.png?resize=788%2C300 788w, https:\/\/i0.wp.com\/musikaliaelkartea.eus\/wp-content\/uploads\/2021\/04\/irribanda.png?resize=300%2C114 300w, https:\/\/i0.wp.com\/musikaliaelkartea.eus\/wp-content\/uploads\/2021\/04\/irribanda.png?resize=768%2C292 768w, https:\/\/i0.wp.com\/musikaliaelkartea.eus\/wp-content\/uploads\/2021\/04\/irribanda.png?w=820 820w\" sizes=\"(max-width: 723px) 100vw, 723px\" \/><\/p>\n<p>Con la colaboraci\u00f3n de nuestra banda y los arreglos realizados por <a href=\"http:\/\/www.xabierzabala.com\/\">Xabier Zabala<\/a>, recordaremos canciones como \u201cAtalaia\u201d, \u201cArratsalde honetan\u201d o \u201cArgiaren hiiria\u201d. Volver a trabajar con Xabier Zabala para nosotros es un privilegio enorme. Nos conocimos en el proyecto Irribanda y en diciembre de 2019, Xabi nos ofreci\u00f3 la oportunidad de trabajar con un grupo tan prestigioso y tan querido como Sorotan Bele.<\/p>\n<p>La actuaci\u00f3n estar\u00e1 dirigida por Ane Legarreta. A lo largo del curso hemos tenido dos directores en los agrupamientos. Por un lado, Ane Legarreta ha dirigido la secci\u00f3n de madera y por otro, <a href=\"http:\/\/musikaliaelkartea.eus\/zuzendariak\/\">Asier Ituarte<\/a>, segundo director, ha dirigido la secci\u00f3n de metales y percusi\u00f3n.<\/p>\n<p>Las entradas ya est\u00e1n a la venta. Estamos seguros de que ser\u00e1 un concierto especial y emocionante. Para m\u00e1s informaci\u00f3n sobre el concierto estad atentos a nuestra web y a nuestras redes sociales, <a href=\"https:\/\/www.facebook.com\/musikaliaelkartea\">Facebook<\/a> e Instagram.<\/p>\n<p>&nbsp;<\/p>","protected":false},"excerpt":{"rendered":"<p>El a\u00f1o pasado y despu\u00e9s de 30 a\u00f1os, el grupo Sorotan Bele anunci\u00f3 su regreso a los escenarios. El primer concierto estaba programado en Larrabetzu.<a href=\"http:\/\/musikaliaelkartea.eus\/es\/2021\/04\/15\/sorotan-bele-gogoan-berriz-ere-martxan\/\" class=\"more-link\">View More<\/a><\/p>\n","protected":false},"author":2,"featured_media":3533,"comment_status":"closed","ping_status":"open","sticky":false,"template":"","format":"standard","meta":{"jetpack_post_was_ever_published":false,"_jetpack_newsletter_access":"","_jetpack_dont_email_post_to_subs":false,"_jetpack_newsletter_tier_id":0,"_jetpack_memberships_contains_paywalled_content":false,"_jetpack_memberships_contains_paid_content":false,"footnotes":""},"categories":[1],"tags":[],"class_list":["post-3530","post","type-post","status-publish","format-standard","has-post-thumbnail","hentry","category-uncategorized"],"yoast_head":"<!-- This site is optimized with the Yoast SEO plugin v27.4 - https:\/\/yoast.com\/product\/yoast-seo-wordpress\/ -->\n<title>Sorotan Bele Gogoan, otra vez en marcha! - Musikalia Elkartea<\/title>\n<meta name=\"robots\" content=\"index, follow, max-snippet:-1, max-image-preview:large, max-video-preview:-1\" \/>\n<link rel=\"canonical\" href=\"http:\/\/musikaliaelkartea.eus\/es\/2021\/04\/15\/sorotan-bele-gogoan-berriz-ere-martxan\/\" \/>\n<meta property=\"og:locale\" content=\"es_ES\" \/>\n<meta property=\"og:type\" content=\"article\" \/>\n<meta property=\"og:title\" content=\"[:eu]Sorotan Bele Gogoan, berriz ere martxan![:es]Sorotan Bele Gogoan, otra vez en marcha![:] - Musikalia Elkartea\" \/>\n<meta property=\"og:description\" content=\"El a\u00f1o pasado y despu\u00e9s de 30 a\u00f1os, el grupo Sorotan Bele anunci\u00f3 su regreso a los escenarios. El primer concierto estaba programado en Larrabetzu.View More\" \/>\n<meta property=\"og:url\" content=\"http:\/\/musikaliaelkartea.eus\/es\/2021\/04\/15\/sorotan-bele-gogoan-berriz-ere-martxan\/\" \/>\n<meta property=\"og:site_name\" content=\"Musikalia Elkartea\" \/>\n<meta property=\"article:publisher\" content=\"https:\/\/www.facebook.com\/musikaliaelkartea\" \/>\n<meta property=\"article:published_time\" content=\"2021-04-15T07:24:12+00:00\" \/>\n<meta property=\"article:modified_time\" content=\"2021-04-19T18:45:58+00:00\" \/>\n<meta property=\"og:image\" content=\"https:\/\/i0.wp.com\/musikaliaelkartea.eus\/wp-content\/uploads\/2021\/04\/irribanda.png?fit=820%2C312\" \/>\n\t<meta property=\"og:image:width\" content=\"820\" \/>\n\t<meta property=\"og:image:height\" content=\"312\" \/>\n\t<meta property=\"og:image:type\" content=\"image\/png\" \/>\n<meta name=\"author\" content=\"Musikalia\" \/>\n<meta name=\"twitter:card\" content=\"summary_large_image\" \/>\n<meta name=\"twitter:label1\" content=\"Escrito por\" \/>\n\t<meta name=\"twitter:data1\" content=\"Musikalia\" \/>\n\t<meta name=\"twitter:label2\" content=\"Tiempo de lectura\" \/>\n\t<meta name=\"twitter:data2\" content=\"4 minutos\" \/>\n<script type=\"application\/ld+json\" class=\"yoast-schema-graph\">{\"@context\":\"https:\\\/\\\/schema.org\",\"@graph\":[{\"@type\":\"Article\",\"@id\":\"http:\\\/\\\/musikaliaelkartea.eus\\\/es\\\/2021\\\/04\\\/15\\\/sorotan-bele-gogoan-berriz-ere-martxan\\\/#article\",\"isPartOf\":{\"@id\":\"http:\\\/\\\/musikaliaelkartea.eus\\\/es\\\/2021\\\/04\\\/15\\\/sorotan-bele-gogoan-berriz-ere-martxan\\\/\"},\"author\":{\"name\":\"Musikalia\",\"@id\":\"http:\\\/\\\/musikaliaelkartea.eus\\\/es\\\/#\\\/schema\\\/person\\\/14029d72e7fe33dcc3b5b67080703aab\"},\"headline\":\"Sorotan Bele Gogoan, otra vez en marcha!\",\"datePublished\":\"2021-04-15T07:24:12+00:00\",\"dateModified\":\"2021-04-19T18:45:58+00:00\",\"mainEntityOfPage\":{\"@id\":\"http:\\\/\\\/musikaliaelkartea.eus\\\/es\\\/2021\\\/04\\\/15\\\/sorotan-bele-gogoan-berriz-ere-martxan\\\/\"},\"wordCount\":607,\"publisher\":{\"@id\":\"http:\\\/\\\/musikaliaelkartea.eus\\\/es\\\/#organization\"},\"image\":{\"@id\":\"http:\\\/\\\/musikaliaelkartea.eus\\\/es\\\/2021\\\/04\\\/15\\\/sorotan-bele-gogoan-berriz-ere-martxan\\\/#primaryimage\"},\"thumbnailUrl\":\"https:\\\/\\\/i0.wp.com\\\/musikaliaelkartea.eus\\\/wp-content\\\/uploads\\\/2021\\\/04\\\/irribanda.png?fit=820%2C312\",\"articleSection\":[\"Uncategorized\"],\"inLanguage\":\"es\"},{\"@type\":\"WebPage\",\"@id\":\"http:\\\/\\\/musikaliaelkartea.eus\\\/es\\\/2021\\\/04\\\/15\\\/sorotan-bele-gogoan-berriz-ere-martxan\\\/\",\"url\":\"http:\\\/\\\/musikaliaelkartea.eus\\\/es\\\/2021\\\/04\\\/15\\\/sorotan-bele-gogoan-berriz-ere-martxan\\\/\",\"name\":\"[:eu]Sorotan Bele Gogoan, berriz ere martxan![:es]Sorotan Bele Gogoan, otra vez en marcha![:] - Musikalia Elkartea\",\"isPartOf\":{\"@id\":\"http:\\\/\\\/musikaliaelkartea.eus\\\/es\\\/#website\"},\"primaryImageOfPage\":{\"@id\":\"http:\\\/\\\/musikaliaelkartea.eus\\\/es\\\/2021\\\/04\\\/15\\\/sorotan-bele-gogoan-berriz-ere-martxan\\\/#primaryimage\"},\"image\":{\"@id\":\"http:\\\/\\\/musikaliaelkartea.eus\\\/es\\\/2021\\\/04\\\/15\\\/sorotan-bele-gogoan-berriz-ere-martxan\\\/#primaryimage\"},\"thumbnailUrl\":\"https:\\\/\\\/i0.wp.com\\\/musikaliaelkartea.eus\\\/wp-content\\\/uploads\\\/2021\\\/04\\\/irribanda.png?fit=820%2C312\",\"datePublished\":\"2021-04-15T07:24:12+00:00\",\"dateModified\":\"2021-04-19T18:45:58+00:00\",\"breadcrumb\":{\"@id\":\"http:\\\/\\\/musikaliaelkartea.eus\\\/es\\\/2021\\\/04\\\/15\\\/sorotan-bele-gogoan-berriz-ere-martxan\\\/#breadcrumb\"},\"inLanguage\":\"es\",\"potentialAction\":[{\"@type\":\"ReadAction\",\"target\":[\"http:\\\/\\\/musikaliaelkartea.eus\\\/es\\\/2021\\\/04\\\/15\\\/sorotan-bele-gogoan-berriz-ere-martxan\\\/\"]}]},{\"@type\":\"ImageObject\",\"inLanguage\":\"es\",\"@id\":\"http:\\\/\\\/musikaliaelkartea.eus\\\/es\\\/2021\\\/04\\\/15\\\/sorotan-bele-gogoan-berriz-ere-martxan\\\/#primaryimage\",\"url\":\"https:\\\/\\\/i0.wp.com\\\/musikaliaelkartea.eus\\\/wp-content\\\/uploads\\\/2021\\\/04\\\/irribanda.png?fit=820%2C312\",\"contentUrl\":\"https:\\\/\\\/i0.wp.com\\\/musikaliaelkartea.eus\\\/wp-content\\\/uploads\\\/2021\\\/04\\\/irribanda.png?fit=820%2C312\",\"width\":820,\"height\":312},{\"@type\":\"BreadcrumbList\",\"@id\":\"http:\\\/\\\/musikaliaelkartea.eus\\\/es\\\/2021\\\/04\\\/15\\\/sorotan-bele-gogoan-berriz-ere-martxan\\\/#breadcrumb\",\"itemListElement\":[{\"@type\":\"ListItem\",\"position\":1,\"name\":\"Home\",\"item\":\"http:\\\/\\\/musikaliaelkartea.eus\\\/es\\\/\"},{\"@type\":\"ListItem\",\"position\":2,\"name\":\"Sorotan Bele Gogoan, otra vez en marcha!\"}]},{\"@type\":\"WebSite\",\"@id\":\"http:\\\/\\\/musikaliaelkartea.eus\\\/es\\\/#website\",\"url\":\"http:\\\/\\\/musikaliaelkartea.eus\\\/es\\\/\",\"name\":\"Musikalia Elkartea\",\"description\":\"\",\"publisher\":{\"@id\":\"http:\\\/\\\/musikaliaelkartea.eus\\\/es\\\/#organization\"},\"potentialAction\":[{\"@type\":\"SearchAction\",\"target\":{\"@type\":\"EntryPoint\",\"urlTemplate\":\"http:\\\/\\\/musikaliaelkartea.eus\\\/es\\\/?s={search_term_string}\"},\"query-input\":{\"@type\":\"PropertyValueSpecification\",\"valueRequired\":true,\"valueName\":\"search_term_string\"}}],\"inLanguage\":\"es\"},{\"@type\":\"Organization\",\"@id\":\"http:\\\/\\\/musikaliaelkartea.eus\\\/es\\\/#organization\",\"name\":\"Getxoko Andres Isasi Musikalia Elkartea\",\"url\":\"http:\\\/\\\/musikaliaelkartea.eus\\\/es\\\/\",\"logo\":{\"@type\":\"ImageObject\",\"inLanguage\":\"es\",\"@id\":\"http:\\\/\\\/musikaliaelkartea.eus\\\/es\\\/#\\\/schema\\\/logo\\\/image\\\/\",\"url\":\"https:\\\/\\\/i0.wp.com\\\/musikaliaelkartea.eus\\\/wp-content\\\/uploads\\\/2025\\\/03\\\/cropped-MUSIKALIA-LOGO-LARGO.png?fit=5455%2C1928\",\"contentUrl\":\"https:\\\/\\\/i0.wp.com\\\/musikaliaelkartea.eus\\\/wp-content\\\/uploads\\\/2025\\\/03\\\/cropped-MUSIKALIA-LOGO-LARGO.png?fit=5455%2C1928\",\"width\":5455,\"height\":1928,\"caption\":\"Getxoko Andres Isasi Musikalia Elkartea\"},\"image\":{\"@id\":\"http:\\\/\\\/musikaliaelkartea.eus\\\/es\\\/#\\\/schema\\\/logo\\\/image\\\/\"},\"sameAs\":[\"https:\\\/\\\/www.facebook.com\\\/musikaliaelkartea\",\"https:\\\/\\\/www.instagram.com\\\/musikaliaelkartea\\\/\",\"https:\\\/\\\/www.youtube.com\\\/channel\\\/UCYG_UH_Rv-34wbmS8nQ7mpg\"]},{\"@type\":\"Person\",\"@id\":\"http:\\\/\\\/musikaliaelkartea.eus\\\/es\\\/#\\\/schema\\\/person\\\/14029d72e7fe33dcc3b5b67080703aab\",\"name\":\"Musikalia\",\"image\":{\"@type\":\"ImageObject\",\"inLanguage\":\"es\",\"@id\":\"https:\\\/\\\/secure.gravatar.com\\\/avatar\\\/4cedd4863d0dc30f70d9375282b4f70545dbeb2a5fec482325b3b89efe2dd5e3?s=96&d=mm&r=g\",\"url\":\"https:\\\/\\\/secure.gravatar.com\\\/avatar\\\/4cedd4863d0dc30f70d9375282b4f70545dbeb2a5fec482325b3b89efe2dd5e3?s=96&d=mm&r=g\",\"contentUrl\":\"https:\\\/\\\/secure.gravatar.com\\\/avatar\\\/4cedd4863d0dc30f70d9375282b4f70545dbeb2a5fec482325b3b89efe2dd5e3?s=96&d=mm&r=g\",\"caption\":\"Musikalia\"},\"url\":\"http:\\\/\\\/musikaliaelkartea.eus\\\/es\\\/author\\\/musikalia\\\/\"}]}<\/script>\n<!-- \/ Yoast SEO plugin. -->","yoast_head_json":{"title":"[:eu]Sorotan Bele Gogoan, berriz ere martxan![:es]Sorotan Bele Gogoan, otra vez en marcha![:] - Musikalia Elkartea","robots":{"index":"index","follow":"follow","max-snippet":"max-snippet:-1","max-image-preview":"max-image-preview:large","max-video-preview":"max-video-preview:-1"},"canonical":"http:\/\/musikaliaelkartea.eus\/es\/2021\/04\/15\/sorotan-bele-gogoan-berriz-ere-martxan\/","og_locale":"es_ES","og_type":"article","og_title":"[:eu]Sorotan Bele Gogoan, berriz ere martxan![:es]Sorotan Bele Gogoan, otra vez en marcha![:] - Musikalia Elkartea","og_description":"El a\u00f1o pasado y despu\u00e9s de 30 a\u00f1os, el grupo Sorotan Bele anunci\u00f3 su regreso a los escenarios. El primer concierto estaba programado en Larrabetzu.View More","og_url":"http:\/\/musikaliaelkartea.eus\/es\/2021\/04\/15\/sorotan-bele-gogoan-berriz-ere-martxan\/","og_site_name":"Musikalia Elkartea","article_publisher":"https:\/\/www.facebook.com\/musikaliaelkartea","article_published_time":"2021-04-15T07:24:12+00:00","article_modified_time":"2021-04-19T18:45:58+00:00","og_image":[{"width":820,"height":312,"url":"https:\/\/i0.wp.com\/musikaliaelkartea.eus\/wp-content\/uploads\/2021\/04\/irribanda.png?fit=820%2C312","type":"image\/png"}],"author":"Musikalia","twitter_card":"summary_large_image","twitter_misc":{"Escrito por":"Musikalia","Tiempo de lectura":"4 minutos"},"schema":{"@context":"https:\/\/schema.org","@graph":[{"@type":"Article","@id":"http:\/\/musikaliaelkartea.eus\/es\/2021\/04\/15\/sorotan-bele-gogoan-berriz-ere-martxan\/#article","isPartOf":{"@id":"http:\/\/musikaliaelkartea.eus\/es\/2021\/04\/15\/sorotan-bele-gogoan-berriz-ere-martxan\/"},"author":{"name":"Musikalia","@id":"http:\/\/musikaliaelkartea.eus\/es\/#\/schema\/person\/14029d72e7fe33dcc3b5b67080703aab"},"headline":"Sorotan Bele Gogoan, otra vez en marcha!","datePublished":"2021-04-15T07:24:12+00:00","dateModified":"2021-04-19T18:45:58+00:00","mainEntityOfPage":{"@id":"http:\/\/musikaliaelkartea.eus\/es\/2021\/04\/15\/sorotan-bele-gogoan-berriz-ere-martxan\/"},"wordCount":607,"publisher":{"@id":"http:\/\/musikaliaelkartea.eus\/es\/#organization"},"image":{"@id":"http:\/\/musikaliaelkartea.eus\/es\/2021\/04\/15\/sorotan-bele-gogoan-berriz-ere-martxan\/#primaryimage"},"thumbnailUrl":"https:\/\/i0.wp.com\/musikaliaelkartea.eus\/wp-content\/uploads\/2021\/04\/irribanda.png?fit=820%2C312","articleSection":["Uncategorized"],"inLanguage":"es"},{"@type":"WebPage","@id":"http:\/\/musikaliaelkartea.eus\/es\/2021\/04\/15\/sorotan-bele-gogoan-berriz-ere-martxan\/","url":"http:\/\/musikaliaelkartea.eus\/es\/2021\/04\/15\/sorotan-bele-gogoan-berriz-ere-martxan\/","name":"[:eu]Sorotan Bele Gogoan, berriz ere martxan![:es]Sorotan Bele Gogoan, otra vez en marcha![:] - Musikalia Elkartea","isPartOf":{"@id":"http:\/\/musikaliaelkartea.eus\/es\/#website"},"primaryImageOfPage":{"@id":"http:\/\/musikaliaelkartea.eus\/es\/2021\/04\/15\/sorotan-bele-gogoan-berriz-ere-martxan\/#primaryimage"},"image":{"@id":"http:\/\/musikaliaelkartea.eus\/es\/2021\/04\/15\/sorotan-bele-gogoan-berriz-ere-martxan\/#primaryimage"},"thumbnailUrl":"https:\/\/i0.wp.com\/musikaliaelkartea.eus\/wp-content\/uploads\/2021\/04\/irribanda.png?fit=820%2C312","datePublished":"2021-04-15T07:24:12+00:00","dateModified":"2021-04-19T18:45:58+00:00","breadcrumb":{"@id":"http:\/\/musikaliaelkartea.eus\/es\/2021\/04\/15\/sorotan-bele-gogoan-berriz-ere-martxan\/#breadcrumb"},"inLanguage":"es","potentialAction":[{"@type":"ReadAction","target":["http:\/\/musikaliaelkartea.eus\/es\/2021\/04\/15\/sorotan-bele-gogoan-berriz-ere-martxan\/"]}]},{"@type":"ImageObject","inLanguage":"es","@id":"http:\/\/musikaliaelkartea.eus\/es\/2021\/04\/15\/sorotan-bele-gogoan-berriz-ere-martxan\/#primaryimage","url":"https:\/\/i0.wp.com\/musikaliaelkartea.eus\/wp-content\/uploads\/2021\/04\/irribanda.png?fit=820%2C312","contentUrl":"https:\/\/i0.wp.com\/musikaliaelkartea.eus\/wp-content\/uploads\/2021\/04\/irribanda.png?fit=820%2C312","width":820,"height":312},{"@type":"BreadcrumbList","@id":"http:\/\/musikaliaelkartea.eus\/es\/2021\/04\/15\/sorotan-bele-gogoan-berriz-ere-martxan\/#breadcrumb","itemListElement":[{"@type":"ListItem","position":1,"name":"Home","item":"http:\/\/musikaliaelkartea.eus\/es\/"},{"@type":"ListItem","position":2,"name":"Sorotan Bele Gogoan, otra vez en marcha!"}]},{"@type":"WebSite","@id":"http:\/\/musikaliaelkartea.eus\/es\/#website","url":"http:\/\/musikaliaelkartea.eus\/es\/","name":"Musikalia Elkartea","description":"","publisher":{"@id":"http:\/\/musikaliaelkartea.eus\/es\/#organization"},"potentialAction":[{"@type":"SearchAction","target":{"@type":"EntryPoint","urlTemplate":"http:\/\/musikaliaelkartea.eus\/es\/?s={search_term_string}"},"query-input":{"@type":"PropertyValueSpecification","valueRequired":true,"valueName":"search_term_string"}}],"inLanguage":"es"},{"@type":"Organization","@id":"http:\/\/musikaliaelkartea.eus\/es\/#organization","name":"Getxoko Andres Isasi Musikalia Elkartea","url":"http:\/\/musikaliaelkartea.eus\/es\/","logo":{"@type":"ImageObject","inLanguage":"es","@id":"http:\/\/musikaliaelkartea.eus\/es\/#\/schema\/logo\/image\/","url":"https:\/\/i0.wp.com\/musikaliaelkartea.eus\/wp-content\/uploads\/2025\/03\/cropped-MUSIKALIA-LOGO-LARGO.png?fit=5455%2C1928","contentUrl":"https:\/\/i0.wp.com\/musikaliaelkartea.eus\/wp-content\/uploads\/2025\/03\/cropped-MUSIKALIA-LOGO-LARGO.png?fit=5455%2C1928","width":5455,"height":1928,"caption":"Getxoko Andres Isasi Musikalia Elkartea"},"image":{"@id":"http:\/\/musikaliaelkartea.eus\/es\/#\/schema\/logo\/image\/"},"sameAs":["https:\/\/www.facebook.com\/musikaliaelkartea","https:\/\/www.instagram.com\/musikaliaelkartea\/","https:\/\/www.youtube.com\/channel\/UCYG_UH_Rv-34wbmS8nQ7mpg"]},{"@type":"Person","@id":"http:\/\/musikaliaelkartea.eus\/es\/#\/schema\/person\/14029d72e7fe33dcc3b5b67080703aab","name":"Musikalia","image":{"@type":"ImageObject","inLanguage":"es","@id":"https:\/\/secure.gravatar.com\/avatar\/4cedd4863d0dc30f70d9375282b4f70545dbeb2a5fec482325b3b89efe2dd5e3?s=96&d=mm&r=g","url":"https:\/\/secure.gravatar.com\/avatar\/4cedd4863d0dc30f70d9375282b4f70545dbeb2a5fec482325b3b89efe2dd5e3?s=96&d=mm&r=g","contentUrl":"https:\/\/secure.gravatar.com\/avatar\/4cedd4863d0dc30f70d9375282b4f70545dbeb2a5fec482325b3b89efe2dd5e3?s=96&d=mm&r=g","caption":"Musikalia"},"url":"http:\/\/musikaliaelkartea.eus\/es\/author\/musikalia\/"}]}},"jetpack_featured_media_url":"https:\/\/i0.wp.com\/musikaliaelkartea.eus\/wp-content\/uploads\/2021\/04\/irribanda.png?fit=820%2C312","jetpack_sharing_enabled":true,"jetpack_shortlink":"https:\/\/wp.me\/p8OhQz-UW","_links":{"self":[{"href":"http:\/\/musikaliaelkartea.eus\/es\/wp-json\/wp\/v2\/posts\/3530","targetHints":{"allow":["GET"]}}],"collection":[{"href":"http:\/\/musikaliaelkartea.eus\/es\/wp-json\/wp\/v2\/posts"}],"about":[{"href":"http:\/\/musikaliaelkartea.eus\/es\/wp-json\/wp\/v2\/types\/post"}],"author":[{"embeddable":true,"href":"http:\/\/musikaliaelkartea.eus\/es\/wp-json\/wp\/v2\/users\/2"}],"replies":[{"embeddable":true,"href":"http:\/\/musikaliaelkartea.eus\/es\/wp-json\/wp\/v2\/comments?post=3530"}],"version-history":[{"count":13,"href":"http:\/\/musikaliaelkartea.eus\/es\/wp-json\/wp\/v2\/posts\/3530\/revisions"}],"predecessor-version":[{"id":3549,"href":"http:\/\/musikaliaelkartea.eus\/es\/wp-json\/wp\/v2\/posts\/3530\/revisions\/3549"}],"wp:featuredmedia":[{"embeddable":true,"href":"http:\/\/musikaliaelkartea.eus\/es\/wp-json\/wp\/v2\/media\/3533"}],"wp:attachment":[{"href":"http:\/\/musikaliaelkartea.eus\/es\/wp-json\/wp\/v2\/media?parent=3530"}],"wp:term":[{"taxonomy":"category","embeddable":true,"href":"http:\/\/musikaliaelkartea.eus\/es\/wp-json\/wp\/v2\/categories?post=3530"},{"taxonomy":"post_tag","embeddable":true,"href":"http:\/\/musikaliaelkartea.eus\/es\/wp-json\/wp\/v2\/tags?post=3530"}],"curies":[{"name":"wp","href":"https:\/\/api.w.org\/{rel}","templated":true}]}}