{"id":347,"date":"2017-04-07T10:42:32","date_gmt":"2017-04-07T10:42:32","guid":{"rendered":"http:\/\/musikaliaelkartea.eus\/?p=347"},"modified":"2017-10-12T09:59:34","modified_gmt":"2017-10-12T09:59:34","slug":"musikalia-ere-korrikaren-alde","status":"publish","type":"post","link":"http:\/\/musikaliaelkartea.eus\/es\/2017\/04\/07\/musikalia-ere-korrikaren-alde\/","title":{"rendered":"Musikalia ere Korrikaren alde!!"},"content":{"rendered":"<p>Nervios, ganas e ilusi\u00f3n, son las palabras que describ\u00edan el sentir de los que la pasada madrugada nos juntamos para correr en favor de nuestra lengua.<\/p>\n<p><img data-recalc-dims=\"1\" decoding=\"async\" data-attachment-id=\"348\" data-permalink=\"http:\/\/musikaliaelkartea.eus\/es\/2017\/04\/07\/musikalia-ere-korrikaren-alde\/korrika1\/\" data-orig-file=\"https:\/\/i0.wp.com\/musikaliaelkartea.eus\/wp-content\/uploads\/2017\/06\/korrika1.jpg?fit=500%2C333\" data-orig-size=\"500,333\" data-comments-opened=\"1\" data-image-meta=\"{&quot;aperture&quot;:&quot;0&quot;,&quot;credit&quot;:&quot;&quot;,&quot;camera&quot;:&quot;&quot;,&quot;caption&quot;:&quot;&quot;,&quot;created_timestamp&quot;:&quot;0&quot;,&quot;copyright&quot;:&quot;&quot;,&quot;focal_length&quot;:&quot;0&quot;,&quot;iso&quot;:&quot;0&quot;,&quot;shutter_speed&quot;:&quot;0&quot;,&quot;title&quot;:&quot;&quot;,&quot;orientation&quot;:&quot;0&quot;}\" data-image-title=\"korrika1\" data-image-description=\"\" data-image-caption=\"\" data-large-file=\"https:\/\/i0.wp.com\/musikaliaelkartea.eus\/wp-content\/uploads\/2017\/06\/korrika1.jpg?fit=500%2C333\" class=\"wp-image-348 size-medium alignleft\" src=\"https:\/\/i0.wp.com\/musikaliaelkartea.eus\/wp-content\/uploads\/2017\/06\/korrika1.jpg?resize=300%2C200\" alt=\"korrika1\" width=\"300\" height=\"200\" srcset=\"https:\/\/i0.wp.com\/musikaliaelkartea.eus\/wp-content\/uploads\/2017\/06\/korrika1.jpg?resize=300%2C200 300w, https:\/\/i0.wp.com\/musikaliaelkartea.eus\/wp-content\/uploads\/2017\/06\/korrika1.jpg?resize=450%2C300 450w, https:\/\/i0.wp.com\/musikaliaelkartea.eus\/wp-content\/uploads\/2017\/06\/korrika1.jpg?w=500 500w\" sizes=\"(max-width: 300px) 100vw, 300px\" \/>Aunque la hora no acompa\u00f1aba, m\u00e1s de 10 miembros de Musikalia estuvimos representando a nuestra asociaci\u00f3n en el KM 1639. Eran m\u00e1s de las 3 de la ma\u00f1ana cuando vimos a lo lejos de la calle la furgoneta con luces y m\u00fasica acompa\u00f1ada de un ambiente festivo, no era para menos: la KORRIKA estaba pasando por nuestro municipio.<\/p>\n<p>Con ilusi\u00f3n, Asier recogi\u00f3 el Lekuko de la mano de los representantes de la Comisi\u00f3n de Fiestas de Romo y recorrimos nuestro medio Km pasando por la Escuela de M\u00fasica de Andres Isasi, el Puente Colgante y atravesando la Calle Mayor de Las Arenas, donde entregamos el Testigo a los miembros del grupo de baile de Sasi-Eskola.<\/p>\n<p>Una experiencia muy bonita, ya que durante los 500m que nos correspond\u00edan el Lekuko fue cambiando de manos entre todos los miembros de Musikalia que nos juntamos para vivir este momento tan especial.<\/p>\n<p>Musikalia ere Korrikaren alde!!<img data-recalc-dims=\"1\" decoding=\"async\" data-attachment-id=\"349\" data-permalink=\"http:\/\/musikaliaelkartea.eus\/es\/2017\/04\/07\/musikalia-ere-korrikaren-alde\/korrika4\/\" data-orig-file=\"https:\/\/i0.wp.com\/musikaliaelkartea.eus\/wp-content\/uploads\/2017\/06\/korrika4.jpg?fit=500%2C375\" data-orig-size=\"500,375\" data-comments-opened=\"1\" data-image-meta=\"{&quot;aperture&quot;:&quot;0&quot;,&quot;credit&quot;:&quot;&quot;,&quot;camera&quot;:&quot;&quot;,&quot;caption&quot;:&quot;&quot;,&quot;created_timestamp&quot;:&quot;0&quot;,&quot;copyright&quot;:&quot;&quot;,&quot;focal_length&quot;:&quot;0&quot;,&quot;iso&quot;:&quot;0&quot;,&quot;shutter_speed&quot;:&quot;0&quot;,&quot;title&quot;:&quot;&quot;,&quot;orientation&quot;:&quot;0&quot;}\" data-image-title=\"korrika4\" data-image-description=\"\" data-image-caption=\"\" data-large-file=\"https:\/\/i0.wp.com\/musikaliaelkartea.eus\/wp-content\/uploads\/2017\/06\/korrika4.jpg?fit=500%2C375\" class=\"size-full wp-image-349 aligncenter\" src=\"https:\/\/i0.wp.com\/musikaliaelkartea.eus\/wp-content\/uploads\/2017\/06\/korrika4.jpg?resize=500%2C375\" alt=\"korrika4\" width=\"500\" height=\"375\" srcset=\"https:\/\/i0.wp.com\/musikaliaelkartea.eus\/wp-content\/uploads\/2017\/06\/korrika4.jpg?w=500 500w, https:\/\/i0.wp.com\/musikaliaelkartea.eus\/wp-content\/uploads\/2017\/06\/korrika4.jpg?resize=300%2C225 300w, https:\/\/i0.wp.com\/musikaliaelkartea.eus\/wp-content\/uploads\/2017\/06\/korrika4.jpg?resize=400%2C300 400w\" sizes=\"(max-width: 500px) 100vw, 500px\" \/><\/p>","protected":false},"excerpt":{"rendered":"<p>Nervios, ganas e ilusi\u00f3n, son las palabras que describ\u00edan el sentir de los que la pasada madrugada nos juntamos para correr en favor de nuestra<a href=\"http:\/\/musikaliaelkartea.eus\/es\/2017\/04\/07\/musikalia-ere-korrikaren-alde\/\" class=\"more-link\">View More<\/a><\/p>\n","protected":false},"author":1,"featured_media":348,"comment_status":"closed","ping_status":"open","sticky":false,"template":"","format":"standard","meta":{"jetpack_post_was_ever_published":false,"_jetpack_newsletter_access":"","_jetpack_dont_email_post_to_subs":false,"_jetpack_newsletter_tier_id":0,"_jetpack_memberships_contains_paywalled_content":false,"_jetpack_memberships_contains_paid_content":false,"footnotes":""},"categories":[1],"tags":[3,9],"class_list":["post-347","post","type-post","status-publish","format-standard","has-post-thumbnail","hentry","category-uncategorized","tag-euskara","tag-korrika"],"yoast_head":"<!-- This site is optimized with the Yoast SEO plugin v27.4 - https:\/\/yoast.com\/product\/yoast-seo-wordpress\/ -->\n<title>Musikalia ere Korrikaren alde!! - Musikalia Elkartea<\/title>\n<meta name=\"robots\" content=\"index, follow, max-snippet:-1, max-image-preview:large, max-video-preview:-1\" \/>\n<link rel=\"canonical\" href=\"http:\/\/musikaliaelkartea.eus\/es\/2017\/04\/07\/musikalia-ere-korrikaren-alde\/\" \/>\n<meta property=\"og:locale\" content=\"es_ES\" \/>\n<meta property=\"og:type\" content=\"article\" \/>\n<meta property=\"og:title\" content=\"Musikalia ere Korrikaren alde!! - Musikalia Elkartea\" \/>\n<meta property=\"og:description\" content=\"Nervios, ganas e ilusi\u00f3n, son las palabras que describ\u00edan el sentir de los que la pasada madrugada nos juntamos para correr en favor de nuestraView More\" \/>\n<meta property=\"og:url\" content=\"http:\/\/musikaliaelkartea.eus\/es\/2017\/04\/07\/musikalia-ere-korrikaren-alde\/\" \/>\n<meta property=\"og:site_name\" content=\"Musikalia Elkartea\" \/>\n<meta property=\"article:publisher\" content=\"https:\/\/www.facebook.com\/musikaliaelkartea\" \/>\n<meta property=\"article:published_time\" content=\"2017-04-07T10:42:32+00:00\" \/>\n<meta property=\"article:modified_time\" content=\"2017-10-12T09:59:34+00:00\" \/>\n<meta property=\"og:image\" content=\"https:\/\/i0.wp.com\/musikaliaelkartea.eus\/wp-content\/uploads\/2017\/06\/korrika1.jpg?fit=500%2C333\" \/>\n\t<meta property=\"og:image:width\" content=\"500\" \/>\n\t<meta property=\"og:image:height\" content=\"333\" \/>\n\t<meta property=\"og:image:type\" content=\"image\/jpeg\" \/>\n<meta name=\"author\" content=\"admin\" \/>\n<meta name=\"twitter:card\" content=\"summary_large_image\" \/>\n<meta name=\"twitter:label1\" content=\"Escrito por\" \/>\n\t<meta name=\"twitter:data1\" content=\"admin\" \/>\n\t<meta name=\"twitter:label2\" content=\"Tiempo de lectura\" \/>\n\t<meta name=\"twitter:data2\" content=\"2 minutos\" \/>\n<script type=\"application\/ld+json\" class=\"yoast-schema-graph\">{\"@context\":\"https:\\\/\\\/schema.org\",\"@graph\":[{\"@type\":\"Article\",\"@id\":\"http:\\\/\\\/musikaliaelkartea.eus\\\/es\\\/2017\\\/04\\\/07\\\/musikalia-ere-korrikaren-alde\\\/#article\",\"isPartOf\":{\"@id\":\"http:\\\/\\\/musikaliaelkartea.eus\\\/es\\\/2017\\\/04\\\/07\\\/musikalia-ere-korrikaren-alde\\\/\"},\"author\":{\"name\":\"admin\",\"@id\":\"https:\\\/\\\/musikaliaelkartea.eus\\\/es\\\/#\\\/schema\\\/person\\\/83f4e89e47194300d20a42d314de9e57\"},\"headline\":\"Musikalia ere Korrikaren alde!!\",\"datePublished\":\"2017-04-07T10:42:32+00:00\",\"dateModified\":\"2017-10-12T09:59:34+00:00\",\"mainEntityOfPage\":{\"@id\":\"http:\\\/\\\/musikaliaelkartea.eus\\\/es\\\/2017\\\/04\\\/07\\\/musikalia-ere-korrikaren-alde\\\/\"},\"wordCount\":320,\"publisher\":{\"@id\":\"https:\\\/\\\/musikaliaelkartea.eus\\\/es\\\/#organization\"},\"image\":{\"@id\":\"http:\\\/\\\/musikaliaelkartea.eus\\\/es\\\/2017\\\/04\\\/07\\\/musikalia-ere-korrikaren-alde\\\/#primaryimage\"},\"thumbnailUrl\":\"https:\\\/\\\/i0.wp.com\\\/musikaliaelkartea.eus\\\/wp-content\\\/uploads\\\/2017\\\/06\\\/korrika1.jpg?fit=500%2C333\",\"keywords\":[\"Euskara\",\"korrika\"],\"articleSection\":[\"Uncategorized\"],\"inLanguage\":\"es\"},{\"@type\":\"WebPage\",\"@id\":\"http:\\\/\\\/musikaliaelkartea.eus\\\/es\\\/2017\\\/04\\\/07\\\/musikalia-ere-korrikaren-alde\\\/\",\"url\":\"http:\\\/\\\/musikaliaelkartea.eus\\\/es\\\/2017\\\/04\\\/07\\\/musikalia-ere-korrikaren-alde\\\/\",\"name\":\"Musikalia ere Korrikaren alde!! - Musikalia Elkartea\",\"isPartOf\":{\"@id\":\"https:\\\/\\\/musikaliaelkartea.eus\\\/es\\\/#website\"},\"primaryImageOfPage\":{\"@id\":\"http:\\\/\\\/musikaliaelkartea.eus\\\/es\\\/2017\\\/04\\\/07\\\/musikalia-ere-korrikaren-alde\\\/#primaryimage\"},\"image\":{\"@id\":\"http:\\\/\\\/musikaliaelkartea.eus\\\/es\\\/2017\\\/04\\\/07\\\/musikalia-ere-korrikaren-alde\\\/#primaryimage\"},\"thumbnailUrl\":\"https:\\\/\\\/i0.wp.com\\\/musikaliaelkartea.eus\\\/wp-content\\\/uploads\\\/2017\\\/06\\\/korrika1.jpg?fit=500%2C333\",\"datePublished\":\"2017-04-07T10:42:32+00:00\",\"dateModified\":\"2017-10-12T09:59:34+00:00\",\"breadcrumb\":{\"@id\":\"http:\\\/\\\/musikaliaelkartea.eus\\\/es\\\/2017\\\/04\\\/07\\\/musikalia-ere-korrikaren-alde\\\/#breadcrumb\"},\"inLanguage\":\"es\",\"potentialAction\":[{\"@type\":\"ReadAction\",\"target\":[\"http:\\\/\\\/musikaliaelkartea.eus\\\/es\\\/2017\\\/04\\\/07\\\/musikalia-ere-korrikaren-alde\\\/\"]}]},{\"@type\":\"ImageObject\",\"inLanguage\":\"es\",\"@id\":\"http:\\\/\\\/musikaliaelkartea.eus\\\/es\\\/2017\\\/04\\\/07\\\/musikalia-ere-korrikaren-alde\\\/#primaryimage\",\"url\":\"https:\\\/\\\/i0.wp.com\\\/musikaliaelkartea.eus\\\/wp-content\\\/uploads\\\/2017\\\/06\\\/korrika1.jpg?fit=500%2C333\",\"contentUrl\":\"https:\\\/\\\/i0.wp.com\\\/musikaliaelkartea.eus\\\/wp-content\\\/uploads\\\/2017\\\/06\\\/korrika1.jpg?fit=500%2C333\",\"width\":500,\"height\":333,\"caption\":\"korrika1\"},{\"@type\":\"BreadcrumbList\",\"@id\":\"http:\\\/\\\/musikaliaelkartea.eus\\\/es\\\/2017\\\/04\\\/07\\\/musikalia-ere-korrikaren-alde\\\/#breadcrumb\",\"itemListElement\":[{\"@type\":\"ListItem\",\"position\":1,\"name\":\"Home\",\"item\":\"https:\\\/\\\/musikaliaelkartea.eus\\\/es\\\/\"},{\"@type\":\"ListItem\",\"position\":2,\"name\":\"Musikalia ere Korrikaren alde!!\"}]},{\"@type\":\"WebSite\",\"@id\":\"https:\\\/\\\/musikaliaelkartea.eus\\\/es\\\/#website\",\"url\":\"https:\\\/\\\/musikaliaelkartea.eus\\\/es\\\/\",\"name\":\"Musikalia Elkartea\",\"description\":\"\",\"publisher\":{\"@id\":\"https:\\\/\\\/musikaliaelkartea.eus\\\/es\\\/#organization\"},\"potentialAction\":[{\"@type\":\"SearchAction\",\"target\":{\"@type\":\"EntryPoint\",\"urlTemplate\":\"https:\\\/\\\/musikaliaelkartea.eus\\\/es\\\/?s={search_term_string}\"},\"query-input\":{\"@type\":\"PropertyValueSpecification\",\"valueRequired\":true,\"valueName\":\"search_term_string\"}}],\"inLanguage\":\"es\"},{\"@type\":\"Organization\",\"@id\":\"https:\\\/\\\/musikaliaelkartea.eus\\\/es\\\/#organization\",\"name\":\"Getxoko Andres Isasi Musikalia Elkartea\",\"url\":\"https:\\\/\\\/musikaliaelkartea.eus\\\/es\\\/\",\"logo\":{\"@type\":\"ImageObject\",\"inLanguage\":\"es\",\"@id\":\"https:\\\/\\\/musikaliaelkartea.eus\\\/es\\\/#\\\/schema\\\/logo\\\/image\\\/\",\"url\":\"https:\\\/\\\/i0.wp.com\\\/musikaliaelkartea.eus\\\/wp-content\\\/uploads\\\/2025\\\/03\\\/cropped-MUSIKALIA-LOGO-LARGO.png?fit=5455%2C1928\",\"contentUrl\":\"https:\\\/\\\/i0.wp.com\\\/musikaliaelkartea.eus\\\/wp-content\\\/uploads\\\/2025\\\/03\\\/cropped-MUSIKALIA-LOGO-LARGO.png?fit=5455%2C1928\",\"width\":5455,\"height\":1928,\"caption\":\"Getxoko Andres Isasi Musikalia Elkartea\"},\"image\":{\"@id\":\"https:\\\/\\\/musikaliaelkartea.eus\\\/es\\\/#\\\/schema\\\/logo\\\/image\\\/\"},\"sameAs\":[\"https:\\\/\\\/www.facebook.com\\\/musikaliaelkartea\",\"https:\\\/\\\/www.instagram.com\\\/musikaliaelkartea\\\/\",\"https:\\\/\\\/www.youtube.com\\\/channel\\\/UCYG_UH_Rv-34wbmS8nQ7mpg\"]},{\"@type\":\"Person\",\"@id\":\"https:\\\/\\\/musikaliaelkartea.eus\\\/es\\\/#\\\/schema\\\/person\\\/83f4e89e47194300d20a42d314de9e57\",\"name\":\"admin\",\"image\":{\"@type\":\"ImageObject\",\"inLanguage\":\"es\",\"@id\":\"https:\\\/\\\/secure.gravatar.com\\\/avatar\\\/15c1142fe4ffaf0416ede19e056ec705eab3a0077bf155c88eea63b5977c525f?s=96&d=mm&r=g\",\"url\":\"https:\\\/\\\/secure.gravatar.com\\\/avatar\\\/15c1142fe4ffaf0416ede19e056ec705eab3a0077bf155c88eea63b5977c525f?s=96&d=mm&r=g\",\"contentUrl\":\"https:\\\/\\\/secure.gravatar.com\\\/avatar\\\/15c1142fe4ffaf0416ede19e056ec705eab3a0077bf155c88eea63b5977c525f?s=96&d=mm&r=g\",\"caption\":\"admin\"},\"url\":\"http:\\\/\\\/musikaliaelkartea.eus\\\/es\\\/author\\\/admin\\\/\"}]}<\/script>\n<!-- \/ Yoast SEO plugin. -->","yoast_head_json":{"title":"Musikalia ere Korrikaren alde!! - Musikalia Elkartea","robots":{"index":"index","follow":"follow","max-snippet":"max-snippet:-1","max-image-preview":"max-image-preview:large","max-video-preview":"max-video-preview:-1"},"canonical":"http:\/\/musikaliaelkartea.eus\/es\/2017\/04\/07\/musikalia-ere-korrikaren-alde\/","og_locale":"es_ES","og_type":"article","og_title":"Musikalia ere Korrikaren alde!! - Musikalia Elkartea","og_description":"Nervios, ganas e ilusi\u00f3n, son las palabras que describ\u00edan el sentir de los que la pasada madrugada nos juntamos para correr en favor de nuestraView More","og_url":"http:\/\/musikaliaelkartea.eus\/es\/2017\/04\/07\/musikalia-ere-korrikaren-alde\/","og_site_name":"Musikalia Elkartea","article_publisher":"https:\/\/www.facebook.com\/musikaliaelkartea","article_published_time":"2017-04-07T10:42:32+00:00","article_modified_time":"2017-10-12T09:59:34+00:00","og_image":[{"width":500,"height":333,"url":"https:\/\/i0.wp.com\/musikaliaelkartea.eus\/wp-content\/uploads\/2017\/06\/korrika1.jpg?fit=500%2C333","type":"image\/jpeg"}],"author":"admin","twitter_card":"summary_large_image","twitter_misc":{"Escrito por":"admin","Tiempo de lectura":"2 minutos"},"schema":{"@context":"https:\/\/schema.org","@graph":[{"@type":"Article","@id":"http:\/\/musikaliaelkartea.eus\/es\/2017\/04\/07\/musikalia-ere-korrikaren-alde\/#article","isPartOf":{"@id":"http:\/\/musikaliaelkartea.eus\/es\/2017\/04\/07\/musikalia-ere-korrikaren-alde\/"},"author":{"name":"admin","@id":"https:\/\/musikaliaelkartea.eus\/es\/#\/schema\/person\/83f4e89e47194300d20a42d314de9e57"},"headline":"Musikalia ere Korrikaren alde!!","datePublished":"2017-04-07T10:42:32+00:00","dateModified":"2017-10-12T09:59:34+00:00","mainEntityOfPage":{"@id":"http:\/\/musikaliaelkartea.eus\/es\/2017\/04\/07\/musikalia-ere-korrikaren-alde\/"},"wordCount":320,"publisher":{"@id":"https:\/\/musikaliaelkartea.eus\/es\/#organization"},"image":{"@id":"http:\/\/musikaliaelkartea.eus\/es\/2017\/04\/07\/musikalia-ere-korrikaren-alde\/#primaryimage"},"thumbnailUrl":"https:\/\/i0.wp.com\/musikaliaelkartea.eus\/wp-content\/uploads\/2017\/06\/korrika1.jpg?fit=500%2C333","keywords":["Euskara","korrika"],"articleSection":["Uncategorized"],"inLanguage":"es"},{"@type":"WebPage","@id":"http:\/\/musikaliaelkartea.eus\/es\/2017\/04\/07\/musikalia-ere-korrikaren-alde\/","url":"http:\/\/musikaliaelkartea.eus\/es\/2017\/04\/07\/musikalia-ere-korrikaren-alde\/","name":"Musikalia ere Korrikaren alde!! - Musikalia Elkartea","isPartOf":{"@id":"https:\/\/musikaliaelkartea.eus\/es\/#website"},"primaryImageOfPage":{"@id":"http:\/\/musikaliaelkartea.eus\/es\/2017\/04\/07\/musikalia-ere-korrikaren-alde\/#primaryimage"},"image":{"@id":"http:\/\/musikaliaelkartea.eus\/es\/2017\/04\/07\/musikalia-ere-korrikaren-alde\/#primaryimage"},"thumbnailUrl":"https:\/\/i0.wp.com\/musikaliaelkartea.eus\/wp-content\/uploads\/2017\/06\/korrika1.jpg?fit=500%2C333","datePublished":"2017-04-07T10:42:32+00:00","dateModified":"2017-10-12T09:59:34+00:00","breadcrumb":{"@id":"http:\/\/musikaliaelkartea.eus\/es\/2017\/04\/07\/musikalia-ere-korrikaren-alde\/#breadcrumb"},"inLanguage":"es","potentialAction":[{"@type":"ReadAction","target":["http:\/\/musikaliaelkartea.eus\/es\/2017\/04\/07\/musikalia-ere-korrikaren-alde\/"]}]},{"@type":"ImageObject","inLanguage":"es","@id":"http:\/\/musikaliaelkartea.eus\/es\/2017\/04\/07\/musikalia-ere-korrikaren-alde\/#primaryimage","url":"https:\/\/i0.wp.com\/musikaliaelkartea.eus\/wp-content\/uploads\/2017\/06\/korrika1.jpg?fit=500%2C333","contentUrl":"https:\/\/i0.wp.com\/musikaliaelkartea.eus\/wp-content\/uploads\/2017\/06\/korrika1.jpg?fit=500%2C333","width":500,"height":333,"caption":"korrika1"},{"@type":"BreadcrumbList","@id":"http:\/\/musikaliaelkartea.eus\/es\/2017\/04\/07\/musikalia-ere-korrikaren-alde\/#breadcrumb","itemListElement":[{"@type":"ListItem","position":1,"name":"Home","item":"https:\/\/musikaliaelkartea.eus\/es\/"},{"@type":"ListItem","position":2,"name":"Musikalia ere Korrikaren alde!!"}]},{"@type":"WebSite","@id":"https:\/\/musikaliaelkartea.eus\/es\/#website","url":"https:\/\/musikaliaelkartea.eus\/es\/","name":"Musikalia Elkartea","description":"","publisher":{"@id":"https:\/\/musikaliaelkartea.eus\/es\/#organization"},"potentialAction":[{"@type":"SearchAction","target":{"@type":"EntryPoint","urlTemplate":"https:\/\/musikaliaelkartea.eus\/es\/?s={search_term_string}"},"query-input":{"@type":"PropertyValueSpecification","valueRequired":true,"valueName":"search_term_string"}}],"inLanguage":"es"},{"@type":"Organization","@id":"https:\/\/musikaliaelkartea.eus\/es\/#organization","name":"Getxoko Andres Isasi Musikalia Elkartea","url":"https:\/\/musikaliaelkartea.eus\/es\/","logo":{"@type":"ImageObject","inLanguage":"es","@id":"https:\/\/musikaliaelkartea.eus\/es\/#\/schema\/logo\/image\/","url":"https:\/\/i0.wp.com\/musikaliaelkartea.eus\/wp-content\/uploads\/2025\/03\/cropped-MUSIKALIA-LOGO-LARGO.png?fit=5455%2C1928","contentUrl":"https:\/\/i0.wp.com\/musikaliaelkartea.eus\/wp-content\/uploads\/2025\/03\/cropped-MUSIKALIA-LOGO-LARGO.png?fit=5455%2C1928","width":5455,"height":1928,"caption":"Getxoko Andres Isasi Musikalia Elkartea"},"image":{"@id":"https:\/\/musikaliaelkartea.eus\/es\/#\/schema\/logo\/image\/"},"sameAs":["https:\/\/www.facebook.com\/musikaliaelkartea","https:\/\/www.instagram.com\/musikaliaelkartea\/","https:\/\/www.youtube.com\/channel\/UCYG_UH_Rv-34wbmS8nQ7mpg"]},{"@type":"Person","@id":"https:\/\/musikaliaelkartea.eus\/es\/#\/schema\/person\/83f4e89e47194300d20a42d314de9e57","name":"admin","image":{"@type":"ImageObject","inLanguage":"es","@id":"https:\/\/secure.gravatar.com\/avatar\/15c1142fe4ffaf0416ede19e056ec705eab3a0077bf155c88eea63b5977c525f?s=96&d=mm&r=g","url":"https:\/\/secure.gravatar.com\/avatar\/15c1142fe4ffaf0416ede19e056ec705eab3a0077bf155c88eea63b5977c525f?s=96&d=mm&r=g","contentUrl":"https:\/\/secure.gravatar.com\/avatar\/15c1142fe4ffaf0416ede19e056ec705eab3a0077bf155c88eea63b5977c525f?s=96&d=mm&r=g","caption":"admin"},"url":"http:\/\/musikaliaelkartea.eus\/es\/author\/admin\/"}]}},"jetpack_featured_media_url":"https:\/\/i0.wp.com\/musikaliaelkartea.eus\/wp-content\/uploads\/2017\/06\/korrika1.jpg?fit=500%2C333","jetpack_sharing_enabled":true,"jetpack_shortlink":"https:\/\/wp.me\/p8OhQz-5B","_links":{"self":[{"href":"http:\/\/musikaliaelkartea.eus\/es\/wp-json\/wp\/v2\/posts\/347","targetHints":{"allow":["GET"]}}],"collection":[{"href":"http:\/\/musikaliaelkartea.eus\/es\/wp-json\/wp\/v2\/posts"}],"about":[{"href":"http:\/\/musikaliaelkartea.eus\/es\/wp-json\/wp\/v2\/types\/post"}],"author":[{"embeddable":true,"href":"http:\/\/musikaliaelkartea.eus\/es\/wp-json\/wp\/v2\/users\/1"}],"replies":[{"embeddable":true,"href":"http:\/\/musikaliaelkartea.eus\/es\/wp-json\/wp\/v2\/comments?post=347"}],"version-history":[{"count":1,"href":"http:\/\/musikaliaelkartea.eus\/es\/wp-json\/wp\/v2\/posts\/347\/revisions"}],"predecessor-version":[{"id":350,"href":"http:\/\/musikaliaelkartea.eus\/es\/wp-json\/wp\/v2\/posts\/347\/revisions\/350"}],"wp:featuredmedia":[{"embeddable":true,"href":"http:\/\/musikaliaelkartea.eus\/es\/wp-json\/wp\/v2\/media\/348"}],"wp:attachment":[{"href":"http:\/\/musikaliaelkartea.eus\/es\/wp-json\/wp\/v2\/media?parent=347"}],"wp:term":[{"taxonomy":"category","embeddable":true,"href":"http:\/\/musikaliaelkartea.eus\/es\/wp-json\/wp\/v2\/categories?post=347"},{"taxonomy":"post_tag","embeddable":true,"href":"http:\/\/musikaliaelkartea.eus\/es\/wp-json\/wp\/v2\/tags?post=347"}],"curies":[{"name":"wp","href":"https:\/\/api.w.org\/{rel}","templated":true}]}}