{"id":3420,"date":"2020-10-03T15:40:29","date_gmt":"2020-10-03T15:40:29","guid":{"rendered":"http:\/\/musikaliaelkartea.eus\/?p=3420"},"modified":"2020-10-03T15:41:00","modified_gmt":"2020-10-03T15:41:00","slug":"bi-taldetan-hasi-beharko-dugu-denboraldia","status":"publish","type":"post","link":"http:\/\/musikaliaelkartea.eus\/es\/2020\/10\/03\/bi-taldetan-hasi-beharko-dugu-denboraldia\/","title":{"rendered":"Tendremos que empezar la temporada en dos grupos"},"content":{"rendered":"<p><img data-recalc-dims=\"1\" fetchpriority=\"high\" decoding=\"async\" data-attachment-id=\"3421\" data-permalink=\"http:\/\/musikaliaelkartea.eus\/es\/2020\/10\/03\/bi-taldetan-hasi-beharko-dugu-denboraldia\/img_0384\/\" data-orig-file=\"https:\/\/i0.wp.com\/musikaliaelkartea.eus\/wp-content\/uploads\/2020\/10\/IMG_0384-scaled.jpeg?fit=2560%2C1920\" data-orig-size=\"2560,1920\" data-comments-opened=\"0\" data-image-meta=\"{&quot;aperture&quot;:&quot;1.8&quot;,&quot;credit&quot;:&quot;&quot;,&quot;camera&quot;:&quot;iPhone 11 Pro&quot;,&quot;caption&quot;:&quot;&quot;,&quot;created_timestamp&quot;:&quot;1601662466&quot;,&quot;copyright&quot;:&quot;&quot;,&quot;focal_length&quot;:&quot;4.25&quot;,&quot;iso&quot;:&quot;125&quot;,&quot;shutter_speed&quot;:&quot;0.011111111111111&quot;,&quot;title&quot;:&quot;&quot;,&quot;orientation&quot;:&quot;1&quot;}\" data-image-title=\"IMG_0384\" data-image-description=\"\" data-image-caption=\"\" data-large-file=\"https:\/\/i0.wp.com\/musikaliaelkartea.eus\/wp-content\/uploads\/2020\/10\/IMG_0384-scaled.jpeg?fit=1024%2C768\" class=\"size-medium wp-image-3421 alignright\" src=\"https:\/\/i0.wp.com\/musikaliaelkartea.eus\/wp-content\/uploads\/2020\/10\/IMG_0384.jpeg?resize=300%2C225\" alt=\"\" width=\"300\" height=\"225\" srcset=\"https:\/\/i0.wp.com\/musikaliaelkartea.eus\/wp-content\/uploads\/2020\/10\/IMG_0384-scaled.jpeg?resize=300%2C225 300w, https:\/\/i0.wp.com\/musikaliaelkartea.eus\/wp-content\/uploads\/2020\/10\/IMG_0384-scaled.jpeg?resize=1024%2C768 1024w, https:\/\/i0.wp.com\/musikaliaelkartea.eus\/wp-content\/uploads\/2020\/10\/IMG_0384-scaled.jpeg?resize=768%2C576 768w, https:\/\/i0.wp.com\/musikaliaelkartea.eus\/wp-content\/uploads\/2020\/10\/IMG_0384-scaled.jpeg?resize=1536%2C1152 1536w, https:\/\/i0.wp.com\/musikaliaelkartea.eus\/wp-content\/uploads\/2020\/10\/IMG_0384-scaled.jpeg?resize=2048%2C1536 2048w, https:\/\/i0.wp.com\/musikaliaelkartea.eus\/wp-content\/uploads\/2020\/10\/IMG_0384-scaled.jpeg?resize=400%2C300 400w\" sizes=\"(max-width: 300px) 100vw, 300px\" \/>\u00a1Por fin estamos en marcha! Despu\u00e9s de 7 meses y una larga espera volvemos a estar aqu\u00ed. Nuestra \u00faltima actuaci\u00f3n la realizamos en los carnavales de Algorta, el \u00fanico del a\u00f1o. El 6 de marzo realizamos nuestro \u00faltimo ensayo y desde entonces no hemos tenido ocasi\u00f3n de juntarnos. Hemos echado de menos la m\u00fasica y\u00a0 los amigos y ha sido especial volver a vernos.<\/p>\n<p>Cuando comenz\u00f3 el confinamiento, empezamos a sumergirnos en el proyecto \u00abSorotan Bele Gogoan\u00bb; hicimos las primeras lecturas de canciones, trabaj\u00e1bamos diferentes pasajes&#8230; pero tuvimos que parar ese trabajo. El 30 de mayo ten\u00edamos previsto el primer concierto de la gira en el front\u00f3n de Larrabetzu. Se vendieron un mont\u00f3n de entradas, pero lo que en principio era para unos meses seguimos padeciendo hoy en d\u00eda: los quebraderos de cabeza creados por el covid-19.<\/p>\n<p><img data-recalc-dims=\"1\" decoding=\"async\" data-attachment-id=\"3423\" data-permalink=\"http:\/\/musikaliaelkartea.eus\/es\/2020\/10\/03\/bi-taldetan-hasi-beharko-dugu-denboraldia\/img_0379\/\" data-orig-file=\"https:\/\/i0.wp.com\/musikaliaelkartea.eus\/wp-content\/uploads\/2020\/10\/IMG_0379-scaled.jpeg?fit=2560%2C1920\" data-orig-size=\"2560,1920\" data-comments-opened=\"0\" data-image-meta=\"{&quot;aperture&quot;:&quot;1.8&quot;,&quot;credit&quot;:&quot;&quot;,&quot;camera&quot;:&quot;iPhone 11 Pro&quot;,&quot;caption&quot;:&quot;&quot;,&quot;created_timestamp&quot;:&quot;1601661092&quot;,&quot;copyright&quot;:&quot;&quot;,&quot;focal_length&quot;:&quot;4.25&quot;,&quot;iso&quot;:&quot;160&quot;,&quot;shutter_speed&quot;:&quot;0.016666666666667&quot;,&quot;title&quot;:&quot;&quot;,&quot;orientation&quot;:&quot;1&quot;}\" data-image-title=\"IMG_0379\" data-image-description=\"\" data-image-caption=\"\" data-large-file=\"https:\/\/i0.wp.com\/musikaliaelkartea.eus\/wp-content\/uploads\/2020\/10\/IMG_0379-scaled.jpeg?fit=1024%2C768\" class=\"size-medium wp-image-3423 alignleft\" src=\"https:\/\/i0.wp.com\/musikaliaelkartea.eus\/wp-content\/uploads\/2020\/10\/IMG_0379.jpeg?resize=300%2C225\" alt=\"\" width=\"300\" height=\"225\" srcset=\"https:\/\/i0.wp.com\/musikaliaelkartea.eus\/wp-content\/uploads\/2020\/10\/IMG_0379-scaled.jpeg?resize=300%2C225 300w, https:\/\/i0.wp.com\/musikaliaelkartea.eus\/wp-content\/uploads\/2020\/10\/IMG_0379-scaled.jpeg?resize=1024%2C768 1024w, https:\/\/i0.wp.com\/musikaliaelkartea.eus\/wp-content\/uploads\/2020\/10\/IMG_0379-scaled.jpeg?resize=768%2C576 768w, https:\/\/i0.wp.com\/musikaliaelkartea.eus\/wp-content\/uploads\/2020\/10\/IMG_0379-scaled.jpeg?resize=1536%2C1152 1536w, https:\/\/i0.wp.com\/musikaliaelkartea.eus\/wp-content\/uploads\/2020\/10\/IMG_0379-scaled.jpeg?resize=2048%2C1536 2048w, https:\/\/i0.wp.com\/musikaliaelkartea.eus\/wp-content\/uploads\/2020\/10\/IMG_0379-scaled.jpeg?resize=400%2C300 400w\" sizes=\"(max-width: 300px) 100vw, 300px\" \/> <img data-recalc-dims=\"1\" decoding=\"async\" data-attachment-id=\"3422\" data-permalink=\"http:\/\/musikaliaelkartea.eus\/es\/2020\/10\/03\/bi-taldetan-hasi-beharko-dugu-denboraldia\/img_0380\/\" data-orig-file=\"https:\/\/i0.wp.com\/musikaliaelkartea.eus\/wp-content\/uploads\/2020\/10\/IMG_0380-scaled.jpeg?fit=2560%2C1920\" data-orig-size=\"2560,1920\" data-comments-opened=\"0\" data-image-meta=\"{&quot;aperture&quot;:&quot;1.8&quot;,&quot;credit&quot;:&quot;&quot;,&quot;camera&quot;:&quot;iPhone 11 Pro&quot;,&quot;caption&quot;:&quot;&quot;,&quot;created_timestamp&quot;:&quot;1601661109&quot;,&quot;copyright&quot;:&quot;&quot;,&quot;focal_length&quot;:&quot;4.25&quot;,&quot;iso&quot;:&quot;125&quot;,&quot;shutter_speed&quot;:&quot;0.016666666666667&quot;,&quot;title&quot;:&quot;&quot;,&quot;orientation&quot;:&quot;1&quot;}\" data-image-title=\"IMG_0380\" data-image-description=\"\" data-image-caption=\"\" data-large-file=\"https:\/\/i0.wp.com\/musikaliaelkartea.eus\/wp-content\/uploads\/2020\/10\/IMG_0380-scaled.jpeg?fit=1024%2C768\" class=\"size-medium wp-image-3422 alignright\" src=\"https:\/\/i0.wp.com\/musikaliaelkartea.eus\/wp-content\/uploads\/2020\/10\/IMG_0380.jpeg?resize=300%2C225\" alt=\"\" width=\"300\" height=\"225\" srcset=\"https:\/\/i0.wp.com\/musikaliaelkartea.eus\/wp-content\/uploads\/2020\/10\/IMG_0380-scaled.jpeg?resize=300%2C225 300w, https:\/\/i0.wp.com\/musikaliaelkartea.eus\/wp-content\/uploads\/2020\/10\/IMG_0380-scaled.jpeg?resize=1024%2C768 1024w, https:\/\/i0.wp.com\/musikaliaelkartea.eus\/wp-content\/uploads\/2020\/10\/IMG_0380-scaled.jpeg?resize=768%2C576 768w, https:\/\/i0.wp.com\/musikaliaelkartea.eus\/wp-content\/uploads\/2020\/10\/IMG_0380-scaled.jpeg?resize=1536%2C1152 1536w, https:\/\/i0.wp.com\/musikaliaelkartea.eus\/wp-content\/uploads\/2020\/10\/IMG_0380-scaled.jpeg?resize=2048%2C1536 2048w, https:\/\/i0.wp.com\/musikaliaelkartea.eus\/wp-content\/uploads\/2020\/10\/IMG_0380-scaled.jpeg?resize=400%2C300 400w\" sizes=\"(max-width: 300px) 100vw, 300px\" \/><\/p>\n<p>&nbsp;<\/p>\n<p>&nbsp;<\/p>\n<p>&nbsp;<\/p>\n<p>&nbsp;<\/p>\n<p>&nbsp;<\/p>\n<p>Con el mes de octubre la m\u00fasica ha vuelto a nuestras rutinas. La vuelta ha sido dif\u00edcil y la situaci\u00f3n sigue siendo cr\u00edtica. Hemos tenido que organizar la banda en dos grupos y tenemos problemas de espacio para ensayar . As\u00ed como\u00a0 para la realizaci\u00f3n de ensayos generales.<\/p>\n<p>En esta zona de la r\u00eda siempre hemos tenido la fama de ricos. \u00a1Y por supuesto! Somos ricos por nuestros movimientos vecinales,\u00a0 tejido asociativo, movimientos culturales. Y a pesar de este par\u00f3n por la pandemia, las asociaciones responderemos con m\u00e1s danza, m\u00fasica, canto y acrobacia.<\/p>\n<p>Ante esta situaci\u00f3n inusual, necesitamos m\u00e1s protecci\u00f3n que nunca y dar facilidades reales para utilizar espacios y recursos propios del pueblo. Es el momento de pasar de las palabras a los hechos, porque no podemos olvidar que somos las asociaciones el tesoro m\u00e1s preciado de este pueblo.<\/p>","protected":false},"excerpt":{"rendered":"<p>\u00a1Por fin estamos en marcha! Despu\u00e9s de 7 meses y una larga espera volvemos a estar aqu\u00ed. Nuestra \u00faltima actuaci\u00f3n la realizamos en los carnavales<a href=\"http:\/\/musikaliaelkartea.eus\/es\/2020\/10\/03\/bi-taldetan-hasi-beharko-dugu-denboraldia\/\" class=\"more-link\">View More<\/a><\/p>\n","protected":false},"author":2,"featured_media":3426,"comment_status":"closed","ping_status":"open","sticky":false,"template":"","format":"standard","meta":{"jetpack_post_was_ever_published":false,"_jetpack_newsletter_access":"","_jetpack_dont_email_post_to_subs":false,"_jetpack_newsletter_tier_id":0,"_jetpack_memberships_contains_paywalled_content":false,"_jetpack_memberships_contains_paid_content":false,"footnotes":""},"categories":[1],"tags":[],"class_list":["post-3420","post","type-post","status-publish","format-standard","has-post-thumbnail","hentry","category-uncategorized"],"yoast_head":"<!-- This site is optimized with the Yoast SEO plugin v27.4 - https:\/\/yoast.com\/product\/yoast-seo-wordpress\/ -->\n<title>Tendremos que empezar la temporada en dos grupos - Musikalia Elkartea<\/title>\n<meta name=\"robots\" content=\"index, follow, max-snippet:-1, max-image-preview:large, max-video-preview:-1\" \/>\n<link rel=\"canonical\" href=\"http:\/\/musikaliaelkartea.eus\/es\/2020\/10\/03\/bi-taldetan-hasi-beharko-dugu-denboraldia\/\" \/>\n<meta property=\"og:locale\" content=\"es_ES\" \/>\n<meta property=\"og:type\" content=\"article\" \/>\n<meta property=\"og:title\" content=\"[:eu]Bi taldetan hasi beharko dugu denboraldia[:es]Tendremos que empezar la temporada en dos grupos[:] - Musikalia Elkartea\" \/>\n<meta property=\"og:description\" content=\"\u00a1Por fin estamos en marcha! Despu\u00e9s de 7 meses y una larga espera volvemos a estar aqu\u00ed. Nuestra \u00faltima actuaci\u00f3n la realizamos en los carnavalesView More\" \/>\n<meta property=\"og:url\" content=\"http:\/\/musikaliaelkartea.eus\/es\/2020\/10\/03\/bi-taldetan-hasi-beharko-dugu-denboraldia\/\" \/>\n<meta property=\"og:site_name\" content=\"Musikalia Elkartea\" \/>\n<meta property=\"article:publisher\" content=\"https:\/\/www.facebook.com\/musikaliaelkartea\" \/>\n<meta property=\"article:published_time\" content=\"2020-10-03T15:40:29+00:00\" \/>\n<meta property=\"article:modified_time\" content=\"2020-10-03T15:41:00+00:00\" \/>\n<meta property=\"og:image\" content=\"https:\/\/i0.wp.com\/musikaliaelkartea.eus\/wp-content\/uploads\/2020\/10\/irribanda.png?fit=820%2C312\" \/>\n\t<meta property=\"og:image:width\" content=\"820\" \/>\n\t<meta property=\"og:image:height\" content=\"312\" \/>\n\t<meta property=\"og:image:type\" content=\"image\/png\" \/>\n<meta name=\"author\" content=\"Musikalia\" \/>\n<meta name=\"twitter:card\" content=\"summary_large_image\" \/>\n<meta name=\"twitter:label1\" content=\"Escrito por\" \/>\n\t<meta name=\"twitter:data1\" content=\"Musikalia\" \/>\n\t<meta name=\"twitter:label2\" content=\"Tiempo de lectura\" \/>\n\t<meta name=\"twitter:data2\" content=\"3 minutos\" \/>\n<script type=\"application\/ld+json\" class=\"yoast-schema-graph\">{\"@context\":\"https:\\\/\\\/schema.org\",\"@graph\":[{\"@type\":\"Article\",\"@id\":\"http:\\\/\\\/musikaliaelkartea.eus\\\/es\\\/2020\\\/10\\\/03\\\/bi-taldetan-hasi-beharko-dugu-denboraldia\\\/#article\",\"isPartOf\":{\"@id\":\"http:\\\/\\\/musikaliaelkartea.eus\\\/es\\\/2020\\\/10\\\/03\\\/bi-taldetan-hasi-beharko-dugu-denboraldia\\\/\"},\"author\":{\"name\":\"Musikalia\",\"@id\":\"http:\\\/\\\/musikaliaelkartea.eus\\\/es\\\/#\\\/schema\\\/person\\\/14029d72e7fe33dcc3b5b67080703aab\"},\"headline\":\"Tendremos que empezar la temporada en dos grupos\",\"datePublished\":\"2020-10-03T15:40:29+00:00\",\"dateModified\":\"2020-10-03T15:41:00+00:00\",\"mainEntityOfPage\":{\"@id\":\"http:\\\/\\\/musikaliaelkartea.eus\\\/es\\\/2020\\\/10\\\/03\\\/bi-taldetan-hasi-beharko-dugu-denboraldia\\\/\"},\"wordCount\":542,\"publisher\":{\"@id\":\"http:\\\/\\\/musikaliaelkartea.eus\\\/es\\\/#organization\"},\"image\":{\"@id\":\"http:\\\/\\\/musikaliaelkartea.eus\\\/es\\\/2020\\\/10\\\/03\\\/bi-taldetan-hasi-beharko-dugu-denboraldia\\\/#primaryimage\"},\"thumbnailUrl\":\"https:\\\/\\\/i0.wp.com\\\/musikaliaelkartea.eus\\\/wp-content\\\/uploads\\\/2020\\\/10\\\/irribanda.png?fit=820%2C312\",\"articleSection\":[\"Uncategorized\"],\"inLanguage\":\"es\"},{\"@type\":\"WebPage\",\"@id\":\"http:\\\/\\\/musikaliaelkartea.eus\\\/es\\\/2020\\\/10\\\/03\\\/bi-taldetan-hasi-beharko-dugu-denboraldia\\\/\",\"url\":\"http:\\\/\\\/musikaliaelkartea.eus\\\/es\\\/2020\\\/10\\\/03\\\/bi-taldetan-hasi-beharko-dugu-denboraldia\\\/\",\"name\":\"[:eu]Bi taldetan hasi beharko dugu denboraldia[:es]Tendremos que empezar la temporada en dos grupos[:] - Musikalia Elkartea\",\"isPartOf\":{\"@id\":\"http:\\\/\\\/musikaliaelkartea.eus\\\/es\\\/#website\"},\"primaryImageOfPage\":{\"@id\":\"http:\\\/\\\/musikaliaelkartea.eus\\\/es\\\/2020\\\/10\\\/03\\\/bi-taldetan-hasi-beharko-dugu-denboraldia\\\/#primaryimage\"},\"image\":{\"@id\":\"http:\\\/\\\/musikaliaelkartea.eus\\\/es\\\/2020\\\/10\\\/03\\\/bi-taldetan-hasi-beharko-dugu-denboraldia\\\/#primaryimage\"},\"thumbnailUrl\":\"https:\\\/\\\/i0.wp.com\\\/musikaliaelkartea.eus\\\/wp-content\\\/uploads\\\/2020\\\/10\\\/irribanda.png?fit=820%2C312\",\"datePublished\":\"2020-10-03T15:40:29+00:00\",\"dateModified\":\"2020-10-03T15:41:00+00:00\",\"breadcrumb\":{\"@id\":\"http:\\\/\\\/musikaliaelkartea.eus\\\/es\\\/2020\\\/10\\\/03\\\/bi-taldetan-hasi-beharko-dugu-denboraldia\\\/#breadcrumb\"},\"inLanguage\":\"es\",\"potentialAction\":[{\"@type\":\"ReadAction\",\"target\":[\"http:\\\/\\\/musikaliaelkartea.eus\\\/es\\\/2020\\\/10\\\/03\\\/bi-taldetan-hasi-beharko-dugu-denboraldia\\\/\"]}]},{\"@type\":\"ImageObject\",\"inLanguage\":\"es\",\"@id\":\"http:\\\/\\\/musikaliaelkartea.eus\\\/es\\\/2020\\\/10\\\/03\\\/bi-taldetan-hasi-beharko-dugu-denboraldia\\\/#primaryimage\",\"url\":\"https:\\\/\\\/i0.wp.com\\\/musikaliaelkartea.eus\\\/wp-content\\\/uploads\\\/2020\\\/10\\\/irribanda.png?fit=820%2C312\",\"contentUrl\":\"https:\\\/\\\/i0.wp.com\\\/musikaliaelkartea.eus\\\/wp-content\\\/uploads\\\/2020\\\/10\\\/irribanda.png?fit=820%2C312\",\"width\":820,\"height\":312},{\"@type\":\"BreadcrumbList\",\"@id\":\"http:\\\/\\\/musikaliaelkartea.eus\\\/es\\\/2020\\\/10\\\/03\\\/bi-taldetan-hasi-beharko-dugu-denboraldia\\\/#breadcrumb\",\"itemListElement\":[{\"@type\":\"ListItem\",\"position\":1,\"name\":\"Home\",\"item\":\"http:\\\/\\\/musikaliaelkartea.eus\\\/es\\\/\"},{\"@type\":\"ListItem\",\"position\":2,\"name\":\"Tendremos que empezar la temporada en dos grupos\"}]},{\"@type\":\"WebSite\",\"@id\":\"http:\\\/\\\/musikaliaelkartea.eus\\\/es\\\/#website\",\"url\":\"http:\\\/\\\/musikaliaelkartea.eus\\\/es\\\/\",\"name\":\"Musikalia Elkartea\",\"description\":\"\",\"publisher\":{\"@id\":\"http:\\\/\\\/musikaliaelkartea.eus\\\/es\\\/#organization\"},\"potentialAction\":[{\"@type\":\"SearchAction\",\"target\":{\"@type\":\"EntryPoint\",\"urlTemplate\":\"http:\\\/\\\/musikaliaelkartea.eus\\\/es\\\/?s={search_term_string}\"},\"query-input\":{\"@type\":\"PropertyValueSpecification\",\"valueRequired\":true,\"valueName\":\"search_term_string\"}}],\"inLanguage\":\"es\"},{\"@type\":\"Organization\",\"@id\":\"http:\\\/\\\/musikaliaelkartea.eus\\\/es\\\/#organization\",\"name\":\"Getxoko Andres Isasi Musikalia Elkartea\",\"url\":\"http:\\\/\\\/musikaliaelkartea.eus\\\/es\\\/\",\"logo\":{\"@type\":\"ImageObject\",\"inLanguage\":\"es\",\"@id\":\"http:\\\/\\\/musikaliaelkartea.eus\\\/es\\\/#\\\/schema\\\/logo\\\/image\\\/\",\"url\":\"https:\\\/\\\/i0.wp.com\\\/musikaliaelkartea.eus\\\/wp-content\\\/uploads\\\/2025\\\/03\\\/cropped-MUSIKALIA-LOGO-LARGO.png?fit=5455%2C1928\",\"contentUrl\":\"https:\\\/\\\/i0.wp.com\\\/musikaliaelkartea.eus\\\/wp-content\\\/uploads\\\/2025\\\/03\\\/cropped-MUSIKALIA-LOGO-LARGO.png?fit=5455%2C1928\",\"width\":5455,\"height\":1928,\"caption\":\"Getxoko Andres Isasi Musikalia Elkartea\"},\"image\":{\"@id\":\"http:\\\/\\\/musikaliaelkartea.eus\\\/es\\\/#\\\/schema\\\/logo\\\/image\\\/\"},\"sameAs\":[\"https:\\\/\\\/www.facebook.com\\\/musikaliaelkartea\",\"https:\\\/\\\/www.instagram.com\\\/musikaliaelkartea\\\/\",\"https:\\\/\\\/www.youtube.com\\\/channel\\\/UCYG_UH_Rv-34wbmS8nQ7mpg\"]},{\"@type\":\"Person\",\"@id\":\"http:\\\/\\\/musikaliaelkartea.eus\\\/es\\\/#\\\/schema\\\/person\\\/14029d72e7fe33dcc3b5b67080703aab\",\"name\":\"Musikalia\",\"image\":{\"@type\":\"ImageObject\",\"inLanguage\":\"es\",\"@id\":\"https:\\\/\\\/secure.gravatar.com\\\/avatar\\\/4cedd4863d0dc30f70d9375282b4f70545dbeb2a5fec482325b3b89efe2dd5e3?s=96&d=mm&r=g\",\"url\":\"https:\\\/\\\/secure.gravatar.com\\\/avatar\\\/4cedd4863d0dc30f70d9375282b4f70545dbeb2a5fec482325b3b89efe2dd5e3?s=96&d=mm&r=g\",\"contentUrl\":\"https:\\\/\\\/secure.gravatar.com\\\/avatar\\\/4cedd4863d0dc30f70d9375282b4f70545dbeb2a5fec482325b3b89efe2dd5e3?s=96&d=mm&r=g\",\"caption\":\"Musikalia\"},\"url\":\"http:\\\/\\\/musikaliaelkartea.eus\\\/es\\\/author\\\/musikalia\\\/\"}]}<\/script>\n<!-- \/ Yoast SEO plugin. -->","yoast_head_json":{"title":"[:eu]Bi taldetan hasi beharko dugu denboraldia[:es]Tendremos que empezar la temporada en dos grupos[:] - Musikalia Elkartea","robots":{"index":"index","follow":"follow","max-snippet":"max-snippet:-1","max-image-preview":"max-image-preview:large","max-video-preview":"max-video-preview:-1"},"canonical":"http:\/\/musikaliaelkartea.eus\/es\/2020\/10\/03\/bi-taldetan-hasi-beharko-dugu-denboraldia\/","og_locale":"es_ES","og_type":"article","og_title":"[:eu]Bi taldetan hasi beharko dugu denboraldia[:es]Tendremos que empezar la temporada en dos grupos[:] - Musikalia Elkartea","og_description":"\u00a1Por fin estamos en marcha! Despu\u00e9s de 7 meses y una larga espera volvemos a estar aqu\u00ed. Nuestra \u00faltima actuaci\u00f3n la realizamos en los carnavalesView More","og_url":"http:\/\/musikaliaelkartea.eus\/es\/2020\/10\/03\/bi-taldetan-hasi-beharko-dugu-denboraldia\/","og_site_name":"Musikalia Elkartea","article_publisher":"https:\/\/www.facebook.com\/musikaliaelkartea","article_published_time":"2020-10-03T15:40:29+00:00","article_modified_time":"2020-10-03T15:41:00+00:00","og_image":[{"width":820,"height":312,"url":"https:\/\/i0.wp.com\/musikaliaelkartea.eus\/wp-content\/uploads\/2020\/10\/irribanda.png?fit=820%2C312","type":"image\/png"}],"author":"Musikalia","twitter_card":"summary_large_image","twitter_misc":{"Escrito por":"Musikalia","Tiempo de lectura":"3 minutos"},"schema":{"@context":"https:\/\/schema.org","@graph":[{"@type":"Article","@id":"http:\/\/musikaliaelkartea.eus\/es\/2020\/10\/03\/bi-taldetan-hasi-beharko-dugu-denboraldia\/#article","isPartOf":{"@id":"http:\/\/musikaliaelkartea.eus\/es\/2020\/10\/03\/bi-taldetan-hasi-beharko-dugu-denboraldia\/"},"author":{"name":"Musikalia","@id":"http:\/\/musikaliaelkartea.eus\/es\/#\/schema\/person\/14029d72e7fe33dcc3b5b67080703aab"},"headline":"Tendremos que empezar la temporada en dos grupos","datePublished":"2020-10-03T15:40:29+00:00","dateModified":"2020-10-03T15:41:00+00:00","mainEntityOfPage":{"@id":"http:\/\/musikaliaelkartea.eus\/es\/2020\/10\/03\/bi-taldetan-hasi-beharko-dugu-denboraldia\/"},"wordCount":542,"publisher":{"@id":"http:\/\/musikaliaelkartea.eus\/es\/#organization"},"image":{"@id":"http:\/\/musikaliaelkartea.eus\/es\/2020\/10\/03\/bi-taldetan-hasi-beharko-dugu-denboraldia\/#primaryimage"},"thumbnailUrl":"https:\/\/i0.wp.com\/musikaliaelkartea.eus\/wp-content\/uploads\/2020\/10\/irribanda.png?fit=820%2C312","articleSection":["Uncategorized"],"inLanguage":"es"},{"@type":"WebPage","@id":"http:\/\/musikaliaelkartea.eus\/es\/2020\/10\/03\/bi-taldetan-hasi-beharko-dugu-denboraldia\/","url":"http:\/\/musikaliaelkartea.eus\/es\/2020\/10\/03\/bi-taldetan-hasi-beharko-dugu-denboraldia\/","name":"[:eu]Bi taldetan hasi beharko dugu denboraldia[:es]Tendremos que empezar la temporada en dos grupos[:] - Musikalia Elkartea","isPartOf":{"@id":"http:\/\/musikaliaelkartea.eus\/es\/#website"},"primaryImageOfPage":{"@id":"http:\/\/musikaliaelkartea.eus\/es\/2020\/10\/03\/bi-taldetan-hasi-beharko-dugu-denboraldia\/#primaryimage"},"image":{"@id":"http:\/\/musikaliaelkartea.eus\/es\/2020\/10\/03\/bi-taldetan-hasi-beharko-dugu-denboraldia\/#primaryimage"},"thumbnailUrl":"https:\/\/i0.wp.com\/musikaliaelkartea.eus\/wp-content\/uploads\/2020\/10\/irribanda.png?fit=820%2C312","datePublished":"2020-10-03T15:40:29+00:00","dateModified":"2020-10-03T15:41:00+00:00","breadcrumb":{"@id":"http:\/\/musikaliaelkartea.eus\/es\/2020\/10\/03\/bi-taldetan-hasi-beharko-dugu-denboraldia\/#breadcrumb"},"inLanguage":"es","potentialAction":[{"@type":"ReadAction","target":["http:\/\/musikaliaelkartea.eus\/es\/2020\/10\/03\/bi-taldetan-hasi-beharko-dugu-denboraldia\/"]}]},{"@type":"ImageObject","inLanguage":"es","@id":"http:\/\/musikaliaelkartea.eus\/es\/2020\/10\/03\/bi-taldetan-hasi-beharko-dugu-denboraldia\/#primaryimage","url":"https:\/\/i0.wp.com\/musikaliaelkartea.eus\/wp-content\/uploads\/2020\/10\/irribanda.png?fit=820%2C312","contentUrl":"https:\/\/i0.wp.com\/musikaliaelkartea.eus\/wp-content\/uploads\/2020\/10\/irribanda.png?fit=820%2C312","width":820,"height":312},{"@type":"BreadcrumbList","@id":"http:\/\/musikaliaelkartea.eus\/es\/2020\/10\/03\/bi-taldetan-hasi-beharko-dugu-denboraldia\/#breadcrumb","itemListElement":[{"@type":"ListItem","position":1,"name":"Home","item":"http:\/\/musikaliaelkartea.eus\/es\/"},{"@type":"ListItem","position":2,"name":"Tendremos que empezar la temporada en dos grupos"}]},{"@type":"WebSite","@id":"http:\/\/musikaliaelkartea.eus\/es\/#website","url":"http:\/\/musikaliaelkartea.eus\/es\/","name":"Musikalia Elkartea","description":"","publisher":{"@id":"http:\/\/musikaliaelkartea.eus\/es\/#organization"},"potentialAction":[{"@type":"SearchAction","target":{"@type":"EntryPoint","urlTemplate":"http:\/\/musikaliaelkartea.eus\/es\/?s={search_term_string}"},"query-input":{"@type":"PropertyValueSpecification","valueRequired":true,"valueName":"search_term_string"}}],"inLanguage":"es"},{"@type":"Organization","@id":"http:\/\/musikaliaelkartea.eus\/es\/#organization","name":"Getxoko Andres Isasi Musikalia Elkartea","url":"http:\/\/musikaliaelkartea.eus\/es\/","logo":{"@type":"ImageObject","inLanguage":"es","@id":"http:\/\/musikaliaelkartea.eus\/es\/#\/schema\/logo\/image\/","url":"https:\/\/i0.wp.com\/musikaliaelkartea.eus\/wp-content\/uploads\/2025\/03\/cropped-MUSIKALIA-LOGO-LARGO.png?fit=5455%2C1928","contentUrl":"https:\/\/i0.wp.com\/musikaliaelkartea.eus\/wp-content\/uploads\/2025\/03\/cropped-MUSIKALIA-LOGO-LARGO.png?fit=5455%2C1928","width":5455,"height":1928,"caption":"Getxoko Andres Isasi Musikalia Elkartea"},"image":{"@id":"http:\/\/musikaliaelkartea.eus\/es\/#\/schema\/logo\/image\/"},"sameAs":["https:\/\/www.facebook.com\/musikaliaelkartea","https:\/\/www.instagram.com\/musikaliaelkartea\/","https:\/\/www.youtube.com\/channel\/UCYG_UH_Rv-34wbmS8nQ7mpg"]},{"@type":"Person","@id":"http:\/\/musikaliaelkartea.eus\/es\/#\/schema\/person\/14029d72e7fe33dcc3b5b67080703aab","name":"Musikalia","image":{"@type":"ImageObject","inLanguage":"es","@id":"https:\/\/secure.gravatar.com\/avatar\/4cedd4863d0dc30f70d9375282b4f70545dbeb2a5fec482325b3b89efe2dd5e3?s=96&d=mm&r=g","url":"https:\/\/secure.gravatar.com\/avatar\/4cedd4863d0dc30f70d9375282b4f70545dbeb2a5fec482325b3b89efe2dd5e3?s=96&d=mm&r=g","contentUrl":"https:\/\/secure.gravatar.com\/avatar\/4cedd4863d0dc30f70d9375282b4f70545dbeb2a5fec482325b3b89efe2dd5e3?s=96&d=mm&r=g","caption":"Musikalia"},"url":"http:\/\/musikaliaelkartea.eus\/es\/author\/musikalia\/"}]}},"jetpack_featured_media_url":"https:\/\/i0.wp.com\/musikaliaelkartea.eus\/wp-content\/uploads\/2020\/10\/irribanda.png?fit=820%2C312","jetpack_sharing_enabled":true,"jetpack_shortlink":"https:\/\/wp.me\/p8OhQz-Ta","_links":{"self":[{"href":"http:\/\/musikaliaelkartea.eus\/es\/wp-json\/wp\/v2\/posts\/3420","targetHints":{"allow":["GET"]}}],"collection":[{"href":"http:\/\/musikaliaelkartea.eus\/es\/wp-json\/wp\/v2\/posts"}],"about":[{"href":"http:\/\/musikaliaelkartea.eus\/es\/wp-json\/wp\/v2\/types\/post"}],"author":[{"embeddable":true,"href":"http:\/\/musikaliaelkartea.eus\/es\/wp-json\/wp\/v2\/users\/2"}],"replies":[{"embeddable":true,"href":"http:\/\/musikaliaelkartea.eus\/es\/wp-json\/wp\/v2\/comments?post=3420"}],"version-history":[{"count":5,"href":"http:\/\/musikaliaelkartea.eus\/es\/wp-json\/wp\/v2\/posts\/3420\/revisions"}],"predecessor-version":[{"id":3429,"href":"http:\/\/musikaliaelkartea.eus\/es\/wp-json\/wp\/v2\/posts\/3420\/revisions\/3429"}],"wp:featuredmedia":[{"embeddable":true,"href":"http:\/\/musikaliaelkartea.eus\/es\/wp-json\/wp\/v2\/media\/3426"}],"wp:attachment":[{"href":"http:\/\/musikaliaelkartea.eus\/es\/wp-json\/wp\/v2\/media?parent=3420"}],"wp:term":[{"taxonomy":"category","embeddable":true,"href":"http:\/\/musikaliaelkartea.eus\/es\/wp-json\/wp\/v2\/categories?post=3420"},{"taxonomy":"post_tag","embeddable":true,"href":"http:\/\/musikaliaelkartea.eus\/es\/wp-json\/wp\/v2\/tags?post=3420"}],"curies":[{"name":"wp","href":"https:\/\/api.w.org\/{rel}","templated":true}]}}