{"id":3408,"date":"2020-09-24T07:26:04","date_gmt":"2020-09-24T07:26:04","guid":{"rendered":"http:\/\/musikaliaelkartea.eus\/?p=3408"},"modified":"2020-09-24T07:26:04","modified_gmt":"2020-09-24T07:26:04","slug":"denboraldiari-hasiera-emateko-prest","status":"publish","type":"post","link":"http:\/\/musikaliaelkartea.eus\/es\/2020\/09\/24\/denboraldiari-hasiera-emateko-prest\/","title":{"rendered":"Preparado para iniciar la temporada"},"content":{"rendered":"<p>La situaci\u00f3n de Pandemia que vivimos ha vulnerado todos los aspectos de nuestra vida. La inercia positiva que llevaba la asociaci\u00f3n desde hace a\u00f1os y el ritmo de trabajo se paraliz\u00f3 totalmente en marzo. Todo ello nos obliga a planificar de otra manera nuestra realidad y el d\u00eda a d\u00eda.<\/p>\n<p><img data-recalc-dims=\"1\" decoding=\"async\" data-attachment-id=\"2909\" data-permalink=\"http:\/\/musikaliaelkartea.eus\/es\/2019\/09\/01\/eskerrik-asko-eta-ondo-segi-ane\/irribanda-2\/\" data-orig-file=\"https:\/\/i0.wp.com\/musikaliaelkartea.eus\/wp-content\/uploads\/2019\/09\/irribanda.png?fit=820%2C312\" data-orig-size=\"820,312\" data-comments-opened=\"0\" data-image-meta=\"{&quot;aperture&quot;:&quot;0&quot;,&quot;credit&quot;:&quot;&quot;,&quot;camera&quot;:&quot;&quot;,&quot;caption&quot;:&quot;&quot;,&quot;created_timestamp&quot;:&quot;0&quot;,&quot;copyright&quot;:&quot;&quot;,&quot;focal_length&quot;:&quot;0&quot;,&quot;iso&quot;:&quot;0&quot;,&quot;shutter_speed&quot;:&quot;0&quot;,&quot;title&quot;:&quot;&quot;,&quot;orientation&quot;:&quot;0&quot;}\" data-image-title=\"irribanda\" data-image-description=\"\" data-image-caption=\"\" data-large-file=\"https:\/\/i0.wp.com\/musikaliaelkartea.eus\/wp-content\/uploads\/2019\/09\/irribanda.png?fit=820%2C312\" class=\"wp-image-2909 size-medium alignright\" src=\"https:\/\/i0.wp.com\/musikaliaelkartea.eus\/wp-content\/uploads\/2019\/09\/irribanda.png?resize=300%2C114\" alt=\"\" width=\"300\" height=\"114\" srcset=\"https:\/\/i0.wp.com\/musikaliaelkartea.eus\/wp-content\/uploads\/2019\/09\/irribanda.png?resize=300%2C114 300w, https:\/\/i0.wp.com\/musikaliaelkartea.eus\/wp-content\/uploads\/2019\/09\/irribanda.png?resize=768%2C292 768w, https:\/\/i0.wp.com\/musikaliaelkartea.eus\/wp-content\/uploads\/2019\/09\/irribanda.png?resize=788%2C300 788w, https:\/\/i0.wp.com\/musikaliaelkartea.eus\/wp-content\/uploads\/2019\/09\/irribanda.png?w=820 820w\" sizes=\"(max-width: 300px) 100vw, 300px\" \/>La temporada ser\u00e1 especial. Hemos estado parados en los \u00faltimos cinco meses y creemos que es hora de volver al trabajo. Ese ser\u00e1 nuestro objetivo principal este a\u00f1o. Analizando constantemente el estado de salud y ajustando nuestros proyectos con ellos, vamos a intentar que Musikalia no vuelva a interrumpir su actividad. Para ello comenzaremos despacio y el objetivo m\u00e1s importante para este trimestre ser\u00e1 ensayar y, sobre todo, disfrutar de lo que nos gusta.<\/p>\n<p>Para esta tarea hemos tenido en cuenta el plan de contingencia anunciado por la Escuela de M\u00fasica Andr\u00e9s Isasi de Getxo. Este ser\u00e1 el informe b\u00e1sico que recoja las condiciones de ensayo en la Escuela de M\u00fasica.<\/p>\n<ol>\n<li><a href=\"http:\/\/En la pasada temporada el proyecto Sorotan Bele Gogoan era muy escaso. Seguimos estudiando las fechas para las actuaciones conjuntas de Baga Biga, Ayuntamiento de Larrabetzu y Ayuntamiento de Getxo.\">Plan de contingencia de la Escuela de M\u00fasica Andr\u00e9s Isasi<\/a><\/li>\n<li><a href=\"https:\/\/drive.google.com\/file\/d\/1gloDcQEtgWybhYpV18eKKY2Awdl7DuXZ\/view?usp=sharing\">Plan de contingencia de Musikalia Elkartea<\/a><\/li>\n<\/ol>\n<p>Los grupos deber\u00e1n ser de 15 personas. Para ello se crear\u00e1n dos grupos:<\/p>\n<ul>\n<li>Grupo Madera (Directora: Ane Legarreta)<\/li>\n<li>Grupo de metales y percusi\u00f3n (Director: Asier Ituarte)<\/li>\n<\/ul>\n<p>La vuelta de Ane nos alegra mucho y entre estos dos fen\u00f3menos volveremos a ponernos en marcha. La fecha prevista para iniciar los ensayos es el 2 de OCTUBRE.<\/p>\n<p>En la pasada temporada el proyecto <a href=\"http:\/\/musikaliaelkartea.eus\/2020\/01\/29\/sorotan-bele-taldearekin-elkarlanean\/\">Sorotan Bele Gogoan<\/a> se quedo sin hacer. Seguimos estudiando las fechas para las actuaciones con Baga Biga, Ayuntamiento de Larrabetzu y Ayuntamiento de Getxo.<\/p>\n<p><img data-recalc-dims=\"1\" loading=\"lazy\" decoding=\"async\" data-attachment-id=\"3382\" data-permalink=\"http:\/\/musikaliaelkartea.eus\/es\/2020\/09\/24\/denboraldiari-hasiera-emateko-prest\/234-2\/\" data-orig-file=\"https:\/\/i0.wp.com\/musikaliaelkartea.eus\/wp-content\/uploads\/2020\/04\/234-scaled.jpg?fit=1811%2C2560\" data-orig-size=\"1811,2560\" data-comments-opened=\"0\" data-image-meta=\"{&quot;aperture&quot;:&quot;0&quot;,&quot;credit&quot;:&quot;&quot;,&quot;camera&quot;:&quot;&quot;,&quot;caption&quot;:&quot;&quot;,&quot;created_timestamp&quot;:&quot;0&quot;,&quot;copyright&quot;:&quot;&quot;,&quot;focal_length&quot;:&quot;0&quot;,&quot;iso&quot;:&quot;0&quot;,&quot;shutter_speed&quot;:&quot;0&quot;,&quot;title&quot;:&quot;&quot;,&quot;orientation&quot;:&quot;1&quot;}\" data-image-title=\"234\" data-image-description=\"\" data-image-caption=\"\" data-large-file=\"https:\/\/i0.wp.com\/musikaliaelkartea.eus\/wp-content\/uploads\/2020\/04\/234-scaled.jpg?fit=724%2C1024\" class=\"aligncenter size-medium wp-image-3382\" src=\"https:\/\/i0.wp.com\/musikaliaelkartea.eus\/wp-content\/uploads\/2020\/04\/234.jpg?resize=212%2C300\" alt=\"\" width=\"212\" height=\"300\" srcset=\"https:\/\/i0.wp.com\/musikaliaelkartea.eus\/wp-content\/uploads\/2020\/04\/234-scaled.jpg?resize=212%2C300 212w, https:\/\/i0.wp.com\/musikaliaelkartea.eus\/wp-content\/uploads\/2020\/04\/234-scaled.jpg?resize=724%2C1024 724w, https:\/\/i0.wp.com\/musikaliaelkartea.eus\/wp-content\/uploads\/2020\/04\/234-scaled.jpg?resize=768%2C1086 768w, https:\/\/i0.wp.com\/musikaliaelkartea.eus\/wp-content\/uploads\/2020\/04\/234-scaled.jpg?resize=1087%2C1536 1087w, https:\/\/i0.wp.com\/musikaliaelkartea.eus\/wp-content\/uploads\/2020\/04\/234-scaled.jpg?resize=1449%2C2048 1449w, https:\/\/i0.wp.com\/musikaliaelkartea.eus\/wp-content\/uploads\/2020\/04\/234-scaled.jpg?w=1811 1811w\" sizes=\"(max-width: 212px) 100vw, 212px\" \/><\/p>","protected":false},"excerpt":{"rendered":"<p>La situaci\u00f3n de Pandemia que vivimos ha vulnerado todos los aspectos de nuestra vida. La inercia positiva que llevaba la asociaci\u00f3n desde hace a\u00f1os y<a href=\"http:\/\/musikaliaelkartea.eus\/es\/2020\/09\/24\/denboraldiari-hasiera-emateko-prest\/\" class=\"more-link\">View More<\/a><\/p>\n","protected":false},"author":2,"featured_media":1602,"comment_status":"closed","ping_status":"open","sticky":false,"template":"","format":"standard","meta":{"jetpack_post_was_ever_published":false,"_jetpack_newsletter_access":"","_jetpack_dont_email_post_to_subs":false,"_jetpack_newsletter_tier_id":0,"_jetpack_memberships_contains_paywalled_content":false,"_jetpack_memberships_contains_paid_content":false,"footnotes":""},"categories":[1],"tags":[],"class_list":["post-3408","post","type-post","status-publish","format-standard","has-post-thumbnail","hentry","category-uncategorized"],"yoast_head":"<!-- This site is optimized with the Yoast SEO plugin v27.4 - https:\/\/yoast.com\/product\/yoast-seo-wordpress\/ -->\n<title>Preparado para iniciar la temporada - Musikalia Elkartea<\/title>\n<meta name=\"robots\" content=\"index, follow, max-snippet:-1, max-image-preview:large, max-video-preview:-1\" \/>\n<link rel=\"canonical\" href=\"http:\/\/musikaliaelkartea.eus\/es\/2020\/09\/24\/denboraldiari-hasiera-emateko-prest\/\" \/>\n<meta property=\"og:locale\" content=\"es_ES\" \/>\n<meta property=\"og:type\" content=\"article\" \/>\n<meta property=\"og:title\" content=\"[:eu]Denboraldiari hasiera emateko prest[:es]Preparado para iniciar la temporada[:] - Musikalia Elkartea\" \/>\n<meta property=\"og:description\" content=\"La situaci\u00f3n de Pandemia que vivimos ha vulnerado todos los aspectos de nuestra vida. La inercia positiva que llevaba la asociaci\u00f3n desde hace a\u00f1os yView More\" \/>\n<meta property=\"og:url\" content=\"http:\/\/musikaliaelkartea.eus\/es\/2020\/09\/24\/denboraldiari-hasiera-emateko-prest\/\" \/>\n<meta property=\"og:site_name\" content=\"Musikalia Elkartea\" \/>\n<meta property=\"article:publisher\" content=\"https:\/\/www.facebook.com\/musikaliaelkartea\" \/>\n<meta property=\"article:published_time\" content=\"2020-09-24T07:26:04+00:00\" \/>\n<meta property=\"og:image\" content=\"https:\/\/i0.wp.com\/musikaliaelkartea.eus\/wp-content\/uploads\/2018\/07\/Dise%C3%B1o-sin-t%C3%ADtulo.png?fit=820%2C312\" \/>\n\t<meta property=\"og:image:width\" content=\"820\" \/>\n\t<meta property=\"og:image:height\" content=\"312\" \/>\n\t<meta property=\"og:image:type\" content=\"image\/png\" \/>\n<meta name=\"author\" content=\"Musikalia\" \/>\n<meta name=\"twitter:card\" content=\"summary_large_image\" \/>\n<meta name=\"twitter:label1\" content=\"Escrito por\" \/>\n\t<meta name=\"twitter:data1\" content=\"Musikalia\" \/>\n\t<meta name=\"twitter:label2\" content=\"Tiempo de lectura\" \/>\n\t<meta name=\"twitter:data2\" content=\"2 minutos\" \/>\n<script type=\"application\/ld+json\" class=\"yoast-schema-graph\">{\"@context\":\"https:\\\/\\\/schema.org\",\"@graph\":[{\"@type\":\"Article\",\"@id\":\"http:\\\/\\\/musikaliaelkartea.eus\\\/es\\\/2020\\\/09\\\/24\\\/denboraldiari-hasiera-emateko-prest\\\/#article\",\"isPartOf\":{\"@id\":\"http:\\\/\\\/musikaliaelkartea.eus\\\/es\\\/2020\\\/09\\\/24\\\/denboraldiari-hasiera-emateko-prest\\\/\"},\"author\":{\"name\":\"Musikalia\",\"@id\":\"http:\\\/\\\/musikaliaelkartea.eus\\\/es\\\/#\\\/schema\\\/person\\\/14029d72e7fe33dcc3b5b67080703aab\"},\"headline\":\"Preparado para iniciar la temporada\",\"datePublished\":\"2020-09-24T07:26:04+00:00\",\"mainEntityOfPage\":{\"@id\":\"http:\\\/\\\/musikaliaelkartea.eus\\\/es\\\/2020\\\/09\\\/24\\\/denboraldiari-hasiera-emateko-prest\\\/\"},\"wordCount\":495,\"publisher\":{\"@id\":\"http:\\\/\\\/musikaliaelkartea.eus\\\/es\\\/#organization\"},\"image\":{\"@id\":\"http:\\\/\\\/musikaliaelkartea.eus\\\/es\\\/2020\\\/09\\\/24\\\/denboraldiari-hasiera-emateko-prest\\\/#primaryimage\"},\"thumbnailUrl\":\"https:\\\/\\\/i0.wp.com\\\/musikaliaelkartea.eus\\\/wp-content\\\/uploads\\\/2018\\\/07\\\/Dise%C3%B1o-sin-t%C3%ADtulo.png?fit=820%2C312\",\"articleSection\":[\"Uncategorized\"],\"inLanguage\":\"es\"},{\"@type\":\"WebPage\",\"@id\":\"http:\\\/\\\/musikaliaelkartea.eus\\\/es\\\/2020\\\/09\\\/24\\\/denboraldiari-hasiera-emateko-prest\\\/\",\"url\":\"http:\\\/\\\/musikaliaelkartea.eus\\\/es\\\/2020\\\/09\\\/24\\\/denboraldiari-hasiera-emateko-prest\\\/\",\"name\":\"[:eu]Denboraldiari hasiera emateko prest[:es]Preparado para iniciar la temporada[:] - Musikalia Elkartea\",\"isPartOf\":{\"@id\":\"http:\\\/\\\/musikaliaelkartea.eus\\\/es\\\/#website\"},\"primaryImageOfPage\":{\"@id\":\"http:\\\/\\\/musikaliaelkartea.eus\\\/es\\\/2020\\\/09\\\/24\\\/denboraldiari-hasiera-emateko-prest\\\/#primaryimage\"},\"image\":{\"@id\":\"http:\\\/\\\/musikaliaelkartea.eus\\\/es\\\/2020\\\/09\\\/24\\\/denboraldiari-hasiera-emateko-prest\\\/#primaryimage\"},\"thumbnailUrl\":\"https:\\\/\\\/i0.wp.com\\\/musikaliaelkartea.eus\\\/wp-content\\\/uploads\\\/2018\\\/07\\\/Dise%C3%B1o-sin-t%C3%ADtulo.png?fit=820%2C312\",\"datePublished\":\"2020-09-24T07:26:04+00:00\",\"breadcrumb\":{\"@id\":\"http:\\\/\\\/musikaliaelkartea.eus\\\/es\\\/2020\\\/09\\\/24\\\/denboraldiari-hasiera-emateko-prest\\\/#breadcrumb\"},\"inLanguage\":\"es\",\"potentialAction\":[{\"@type\":\"ReadAction\",\"target\":[\"http:\\\/\\\/musikaliaelkartea.eus\\\/es\\\/2020\\\/09\\\/24\\\/denboraldiari-hasiera-emateko-prest\\\/\"]}]},{\"@type\":\"ImageObject\",\"inLanguage\":\"es\",\"@id\":\"http:\\\/\\\/musikaliaelkartea.eus\\\/es\\\/2020\\\/09\\\/24\\\/denboraldiari-hasiera-emateko-prest\\\/#primaryimage\",\"url\":\"https:\\\/\\\/i0.wp.com\\\/musikaliaelkartea.eus\\\/wp-content\\\/uploads\\\/2018\\\/07\\\/Dise%C3%B1o-sin-t%C3%ADtulo.png?fit=820%2C312\",\"contentUrl\":\"https:\\\/\\\/i0.wp.com\\\/musikaliaelkartea.eus\\\/wp-content\\\/uploads\\\/2018\\\/07\\\/Dise%C3%B1o-sin-t%C3%ADtulo.png?fit=820%2C312\",\"width\":820,\"height\":312},{\"@type\":\"BreadcrumbList\",\"@id\":\"http:\\\/\\\/musikaliaelkartea.eus\\\/es\\\/2020\\\/09\\\/24\\\/denboraldiari-hasiera-emateko-prest\\\/#breadcrumb\",\"itemListElement\":[{\"@type\":\"ListItem\",\"position\":1,\"name\":\"Home\",\"item\":\"http:\\\/\\\/musikaliaelkartea.eus\\\/es\\\/\"},{\"@type\":\"ListItem\",\"position\":2,\"name\":\"Preparado para iniciar la temporada\"}]},{\"@type\":\"WebSite\",\"@id\":\"http:\\\/\\\/musikaliaelkartea.eus\\\/es\\\/#website\",\"url\":\"http:\\\/\\\/musikaliaelkartea.eus\\\/es\\\/\",\"name\":\"Musikalia Elkartea\",\"description\":\"\",\"publisher\":{\"@id\":\"http:\\\/\\\/musikaliaelkartea.eus\\\/es\\\/#organization\"},\"potentialAction\":[{\"@type\":\"SearchAction\",\"target\":{\"@type\":\"EntryPoint\",\"urlTemplate\":\"http:\\\/\\\/musikaliaelkartea.eus\\\/es\\\/?s={search_term_string}\"},\"query-input\":{\"@type\":\"PropertyValueSpecification\",\"valueRequired\":true,\"valueName\":\"search_term_string\"}}],\"inLanguage\":\"es\"},{\"@type\":\"Organization\",\"@id\":\"http:\\\/\\\/musikaliaelkartea.eus\\\/es\\\/#organization\",\"name\":\"Getxoko Andres Isasi Musikalia Elkartea\",\"url\":\"http:\\\/\\\/musikaliaelkartea.eus\\\/es\\\/\",\"logo\":{\"@type\":\"ImageObject\",\"inLanguage\":\"es\",\"@id\":\"http:\\\/\\\/musikaliaelkartea.eus\\\/es\\\/#\\\/schema\\\/logo\\\/image\\\/\",\"url\":\"https:\\\/\\\/i0.wp.com\\\/musikaliaelkartea.eus\\\/wp-content\\\/uploads\\\/2025\\\/03\\\/cropped-MUSIKALIA-LOGO-LARGO.png?fit=5455%2C1928\",\"contentUrl\":\"https:\\\/\\\/i0.wp.com\\\/musikaliaelkartea.eus\\\/wp-content\\\/uploads\\\/2025\\\/03\\\/cropped-MUSIKALIA-LOGO-LARGO.png?fit=5455%2C1928\",\"width\":5455,\"height\":1928,\"caption\":\"Getxoko Andres Isasi Musikalia Elkartea\"},\"image\":{\"@id\":\"http:\\\/\\\/musikaliaelkartea.eus\\\/es\\\/#\\\/schema\\\/logo\\\/image\\\/\"},\"sameAs\":[\"https:\\\/\\\/www.facebook.com\\\/musikaliaelkartea\",\"https:\\\/\\\/www.instagram.com\\\/musikaliaelkartea\\\/\",\"https:\\\/\\\/www.youtube.com\\\/channel\\\/UCYG_UH_Rv-34wbmS8nQ7mpg\"]},{\"@type\":\"Person\",\"@id\":\"http:\\\/\\\/musikaliaelkartea.eus\\\/es\\\/#\\\/schema\\\/person\\\/14029d72e7fe33dcc3b5b67080703aab\",\"name\":\"Musikalia\",\"image\":{\"@type\":\"ImageObject\",\"inLanguage\":\"es\",\"@id\":\"https:\\\/\\\/secure.gravatar.com\\\/avatar\\\/4cedd4863d0dc30f70d9375282b4f70545dbeb2a5fec482325b3b89efe2dd5e3?s=96&d=mm&r=g\",\"url\":\"https:\\\/\\\/secure.gravatar.com\\\/avatar\\\/4cedd4863d0dc30f70d9375282b4f70545dbeb2a5fec482325b3b89efe2dd5e3?s=96&d=mm&r=g\",\"contentUrl\":\"https:\\\/\\\/secure.gravatar.com\\\/avatar\\\/4cedd4863d0dc30f70d9375282b4f70545dbeb2a5fec482325b3b89efe2dd5e3?s=96&d=mm&r=g\",\"caption\":\"Musikalia\"},\"url\":\"http:\\\/\\\/musikaliaelkartea.eus\\\/es\\\/author\\\/musikalia\\\/\"}]}<\/script>\n<!-- \/ Yoast SEO plugin. -->","yoast_head_json":{"title":"[:eu]Denboraldiari hasiera emateko prest[:es]Preparado para iniciar la temporada[:] - Musikalia Elkartea","robots":{"index":"index","follow":"follow","max-snippet":"max-snippet:-1","max-image-preview":"max-image-preview:large","max-video-preview":"max-video-preview:-1"},"canonical":"http:\/\/musikaliaelkartea.eus\/es\/2020\/09\/24\/denboraldiari-hasiera-emateko-prest\/","og_locale":"es_ES","og_type":"article","og_title":"[:eu]Denboraldiari hasiera emateko prest[:es]Preparado para iniciar la temporada[:] - Musikalia Elkartea","og_description":"La situaci\u00f3n de Pandemia que vivimos ha vulnerado todos los aspectos de nuestra vida. La inercia positiva que llevaba la asociaci\u00f3n desde hace a\u00f1os yView More","og_url":"http:\/\/musikaliaelkartea.eus\/es\/2020\/09\/24\/denboraldiari-hasiera-emateko-prest\/","og_site_name":"Musikalia Elkartea","article_publisher":"https:\/\/www.facebook.com\/musikaliaelkartea","article_published_time":"2020-09-24T07:26:04+00:00","og_image":[{"width":820,"height":312,"url":"https:\/\/i0.wp.com\/musikaliaelkartea.eus\/wp-content\/uploads\/2018\/07\/Dise%C3%B1o-sin-t%C3%ADtulo.png?fit=820%2C312","type":"image\/png"}],"author":"Musikalia","twitter_card":"summary_large_image","twitter_misc":{"Escrito por":"Musikalia","Tiempo de lectura":"2 minutos"},"schema":{"@context":"https:\/\/schema.org","@graph":[{"@type":"Article","@id":"http:\/\/musikaliaelkartea.eus\/es\/2020\/09\/24\/denboraldiari-hasiera-emateko-prest\/#article","isPartOf":{"@id":"http:\/\/musikaliaelkartea.eus\/es\/2020\/09\/24\/denboraldiari-hasiera-emateko-prest\/"},"author":{"name":"Musikalia","@id":"http:\/\/musikaliaelkartea.eus\/es\/#\/schema\/person\/14029d72e7fe33dcc3b5b67080703aab"},"headline":"Preparado para iniciar la temporada","datePublished":"2020-09-24T07:26:04+00:00","mainEntityOfPage":{"@id":"http:\/\/musikaliaelkartea.eus\/es\/2020\/09\/24\/denboraldiari-hasiera-emateko-prest\/"},"wordCount":495,"publisher":{"@id":"http:\/\/musikaliaelkartea.eus\/es\/#organization"},"image":{"@id":"http:\/\/musikaliaelkartea.eus\/es\/2020\/09\/24\/denboraldiari-hasiera-emateko-prest\/#primaryimage"},"thumbnailUrl":"https:\/\/i0.wp.com\/musikaliaelkartea.eus\/wp-content\/uploads\/2018\/07\/Dise%C3%B1o-sin-t%C3%ADtulo.png?fit=820%2C312","articleSection":["Uncategorized"],"inLanguage":"es"},{"@type":"WebPage","@id":"http:\/\/musikaliaelkartea.eus\/es\/2020\/09\/24\/denboraldiari-hasiera-emateko-prest\/","url":"http:\/\/musikaliaelkartea.eus\/es\/2020\/09\/24\/denboraldiari-hasiera-emateko-prest\/","name":"[:eu]Denboraldiari hasiera emateko prest[:es]Preparado para iniciar la temporada[:] - Musikalia Elkartea","isPartOf":{"@id":"http:\/\/musikaliaelkartea.eus\/es\/#website"},"primaryImageOfPage":{"@id":"http:\/\/musikaliaelkartea.eus\/es\/2020\/09\/24\/denboraldiari-hasiera-emateko-prest\/#primaryimage"},"image":{"@id":"http:\/\/musikaliaelkartea.eus\/es\/2020\/09\/24\/denboraldiari-hasiera-emateko-prest\/#primaryimage"},"thumbnailUrl":"https:\/\/i0.wp.com\/musikaliaelkartea.eus\/wp-content\/uploads\/2018\/07\/Dise%C3%B1o-sin-t%C3%ADtulo.png?fit=820%2C312","datePublished":"2020-09-24T07:26:04+00:00","breadcrumb":{"@id":"http:\/\/musikaliaelkartea.eus\/es\/2020\/09\/24\/denboraldiari-hasiera-emateko-prest\/#breadcrumb"},"inLanguage":"es","potentialAction":[{"@type":"ReadAction","target":["http:\/\/musikaliaelkartea.eus\/es\/2020\/09\/24\/denboraldiari-hasiera-emateko-prest\/"]}]},{"@type":"ImageObject","inLanguage":"es","@id":"http:\/\/musikaliaelkartea.eus\/es\/2020\/09\/24\/denboraldiari-hasiera-emateko-prest\/#primaryimage","url":"https:\/\/i0.wp.com\/musikaliaelkartea.eus\/wp-content\/uploads\/2018\/07\/Dise%C3%B1o-sin-t%C3%ADtulo.png?fit=820%2C312","contentUrl":"https:\/\/i0.wp.com\/musikaliaelkartea.eus\/wp-content\/uploads\/2018\/07\/Dise%C3%B1o-sin-t%C3%ADtulo.png?fit=820%2C312","width":820,"height":312},{"@type":"BreadcrumbList","@id":"http:\/\/musikaliaelkartea.eus\/es\/2020\/09\/24\/denboraldiari-hasiera-emateko-prest\/#breadcrumb","itemListElement":[{"@type":"ListItem","position":1,"name":"Home","item":"http:\/\/musikaliaelkartea.eus\/es\/"},{"@type":"ListItem","position":2,"name":"Preparado para iniciar la temporada"}]},{"@type":"WebSite","@id":"http:\/\/musikaliaelkartea.eus\/es\/#website","url":"http:\/\/musikaliaelkartea.eus\/es\/","name":"Musikalia Elkartea","description":"","publisher":{"@id":"http:\/\/musikaliaelkartea.eus\/es\/#organization"},"potentialAction":[{"@type":"SearchAction","target":{"@type":"EntryPoint","urlTemplate":"http:\/\/musikaliaelkartea.eus\/es\/?s={search_term_string}"},"query-input":{"@type":"PropertyValueSpecification","valueRequired":true,"valueName":"search_term_string"}}],"inLanguage":"es"},{"@type":"Organization","@id":"http:\/\/musikaliaelkartea.eus\/es\/#organization","name":"Getxoko Andres Isasi Musikalia Elkartea","url":"http:\/\/musikaliaelkartea.eus\/es\/","logo":{"@type":"ImageObject","inLanguage":"es","@id":"http:\/\/musikaliaelkartea.eus\/es\/#\/schema\/logo\/image\/","url":"https:\/\/i0.wp.com\/musikaliaelkartea.eus\/wp-content\/uploads\/2025\/03\/cropped-MUSIKALIA-LOGO-LARGO.png?fit=5455%2C1928","contentUrl":"https:\/\/i0.wp.com\/musikaliaelkartea.eus\/wp-content\/uploads\/2025\/03\/cropped-MUSIKALIA-LOGO-LARGO.png?fit=5455%2C1928","width":5455,"height":1928,"caption":"Getxoko Andres Isasi Musikalia Elkartea"},"image":{"@id":"http:\/\/musikaliaelkartea.eus\/es\/#\/schema\/logo\/image\/"},"sameAs":["https:\/\/www.facebook.com\/musikaliaelkartea","https:\/\/www.instagram.com\/musikaliaelkartea\/","https:\/\/www.youtube.com\/channel\/UCYG_UH_Rv-34wbmS8nQ7mpg"]},{"@type":"Person","@id":"http:\/\/musikaliaelkartea.eus\/es\/#\/schema\/person\/14029d72e7fe33dcc3b5b67080703aab","name":"Musikalia","image":{"@type":"ImageObject","inLanguage":"es","@id":"https:\/\/secure.gravatar.com\/avatar\/4cedd4863d0dc30f70d9375282b4f70545dbeb2a5fec482325b3b89efe2dd5e3?s=96&d=mm&r=g","url":"https:\/\/secure.gravatar.com\/avatar\/4cedd4863d0dc30f70d9375282b4f70545dbeb2a5fec482325b3b89efe2dd5e3?s=96&d=mm&r=g","contentUrl":"https:\/\/secure.gravatar.com\/avatar\/4cedd4863d0dc30f70d9375282b4f70545dbeb2a5fec482325b3b89efe2dd5e3?s=96&d=mm&r=g","caption":"Musikalia"},"url":"http:\/\/musikaliaelkartea.eus\/es\/author\/musikalia\/"}]}},"jetpack_featured_media_url":"https:\/\/i0.wp.com\/musikaliaelkartea.eus\/wp-content\/uploads\/2018\/07\/Dise%C3%B1o-sin-t%C3%ADtulo.png?fit=820%2C312","jetpack_sharing_enabled":true,"jetpack_shortlink":"https:\/\/wp.me\/p8OhQz-SY","_links":{"self":[{"href":"http:\/\/musikaliaelkartea.eus\/es\/wp-json\/wp\/v2\/posts\/3408","targetHints":{"allow":["GET"]}}],"collection":[{"href":"http:\/\/musikaliaelkartea.eus\/es\/wp-json\/wp\/v2\/posts"}],"about":[{"href":"http:\/\/musikaliaelkartea.eus\/es\/wp-json\/wp\/v2\/types\/post"}],"author":[{"embeddable":true,"href":"http:\/\/musikaliaelkartea.eus\/es\/wp-json\/wp\/v2\/users\/2"}],"replies":[{"embeddable":true,"href":"http:\/\/musikaliaelkartea.eus\/es\/wp-json\/wp\/v2\/comments?post=3408"}],"version-history":[{"count":5,"href":"http:\/\/musikaliaelkartea.eus\/es\/wp-json\/wp\/v2\/posts\/3408\/revisions"}],"predecessor-version":[{"id":3413,"href":"http:\/\/musikaliaelkartea.eus\/es\/wp-json\/wp\/v2\/posts\/3408\/revisions\/3413"}],"wp:featuredmedia":[{"embeddable":true,"href":"http:\/\/musikaliaelkartea.eus\/es\/wp-json\/wp\/v2\/media\/1602"}],"wp:attachment":[{"href":"http:\/\/musikaliaelkartea.eus\/es\/wp-json\/wp\/v2\/media?parent=3408"}],"wp:term":[{"taxonomy":"category","embeddable":true,"href":"http:\/\/musikaliaelkartea.eus\/es\/wp-json\/wp\/v2\/categories?post=3408"},{"taxonomy":"post_tag","embeddable":true,"href":"http:\/\/musikaliaelkartea.eus\/es\/wp-json\/wp\/v2\/tags?post=3408"}],"curies":[{"name":"wp","href":"https:\/\/api.w.org\/{rel}","templated":true}]}}