{"id":3394,"date":"2020-05-27T14:42:26","date_gmt":"2020-05-27T14:42:26","guid":{"rendered":"http:\/\/musikaliaelkartea.eus\/?p=3394"},"modified":"2020-05-27T14:42:26","modified_gmt":"2020-05-27T14:42:26","slug":"sorotan-bele-gogoan-ikuskizuneko-kontzertuak-atzeratuak","status":"publish","type":"post","link":"http:\/\/musikaliaelkartea.eus\/es\/2020\/05\/27\/sorotan-bele-gogoan-ikuskizuneko-kontzertuak-atzeratuak\/","title":{"rendered":"Aplazados los conciertos del espect\u00e1culo \u00abSorotan Bele Gogoan\u00bb"},"content":{"rendered":"<p>El COVID-19 nos ha llevado a tomar decisiones ante esta situaci\u00f3n excepcional. A corto plazo se prev\u00e9 que los espect\u00e1culos multitudinarios no podr\u00e1n celebrarse. Por ello se han adoptado las siguientes medidas:<\/p>\n<h4>concierto en larrabetzu<\/h4>\n<p>Ante la situaci\u00f3n provocada por el Covid19, la actuaci\u00f3n ha quedado SUSPENDIDA. Estamos trabajando en la b\u00fasqueda de una nueva fecha, por lo que las entradas adquiridas hasta la fecha ser\u00e1n v\u00e1lidas para la nueva fecha. En caso de querer devolver las entradas, las personas que hayan comprado en Wegow podr\u00e1n volver en la misma p\u00e1gina web y las f\u00edsicas, llamando al Ayuntamiento de Larrabetzu al 94455 70 09, lunes a viernes de 09:00 a 13:00.<\/p>\n<h4>concierto en getxo<\/h4>\n<p>Lo que en principio se iba a hacer el 27 de junio tambi\u00e9n ha sido atrasado. La Casa de Cultura de Getxo ha anunciado el cese de la programaci\u00f3n habitual de verano. En este caso las entradas no se pusieron a la venta y estamos buscando nueva fecha.<\/p>\n<p><a href=\"http:\/\/musikaliaelkartea.eus\/aspertzea-saihesteko-proposamenak\/\">Con el objetivo de agilizar esta larga estancia, os dejamos aqu\u00ed las diferentes propuestas que hemos puesto a vuestra disposici\u00f3n para el entretenimiento.<\/a><\/p>\n<p><a href=\"http:\/\/musikaliaelkartea.eus\/es\/eman-izena-elkarteko-lagun\/\"><img data-recalc-dims=\"1\" fetchpriority=\"high\" decoding=\"async\" data-attachment-id=\"3180\" data-permalink=\"http:\/\/musikaliaelkartea.eus\/es\/2020\/03\/10\/udaberriko-kontzertuak\/baner-bazkide-c\/\" data-orig-file=\"https:\/\/i0.wp.com\/musikaliaelkartea.eus\/wp-content\/uploads\/2020\/03\/BANER-BAZKIDE-C.gif?fit=728%2C90\" data-orig-size=\"728,90\" data-comments-opened=\"0\" data-image-meta=\"{&quot;aperture&quot;:&quot;0&quot;,&quot;credit&quot;:&quot;&quot;,&quot;camera&quot;:&quot;&quot;,&quot;caption&quot;:&quot;&quot;,&quot;created_timestamp&quot;:&quot;0&quot;,&quot;copyright&quot;:&quot;&quot;,&quot;focal_length&quot;:&quot;0&quot;,&quot;iso&quot;:&quot;0&quot;,&quot;shutter_speed&quot;:&quot;0&quot;,&quot;title&quot;:&quot;&quot;,&quot;orientation&quot;:&quot;0&quot;}\" data-image-title=\"BANER-BAZKIDE-C\" data-image-description=\"\" data-image-caption=\"\" data-large-file=\"https:\/\/i0.wp.com\/musikaliaelkartea.eus\/wp-content\/uploads\/2020\/03\/BANER-BAZKIDE-C.gif?fit=728%2C90\" class=\"aligncenter wp-image-3180 size-full\" src=\"https:\/\/i0.wp.com\/musikaliaelkartea.eus\/wp-content\/uploads\/2020\/03\/BANER-BAZKIDE-C.gif?resize=728%2C90\" alt=\"\" width=\"728\" height=\"90\" \/><\/a><\/p>","protected":false},"excerpt":{"rendered":"<p>El COVID-19 nos ha llevado a tomar decisiones ante esta situaci\u00f3n excepcional. A corto plazo se prev\u00e9 que los espect\u00e1culos multitudinarios no podr\u00e1n celebrarse. Por<a href=\"http:\/\/musikaliaelkartea.eus\/es\/2020\/05\/27\/sorotan-bele-gogoan-ikuskizuneko-kontzertuak-atzeratuak\/\" class=\"more-link\">View More<\/a><\/p>\n","protected":false},"author":2,"featured_media":3396,"comment_status":"closed","ping_status":"open","sticky":false,"template":"","format":"standard","meta":{"jetpack_post_was_ever_published":false,"_jetpack_newsletter_access":"","_jetpack_dont_email_post_to_subs":false,"_jetpack_newsletter_tier_id":0,"_jetpack_memberships_contains_paywalled_content":false,"_jetpack_memberships_contains_paid_content":false,"footnotes":""},"categories":[1],"tags":[],"class_list":["post-3394","post","type-post","status-publish","format-standard","has-post-thumbnail","hentry","category-uncategorized"],"yoast_head":"<!-- This site is optimized with the Yoast SEO plugin v27.4 - https:\/\/yoast.com\/product\/yoast-seo-wordpress\/ -->\n<title>Aplazados los conciertos del espect\u00e1culo &quot;Sorotan Bele Gogoan&quot; - Musikalia Elkartea<\/title>\n<meta name=\"robots\" content=\"index, follow, max-snippet:-1, max-image-preview:large, max-video-preview:-1\" \/>\n<link rel=\"canonical\" href=\"http:\/\/musikaliaelkartea.eus\/es\/2020\/05\/27\/sorotan-bele-gogoan-ikuskizuneko-kontzertuak-atzeratuak\/\" \/>\n<meta property=\"og:locale\" content=\"es_ES\" \/>\n<meta property=\"og:type\" content=\"article\" \/>\n<meta property=\"og:title\" content=\"[:eu]\u201cSorotan Bele Gogoan\u201d ikuskizuneko kontzertuak atzeratuak[:es]Aplazados los conciertos del espect\u00e1culo &quot;Sorotan Bele Gogoan&quot;[:] - Musikalia Elkartea\" \/>\n<meta property=\"og:description\" content=\"El COVID-19 nos ha llevado a tomar decisiones ante esta situaci\u00f3n excepcional. A corto plazo se prev\u00e9 que los espect\u00e1culos multitudinarios no podr\u00e1n celebrarse. PorView More\" \/>\n<meta property=\"og:url\" content=\"http:\/\/musikaliaelkartea.eus\/es\/2020\/05\/27\/sorotan-bele-gogoan-ikuskizuneko-kontzertuak-atzeratuak\/\" \/>\n<meta property=\"og:site_name\" content=\"Musikalia Elkartea\" \/>\n<meta property=\"article:publisher\" content=\"https:\/\/www.facebook.com\/musikaliaelkartea\" \/>\n<meta property=\"article:published_time\" content=\"2020-05-27T14:42:26+00:00\" \/>\n<meta property=\"og:image\" content=\"https:\/\/i0.wp.com\/musikaliaelkartea.eus\/wp-content\/uploads\/2020\/05\/irribanda.jpg?fit=820%2C312\" \/>\n\t<meta property=\"og:image:width\" content=\"820\" \/>\n\t<meta property=\"og:image:height\" content=\"312\" \/>\n\t<meta property=\"og:image:type\" content=\"image\/jpeg\" \/>\n<meta name=\"author\" content=\"Musikalia\" \/>\n<meta name=\"twitter:card\" content=\"summary_large_image\" \/>\n<meta name=\"twitter:label1\" content=\"Escrito por\" \/>\n\t<meta name=\"twitter:data1\" content=\"Musikalia\" \/>\n\t<meta name=\"twitter:label2\" content=\"Tiempo de lectura\" \/>\n\t<meta name=\"twitter:data2\" content=\"2 minutos\" \/>\n<script type=\"application\/ld+json\" class=\"yoast-schema-graph\">{\"@context\":\"https:\\\/\\\/schema.org\",\"@graph\":[{\"@type\":\"Article\",\"@id\":\"http:\\\/\\\/musikaliaelkartea.eus\\\/es\\\/2020\\\/05\\\/27\\\/sorotan-bele-gogoan-ikuskizuneko-kontzertuak-atzeratuak\\\/#article\",\"isPartOf\":{\"@id\":\"http:\\\/\\\/musikaliaelkartea.eus\\\/es\\\/2020\\\/05\\\/27\\\/sorotan-bele-gogoan-ikuskizuneko-kontzertuak-atzeratuak\\\/\"},\"author\":{\"name\":\"Musikalia\",\"@id\":\"http:\\\/\\\/musikaliaelkartea.eus\\\/es\\\/#\\\/schema\\\/person\\\/14029d72e7fe33dcc3b5b67080703aab\"},\"headline\":\"Aplazados los conciertos del espect\u00e1culo \u00abSorotan Bele Gogoan\u00bb\",\"datePublished\":\"2020-05-27T14:42:26+00:00\",\"mainEntityOfPage\":{\"@id\":\"http:\\\/\\\/musikaliaelkartea.eus\\\/es\\\/2020\\\/05\\\/27\\\/sorotan-bele-gogoan-ikuskizuneko-kontzertuak-atzeratuak\\\/\"},\"wordCount\":354,\"publisher\":{\"@id\":\"http:\\\/\\\/musikaliaelkartea.eus\\\/es\\\/#organization\"},\"image\":{\"@id\":\"http:\\\/\\\/musikaliaelkartea.eus\\\/es\\\/2020\\\/05\\\/27\\\/sorotan-bele-gogoan-ikuskizuneko-kontzertuak-atzeratuak\\\/#primaryimage\"},\"thumbnailUrl\":\"https:\\\/\\\/i0.wp.com\\\/musikaliaelkartea.eus\\\/wp-content\\\/uploads\\\/2020\\\/05\\\/irribanda.jpg?fit=820%2C312\",\"articleSection\":[\"Uncategorized\"],\"inLanguage\":\"es\"},{\"@type\":\"WebPage\",\"@id\":\"http:\\\/\\\/musikaliaelkartea.eus\\\/es\\\/2020\\\/05\\\/27\\\/sorotan-bele-gogoan-ikuskizuneko-kontzertuak-atzeratuak\\\/\",\"url\":\"http:\\\/\\\/musikaliaelkartea.eus\\\/es\\\/2020\\\/05\\\/27\\\/sorotan-bele-gogoan-ikuskizuneko-kontzertuak-atzeratuak\\\/\",\"name\":\"[:eu]\u201cSorotan Bele Gogoan\u201d ikuskizuneko kontzertuak atzeratuak[:es]Aplazados los conciertos del espect\u00e1culo \\\"Sorotan Bele Gogoan\\\"[:] - Musikalia Elkartea\",\"isPartOf\":{\"@id\":\"http:\\\/\\\/musikaliaelkartea.eus\\\/es\\\/#website\"},\"primaryImageOfPage\":{\"@id\":\"http:\\\/\\\/musikaliaelkartea.eus\\\/es\\\/2020\\\/05\\\/27\\\/sorotan-bele-gogoan-ikuskizuneko-kontzertuak-atzeratuak\\\/#primaryimage\"},\"image\":{\"@id\":\"http:\\\/\\\/musikaliaelkartea.eus\\\/es\\\/2020\\\/05\\\/27\\\/sorotan-bele-gogoan-ikuskizuneko-kontzertuak-atzeratuak\\\/#primaryimage\"},\"thumbnailUrl\":\"https:\\\/\\\/i0.wp.com\\\/musikaliaelkartea.eus\\\/wp-content\\\/uploads\\\/2020\\\/05\\\/irribanda.jpg?fit=820%2C312\",\"datePublished\":\"2020-05-27T14:42:26+00:00\",\"breadcrumb\":{\"@id\":\"http:\\\/\\\/musikaliaelkartea.eus\\\/es\\\/2020\\\/05\\\/27\\\/sorotan-bele-gogoan-ikuskizuneko-kontzertuak-atzeratuak\\\/#breadcrumb\"},\"inLanguage\":\"es\",\"potentialAction\":[{\"@type\":\"ReadAction\",\"target\":[\"http:\\\/\\\/musikaliaelkartea.eus\\\/es\\\/2020\\\/05\\\/27\\\/sorotan-bele-gogoan-ikuskizuneko-kontzertuak-atzeratuak\\\/\"]}]},{\"@type\":\"ImageObject\",\"inLanguage\":\"es\",\"@id\":\"http:\\\/\\\/musikaliaelkartea.eus\\\/es\\\/2020\\\/05\\\/27\\\/sorotan-bele-gogoan-ikuskizuneko-kontzertuak-atzeratuak\\\/#primaryimage\",\"url\":\"https:\\\/\\\/i0.wp.com\\\/musikaliaelkartea.eus\\\/wp-content\\\/uploads\\\/2020\\\/05\\\/irribanda.jpg?fit=820%2C312\",\"contentUrl\":\"https:\\\/\\\/i0.wp.com\\\/musikaliaelkartea.eus\\\/wp-content\\\/uploads\\\/2020\\\/05\\\/irribanda.jpg?fit=820%2C312\",\"width\":820,\"height\":312},{\"@type\":\"BreadcrumbList\",\"@id\":\"http:\\\/\\\/musikaliaelkartea.eus\\\/es\\\/2020\\\/05\\\/27\\\/sorotan-bele-gogoan-ikuskizuneko-kontzertuak-atzeratuak\\\/#breadcrumb\",\"itemListElement\":[{\"@type\":\"ListItem\",\"position\":1,\"name\":\"Home\",\"item\":\"http:\\\/\\\/musikaliaelkartea.eus\\\/es\\\/\"},{\"@type\":\"ListItem\",\"position\":2,\"name\":\"Aplazados los conciertos del espect\u00e1culo \u00abSorotan Bele Gogoan\u00bb\"}]},{\"@type\":\"WebSite\",\"@id\":\"http:\\\/\\\/musikaliaelkartea.eus\\\/es\\\/#website\",\"url\":\"http:\\\/\\\/musikaliaelkartea.eus\\\/es\\\/\",\"name\":\"Musikalia Elkartea\",\"description\":\"\",\"publisher\":{\"@id\":\"http:\\\/\\\/musikaliaelkartea.eus\\\/es\\\/#organization\"},\"potentialAction\":[{\"@type\":\"SearchAction\",\"target\":{\"@type\":\"EntryPoint\",\"urlTemplate\":\"http:\\\/\\\/musikaliaelkartea.eus\\\/es\\\/?s={search_term_string}\"},\"query-input\":{\"@type\":\"PropertyValueSpecification\",\"valueRequired\":true,\"valueName\":\"search_term_string\"}}],\"inLanguage\":\"es\"},{\"@type\":\"Organization\",\"@id\":\"http:\\\/\\\/musikaliaelkartea.eus\\\/es\\\/#organization\",\"name\":\"Getxoko Andres Isasi Musikalia Elkartea\",\"url\":\"http:\\\/\\\/musikaliaelkartea.eus\\\/es\\\/\",\"logo\":{\"@type\":\"ImageObject\",\"inLanguage\":\"es\",\"@id\":\"http:\\\/\\\/musikaliaelkartea.eus\\\/es\\\/#\\\/schema\\\/logo\\\/image\\\/\",\"url\":\"https:\\\/\\\/i0.wp.com\\\/musikaliaelkartea.eus\\\/wp-content\\\/uploads\\\/2025\\\/03\\\/cropped-MUSIKALIA-LOGO-LARGO.png?fit=5455%2C1928\",\"contentUrl\":\"https:\\\/\\\/i0.wp.com\\\/musikaliaelkartea.eus\\\/wp-content\\\/uploads\\\/2025\\\/03\\\/cropped-MUSIKALIA-LOGO-LARGO.png?fit=5455%2C1928\",\"width\":5455,\"height\":1928,\"caption\":\"Getxoko Andres Isasi Musikalia Elkartea\"},\"image\":{\"@id\":\"http:\\\/\\\/musikaliaelkartea.eus\\\/es\\\/#\\\/schema\\\/logo\\\/image\\\/\"},\"sameAs\":[\"https:\\\/\\\/www.facebook.com\\\/musikaliaelkartea\",\"https:\\\/\\\/www.instagram.com\\\/musikaliaelkartea\\\/\",\"https:\\\/\\\/www.youtube.com\\\/channel\\\/UCYG_UH_Rv-34wbmS8nQ7mpg\"]},{\"@type\":\"Person\",\"@id\":\"http:\\\/\\\/musikaliaelkartea.eus\\\/es\\\/#\\\/schema\\\/person\\\/14029d72e7fe33dcc3b5b67080703aab\",\"name\":\"Musikalia\",\"image\":{\"@type\":\"ImageObject\",\"inLanguage\":\"es\",\"@id\":\"https:\\\/\\\/secure.gravatar.com\\\/avatar\\\/4cedd4863d0dc30f70d9375282b4f70545dbeb2a5fec482325b3b89efe2dd5e3?s=96&d=mm&r=g\",\"url\":\"https:\\\/\\\/secure.gravatar.com\\\/avatar\\\/4cedd4863d0dc30f70d9375282b4f70545dbeb2a5fec482325b3b89efe2dd5e3?s=96&d=mm&r=g\",\"contentUrl\":\"https:\\\/\\\/secure.gravatar.com\\\/avatar\\\/4cedd4863d0dc30f70d9375282b4f70545dbeb2a5fec482325b3b89efe2dd5e3?s=96&d=mm&r=g\",\"caption\":\"Musikalia\"},\"url\":\"http:\\\/\\\/musikaliaelkartea.eus\\\/es\\\/author\\\/musikalia\\\/\"}]}<\/script>\n<!-- \/ Yoast SEO plugin. -->","yoast_head_json":{"title":"[:eu]\u201cSorotan Bele Gogoan\u201d ikuskizuneko kontzertuak atzeratuak[:es]Aplazados los conciertos del espect\u00e1culo \"Sorotan Bele Gogoan\"[:] - Musikalia Elkartea","robots":{"index":"index","follow":"follow","max-snippet":"max-snippet:-1","max-image-preview":"max-image-preview:large","max-video-preview":"max-video-preview:-1"},"canonical":"http:\/\/musikaliaelkartea.eus\/es\/2020\/05\/27\/sorotan-bele-gogoan-ikuskizuneko-kontzertuak-atzeratuak\/","og_locale":"es_ES","og_type":"article","og_title":"[:eu]\u201cSorotan Bele Gogoan\u201d ikuskizuneko kontzertuak atzeratuak[:es]Aplazados los conciertos del espect\u00e1culo \"Sorotan Bele Gogoan\"[:] - Musikalia Elkartea","og_description":"El COVID-19 nos ha llevado a tomar decisiones ante esta situaci\u00f3n excepcional. A corto plazo se prev\u00e9 que los espect\u00e1culos multitudinarios no podr\u00e1n celebrarse. PorView More","og_url":"http:\/\/musikaliaelkartea.eus\/es\/2020\/05\/27\/sorotan-bele-gogoan-ikuskizuneko-kontzertuak-atzeratuak\/","og_site_name":"Musikalia Elkartea","article_publisher":"https:\/\/www.facebook.com\/musikaliaelkartea","article_published_time":"2020-05-27T14:42:26+00:00","og_image":[{"width":820,"height":312,"url":"https:\/\/i0.wp.com\/musikaliaelkartea.eus\/wp-content\/uploads\/2020\/05\/irribanda.jpg?fit=820%2C312","type":"image\/jpeg"}],"author":"Musikalia","twitter_card":"summary_large_image","twitter_misc":{"Escrito por":"Musikalia","Tiempo de lectura":"2 minutos"},"schema":{"@context":"https:\/\/schema.org","@graph":[{"@type":"Article","@id":"http:\/\/musikaliaelkartea.eus\/es\/2020\/05\/27\/sorotan-bele-gogoan-ikuskizuneko-kontzertuak-atzeratuak\/#article","isPartOf":{"@id":"http:\/\/musikaliaelkartea.eus\/es\/2020\/05\/27\/sorotan-bele-gogoan-ikuskizuneko-kontzertuak-atzeratuak\/"},"author":{"name":"Musikalia","@id":"http:\/\/musikaliaelkartea.eus\/es\/#\/schema\/person\/14029d72e7fe33dcc3b5b67080703aab"},"headline":"Aplazados los conciertos del espect\u00e1culo \u00abSorotan Bele Gogoan\u00bb","datePublished":"2020-05-27T14:42:26+00:00","mainEntityOfPage":{"@id":"http:\/\/musikaliaelkartea.eus\/es\/2020\/05\/27\/sorotan-bele-gogoan-ikuskizuneko-kontzertuak-atzeratuak\/"},"wordCount":354,"publisher":{"@id":"http:\/\/musikaliaelkartea.eus\/es\/#organization"},"image":{"@id":"http:\/\/musikaliaelkartea.eus\/es\/2020\/05\/27\/sorotan-bele-gogoan-ikuskizuneko-kontzertuak-atzeratuak\/#primaryimage"},"thumbnailUrl":"https:\/\/i0.wp.com\/musikaliaelkartea.eus\/wp-content\/uploads\/2020\/05\/irribanda.jpg?fit=820%2C312","articleSection":["Uncategorized"],"inLanguage":"es"},{"@type":"WebPage","@id":"http:\/\/musikaliaelkartea.eus\/es\/2020\/05\/27\/sorotan-bele-gogoan-ikuskizuneko-kontzertuak-atzeratuak\/","url":"http:\/\/musikaliaelkartea.eus\/es\/2020\/05\/27\/sorotan-bele-gogoan-ikuskizuneko-kontzertuak-atzeratuak\/","name":"[:eu]\u201cSorotan Bele Gogoan\u201d ikuskizuneko kontzertuak atzeratuak[:es]Aplazados los conciertos del espect\u00e1culo \"Sorotan Bele Gogoan\"[:] - Musikalia Elkartea","isPartOf":{"@id":"http:\/\/musikaliaelkartea.eus\/es\/#website"},"primaryImageOfPage":{"@id":"http:\/\/musikaliaelkartea.eus\/es\/2020\/05\/27\/sorotan-bele-gogoan-ikuskizuneko-kontzertuak-atzeratuak\/#primaryimage"},"image":{"@id":"http:\/\/musikaliaelkartea.eus\/es\/2020\/05\/27\/sorotan-bele-gogoan-ikuskizuneko-kontzertuak-atzeratuak\/#primaryimage"},"thumbnailUrl":"https:\/\/i0.wp.com\/musikaliaelkartea.eus\/wp-content\/uploads\/2020\/05\/irribanda.jpg?fit=820%2C312","datePublished":"2020-05-27T14:42:26+00:00","breadcrumb":{"@id":"http:\/\/musikaliaelkartea.eus\/es\/2020\/05\/27\/sorotan-bele-gogoan-ikuskizuneko-kontzertuak-atzeratuak\/#breadcrumb"},"inLanguage":"es","potentialAction":[{"@type":"ReadAction","target":["http:\/\/musikaliaelkartea.eus\/es\/2020\/05\/27\/sorotan-bele-gogoan-ikuskizuneko-kontzertuak-atzeratuak\/"]}]},{"@type":"ImageObject","inLanguage":"es","@id":"http:\/\/musikaliaelkartea.eus\/es\/2020\/05\/27\/sorotan-bele-gogoan-ikuskizuneko-kontzertuak-atzeratuak\/#primaryimage","url":"https:\/\/i0.wp.com\/musikaliaelkartea.eus\/wp-content\/uploads\/2020\/05\/irribanda.jpg?fit=820%2C312","contentUrl":"https:\/\/i0.wp.com\/musikaliaelkartea.eus\/wp-content\/uploads\/2020\/05\/irribanda.jpg?fit=820%2C312","width":820,"height":312},{"@type":"BreadcrumbList","@id":"http:\/\/musikaliaelkartea.eus\/es\/2020\/05\/27\/sorotan-bele-gogoan-ikuskizuneko-kontzertuak-atzeratuak\/#breadcrumb","itemListElement":[{"@type":"ListItem","position":1,"name":"Home","item":"http:\/\/musikaliaelkartea.eus\/es\/"},{"@type":"ListItem","position":2,"name":"Aplazados los conciertos del espect\u00e1culo \u00abSorotan Bele Gogoan\u00bb"}]},{"@type":"WebSite","@id":"http:\/\/musikaliaelkartea.eus\/es\/#website","url":"http:\/\/musikaliaelkartea.eus\/es\/","name":"Musikalia Elkartea","description":"","publisher":{"@id":"http:\/\/musikaliaelkartea.eus\/es\/#organization"},"potentialAction":[{"@type":"SearchAction","target":{"@type":"EntryPoint","urlTemplate":"http:\/\/musikaliaelkartea.eus\/es\/?s={search_term_string}"},"query-input":{"@type":"PropertyValueSpecification","valueRequired":true,"valueName":"search_term_string"}}],"inLanguage":"es"},{"@type":"Organization","@id":"http:\/\/musikaliaelkartea.eus\/es\/#organization","name":"Getxoko Andres Isasi Musikalia Elkartea","url":"http:\/\/musikaliaelkartea.eus\/es\/","logo":{"@type":"ImageObject","inLanguage":"es","@id":"http:\/\/musikaliaelkartea.eus\/es\/#\/schema\/logo\/image\/","url":"https:\/\/i0.wp.com\/musikaliaelkartea.eus\/wp-content\/uploads\/2025\/03\/cropped-MUSIKALIA-LOGO-LARGO.png?fit=5455%2C1928","contentUrl":"https:\/\/i0.wp.com\/musikaliaelkartea.eus\/wp-content\/uploads\/2025\/03\/cropped-MUSIKALIA-LOGO-LARGO.png?fit=5455%2C1928","width":5455,"height":1928,"caption":"Getxoko Andres Isasi Musikalia Elkartea"},"image":{"@id":"http:\/\/musikaliaelkartea.eus\/es\/#\/schema\/logo\/image\/"},"sameAs":["https:\/\/www.facebook.com\/musikaliaelkartea","https:\/\/www.instagram.com\/musikaliaelkartea\/","https:\/\/www.youtube.com\/channel\/UCYG_UH_Rv-34wbmS8nQ7mpg"]},{"@type":"Person","@id":"http:\/\/musikaliaelkartea.eus\/es\/#\/schema\/person\/14029d72e7fe33dcc3b5b67080703aab","name":"Musikalia","image":{"@type":"ImageObject","inLanguage":"es","@id":"https:\/\/secure.gravatar.com\/avatar\/4cedd4863d0dc30f70d9375282b4f70545dbeb2a5fec482325b3b89efe2dd5e3?s=96&d=mm&r=g","url":"https:\/\/secure.gravatar.com\/avatar\/4cedd4863d0dc30f70d9375282b4f70545dbeb2a5fec482325b3b89efe2dd5e3?s=96&d=mm&r=g","contentUrl":"https:\/\/secure.gravatar.com\/avatar\/4cedd4863d0dc30f70d9375282b4f70545dbeb2a5fec482325b3b89efe2dd5e3?s=96&d=mm&r=g","caption":"Musikalia"},"url":"http:\/\/musikaliaelkartea.eus\/es\/author\/musikalia\/"}]}},"jetpack_featured_media_url":"https:\/\/i0.wp.com\/musikaliaelkartea.eus\/wp-content\/uploads\/2020\/05\/irribanda.jpg?fit=820%2C312","jetpack_sharing_enabled":true,"jetpack_shortlink":"https:\/\/wp.me\/p8OhQz-SK","_links":{"self":[{"href":"http:\/\/musikaliaelkartea.eus\/es\/wp-json\/wp\/v2\/posts\/3394","targetHints":{"allow":["GET"]}}],"collection":[{"href":"http:\/\/musikaliaelkartea.eus\/es\/wp-json\/wp\/v2\/posts"}],"about":[{"href":"http:\/\/musikaliaelkartea.eus\/es\/wp-json\/wp\/v2\/types\/post"}],"author":[{"embeddable":true,"href":"http:\/\/musikaliaelkartea.eus\/es\/wp-json\/wp\/v2\/users\/2"}],"replies":[{"embeddable":true,"href":"http:\/\/musikaliaelkartea.eus\/es\/wp-json\/wp\/v2\/comments?post=3394"}],"version-history":[{"count":2,"href":"http:\/\/musikaliaelkartea.eus\/es\/wp-json\/wp\/v2\/posts\/3394\/revisions"}],"predecessor-version":[{"id":3397,"href":"http:\/\/musikaliaelkartea.eus\/es\/wp-json\/wp\/v2\/posts\/3394\/revisions\/3397"}],"wp:featuredmedia":[{"embeddable":true,"href":"http:\/\/musikaliaelkartea.eus\/es\/wp-json\/wp\/v2\/media\/3396"}],"wp:attachment":[{"href":"http:\/\/musikaliaelkartea.eus\/es\/wp-json\/wp\/v2\/media?parent=3394"}],"wp:term":[{"taxonomy":"category","embeddable":true,"href":"http:\/\/musikaliaelkartea.eus\/es\/wp-json\/wp\/v2\/categories?post=3394"},{"taxonomy":"post_tag","embeddable":true,"href":"http:\/\/musikaliaelkartea.eus\/es\/wp-json\/wp\/v2\/tags?post=3394"}],"curies":[{"name":"wp","href":"https:\/\/api.w.org\/{rel}","templated":true}]}}