{"id":3191,"date":"2020-03-13T15:42:43","date_gmt":"2020-03-13T15:42:43","guid":{"rendered":"http:\/\/musikaliaelkartea.eus\/?p=3191"},"modified":"2020-03-13T15:42:43","modified_gmt":"2020-03-13T15:42:43","slug":"musikalia-elkarteak-aldi-baterako-eteten-ditu-jarduerak","status":"publish","type":"post","link":"http:\/\/musikaliaelkartea.eus\/es\/2020\/03\/13\/musikalia-elkarteak-aldi-baterako-eteten-ditu-jarduerak\/","title":{"rendered":"Musikalia suspende temporalmente su actividad"},"content":{"rendered":"<p>Con motivo de las medidas de seguridad decretadas por el departamento de salud del Gobierno Vasco en virtud de prevenir el contagio y expansi\u00f3n del virus Covid-19 suspendemos temporalmente nuestra actividad hasta nuevo aviso.<\/p>\n<p>De momento, las actuaciones anunciadas esta semana est\u00e1n se ponen en duda. Una vez conseguida la vuelta a la normalidad, el equipo directivo analizar\u00e1 si se cumplen las condiciones para la celebraci\u00f3n de cada actuaci\u00f3n.<\/p>\n<p>Si deseas ponerte en contacto con nosotros puedes hacerlo a trav\u00e9s de info@musikaliaelkartea.eus<\/p>","protected":false},"excerpt":{"rendered":"<p>Con motivo de las medidas de seguridad decretadas por el departamento de salud del Gobierno Vasco en virtud de prevenir el contagio y expansi\u00f3n del<a href=\"http:\/\/musikaliaelkartea.eus\/es\/2020\/03\/13\/musikalia-elkarteak-aldi-baterako-eteten-ditu-jarduerak\/\" class=\"more-link\">View More<\/a><\/p>\n","protected":false},"author":1,"featured_media":3192,"comment_status":"closed","ping_status":"open","sticky":false,"template":"","format":"standard","meta":{"jetpack_post_was_ever_published":false,"_jetpack_newsletter_access":"","_jetpack_dont_email_post_to_subs":false,"_jetpack_newsletter_tier_id":0,"_jetpack_memberships_contains_paywalled_content":false,"_jetpack_memberships_contains_paid_content":false,"footnotes":""},"categories":[1],"tags":[],"class_list":["post-3191","post","type-post","status-publish","format-standard","has-post-thumbnail","hentry","category-uncategorized"],"yoast_head":"<!-- This site is optimized with the Yoast SEO plugin v27.4 - https:\/\/yoast.com\/product\/yoast-seo-wordpress\/ -->\n<title>Musikalia suspende temporalmente su actividad - Musikalia Elkartea<\/title>\n<meta name=\"robots\" content=\"index, follow, max-snippet:-1, max-image-preview:large, max-video-preview:-1\" \/>\n<link rel=\"canonical\" href=\"http:\/\/musikaliaelkartea.eus\/es\/2020\/03\/13\/musikalia-elkarteak-aldi-baterako-eteten-ditu-jarduerak\/\" \/>\n<meta property=\"og:locale\" content=\"es_ES\" \/>\n<meta property=\"og:type\" content=\"article\" \/>\n<meta property=\"og:title\" content=\"[:eu]Musikalia Elkarteak aldi baterako eteten ditu jarduerak[:es]Musikalia suspende temporalmente su actividad[:] - Musikalia Elkartea\" \/>\n<meta property=\"og:description\" content=\"Con motivo de las medidas de seguridad decretadas por el departamento de salud del Gobierno Vasco en virtud de prevenir el contagio y expansi\u00f3n delView More\" \/>\n<meta property=\"og:url\" content=\"http:\/\/musikaliaelkartea.eus\/es\/2020\/03\/13\/musikalia-elkarteak-aldi-baterako-eteten-ditu-jarduerak\/\" \/>\n<meta property=\"og:site_name\" content=\"Musikalia Elkartea\" \/>\n<meta property=\"article:publisher\" content=\"https:\/\/www.facebook.com\/musikaliaelkartea\" \/>\n<meta property=\"article:published_time\" content=\"2020-03-13T15:42:43+00:00\" \/>\n<meta property=\"og:image\" content=\"https:\/\/i0.wp.com\/musikaliaelkartea.eus\/wp-content\/uploads\/2020\/03\/irribanda-2.png?fit=820%2C312\" \/>\n\t<meta property=\"og:image:width\" content=\"820\" \/>\n\t<meta property=\"og:image:height\" content=\"312\" \/>\n\t<meta property=\"og:image:type\" content=\"image\/png\" \/>\n<meta name=\"author\" content=\"admin\" \/>\n<meta name=\"twitter:card\" content=\"summary_large_image\" \/>\n<meta name=\"twitter:label1\" content=\"Escrito por\" \/>\n\t<meta name=\"twitter:data1\" content=\"admin\" \/>\n\t<meta name=\"twitter:label2\" content=\"Tiempo de lectura\" \/>\n\t<meta name=\"twitter:data2\" content=\"1 minuto\" \/>\n<script type=\"application\/ld+json\" class=\"yoast-schema-graph\">{\"@context\":\"https:\\\/\\\/schema.org\",\"@graph\":[{\"@type\":\"Article\",\"@id\":\"http:\\\/\\\/musikaliaelkartea.eus\\\/es\\\/2020\\\/03\\\/13\\\/musikalia-elkarteak-aldi-baterako-eteten-ditu-jarduerak\\\/#article\",\"isPartOf\":{\"@id\":\"http:\\\/\\\/musikaliaelkartea.eus\\\/es\\\/2020\\\/03\\\/13\\\/musikalia-elkarteak-aldi-baterako-eteten-ditu-jarduerak\\\/\"},\"author\":{\"name\":\"admin\",\"@id\":\"http:\\\/\\\/musikaliaelkartea.eus\\\/es\\\/#\\\/schema\\\/person\\\/83f4e89e47194300d20a42d314de9e57\"},\"headline\":\"Musikalia suspende temporalmente su actividad\",\"datePublished\":\"2020-03-13T15:42:43+00:00\",\"mainEntityOfPage\":{\"@id\":\"http:\\\/\\\/musikaliaelkartea.eus\\\/es\\\/2020\\\/03\\\/13\\\/musikalia-elkarteak-aldi-baterako-eteten-ditu-jarduerak\\\/\"},\"wordCount\":162,\"publisher\":{\"@id\":\"http:\\\/\\\/musikaliaelkartea.eus\\\/es\\\/#organization\"},\"image\":{\"@id\":\"http:\\\/\\\/musikaliaelkartea.eus\\\/es\\\/2020\\\/03\\\/13\\\/musikalia-elkarteak-aldi-baterako-eteten-ditu-jarduerak\\\/#primaryimage\"},\"thumbnailUrl\":\"https:\\\/\\\/i0.wp.com\\\/musikaliaelkartea.eus\\\/wp-content\\\/uploads\\\/2020\\\/03\\\/irribanda-2.png?fit=820%2C312\",\"articleSection\":[\"Uncategorized\"],\"inLanguage\":\"es\"},{\"@type\":\"WebPage\",\"@id\":\"http:\\\/\\\/musikaliaelkartea.eus\\\/es\\\/2020\\\/03\\\/13\\\/musikalia-elkarteak-aldi-baterako-eteten-ditu-jarduerak\\\/\",\"url\":\"http:\\\/\\\/musikaliaelkartea.eus\\\/es\\\/2020\\\/03\\\/13\\\/musikalia-elkarteak-aldi-baterako-eteten-ditu-jarduerak\\\/\",\"name\":\"[:eu]Musikalia Elkarteak aldi baterako eteten ditu jarduerak[:es]Musikalia suspende temporalmente su actividad[:] - Musikalia Elkartea\",\"isPartOf\":{\"@id\":\"http:\\\/\\\/musikaliaelkartea.eus\\\/es\\\/#website\"},\"primaryImageOfPage\":{\"@id\":\"http:\\\/\\\/musikaliaelkartea.eus\\\/es\\\/2020\\\/03\\\/13\\\/musikalia-elkarteak-aldi-baterako-eteten-ditu-jarduerak\\\/#primaryimage\"},\"image\":{\"@id\":\"http:\\\/\\\/musikaliaelkartea.eus\\\/es\\\/2020\\\/03\\\/13\\\/musikalia-elkarteak-aldi-baterako-eteten-ditu-jarduerak\\\/#primaryimage\"},\"thumbnailUrl\":\"https:\\\/\\\/i0.wp.com\\\/musikaliaelkartea.eus\\\/wp-content\\\/uploads\\\/2020\\\/03\\\/irribanda-2.png?fit=820%2C312\",\"datePublished\":\"2020-03-13T15:42:43+00:00\",\"breadcrumb\":{\"@id\":\"http:\\\/\\\/musikaliaelkartea.eus\\\/es\\\/2020\\\/03\\\/13\\\/musikalia-elkarteak-aldi-baterako-eteten-ditu-jarduerak\\\/#breadcrumb\"},\"inLanguage\":\"es\",\"potentialAction\":[{\"@type\":\"ReadAction\",\"target\":[\"http:\\\/\\\/musikaliaelkartea.eus\\\/es\\\/2020\\\/03\\\/13\\\/musikalia-elkarteak-aldi-baterako-eteten-ditu-jarduerak\\\/\"]}]},{\"@type\":\"ImageObject\",\"inLanguage\":\"es\",\"@id\":\"http:\\\/\\\/musikaliaelkartea.eus\\\/es\\\/2020\\\/03\\\/13\\\/musikalia-elkarteak-aldi-baterako-eteten-ditu-jarduerak\\\/#primaryimage\",\"url\":\"https:\\\/\\\/i0.wp.com\\\/musikaliaelkartea.eus\\\/wp-content\\\/uploads\\\/2020\\\/03\\\/irribanda-2.png?fit=820%2C312\",\"contentUrl\":\"https:\\\/\\\/i0.wp.com\\\/musikaliaelkartea.eus\\\/wp-content\\\/uploads\\\/2020\\\/03\\\/irribanda-2.png?fit=820%2C312\",\"width\":820,\"height\":312},{\"@type\":\"BreadcrumbList\",\"@id\":\"http:\\\/\\\/musikaliaelkartea.eus\\\/es\\\/2020\\\/03\\\/13\\\/musikalia-elkarteak-aldi-baterako-eteten-ditu-jarduerak\\\/#breadcrumb\",\"itemListElement\":[{\"@type\":\"ListItem\",\"position\":1,\"name\":\"Home\",\"item\":\"http:\\\/\\\/musikaliaelkartea.eus\\\/es\\\/\"},{\"@type\":\"ListItem\",\"position\":2,\"name\":\"Musikalia suspende temporalmente su actividad\"}]},{\"@type\":\"WebSite\",\"@id\":\"http:\\\/\\\/musikaliaelkartea.eus\\\/es\\\/#website\",\"url\":\"http:\\\/\\\/musikaliaelkartea.eus\\\/es\\\/\",\"name\":\"Musikalia Elkartea\",\"description\":\"\",\"publisher\":{\"@id\":\"http:\\\/\\\/musikaliaelkartea.eus\\\/es\\\/#organization\"},\"potentialAction\":[{\"@type\":\"SearchAction\",\"target\":{\"@type\":\"EntryPoint\",\"urlTemplate\":\"http:\\\/\\\/musikaliaelkartea.eus\\\/es\\\/?s={search_term_string}\"},\"query-input\":{\"@type\":\"PropertyValueSpecification\",\"valueRequired\":true,\"valueName\":\"search_term_string\"}}],\"inLanguage\":\"es\"},{\"@type\":\"Organization\",\"@id\":\"http:\\\/\\\/musikaliaelkartea.eus\\\/es\\\/#organization\",\"name\":\"Getxoko Andres Isasi Musikalia Elkartea\",\"url\":\"http:\\\/\\\/musikaliaelkartea.eus\\\/es\\\/\",\"logo\":{\"@type\":\"ImageObject\",\"inLanguage\":\"es\",\"@id\":\"http:\\\/\\\/musikaliaelkartea.eus\\\/es\\\/#\\\/schema\\\/logo\\\/image\\\/\",\"url\":\"https:\\\/\\\/i0.wp.com\\\/musikaliaelkartea.eus\\\/wp-content\\\/uploads\\\/2025\\\/03\\\/cropped-MUSIKALIA-LOGO-LARGO.png?fit=5455%2C1928\",\"contentUrl\":\"https:\\\/\\\/i0.wp.com\\\/musikaliaelkartea.eus\\\/wp-content\\\/uploads\\\/2025\\\/03\\\/cropped-MUSIKALIA-LOGO-LARGO.png?fit=5455%2C1928\",\"width\":5455,\"height\":1928,\"caption\":\"Getxoko Andres Isasi Musikalia Elkartea\"},\"image\":{\"@id\":\"http:\\\/\\\/musikaliaelkartea.eus\\\/es\\\/#\\\/schema\\\/logo\\\/image\\\/\"},\"sameAs\":[\"https:\\\/\\\/www.facebook.com\\\/musikaliaelkartea\",\"https:\\\/\\\/www.instagram.com\\\/musikaliaelkartea\\\/\",\"https:\\\/\\\/www.youtube.com\\\/channel\\\/UCYG_UH_Rv-34wbmS8nQ7mpg\"]},{\"@type\":\"Person\",\"@id\":\"http:\\\/\\\/musikaliaelkartea.eus\\\/es\\\/#\\\/schema\\\/person\\\/83f4e89e47194300d20a42d314de9e57\",\"name\":\"admin\",\"image\":{\"@type\":\"ImageObject\",\"inLanguage\":\"es\",\"@id\":\"https:\\\/\\\/secure.gravatar.com\\\/avatar\\\/15c1142fe4ffaf0416ede19e056ec705eab3a0077bf155c88eea63b5977c525f?s=96&d=mm&r=g\",\"url\":\"https:\\\/\\\/secure.gravatar.com\\\/avatar\\\/15c1142fe4ffaf0416ede19e056ec705eab3a0077bf155c88eea63b5977c525f?s=96&d=mm&r=g\",\"contentUrl\":\"https:\\\/\\\/secure.gravatar.com\\\/avatar\\\/15c1142fe4ffaf0416ede19e056ec705eab3a0077bf155c88eea63b5977c525f?s=96&d=mm&r=g\",\"caption\":\"admin\"},\"url\":\"http:\\\/\\\/musikaliaelkartea.eus\\\/es\\\/author\\\/admin\\\/\"}]}<\/script>\n<!-- \/ Yoast SEO plugin. -->","yoast_head_json":{"title":"[:eu]Musikalia Elkarteak aldi baterako eteten ditu jarduerak[:es]Musikalia suspende temporalmente su actividad[:] - Musikalia Elkartea","robots":{"index":"index","follow":"follow","max-snippet":"max-snippet:-1","max-image-preview":"max-image-preview:large","max-video-preview":"max-video-preview:-1"},"canonical":"http:\/\/musikaliaelkartea.eus\/es\/2020\/03\/13\/musikalia-elkarteak-aldi-baterako-eteten-ditu-jarduerak\/","og_locale":"es_ES","og_type":"article","og_title":"[:eu]Musikalia Elkarteak aldi baterako eteten ditu jarduerak[:es]Musikalia suspende temporalmente su actividad[:] - Musikalia Elkartea","og_description":"Con motivo de las medidas de seguridad decretadas por el departamento de salud del Gobierno Vasco en virtud de prevenir el contagio y expansi\u00f3n delView More","og_url":"http:\/\/musikaliaelkartea.eus\/es\/2020\/03\/13\/musikalia-elkarteak-aldi-baterako-eteten-ditu-jarduerak\/","og_site_name":"Musikalia Elkartea","article_publisher":"https:\/\/www.facebook.com\/musikaliaelkartea","article_published_time":"2020-03-13T15:42:43+00:00","og_image":[{"width":820,"height":312,"url":"https:\/\/i0.wp.com\/musikaliaelkartea.eus\/wp-content\/uploads\/2020\/03\/irribanda-2.png?fit=820%2C312","type":"image\/png"}],"author":"admin","twitter_card":"summary_large_image","twitter_misc":{"Escrito por":"admin","Tiempo de lectura":"1 minuto"},"schema":{"@context":"https:\/\/schema.org","@graph":[{"@type":"Article","@id":"http:\/\/musikaliaelkartea.eus\/es\/2020\/03\/13\/musikalia-elkarteak-aldi-baterako-eteten-ditu-jarduerak\/#article","isPartOf":{"@id":"http:\/\/musikaliaelkartea.eus\/es\/2020\/03\/13\/musikalia-elkarteak-aldi-baterako-eteten-ditu-jarduerak\/"},"author":{"name":"admin","@id":"http:\/\/musikaliaelkartea.eus\/es\/#\/schema\/person\/83f4e89e47194300d20a42d314de9e57"},"headline":"Musikalia suspende temporalmente su actividad","datePublished":"2020-03-13T15:42:43+00:00","mainEntityOfPage":{"@id":"http:\/\/musikaliaelkartea.eus\/es\/2020\/03\/13\/musikalia-elkarteak-aldi-baterako-eteten-ditu-jarduerak\/"},"wordCount":162,"publisher":{"@id":"http:\/\/musikaliaelkartea.eus\/es\/#organization"},"image":{"@id":"http:\/\/musikaliaelkartea.eus\/es\/2020\/03\/13\/musikalia-elkarteak-aldi-baterako-eteten-ditu-jarduerak\/#primaryimage"},"thumbnailUrl":"https:\/\/i0.wp.com\/musikaliaelkartea.eus\/wp-content\/uploads\/2020\/03\/irribanda-2.png?fit=820%2C312","articleSection":["Uncategorized"],"inLanguage":"es"},{"@type":"WebPage","@id":"http:\/\/musikaliaelkartea.eus\/es\/2020\/03\/13\/musikalia-elkarteak-aldi-baterako-eteten-ditu-jarduerak\/","url":"http:\/\/musikaliaelkartea.eus\/es\/2020\/03\/13\/musikalia-elkarteak-aldi-baterako-eteten-ditu-jarduerak\/","name":"[:eu]Musikalia Elkarteak aldi baterako eteten ditu jarduerak[:es]Musikalia suspende temporalmente su actividad[:] - Musikalia Elkartea","isPartOf":{"@id":"http:\/\/musikaliaelkartea.eus\/es\/#website"},"primaryImageOfPage":{"@id":"http:\/\/musikaliaelkartea.eus\/es\/2020\/03\/13\/musikalia-elkarteak-aldi-baterako-eteten-ditu-jarduerak\/#primaryimage"},"image":{"@id":"http:\/\/musikaliaelkartea.eus\/es\/2020\/03\/13\/musikalia-elkarteak-aldi-baterako-eteten-ditu-jarduerak\/#primaryimage"},"thumbnailUrl":"https:\/\/i0.wp.com\/musikaliaelkartea.eus\/wp-content\/uploads\/2020\/03\/irribanda-2.png?fit=820%2C312","datePublished":"2020-03-13T15:42:43+00:00","breadcrumb":{"@id":"http:\/\/musikaliaelkartea.eus\/es\/2020\/03\/13\/musikalia-elkarteak-aldi-baterako-eteten-ditu-jarduerak\/#breadcrumb"},"inLanguage":"es","potentialAction":[{"@type":"ReadAction","target":["http:\/\/musikaliaelkartea.eus\/es\/2020\/03\/13\/musikalia-elkarteak-aldi-baterako-eteten-ditu-jarduerak\/"]}]},{"@type":"ImageObject","inLanguage":"es","@id":"http:\/\/musikaliaelkartea.eus\/es\/2020\/03\/13\/musikalia-elkarteak-aldi-baterako-eteten-ditu-jarduerak\/#primaryimage","url":"https:\/\/i0.wp.com\/musikaliaelkartea.eus\/wp-content\/uploads\/2020\/03\/irribanda-2.png?fit=820%2C312","contentUrl":"https:\/\/i0.wp.com\/musikaliaelkartea.eus\/wp-content\/uploads\/2020\/03\/irribanda-2.png?fit=820%2C312","width":820,"height":312},{"@type":"BreadcrumbList","@id":"http:\/\/musikaliaelkartea.eus\/es\/2020\/03\/13\/musikalia-elkarteak-aldi-baterako-eteten-ditu-jarduerak\/#breadcrumb","itemListElement":[{"@type":"ListItem","position":1,"name":"Home","item":"http:\/\/musikaliaelkartea.eus\/es\/"},{"@type":"ListItem","position":2,"name":"Musikalia suspende temporalmente su actividad"}]},{"@type":"WebSite","@id":"http:\/\/musikaliaelkartea.eus\/es\/#website","url":"http:\/\/musikaliaelkartea.eus\/es\/","name":"Musikalia Elkartea","description":"","publisher":{"@id":"http:\/\/musikaliaelkartea.eus\/es\/#organization"},"potentialAction":[{"@type":"SearchAction","target":{"@type":"EntryPoint","urlTemplate":"http:\/\/musikaliaelkartea.eus\/es\/?s={search_term_string}"},"query-input":{"@type":"PropertyValueSpecification","valueRequired":true,"valueName":"search_term_string"}}],"inLanguage":"es"},{"@type":"Organization","@id":"http:\/\/musikaliaelkartea.eus\/es\/#organization","name":"Getxoko Andres Isasi Musikalia Elkartea","url":"http:\/\/musikaliaelkartea.eus\/es\/","logo":{"@type":"ImageObject","inLanguage":"es","@id":"http:\/\/musikaliaelkartea.eus\/es\/#\/schema\/logo\/image\/","url":"https:\/\/i0.wp.com\/musikaliaelkartea.eus\/wp-content\/uploads\/2025\/03\/cropped-MUSIKALIA-LOGO-LARGO.png?fit=5455%2C1928","contentUrl":"https:\/\/i0.wp.com\/musikaliaelkartea.eus\/wp-content\/uploads\/2025\/03\/cropped-MUSIKALIA-LOGO-LARGO.png?fit=5455%2C1928","width":5455,"height":1928,"caption":"Getxoko Andres Isasi Musikalia Elkartea"},"image":{"@id":"http:\/\/musikaliaelkartea.eus\/es\/#\/schema\/logo\/image\/"},"sameAs":["https:\/\/www.facebook.com\/musikaliaelkartea","https:\/\/www.instagram.com\/musikaliaelkartea\/","https:\/\/www.youtube.com\/channel\/UCYG_UH_Rv-34wbmS8nQ7mpg"]},{"@type":"Person","@id":"http:\/\/musikaliaelkartea.eus\/es\/#\/schema\/person\/83f4e89e47194300d20a42d314de9e57","name":"admin","image":{"@type":"ImageObject","inLanguage":"es","@id":"https:\/\/secure.gravatar.com\/avatar\/15c1142fe4ffaf0416ede19e056ec705eab3a0077bf155c88eea63b5977c525f?s=96&d=mm&r=g","url":"https:\/\/secure.gravatar.com\/avatar\/15c1142fe4ffaf0416ede19e056ec705eab3a0077bf155c88eea63b5977c525f?s=96&d=mm&r=g","contentUrl":"https:\/\/secure.gravatar.com\/avatar\/15c1142fe4ffaf0416ede19e056ec705eab3a0077bf155c88eea63b5977c525f?s=96&d=mm&r=g","caption":"admin"},"url":"http:\/\/musikaliaelkartea.eus\/es\/author\/admin\/"}]}},"jetpack_featured_media_url":"https:\/\/i0.wp.com\/musikaliaelkartea.eus\/wp-content\/uploads\/2020\/03\/irribanda-2.png?fit=820%2C312","jetpack_sharing_enabled":true,"jetpack_shortlink":"https:\/\/wp.me\/p8OhQz-Pt","_links":{"self":[{"href":"http:\/\/musikaliaelkartea.eus\/es\/wp-json\/wp\/v2\/posts\/3191","targetHints":{"allow":["GET"]}}],"collection":[{"href":"http:\/\/musikaliaelkartea.eus\/es\/wp-json\/wp\/v2\/posts"}],"about":[{"href":"http:\/\/musikaliaelkartea.eus\/es\/wp-json\/wp\/v2\/types\/post"}],"author":[{"embeddable":true,"href":"http:\/\/musikaliaelkartea.eus\/es\/wp-json\/wp\/v2\/users\/1"}],"replies":[{"embeddable":true,"href":"http:\/\/musikaliaelkartea.eus\/es\/wp-json\/wp\/v2\/comments?post=3191"}],"version-history":[{"count":1,"href":"http:\/\/musikaliaelkartea.eus\/es\/wp-json\/wp\/v2\/posts\/3191\/revisions"}],"predecessor-version":[{"id":3193,"href":"http:\/\/musikaliaelkartea.eus\/es\/wp-json\/wp\/v2\/posts\/3191\/revisions\/3193"}],"wp:featuredmedia":[{"embeddable":true,"href":"http:\/\/musikaliaelkartea.eus\/es\/wp-json\/wp\/v2\/media\/3192"}],"wp:attachment":[{"href":"http:\/\/musikaliaelkartea.eus\/es\/wp-json\/wp\/v2\/media?parent=3191"}],"wp:term":[{"taxonomy":"category","embeddable":true,"href":"http:\/\/musikaliaelkartea.eus\/es\/wp-json\/wp\/v2\/categories?post=3191"},{"taxonomy":"post_tag","embeddable":true,"href":"http:\/\/musikaliaelkartea.eus\/es\/wp-json\/wp\/v2\/tags?post=3191"}],"curies":[{"name":"wp","href":"https:\/\/api.w.org\/{rel}","templated":true}]}}