{"id":3167,"date":"2020-03-10T15:55:22","date_gmt":"2020-03-10T15:55:22","guid":{"rendered":"http:\/\/musikaliaelkartea.eus\/?p=3167"},"modified":"2020-03-12T11:02:06","modified_gmt":"2020-03-12T11:02:06","slug":"udaberriko-kontzertuak","status":"publish","type":"post","link":"http:\/\/musikaliaelkartea.eus\/es\/2020\/03\/10\/udaberriko-kontzertuak\/","title":{"rendered":"Conciertos de primavera"},"content":{"rendered":"<p>Una vez ofrecida la primera actuaci\u00f3n del a\u00f1o, esta semana os iremos informando de diferentes actividades y colaboraciones:<\/p>\n<h2>Berbabanda (2 de abril, 19:00)<\/h2>\n<p>Se trata de un proyecto que mezcla melod\u00edas y letras. No es la primera vez que ofrecemos este espect\u00e1culo. Tambi\u00e9n en 2014, junto con Nahikari Ayo, realizamos la primera actuaci\u00f3n en la escuela de m\u00fasica de Las Arenas.<\/p>\n<p>Desde la creaci\u00f3n de la asociaci\u00f3n han sido muchas las colaboraciones con los alumnos de Nahikari y Aixerrita. Los trabajos de construcci\u00f3n realizados en el municipio en los \u00faltimos a\u00f1os han reducido las posibilidades de colaboraci\u00f3n, pero en esta ocasi\u00f3n los\/as alumnos\/as de bachillerato de Aixerrota podr\u00e1n compartir el escenario con la banda ofreciendo un concierto especial y espectacular.<\/p>\n<p>El acceso a la sala se gestionar\u00e1 a trav\u00e9s de invitaciones que comunicaremos a trav\u00e9s de nuestras redes sociales y de nuestra p\u00e1gina web.<\/p>\n<h2>FIESTAS DE ANDRA MARI (16 de mayo, 13:00)<\/h2>\n<p>Como todos los a\u00f1os estaremos en las fiestas de Andra Mari el s\u00e1bado por la ma\u00f1ana. Nos encanta caminar por el barrio, por el trato que recibimos cada a\u00f1o. Adem\u00e1s, son a\u00f1os los que la asociaci\u00f3n ofrece ayuda y realiza el turno del viernes noche. Este a\u00f1o tambi\u00e9n estaremos en la txosna.<\/p>\n<p>Como el a\u00f1o pasado, comenzaremos nuestro recorrido en la Residencia de Ancianos. Despu\u00e9s estaremos en el Malakate y en la carpa, y tras la gran alubiada del a\u00f1o pasado, este a\u00f1o volvemos a comer.<\/p>\n<p><img data-recalc-dims=\"1\" loading=\"lazy\" decoding=\"async\" data-attachment-id=\"2652\" data-permalink=\"http:\/\/musikaliaelkartea.eus\/es\/2019\/05\/15\/eguzkia-musika-eta-kantua\/img_0821\/\" data-orig-file=\"https:\/\/i0.wp.com\/musikaliaelkartea.eus\/wp-content\/uploads\/2019\/05\/IMG_0821.jpg?fit=5184%2C3456\" data-orig-size=\"5184,3456\" data-comments-opened=\"1\" data-image-meta=\"{&quot;aperture&quot;:&quot;5.6&quot;,&quot;credit&quot;:&quot;josu&quot;,&quot;camera&quot;:&quot;Canon EOS 7D&quot;,&quot;caption&quot;:&quot;&quot;,&quot;created_timestamp&quot;:&quot;1350015661&quot;,&quot;copyright&quot;:&quot;&quot;,&quot;focal_length&quot;:&quot;15&quot;,&quot;iso&quot;:&quot;100&quot;,&quot;shutter_speed&quot;:&quot;0.0025&quot;,&quot;title&quot;:&quot;&quot;,&quot;orientation&quot;:&quot;0&quot;}\" data-image-title=\"IMG_0821\" data-image-description=\"\" data-image-caption=\"\" data-large-file=\"https:\/\/i0.wp.com\/musikaliaelkartea.eus\/wp-content\/uploads\/2019\/05\/IMG_0821.jpg?fit=1024%2C683\" class=\"alignnone wp-image-2652 size-apostrophe-featured\" src=\"https:\/\/i0.wp.com\/musikaliaelkartea.eus\/wp-content\/uploads\/2019\/05\/IMG_0821.jpg?resize=723%2C350\" alt=\"\" width=\"723\" height=\"350\" srcset=\"https:\/\/i0.wp.com\/musikaliaelkartea.eus\/wp-content\/uploads\/2019\/05\/IMG_0821.jpg?resize=930%2C450 930w, https:\/\/i0.wp.com\/musikaliaelkartea.eus\/wp-content\/uploads\/2019\/05\/IMG_0821.jpg?zoom=2&amp;resize=723%2C350 1446w, https:\/\/i0.wp.com\/musikaliaelkartea.eus\/wp-content\/uploads\/2019\/05\/IMG_0821.jpg?zoom=3&amp;resize=723%2C350 2169w\" sizes=\"(max-width: 723px) 100vw, 723px\" \/><\/p>\n<h2>SOROTAN BELE GOGOAN (30 de mayo)<\/h2>\n<p data-wp-editing=\"1\"><img data-recalc-dims=\"1\" loading=\"lazy\" decoding=\"async\" data-attachment-id=\"3127\" data-permalink=\"http:\/\/musikaliaelkartea.eus\/es\/2020\/01\/29\/sorotan-bele-taldearekin-elkarlanean\/2020-05-30-larrabetzu-kartela-1\/\" data-orig-file=\"https:\/\/i0.wp.com\/musikaliaelkartea.eus\/wp-content\/uploads\/2020\/01\/2020-05-30-LARRABETZU-Kartela-1.jpg?fit=375%2C530\" data-orig-size=\"375,530\" data-comments-opened=\"0\" data-image-meta=\"{&quot;aperture&quot;:&quot;0&quot;,&quot;credit&quot;:&quot;&quot;,&quot;camera&quot;:&quot;&quot;,&quot;caption&quot;:&quot;&quot;,&quot;created_timestamp&quot;:&quot;0&quot;,&quot;copyright&quot;:&quot;&quot;,&quot;focal_length&quot;:&quot;0&quot;,&quot;iso&quot;:&quot;0&quot;,&quot;shutter_speed&quot;:&quot;0&quot;,&quot;title&quot;:&quot;&quot;,&quot;orientation&quot;:&quot;0&quot;}\" data-image-title=\"2020-05-30-LARRABETZU-Kartela-1\" data-image-description=\"\" data-image-caption=\"\" data-large-file=\"https:\/\/i0.wp.com\/musikaliaelkartea.eus\/wp-content\/uploads\/2020\/01\/2020-05-30-LARRABETZU-Kartela-1.jpg?fit=375%2C530\" class=\"size-full wp-image-3127 alignright\" src=\"https:\/\/i0.wp.com\/musikaliaelkartea.eus\/wp-content\/uploads\/2020\/01\/2020-05-30-LARRABETZU-Kartela-1.jpg?resize=375%2C530\" alt=\"\" width=\"375\" height=\"530\" srcset=\"https:\/\/i0.wp.com\/musikaliaelkartea.eus\/wp-content\/uploads\/2020\/01\/2020-05-30-LARRABETZU-Kartela-1.jpg?w=375 375w, https:\/\/i0.wp.com\/musikaliaelkartea.eus\/wp-content\/uploads\/2020\/01\/2020-05-30-LARRABETZU-Kartela-1.jpg?resize=212%2C300 212w\" sizes=\"(max-width: 375px) 100vw, 375px\" \/>Hace 30 a\u00f1os el grupo se disolvi\u00f3 y dej\u00f3 de tocar. En este 2020, junto a Gorka Sarriegi y Urbil Artola, recordaremos las canciones m\u00e1s importantes de la trayectoria de Sorotan Bele.<\/p>\n<p>La gira Sorotan Bele Gogoan comenzar\u00e1 en Larabetzu, ya que el primer concierto del grupo se celebr\u00f3 en el front\u00f3n de Larrabetzu. Y la banda Musikalia tendr\u00e1 la oportunidad de dar comienzo a esta gira. Muchos de nuestros m\u00fasicos crecimos con el grupo y seguimos escuchando su m\u00fasica durante las fiestas, por lo que este ser\u00e1 un espect\u00e1culo que nos sorprender\u00e1 y nos ilusionar\u00e1. Adem\u00e1s, Musikalia ofrecer\u00e1 su primera actuaci\u00f3n fuera de Getxo.<\/p>\n<p>Las entradas ya est\u00e1n a la venta aqu\u00ed.<\/p>\n<h2>CORPUS PUERTO VIEJO (14 de junio, 18:00)<\/h2>\n<p>Esta es una salida muy especial. Es la primera actuaci\u00f3n que llevamos a cabo desde nuestra fundaci\u00f3n. Y el trato recibido a lo largo de estos cuatro a\u00f1os han hecho especial esta salida. No se toca todos los d\u00edas en un peque\u00f1o rinc\u00f3n de estas caracter\u00edsticas y esto tambi\u00e9n influye en el ambiente. Un a\u00f1o m\u00e1s, esperamos que el tiempo permita que las celebraciones transcurran con normalidad.<\/p>\n<p>Aunque no hayamos concretado el recorrido, tendr\u00e9is f\u00e1cil encontrarnos.<\/p>\n<p><img data-recalc-dims=\"1\" loading=\"lazy\" decoding=\"async\" data-attachment-id=\"2790\" data-permalink=\"http:\/\/musikaliaelkartea.eus\/es\/2019\/06\/24\/musikaz-beteriko-igandea\/whatsapp-image-2019-06-23-at-20-16-32\/\" data-orig-file=\"https:\/\/i0.wp.com\/musikaliaelkartea.eus\/wp-content\/uploads\/2019\/06\/WhatsApp-Image-2019-06-23-at-20.16.32.jpeg?fit=1600%2C1170\" data-orig-size=\"1600,1170\" data-comments-opened=\"1\" data-image-meta=\"{&quot;aperture&quot;:&quot;0&quot;,&quot;credit&quot;:&quot;&quot;,&quot;camera&quot;:&quot;&quot;,&quot;caption&quot;:&quot;&quot;,&quot;created_timestamp&quot;:&quot;0&quot;,&quot;copyright&quot;:&quot;&quot;,&quot;focal_length&quot;:&quot;0&quot;,&quot;iso&quot;:&quot;0&quot;,&quot;shutter_speed&quot;:&quot;0&quot;,&quot;title&quot;:&quot;&quot;,&quot;orientation&quot;:&quot;0&quot;}\" data-image-title=\"WhatsApp Image 2019-06-23 at 20.16.32\" data-image-description=\"\" data-image-caption=\"\" data-large-file=\"https:\/\/i0.wp.com\/musikaliaelkartea.eus\/wp-content\/uploads\/2019\/06\/WhatsApp-Image-2019-06-23-at-20.16.32.jpeg?fit=1024%2C749\" class=\"wp-image-2790 size-apostrophe-featured aligncenter\" src=\"https:\/\/i0.wp.com\/musikaliaelkartea.eus\/wp-content\/uploads\/2019\/06\/WhatsApp-Image-2019-06-23-at-20.16.32.jpeg?resize=723%2C350\" alt=\"\" width=\"723\" height=\"350\" srcset=\"https:\/\/i0.wp.com\/musikaliaelkartea.eus\/wp-content\/uploads\/2019\/06\/WhatsApp-Image-2019-06-23-at-20.16.32.jpeg?resize=930%2C450 930w, https:\/\/i0.wp.com\/musikaliaelkartea.eus\/wp-content\/uploads\/2019\/06\/WhatsApp-Image-2019-06-23-at-20.16.32.jpeg?zoom=2&amp;resize=723%2C350 1446w\" sizes=\"(max-width: 723px) 100vw, 723px\" \/><\/p>\n<h2>SOROTAN BELE GOGOAN (27 de junio)<\/h2>\n<p><img data-recalc-dims=\"1\" loading=\"lazy\" decoding=\"async\" data-attachment-id=\"3184\" data-permalink=\"http:\/\/musikaliaelkartea.eus\/es\/2020\/03\/10\/udaberriko-kontzertuak\/attachment\/234\/\" data-orig-file=\"https:\/\/i0.wp.com\/musikaliaelkartea.eus\/wp-content\/uploads\/2020\/03\/234-scaled.jpg?fit=1811%2C2560\" data-orig-size=\"1811,2560\" data-comments-opened=\"0\" data-image-meta=\"{&quot;aperture&quot;:&quot;0&quot;,&quot;credit&quot;:&quot;&quot;,&quot;camera&quot;:&quot;&quot;,&quot;caption&quot;:&quot;&quot;,&quot;created_timestamp&quot;:&quot;0&quot;,&quot;copyright&quot;:&quot;&quot;,&quot;focal_length&quot;:&quot;0&quot;,&quot;iso&quot;:&quot;0&quot;,&quot;shutter_speed&quot;:&quot;0&quot;,&quot;title&quot;:&quot;&quot;,&quot;orientation&quot;:&quot;1&quot;}\" data-image-title=\"234\" data-image-description=\"\" data-image-caption=\"\" data-large-file=\"https:\/\/i0.wp.com\/musikaliaelkartea.eus\/wp-content\/uploads\/2020\/03\/234-scaled.jpg?fit=724%2C1024\" class=\"wp-image-3184 alignright\" src=\"https:\/\/i0.wp.com\/musikaliaelkartea.eus\/wp-content\/uploads\/2020\/03\/234.jpg?resize=295%2C417\" alt=\"\" width=\"295\" height=\"417\" srcset=\"https:\/\/i0.wp.com\/musikaliaelkartea.eus\/wp-content\/uploads\/2020\/03\/234-scaled.jpg?resize=212%2C300 212w, https:\/\/i0.wp.com\/musikaliaelkartea.eus\/wp-content\/uploads\/2020\/03\/234-scaled.jpg?resize=724%2C1024 724w, https:\/\/i0.wp.com\/musikaliaelkartea.eus\/wp-content\/uploads\/2020\/03\/234-scaled.jpg?resize=768%2C1086 768w, https:\/\/i0.wp.com\/musikaliaelkartea.eus\/wp-content\/uploads\/2020\/03\/234-scaled.jpg?resize=1087%2C1536 1087w, https:\/\/i0.wp.com\/musikaliaelkartea.eus\/wp-content\/uploads\/2020\/03\/234-scaled.jpg?resize=1449%2C2048 1449w, https:\/\/i0.wp.com\/musikaliaelkartea.eus\/wp-content\/uploads\/2020\/03\/234-scaled.jpg?w=1811 1811w\" sizes=\"(max-width: 295px) 100vw, 295px\" \/><\/p>\n<p>Nos vendremos con la actuaci\u00f3n que realizaremos el pasado mes en Larrabetzu. En un principio\u00a0con ganas de actuar en Getxo, hacia diciembre comenzamos a hablar con Xabier Zabala y los compa\u00f1eros Baga Biga. Y una vez que la actuaci\u00f3n de Getxo se cerr\u00f3, nos surgi\u00f3 la posibilidad de tocar en la actuaci\u00f3n de Larrabetzu. Siendo una propuesta irrechazable, en enero comenzamos a preparar las actuaciones.<\/p>\n<p>Las entradas se pondr\u00e1n a la venta el 23 de marzo en Muxikebarri.<\/p>\n<p>&nbsp;<\/p>\n<p>&nbsp;<\/p>\n<p><img data-recalc-dims=\"1\" loading=\"lazy\" decoding=\"async\" data-attachment-id=\"3180\" data-permalink=\"http:\/\/musikaliaelkartea.eus\/es\/2020\/03\/10\/udaberriko-kontzertuak\/baner-bazkide-c\/\" data-orig-file=\"https:\/\/i0.wp.com\/musikaliaelkartea.eus\/wp-content\/uploads\/2020\/03\/BANER-BAZKIDE-C.gif?fit=728%2C90\" data-orig-size=\"728,90\" data-comments-opened=\"0\" data-image-meta=\"{&quot;aperture&quot;:&quot;0&quot;,&quot;credit&quot;:&quot;&quot;,&quot;camera&quot;:&quot;&quot;,&quot;caption&quot;:&quot;&quot;,&quot;created_timestamp&quot;:&quot;0&quot;,&quot;copyright&quot;:&quot;&quot;,&quot;focal_length&quot;:&quot;0&quot;,&quot;iso&quot;:&quot;0&quot;,&quot;shutter_speed&quot;:&quot;0&quot;,&quot;title&quot;:&quot;&quot;,&quot;orientation&quot;:&quot;0&quot;}\" data-image-title=\"BANER-BAZKIDE-C\" data-image-description=\"\" data-image-caption=\"\" data-large-file=\"https:\/\/i0.wp.com\/musikaliaelkartea.eus\/wp-content\/uploads\/2020\/03\/BANER-BAZKIDE-C.gif?fit=728%2C90\" class=\"size-full wp-image-3180 aligncenter\" src=\"https:\/\/i0.wp.com\/musikaliaelkartea.eus\/wp-content\/uploads\/2020\/03\/BANER-BAZKIDE-C.gif?resize=728%2C90\" alt=\"\" width=\"728\" height=\"90\" \/><\/p>","protected":false},"excerpt":{"rendered":"<p>Una vez ofrecida la primera actuaci\u00f3n del a\u00f1o, esta semana os iremos informando de diferentes actividades y colaboraciones: Berbabanda (2 de abril, 19:00) Se trata<a href=\"http:\/\/musikaliaelkartea.eus\/es\/2020\/03\/10\/udaberriko-kontzertuak\/\" class=\"more-link\">View More<\/a><\/p>\n","protected":false},"author":1,"featured_media":3173,"comment_status":"closed","ping_status":"open","sticky":false,"template":"","format":"standard","meta":{"jetpack_post_was_ever_published":false,"_jetpack_newsletter_access":"","_jetpack_dont_email_post_to_subs":false,"_jetpack_newsletter_tier_id":0,"_jetpack_memberships_contains_paywalled_content":false,"_jetpack_memberships_contains_paid_content":false,"footnotes":""},"categories":[1],"tags":[],"class_list":["post-3167","post","type-post","status-publish","format-standard","has-post-thumbnail","hentry","category-uncategorized"],"yoast_head":"<!-- This site is optimized with the Yoast SEO plugin v27.4 - https:\/\/yoast.com\/product\/yoast-seo-wordpress\/ -->\n<title>Conciertos de primavera  - Musikalia Elkartea<\/title>\n<meta name=\"robots\" content=\"index, follow, max-snippet:-1, max-image-preview:large, max-video-preview:-1\" \/>\n<link rel=\"canonical\" href=\"http:\/\/musikaliaelkartea.eus\/2020\/03\/10\/udaberriko-kontzertuak\/\" \/>\n<meta property=\"og:locale\" content=\"es_ES\" \/>\n<meta property=\"og:type\" content=\"article\" \/>\n<meta property=\"og:title\" content=\"[:eu]Udaberriko kontzertuak[:es]Conciertos de primavera [:] - Musikalia Elkartea\" \/>\n<meta property=\"og:description\" content=\"Una vez ofrecida la primera actuaci\u00f3n del a\u00f1o, esta semana os iremos informando de diferentes actividades y colaboraciones: Berbabanda (2 de abril, 19:00) Se trataView More\" \/>\n<meta property=\"og:url\" content=\"http:\/\/musikaliaelkartea.eus\/2020\/03\/10\/udaberriko-kontzertuak\/\" \/>\n<meta property=\"og:site_name\" content=\"Musikalia Elkartea\" \/>\n<meta property=\"article:publisher\" content=\"https:\/\/www.facebook.com\/musikaliaelkartea\" \/>\n<meta property=\"article:published_time\" content=\"2020-03-10T15:55:22+00:00\" \/>\n<meta property=\"article:modified_time\" content=\"2020-03-12T11:02:06+00:00\" \/>\n<meta property=\"og:image\" content=\"https:\/\/i0.wp.com\/musikaliaelkartea.eus\/wp-content\/uploads\/2020\/03\/irribanda-1.jpg?fit=820%2C312\" \/>\n\t<meta property=\"og:image:width\" content=\"820\" \/>\n\t<meta property=\"og:image:height\" content=\"312\" \/>\n\t<meta property=\"og:image:type\" content=\"image\/jpeg\" \/>\n<meta name=\"author\" content=\"admin\" \/>\n<meta name=\"twitter:card\" content=\"summary_large_image\" \/>\n<meta name=\"twitter:label1\" content=\"Escrito por\" \/>\n\t<meta name=\"twitter:data1\" content=\"admin\" \/>\n\t<meta name=\"twitter:label2\" content=\"Tiempo de lectura\" \/>\n\t<meta name=\"twitter:data2\" content=\"5 minutos\" \/>\n<script type=\"application\/ld+json\" class=\"yoast-schema-graph\">{\"@context\":\"https:\\\/\\\/schema.org\",\"@graph\":[{\"@type\":\"Article\",\"@id\":\"http:\\\/\\\/musikaliaelkartea.eus\\\/2020\\\/03\\\/10\\\/udaberriko-kontzertuak\\\/#article\",\"isPartOf\":{\"@id\":\"http:\\\/\\\/musikaliaelkartea.eus\\\/2020\\\/03\\\/10\\\/udaberriko-kontzertuak\\\/\"},\"author\":{\"name\":\"admin\",\"@id\":\"http:\\\/\\\/musikaliaelkartea.eus\\\/es\\\/#\\\/schema\\\/person\\\/83f4e89e47194300d20a42d314de9e57\"},\"headline\":\"Conciertos de primavera\",\"datePublished\":\"2020-03-10T15:55:22+00:00\",\"dateModified\":\"2020-03-12T11:02:06+00:00\",\"mainEntityOfPage\":{\"@id\":\"http:\\\/\\\/musikaliaelkartea.eus\\\/2020\\\/03\\\/10\\\/udaberriko-kontzertuak\\\/\"},\"wordCount\":986,\"publisher\":{\"@id\":\"http:\\\/\\\/musikaliaelkartea.eus\\\/es\\\/#organization\"},\"image\":{\"@id\":\"http:\\\/\\\/musikaliaelkartea.eus\\\/2020\\\/03\\\/10\\\/udaberriko-kontzertuak\\\/#primaryimage\"},\"thumbnailUrl\":\"https:\\\/\\\/i0.wp.com\\\/musikaliaelkartea.eus\\\/wp-content\\\/uploads\\\/2020\\\/03\\\/irribanda-1.jpg?fit=820%2C312\",\"articleSection\":[\"Uncategorized\"],\"inLanguage\":\"es\"},{\"@type\":\"WebPage\",\"@id\":\"http:\\\/\\\/musikaliaelkartea.eus\\\/2020\\\/03\\\/10\\\/udaberriko-kontzertuak\\\/\",\"url\":\"http:\\\/\\\/musikaliaelkartea.eus\\\/2020\\\/03\\\/10\\\/udaberriko-kontzertuak\\\/\",\"name\":\"[:eu]Udaberriko kontzertuak[:es]Conciertos de primavera [:] - Musikalia Elkartea\",\"isPartOf\":{\"@id\":\"http:\\\/\\\/musikaliaelkartea.eus\\\/es\\\/#website\"},\"primaryImageOfPage\":{\"@id\":\"http:\\\/\\\/musikaliaelkartea.eus\\\/2020\\\/03\\\/10\\\/udaberriko-kontzertuak\\\/#primaryimage\"},\"image\":{\"@id\":\"http:\\\/\\\/musikaliaelkartea.eus\\\/2020\\\/03\\\/10\\\/udaberriko-kontzertuak\\\/#primaryimage\"},\"thumbnailUrl\":\"https:\\\/\\\/i0.wp.com\\\/musikaliaelkartea.eus\\\/wp-content\\\/uploads\\\/2020\\\/03\\\/irribanda-1.jpg?fit=820%2C312\",\"datePublished\":\"2020-03-10T15:55:22+00:00\",\"dateModified\":\"2020-03-12T11:02:06+00:00\",\"breadcrumb\":{\"@id\":\"http:\\\/\\\/musikaliaelkartea.eus\\\/2020\\\/03\\\/10\\\/udaberriko-kontzertuak\\\/#breadcrumb\"},\"inLanguage\":\"es\",\"potentialAction\":[{\"@type\":\"ReadAction\",\"target\":[\"http:\\\/\\\/musikaliaelkartea.eus\\\/2020\\\/03\\\/10\\\/udaberriko-kontzertuak\\\/\"]}]},{\"@type\":\"ImageObject\",\"inLanguage\":\"es\",\"@id\":\"http:\\\/\\\/musikaliaelkartea.eus\\\/2020\\\/03\\\/10\\\/udaberriko-kontzertuak\\\/#primaryimage\",\"url\":\"https:\\\/\\\/i0.wp.com\\\/musikaliaelkartea.eus\\\/wp-content\\\/uploads\\\/2020\\\/03\\\/irribanda-1.jpg?fit=820%2C312\",\"contentUrl\":\"https:\\\/\\\/i0.wp.com\\\/musikaliaelkartea.eus\\\/wp-content\\\/uploads\\\/2020\\\/03\\\/irribanda-1.jpg?fit=820%2C312\",\"width\":820,\"height\":312},{\"@type\":\"BreadcrumbList\",\"@id\":\"http:\\\/\\\/musikaliaelkartea.eus\\\/2020\\\/03\\\/10\\\/udaberriko-kontzertuak\\\/#breadcrumb\",\"itemListElement\":[{\"@type\":\"ListItem\",\"position\":1,\"name\":\"Home\",\"item\":\"http:\\\/\\\/musikaliaelkartea.eus\\\/es\\\/\"},{\"@type\":\"ListItem\",\"position\":2,\"name\":\"Udaberriko kontzertuak\"}]},{\"@type\":\"WebSite\",\"@id\":\"http:\\\/\\\/musikaliaelkartea.eus\\\/es\\\/#website\",\"url\":\"http:\\\/\\\/musikaliaelkartea.eus\\\/es\\\/\",\"name\":\"Musikalia Elkartea\",\"description\":\"\",\"publisher\":{\"@id\":\"http:\\\/\\\/musikaliaelkartea.eus\\\/es\\\/#organization\"},\"potentialAction\":[{\"@type\":\"SearchAction\",\"target\":{\"@type\":\"EntryPoint\",\"urlTemplate\":\"http:\\\/\\\/musikaliaelkartea.eus\\\/es\\\/?s={search_term_string}\"},\"query-input\":{\"@type\":\"PropertyValueSpecification\",\"valueRequired\":true,\"valueName\":\"search_term_string\"}}],\"inLanguage\":\"es\"},{\"@type\":\"Organization\",\"@id\":\"http:\\\/\\\/musikaliaelkartea.eus\\\/es\\\/#organization\",\"name\":\"Getxoko Andres Isasi Musikalia Elkartea\",\"url\":\"http:\\\/\\\/musikaliaelkartea.eus\\\/es\\\/\",\"logo\":{\"@type\":\"ImageObject\",\"inLanguage\":\"es\",\"@id\":\"http:\\\/\\\/musikaliaelkartea.eus\\\/es\\\/#\\\/schema\\\/logo\\\/image\\\/\",\"url\":\"https:\\\/\\\/i0.wp.com\\\/musikaliaelkartea.eus\\\/wp-content\\\/uploads\\\/2025\\\/03\\\/cropped-MUSIKALIA-LOGO-LARGO.png?fit=5455%2C1928\",\"contentUrl\":\"https:\\\/\\\/i0.wp.com\\\/musikaliaelkartea.eus\\\/wp-content\\\/uploads\\\/2025\\\/03\\\/cropped-MUSIKALIA-LOGO-LARGO.png?fit=5455%2C1928\",\"width\":5455,\"height\":1928,\"caption\":\"Getxoko Andres Isasi Musikalia Elkartea\"},\"image\":{\"@id\":\"http:\\\/\\\/musikaliaelkartea.eus\\\/es\\\/#\\\/schema\\\/logo\\\/image\\\/\"},\"sameAs\":[\"https:\\\/\\\/www.facebook.com\\\/musikaliaelkartea\",\"https:\\\/\\\/www.instagram.com\\\/musikaliaelkartea\\\/\",\"https:\\\/\\\/www.youtube.com\\\/channel\\\/UCYG_UH_Rv-34wbmS8nQ7mpg\"]},{\"@type\":\"Person\",\"@id\":\"http:\\\/\\\/musikaliaelkartea.eus\\\/es\\\/#\\\/schema\\\/person\\\/83f4e89e47194300d20a42d314de9e57\",\"name\":\"admin\",\"image\":{\"@type\":\"ImageObject\",\"inLanguage\":\"es\",\"@id\":\"https:\\\/\\\/secure.gravatar.com\\\/avatar\\\/15c1142fe4ffaf0416ede19e056ec705eab3a0077bf155c88eea63b5977c525f?s=96&d=mm&r=g\",\"url\":\"https:\\\/\\\/secure.gravatar.com\\\/avatar\\\/15c1142fe4ffaf0416ede19e056ec705eab3a0077bf155c88eea63b5977c525f?s=96&d=mm&r=g\",\"contentUrl\":\"https:\\\/\\\/secure.gravatar.com\\\/avatar\\\/15c1142fe4ffaf0416ede19e056ec705eab3a0077bf155c88eea63b5977c525f?s=96&d=mm&r=g\",\"caption\":\"admin\"},\"url\":\"http:\\\/\\\/musikaliaelkartea.eus\\\/es\\\/author\\\/admin\\\/\"}]}<\/script>\n<!-- \/ Yoast SEO plugin. -->","yoast_head_json":{"title":"[:eu]Udaberriko kontzertuak[:es]Conciertos de primavera [:] - Musikalia Elkartea","robots":{"index":"index","follow":"follow","max-snippet":"max-snippet:-1","max-image-preview":"max-image-preview:large","max-video-preview":"max-video-preview:-1"},"canonical":"http:\/\/musikaliaelkartea.eus\/2020\/03\/10\/udaberriko-kontzertuak\/","og_locale":"es_ES","og_type":"article","og_title":"[:eu]Udaberriko kontzertuak[:es]Conciertos de primavera [:] - Musikalia Elkartea","og_description":"Una vez ofrecida la primera actuaci\u00f3n del a\u00f1o, esta semana os iremos informando de diferentes actividades y colaboraciones: Berbabanda (2 de abril, 19:00) Se trataView More","og_url":"http:\/\/musikaliaelkartea.eus\/2020\/03\/10\/udaberriko-kontzertuak\/","og_site_name":"Musikalia Elkartea","article_publisher":"https:\/\/www.facebook.com\/musikaliaelkartea","article_published_time":"2020-03-10T15:55:22+00:00","article_modified_time":"2020-03-12T11:02:06+00:00","og_image":[{"width":820,"height":312,"url":"https:\/\/i0.wp.com\/musikaliaelkartea.eus\/wp-content\/uploads\/2020\/03\/irribanda-1.jpg?fit=820%2C312","type":"image\/jpeg"}],"author":"admin","twitter_card":"summary_large_image","twitter_misc":{"Escrito por":"admin","Tiempo de lectura":"5 minutos"},"schema":{"@context":"https:\/\/schema.org","@graph":[{"@type":"Article","@id":"http:\/\/musikaliaelkartea.eus\/2020\/03\/10\/udaberriko-kontzertuak\/#article","isPartOf":{"@id":"http:\/\/musikaliaelkartea.eus\/2020\/03\/10\/udaberriko-kontzertuak\/"},"author":{"name":"admin","@id":"http:\/\/musikaliaelkartea.eus\/es\/#\/schema\/person\/83f4e89e47194300d20a42d314de9e57"},"headline":"Conciertos de primavera","datePublished":"2020-03-10T15:55:22+00:00","dateModified":"2020-03-12T11:02:06+00:00","mainEntityOfPage":{"@id":"http:\/\/musikaliaelkartea.eus\/2020\/03\/10\/udaberriko-kontzertuak\/"},"wordCount":986,"publisher":{"@id":"http:\/\/musikaliaelkartea.eus\/es\/#organization"},"image":{"@id":"http:\/\/musikaliaelkartea.eus\/2020\/03\/10\/udaberriko-kontzertuak\/#primaryimage"},"thumbnailUrl":"https:\/\/i0.wp.com\/musikaliaelkartea.eus\/wp-content\/uploads\/2020\/03\/irribanda-1.jpg?fit=820%2C312","articleSection":["Uncategorized"],"inLanguage":"es"},{"@type":"WebPage","@id":"http:\/\/musikaliaelkartea.eus\/2020\/03\/10\/udaberriko-kontzertuak\/","url":"http:\/\/musikaliaelkartea.eus\/2020\/03\/10\/udaberriko-kontzertuak\/","name":"[:eu]Udaberriko kontzertuak[:es]Conciertos de primavera [:] - Musikalia Elkartea","isPartOf":{"@id":"http:\/\/musikaliaelkartea.eus\/es\/#website"},"primaryImageOfPage":{"@id":"http:\/\/musikaliaelkartea.eus\/2020\/03\/10\/udaberriko-kontzertuak\/#primaryimage"},"image":{"@id":"http:\/\/musikaliaelkartea.eus\/2020\/03\/10\/udaberriko-kontzertuak\/#primaryimage"},"thumbnailUrl":"https:\/\/i0.wp.com\/musikaliaelkartea.eus\/wp-content\/uploads\/2020\/03\/irribanda-1.jpg?fit=820%2C312","datePublished":"2020-03-10T15:55:22+00:00","dateModified":"2020-03-12T11:02:06+00:00","breadcrumb":{"@id":"http:\/\/musikaliaelkartea.eus\/2020\/03\/10\/udaberriko-kontzertuak\/#breadcrumb"},"inLanguage":"es","potentialAction":[{"@type":"ReadAction","target":["http:\/\/musikaliaelkartea.eus\/2020\/03\/10\/udaberriko-kontzertuak\/"]}]},{"@type":"ImageObject","inLanguage":"es","@id":"http:\/\/musikaliaelkartea.eus\/2020\/03\/10\/udaberriko-kontzertuak\/#primaryimage","url":"https:\/\/i0.wp.com\/musikaliaelkartea.eus\/wp-content\/uploads\/2020\/03\/irribanda-1.jpg?fit=820%2C312","contentUrl":"https:\/\/i0.wp.com\/musikaliaelkartea.eus\/wp-content\/uploads\/2020\/03\/irribanda-1.jpg?fit=820%2C312","width":820,"height":312},{"@type":"BreadcrumbList","@id":"http:\/\/musikaliaelkartea.eus\/2020\/03\/10\/udaberriko-kontzertuak\/#breadcrumb","itemListElement":[{"@type":"ListItem","position":1,"name":"Home","item":"http:\/\/musikaliaelkartea.eus\/es\/"},{"@type":"ListItem","position":2,"name":"Udaberriko kontzertuak"}]},{"@type":"WebSite","@id":"http:\/\/musikaliaelkartea.eus\/es\/#website","url":"http:\/\/musikaliaelkartea.eus\/es\/","name":"Musikalia Elkartea","description":"","publisher":{"@id":"http:\/\/musikaliaelkartea.eus\/es\/#organization"},"potentialAction":[{"@type":"SearchAction","target":{"@type":"EntryPoint","urlTemplate":"http:\/\/musikaliaelkartea.eus\/es\/?s={search_term_string}"},"query-input":{"@type":"PropertyValueSpecification","valueRequired":true,"valueName":"search_term_string"}}],"inLanguage":"es"},{"@type":"Organization","@id":"http:\/\/musikaliaelkartea.eus\/es\/#organization","name":"Getxoko Andres Isasi Musikalia Elkartea","url":"http:\/\/musikaliaelkartea.eus\/es\/","logo":{"@type":"ImageObject","inLanguage":"es","@id":"http:\/\/musikaliaelkartea.eus\/es\/#\/schema\/logo\/image\/","url":"https:\/\/i0.wp.com\/musikaliaelkartea.eus\/wp-content\/uploads\/2025\/03\/cropped-MUSIKALIA-LOGO-LARGO.png?fit=5455%2C1928","contentUrl":"https:\/\/i0.wp.com\/musikaliaelkartea.eus\/wp-content\/uploads\/2025\/03\/cropped-MUSIKALIA-LOGO-LARGO.png?fit=5455%2C1928","width":5455,"height":1928,"caption":"Getxoko Andres Isasi Musikalia Elkartea"},"image":{"@id":"http:\/\/musikaliaelkartea.eus\/es\/#\/schema\/logo\/image\/"},"sameAs":["https:\/\/www.facebook.com\/musikaliaelkartea","https:\/\/www.instagram.com\/musikaliaelkartea\/","https:\/\/www.youtube.com\/channel\/UCYG_UH_Rv-34wbmS8nQ7mpg"]},{"@type":"Person","@id":"http:\/\/musikaliaelkartea.eus\/es\/#\/schema\/person\/83f4e89e47194300d20a42d314de9e57","name":"admin","image":{"@type":"ImageObject","inLanguage":"es","@id":"https:\/\/secure.gravatar.com\/avatar\/15c1142fe4ffaf0416ede19e056ec705eab3a0077bf155c88eea63b5977c525f?s=96&d=mm&r=g","url":"https:\/\/secure.gravatar.com\/avatar\/15c1142fe4ffaf0416ede19e056ec705eab3a0077bf155c88eea63b5977c525f?s=96&d=mm&r=g","contentUrl":"https:\/\/secure.gravatar.com\/avatar\/15c1142fe4ffaf0416ede19e056ec705eab3a0077bf155c88eea63b5977c525f?s=96&d=mm&r=g","caption":"admin"},"url":"http:\/\/musikaliaelkartea.eus\/es\/author\/admin\/"}]}},"jetpack_featured_media_url":"https:\/\/i0.wp.com\/musikaliaelkartea.eus\/wp-content\/uploads\/2020\/03\/irribanda-1.jpg?fit=820%2C312","jetpack_sharing_enabled":true,"jetpack_shortlink":"https:\/\/wp.me\/p8OhQz-P5","_links":{"self":[{"href":"http:\/\/musikaliaelkartea.eus\/es\/wp-json\/wp\/v2\/posts\/3167","targetHints":{"allow":["GET"]}}],"collection":[{"href":"http:\/\/musikaliaelkartea.eus\/es\/wp-json\/wp\/v2\/posts"}],"about":[{"href":"http:\/\/musikaliaelkartea.eus\/es\/wp-json\/wp\/v2\/types\/post"}],"author":[{"embeddable":true,"href":"http:\/\/musikaliaelkartea.eus\/es\/wp-json\/wp\/v2\/users\/1"}],"replies":[{"embeddable":true,"href":"http:\/\/musikaliaelkartea.eus\/es\/wp-json\/wp\/v2\/comments?post=3167"}],"version-history":[{"count":11,"href":"http:\/\/musikaliaelkartea.eus\/es\/wp-json\/wp\/v2\/posts\/3167\/revisions"}],"predecessor-version":[{"id":3190,"href":"http:\/\/musikaliaelkartea.eus\/es\/wp-json\/wp\/v2\/posts\/3167\/revisions\/3190"}],"wp:featuredmedia":[{"embeddable":true,"href":"http:\/\/musikaliaelkartea.eus\/es\/wp-json\/wp\/v2\/media\/3173"}],"wp:attachment":[{"href":"http:\/\/musikaliaelkartea.eus\/es\/wp-json\/wp\/v2\/media?parent=3167"}],"wp:term":[{"taxonomy":"category","embeddable":true,"href":"http:\/\/musikaliaelkartea.eus\/es\/wp-json\/wp\/v2\/categories?post=3167"},{"taxonomy":"post_tag","embeddable":true,"href":"http:\/\/musikaliaelkartea.eus\/es\/wp-json\/wp\/v2\/tags?post=3167"}],"curies":[{"name":"wp","href":"https:\/\/api.w.org\/{rel}","templated":true}]}}