{"id":3126,"date":"2020-01-29T13:56:25","date_gmt":"2020-01-29T13:56:25","guid":{"rendered":"http:\/\/musikaliaelkartea.eus\/?p=3126"},"modified":"2020-01-29T16:17:16","modified_gmt":"2020-01-29T16:17:16","slug":"sorotan-bele-taldearekin-elkarlanean","status":"publish","type":"post","link":"http:\/\/musikaliaelkartea.eus\/es\/2020\/01\/29\/sorotan-bele-taldearekin-elkarlanean\/","title":{"rendered":"Colaboraci\u00f3n con Sorotan Bele!"},"content":{"rendered":"<p>Como adelantamos en Navidad, este ser\u00e1 un a\u00f1o lleno de sorpresas. Despu\u00e9s de 30 a\u00f1os, Gorka Sarriegi y Urbil Artola, el grupo Sorotan Bele, volver\u00e1n para una gira especial. El primer concierto tendr\u00e1 lugar en Larrabetzu, donde comenzaron su andadura.<\/p>\n<p>Con la colaboraci\u00f3n de nuestra banda y los trabajos realizados por Xabier Zabala, interpretaremos temas como \u00abAtalaia\u00bb, \u00abArratsalde honetan\u00bb o \u00abArgiaren hiria\u00bb.<\/p>\n<p>Es un placer para nosotros volver a colaborar con Xabier Zabala y un privilegio, compartir escenario con un grupo como Sorotan Bele, referente en el panorama musical vasco.<\/p>\n<p>Las entradas ya est\u00e1n a la venta en la biblioteca Anguleri, en el Front\u00f3n de Larrabetzu y en <a href=\"https:\/\/www.wegow.com\/es-es\/conciertos\/concierto-de-sorotan-bele-gogoan-en-larrabetzu\">la p\u00e1gina web<\/a>.<\/p>\n<p><img data-recalc-dims=\"1\" decoding=\"async\" data-attachment-id=\"3127\" data-permalink=\"http:\/\/musikaliaelkartea.eus\/es\/2020\/01\/29\/sorotan-bele-taldearekin-elkarlanean\/2020-05-30-larrabetzu-kartela-1\/\" data-orig-file=\"https:\/\/i0.wp.com\/musikaliaelkartea.eus\/wp-content\/uploads\/2020\/01\/2020-05-30-LARRABETZU-Kartela-1.jpg?fit=375%2C530\" data-orig-size=\"375,530\" data-comments-opened=\"0\" data-image-meta=\"{&quot;aperture&quot;:&quot;0&quot;,&quot;credit&quot;:&quot;&quot;,&quot;camera&quot;:&quot;&quot;,&quot;caption&quot;:&quot;&quot;,&quot;created_timestamp&quot;:&quot;0&quot;,&quot;copyright&quot;:&quot;&quot;,&quot;focal_length&quot;:&quot;0&quot;,&quot;iso&quot;:&quot;0&quot;,&quot;shutter_speed&quot;:&quot;0&quot;,&quot;title&quot;:&quot;&quot;,&quot;orientation&quot;:&quot;0&quot;}\" data-image-title=\"2020-05-30-LARRABETZU-Kartela-1\" data-image-description=\"\" data-image-caption=\"\" data-large-file=\"https:\/\/i0.wp.com\/musikaliaelkartea.eus\/wp-content\/uploads\/2020\/01\/2020-05-30-LARRABETZU-Kartela-1.jpg?fit=375%2C530\" class=\"aligncenter wp-image-3127 size-full\" src=\"https:\/\/i0.wp.com\/musikaliaelkartea.eus\/wp-content\/uploads\/2020\/01\/2020-05-30-LARRABETZU-Kartela-1.jpg?resize=375%2C530\" alt=\"\" width=\"375\" height=\"530\" srcset=\"https:\/\/i0.wp.com\/musikaliaelkartea.eus\/wp-content\/uploads\/2020\/01\/2020-05-30-LARRABETZU-Kartela-1.jpg?w=375 375w, https:\/\/i0.wp.com\/musikaliaelkartea.eus\/wp-content\/uploads\/2020\/01\/2020-05-30-LARRABETZU-Kartela-1.jpg?resize=212%2C300 212w\" sizes=\"(max-width: 375px) 100vw, 375px\" \/><\/p>","protected":false},"excerpt":{"rendered":"<p>Como adelantamos en Navidad, este ser\u00e1 un a\u00f1o lleno de sorpresas. Despu\u00e9s de 30 a\u00f1os, Gorka Sarriegi y Urbil Artola, el grupo Sorotan Bele, volver\u00e1n<a href=\"http:\/\/musikaliaelkartea.eus\/es\/2020\/01\/29\/sorotan-bele-taldearekin-elkarlanean\/\" class=\"more-link\">View More<\/a><\/p>\n","protected":false},"author":1,"featured_media":3128,"comment_status":"closed","ping_status":"open","sticky":false,"template":"","format":"standard","meta":{"jetpack_post_was_ever_published":false,"_jetpack_newsletter_access":"","_jetpack_dont_email_post_to_subs":false,"_jetpack_newsletter_tier_id":0,"_jetpack_memberships_contains_paywalled_content":false,"_jetpack_memberships_contains_paid_content":false,"footnotes":""},"categories":[1],"tags":[],"class_list":["post-3126","post","type-post","status-publish","format-standard","has-post-thumbnail","hentry","category-uncategorized"],"yoast_head":"<!-- This site is optimized with the Yoast SEO plugin v27.4 - https:\/\/yoast.com\/product\/yoast-seo-wordpress\/ -->\n<title>Colaboraci\u00f3n con Sorotan Bele! - Musikalia Elkartea<\/title>\n<meta name=\"robots\" content=\"index, follow, max-snippet:-1, max-image-preview:large, max-video-preview:-1\" \/>\n<link rel=\"canonical\" href=\"https:\/\/musikaliaelkartea.eus\/es\/2020\/01\/29\/sorotan-bele-taldearekin-elkarlanean\/\" \/>\n<meta property=\"og:locale\" content=\"es_ES\" \/>\n<meta property=\"og:type\" content=\"article\" \/>\n<meta property=\"og:title\" content=\"[:eu]Sorotan Bele taldearekin elkarlanean![:es]Colaboraci\u00f3n con Sorotan Bele![:] - Musikalia Elkartea\" \/>\n<meta property=\"og:description\" content=\"Como adelantamos en Navidad, este ser\u00e1 un a\u00f1o lleno de sorpresas. Despu\u00e9s de 30 a\u00f1os, Gorka Sarriegi y Urbil Artola, el grupo Sorotan Bele, volver\u00e1nView More\" \/>\n<meta property=\"og:url\" content=\"https:\/\/musikaliaelkartea.eus\/es\/2020\/01\/29\/sorotan-bele-taldearekin-elkarlanean\/\" \/>\n<meta property=\"og:site_name\" content=\"Musikalia Elkartea\" \/>\n<meta property=\"article:publisher\" content=\"https:\/\/www.facebook.com\/musikaliaelkartea\" \/>\n<meta property=\"article:published_time\" content=\"2020-01-29T13:56:25+00:00\" \/>\n<meta property=\"article:modified_time\" content=\"2020-01-29T16:17:16+00:00\" \/>\n<meta property=\"og:image\" content=\"https:\/\/i0.wp.com\/musikaliaelkartea.eus\/wp-content\/uploads\/2020\/01\/irribanda-1.png?fit=820%2C312&ssl=1\" \/>\n\t<meta property=\"og:image:width\" content=\"820\" \/>\n\t<meta property=\"og:image:height\" content=\"312\" \/>\n\t<meta property=\"og:image:type\" content=\"image\/png\" \/>\n<meta name=\"author\" content=\"admin\" \/>\n<meta name=\"twitter:card\" content=\"summary_large_image\" \/>\n<meta name=\"twitter:label1\" content=\"Escrito por\" \/>\n\t<meta name=\"twitter:data1\" content=\"admin\" \/>\n\t<meta name=\"twitter:label2\" content=\"Tiempo de lectura\" \/>\n\t<meta name=\"twitter:data2\" content=\"1 minuto\" \/>\n<script type=\"application\/ld+json\" class=\"yoast-schema-graph\">{\"@context\":\"https:\\\/\\\/schema.org\",\"@graph\":[{\"@type\":\"Article\",\"@id\":\"https:\\\/\\\/musikaliaelkartea.eus\\\/es\\\/2020\\\/01\\\/29\\\/sorotan-bele-taldearekin-elkarlanean\\\/#article\",\"isPartOf\":{\"@id\":\"https:\\\/\\\/musikaliaelkartea.eus\\\/es\\\/2020\\\/01\\\/29\\\/sorotan-bele-taldearekin-elkarlanean\\\/\"},\"author\":{\"name\":\"admin\",\"@id\":\"http:\\\/\\\/musikaliaelkartea.eus\\\/es\\\/#\\\/schema\\\/person\\\/83f4e89e47194300d20a42d314de9e57\"},\"headline\":\"Colaboraci\u00f3n con Sorotan Bele!\",\"datePublished\":\"2020-01-29T13:56:25+00:00\",\"dateModified\":\"2020-01-29T16:17:16+00:00\",\"mainEntityOfPage\":{\"@id\":\"https:\\\/\\\/musikaliaelkartea.eus\\\/es\\\/2020\\\/01\\\/29\\\/sorotan-bele-taldearekin-elkarlanean\\\/\"},\"wordCount\":226,\"publisher\":{\"@id\":\"http:\\\/\\\/musikaliaelkartea.eus\\\/es\\\/#organization\"},\"image\":{\"@id\":\"https:\\\/\\\/musikaliaelkartea.eus\\\/es\\\/2020\\\/01\\\/29\\\/sorotan-bele-taldearekin-elkarlanean\\\/#primaryimage\"},\"thumbnailUrl\":\"https:\\\/\\\/i0.wp.com\\\/musikaliaelkartea.eus\\\/wp-content\\\/uploads\\\/2020\\\/01\\\/irribanda-1.png?fit=820%2C312\",\"articleSection\":[\"Uncategorized\"],\"inLanguage\":\"es\"},{\"@type\":\"WebPage\",\"@id\":\"https:\\\/\\\/musikaliaelkartea.eus\\\/es\\\/2020\\\/01\\\/29\\\/sorotan-bele-taldearekin-elkarlanean\\\/\",\"url\":\"https:\\\/\\\/musikaliaelkartea.eus\\\/es\\\/2020\\\/01\\\/29\\\/sorotan-bele-taldearekin-elkarlanean\\\/\",\"name\":\"[:eu]Sorotan Bele taldearekin elkarlanean![:es]Colaboraci\u00f3n con Sorotan Bele![:] - Musikalia Elkartea\",\"isPartOf\":{\"@id\":\"http:\\\/\\\/musikaliaelkartea.eus\\\/es\\\/#website\"},\"primaryImageOfPage\":{\"@id\":\"https:\\\/\\\/musikaliaelkartea.eus\\\/es\\\/2020\\\/01\\\/29\\\/sorotan-bele-taldearekin-elkarlanean\\\/#primaryimage\"},\"image\":{\"@id\":\"https:\\\/\\\/musikaliaelkartea.eus\\\/es\\\/2020\\\/01\\\/29\\\/sorotan-bele-taldearekin-elkarlanean\\\/#primaryimage\"},\"thumbnailUrl\":\"https:\\\/\\\/i0.wp.com\\\/musikaliaelkartea.eus\\\/wp-content\\\/uploads\\\/2020\\\/01\\\/irribanda-1.png?fit=820%2C312\",\"datePublished\":\"2020-01-29T13:56:25+00:00\",\"dateModified\":\"2020-01-29T16:17:16+00:00\",\"breadcrumb\":{\"@id\":\"https:\\\/\\\/musikaliaelkartea.eus\\\/es\\\/2020\\\/01\\\/29\\\/sorotan-bele-taldearekin-elkarlanean\\\/#breadcrumb\"},\"inLanguage\":\"es\",\"potentialAction\":[{\"@type\":\"ReadAction\",\"target\":[\"https:\\\/\\\/musikaliaelkartea.eus\\\/es\\\/2020\\\/01\\\/29\\\/sorotan-bele-taldearekin-elkarlanean\\\/\"]}]},{\"@type\":\"ImageObject\",\"inLanguage\":\"es\",\"@id\":\"https:\\\/\\\/musikaliaelkartea.eus\\\/es\\\/2020\\\/01\\\/29\\\/sorotan-bele-taldearekin-elkarlanean\\\/#primaryimage\",\"url\":\"https:\\\/\\\/i0.wp.com\\\/musikaliaelkartea.eus\\\/wp-content\\\/uploads\\\/2020\\\/01\\\/irribanda-1.png?fit=820%2C312\",\"contentUrl\":\"https:\\\/\\\/i0.wp.com\\\/musikaliaelkartea.eus\\\/wp-content\\\/uploads\\\/2020\\\/01\\\/irribanda-1.png?fit=820%2C312\",\"width\":820,\"height\":312},{\"@type\":\"BreadcrumbList\",\"@id\":\"https:\\\/\\\/musikaliaelkartea.eus\\\/es\\\/2020\\\/01\\\/29\\\/sorotan-bele-taldearekin-elkarlanean\\\/#breadcrumb\",\"itemListElement\":[{\"@type\":\"ListItem\",\"position\":1,\"name\":\"Home\",\"item\":\"http:\\\/\\\/musikaliaelkartea.eus\\\/es\\\/\"},{\"@type\":\"ListItem\",\"position\":2,\"name\":\"Colaboraci\u00f3n con Sorotan Bele!\"}]},{\"@type\":\"WebSite\",\"@id\":\"http:\\\/\\\/musikaliaelkartea.eus\\\/es\\\/#website\",\"url\":\"http:\\\/\\\/musikaliaelkartea.eus\\\/es\\\/\",\"name\":\"Musikalia Elkartea\",\"description\":\"\",\"publisher\":{\"@id\":\"http:\\\/\\\/musikaliaelkartea.eus\\\/es\\\/#organization\"},\"potentialAction\":[{\"@type\":\"SearchAction\",\"target\":{\"@type\":\"EntryPoint\",\"urlTemplate\":\"http:\\\/\\\/musikaliaelkartea.eus\\\/es\\\/?s={search_term_string}\"},\"query-input\":{\"@type\":\"PropertyValueSpecification\",\"valueRequired\":true,\"valueName\":\"search_term_string\"}}],\"inLanguage\":\"es\"},{\"@type\":\"Organization\",\"@id\":\"http:\\\/\\\/musikaliaelkartea.eus\\\/es\\\/#organization\",\"name\":\"Getxoko Andres Isasi Musikalia Elkartea\",\"url\":\"http:\\\/\\\/musikaliaelkartea.eus\\\/es\\\/\",\"logo\":{\"@type\":\"ImageObject\",\"inLanguage\":\"es\",\"@id\":\"http:\\\/\\\/musikaliaelkartea.eus\\\/es\\\/#\\\/schema\\\/logo\\\/image\\\/\",\"url\":\"https:\\\/\\\/i0.wp.com\\\/musikaliaelkartea.eus\\\/wp-content\\\/uploads\\\/2025\\\/03\\\/cropped-MUSIKALIA-LOGO-LARGO.png?fit=5455%2C1928\",\"contentUrl\":\"https:\\\/\\\/i0.wp.com\\\/musikaliaelkartea.eus\\\/wp-content\\\/uploads\\\/2025\\\/03\\\/cropped-MUSIKALIA-LOGO-LARGO.png?fit=5455%2C1928\",\"width\":5455,\"height\":1928,\"caption\":\"Getxoko Andres Isasi Musikalia Elkartea\"},\"image\":{\"@id\":\"http:\\\/\\\/musikaliaelkartea.eus\\\/es\\\/#\\\/schema\\\/logo\\\/image\\\/\"},\"sameAs\":[\"https:\\\/\\\/www.facebook.com\\\/musikaliaelkartea\",\"https:\\\/\\\/www.instagram.com\\\/musikaliaelkartea\\\/\",\"https:\\\/\\\/www.youtube.com\\\/channel\\\/UCYG_UH_Rv-34wbmS8nQ7mpg\"]},{\"@type\":\"Person\",\"@id\":\"http:\\\/\\\/musikaliaelkartea.eus\\\/es\\\/#\\\/schema\\\/person\\\/83f4e89e47194300d20a42d314de9e57\",\"name\":\"admin\",\"image\":{\"@type\":\"ImageObject\",\"inLanguage\":\"es\",\"@id\":\"https:\\\/\\\/secure.gravatar.com\\\/avatar\\\/15c1142fe4ffaf0416ede19e056ec705eab3a0077bf155c88eea63b5977c525f?s=96&d=mm&r=g\",\"url\":\"https:\\\/\\\/secure.gravatar.com\\\/avatar\\\/15c1142fe4ffaf0416ede19e056ec705eab3a0077bf155c88eea63b5977c525f?s=96&d=mm&r=g\",\"contentUrl\":\"https:\\\/\\\/secure.gravatar.com\\\/avatar\\\/15c1142fe4ffaf0416ede19e056ec705eab3a0077bf155c88eea63b5977c525f?s=96&d=mm&r=g\",\"caption\":\"admin\"},\"url\":\"http:\\\/\\\/musikaliaelkartea.eus\\\/es\\\/author\\\/admin\\\/\"}]}<\/script>\n<!-- \/ Yoast SEO plugin. -->","yoast_head_json":{"title":"[:eu]Sorotan Bele taldearekin elkarlanean![:es]Colaboraci\u00f3n con Sorotan Bele![:] - Musikalia Elkartea","robots":{"index":"index","follow":"follow","max-snippet":"max-snippet:-1","max-image-preview":"max-image-preview:large","max-video-preview":"max-video-preview:-1"},"canonical":"https:\/\/musikaliaelkartea.eus\/es\/2020\/01\/29\/sorotan-bele-taldearekin-elkarlanean\/","og_locale":"es_ES","og_type":"article","og_title":"[:eu]Sorotan Bele taldearekin elkarlanean![:es]Colaboraci\u00f3n con Sorotan Bele![:] - Musikalia Elkartea","og_description":"Como adelantamos en Navidad, este ser\u00e1 un a\u00f1o lleno de sorpresas. Despu\u00e9s de 30 a\u00f1os, Gorka Sarriegi y Urbil Artola, el grupo Sorotan Bele, volver\u00e1nView More","og_url":"https:\/\/musikaliaelkartea.eus\/es\/2020\/01\/29\/sorotan-bele-taldearekin-elkarlanean\/","og_site_name":"Musikalia Elkartea","article_publisher":"https:\/\/www.facebook.com\/musikaliaelkartea","article_published_time":"2020-01-29T13:56:25+00:00","article_modified_time":"2020-01-29T16:17:16+00:00","og_image":[{"width":820,"height":312,"url":"https:\/\/i0.wp.com\/musikaliaelkartea.eus\/wp-content\/uploads\/2020\/01\/irribanda-1.png?fit=820%2C312&ssl=1","type":"image\/png"}],"author":"admin","twitter_card":"summary_large_image","twitter_misc":{"Escrito por":"admin","Tiempo de lectura":"1 minuto"},"schema":{"@context":"https:\/\/schema.org","@graph":[{"@type":"Article","@id":"https:\/\/musikaliaelkartea.eus\/es\/2020\/01\/29\/sorotan-bele-taldearekin-elkarlanean\/#article","isPartOf":{"@id":"https:\/\/musikaliaelkartea.eus\/es\/2020\/01\/29\/sorotan-bele-taldearekin-elkarlanean\/"},"author":{"name":"admin","@id":"http:\/\/musikaliaelkartea.eus\/es\/#\/schema\/person\/83f4e89e47194300d20a42d314de9e57"},"headline":"Colaboraci\u00f3n con Sorotan Bele!","datePublished":"2020-01-29T13:56:25+00:00","dateModified":"2020-01-29T16:17:16+00:00","mainEntityOfPage":{"@id":"https:\/\/musikaliaelkartea.eus\/es\/2020\/01\/29\/sorotan-bele-taldearekin-elkarlanean\/"},"wordCount":226,"publisher":{"@id":"http:\/\/musikaliaelkartea.eus\/es\/#organization"},"image":{"@id":"https:\/\/musikaliaelkartea.eus\/es\/2020\/01\/29\/sorotan-bele-taldearekin-elkarlanean\/#primaryimage"},"thumbnailUrl":"https:\/\/i0.wp.com\/musikaliaelkartea.eus\/wp-content\/uploads\/2020\/01\/irribanda-1.png?fit=820%2C312","articleSection":["Uncategorized"],"inLanguage":"es"},{"@type":"WebPage","@id":"https:\/\/musikaliaelkartea.eus\/es\/2020\/01\/29\/sorotan-bele-taldearekin-elkarlanean\/","url":"https:\/\/musikaliaelkartea.eus\/es\/2020\/01\/29\/sorotan-bele-taldearekin-elkarlanean\/","name":"[:eu]Sorotan Bele taldearekin elkarlanean![:es]Colaboraci\u00f3n con Sorotan Bele![:] - Musikalia Elkartea","isPartOf":{"@id":"http:\/\/musikaliaelkartea.eus\/es\/#website"},"primaryImageOfPage":{"@id":"https:\/\/musikaliaelkartea.eus\/es\/2020\/01\/29\/sorotan-bele-taldearekin-elkarlanean\/#primaryimage"},"image":{"@id":"https:\/\/musikaliaelkartea.eus\/es\/2020\/01\/29\/sorotan-bele-taldearekin-elkarlanean\/#primaryimage"},"thumbnailUrl":"https:\/\/i0.wp.com\/musikaliaelkartea.eus\/wp-content\/uploads\/2020\/01\/irribanda-1.png?fit=820%2C312","datePublished":"2020-01-29T13:56:25+00:00","dateModified":"2020-01-29T16:17:16+00:00","breadcrumb":{"@id":"https:\/\/musikaliaelkartea.eus\/es\/2020\/01\/29\/sorotan-bele-taldearekin-elkarlanean\/#breadcrumb"},"inLanguage":"es","potentialAction":[{"@type":"ReadAction","target":["https:\/\/musikaliaelkartea.eus\/es\/2020\/01\/29\/sorotan-bele-taldearekin-elkarlanean\/"]}]},{"@type":"ImageObject","inLanguage":"es","@id":"https:\/\/musikaliaelkartea.eus\/es\/2020\/01\/29\/sorotan-bele-taldearekin-elkarlanean\/#primaryimage","url":"https:\/\/i0.wp.com\/musikaliaelkartea.eus\/wp-content\/uploads\/2020\/01\/irribanda-1.png?fit=820%2C312","contentUrl":"https:\/\/i0.wp.com\/musikaliaelkartea.eus\/wp-content\/uploads\/2020\/01\/irribanda-1.png?fit=820%2C312","width":820,"height":312},{"@type":"BreadcrumbList","@id":"https:\/\/musikaliaelkartea.eus\/es\/2020\/01\/29\/sorotan-bele-taldearekin-elkarlanean\/#breadcrumb","itemListElement":[{"@type":"ListItem","position":1,"name":"Home","item":"http:\/\/musikaliaelkartea.eus\/es\/"},{"@type":"ListItem","position":2,"name":"Colaboraci\u00f3n con Sorotan Bele!"}]},{"@type":"WebSite","@id":"http:\/\/musikaliaelkartea.eus\/es\/#website","url":"http:\/\/musikaliaelkartea.eus\/es\/","name":"Musikalia Elkartea","description":"","publisher":{"@id":"http:\/\/musikaliaelkartea.eus\/es\/#organization"},"potentialAction":[{"@type":"SearchAction","target":{"@type":"EntryPoint","urlTemplate":"http:\/\/musikaliaelkartea.eus\/es\/?s={search_term_string}"},"query-input":{"@type":"PropertyValueSpecification","valueRequired":true,"valueName":"search_term_string"}}],"inLanguage":"es"},{"@type":"Organization","@id":"http:\/\/musikaliaelkartea.eus\/es\/#organization","name":"Getxoko Andres Isasi Musikalia Elkartea","url":"http:\/\/musikaliaelkartea.eus\/es\/","logo":{"@type":"ImageObject","inLanguage":"es","@id":"http:\/\/musikaliaelkartea.eus\/es\/#\/schema\/logo\/image\/","url":"https:\/\/i0.wp.com\/musikaliaelkartea.eus\/wp-content\/uploads\/2025\/03\/cropped-MUSIKALIA-LOGO-LARGO.png?fit=5455%2C1928","contentUrl":"https:\/\/i0.wp.com\/musikaliaelkartea.eus\/wp-content\/uploads\/2025\/03\/cropped-MUSIKALIA-LOGO-LARGO.png?fit=5455%2C1928","width":5455,"height":1928,"caption":"Getxoko Andres Isasi Musikalia Elkartea"},"image":{"@id":"http:\/\/musikaliaelkartea.eus\/es\/#\/schema\/logo\/image\/"},"sameAs":["https:\/\/www.facebook.com\/musikaliaelkartea","https:\/\/www.instagram.com\/musikaliaelkartea\/","https:\/\/www.youtube.com\/channel\/UCYG_UH_Rv-34wbmS8nQ7mpg"]},{"@type":"Person","@id":"http:\/\/musikaliaelkartea.eus\/es\/#\/schema\/person\/83f4e89e47194300d20a42d314de9e57","name":"admin","image":{"@type":"ImageObject","inLanguage":"es","@id":"https:\/\/secure.gravatar.com\/avatar\/15c1142fe4ffaf0416ede19e056ec705eab3a0077bf155c88eea63b5977c525f?s=96&d=mm&r=g","url":"https:\/\/secure.gravatar.com\/avatar\/15c1142fe4ffaf0416ede19e056ec705eab3a0077bf155c88eea63b5977c525f?s=96&d=mm&r=g","contentUrl":"https:\/\/secure.gravatar.com\/avatar\/15c1142fe4ffaf0416ede19e056ec705eab3a0077bf155c88eea63b5977c525f?s=96&d=mm&r=g","caption":"admin"},"url":"http:\/\/musikaliaelkartea.eus\/es\/author\/admin\/"}]}},"jetpack_featured_media_url":"https:\/\/i0.wp.com\/musikaliaelkartea.eus\/wp-content\/uploads\/2020\/01\/irribanda-1.png?fit=820%2C312","jetpack_sharing_enabled":true,"jetpack_shortlink":"https:\/\/wp.me\/p8OhQz-Oq","_links":{"self":[{"href":"http:\/\/musikaliaelkartea.eus\/es\/wp-json\/wp\/v2\/posts\/3126","targetHints":{"allow":["GET"]}}],"collection":[{"href":"http:\/\/musikaliaelkartea.eus\/es\/wp-json\/wp\/v2\/posts"}],"about":[{"href":"http:\/\/musikaliaelkartea.eus\/es\/wp-json\/wp\/v2\/types\/post"}],"author":[{"embeddable":true,"href":"http:\/\/musikaliaelkartea.eus\/es\/wp-json\/wp\/v2\/users\/1"}],"replies":[{"embeddable":true,"href":"http:\/\/musikaliaelkartea.eus\/es\/wp-json\/wp\/v2\/comments?post=3126"}],"version-history":[{"count":2,"href":"http:\/\/musikaliaelkartea.eus\/es\/wp-json\/wp\/v2\/posts\/3126\/revisions"}],"predecessor-version":[{"id":3135,"href":"http:\/\/musikaliaelkartea.eus\/es\/wp-json\/wp\/v2\/posts\/3126\/revisions\/3135"}],"wp:featuredmedia":[{"embeddable":true,"href":"http:\/\/musikaliaelkartea.eus\/es\/wp-json\/wp\/v2\/media\/3128"}],"wp:attachment":[{"href":"http:\/\/musikaliaelkartea.eus\/es\/wp-json\/wp\/v2\/media?parent=3126"}],"wp:term":[{"taxonomy":"category","embeddable":true,"href":"http:\/\/musikaliaelkartea.eus\/es\/wp-json\/wp\/v2\/categories?post=3126"},{"taxonomy":"post_tag","embeddable":true,"href":"http:\/\/musikaliaelkartea.eus\/es\/wp-json\/wp\/v2\/tags?post=3126"}],"curies":[{"name":"wp","href":"https:\/\/api.w.org\/{rel}","templated":true}]}}