{"id":3047,"date":"2019-12-08T13:07:22","date_gmt":"2019-12-08T13:07:22","guid":{"rendered":"http:\/\/musikaliaelkartea.eus\/?p=3047"},"modified":"2019-12-08T13:56:33","modified_gmt":"2019-12-08T13:56:33","slug":"gabonetako-kontzertua-2019","status":"publish","type":"post","link":"http:\/\/musikaliaelkartea.eus\/es\/2019\/12\/08\/gabonetako-kontzertua-2019\/","title":{"rendered":"Concierto de navidad 2019"},"content":{"rendered":"<p>Han pasado 5 a\u00f1os desde que creamos la asociaci\u00f3n y nos sentimos muy orgullosos al mirar hacia atr\u00e1s y ver todas las actuaciones que hemos ofrecido todos estos a\u00f1os, proyectos diferentes, con formatos variados y grandes colaboradores, pero hasta ahora no hemos tenido la oportunidad e realizar alg\u00fan recital de navidad.<\/p>\n<figure id=\"attachment_2824\" aria-describedby=\"caption-attachment-2824\" style=\"width: 300px\" class=\"wp-caption alignright\"><img data-recalc-dims=\"1\" loading=\"lazy\" decoding=\"async\" data-attachment-id=\"2824\" data-permalink=\"http:\/\/musikaliaelkartea.eus\/es\/2019\/06\/28\/zer-izan-zen-irribanda\/3-4\/\" data-orig-file=\"https:\/\/i0.wp.com\/musikaliaelkartea.eus\/wp-content\/uploads\/2019\/06\/3.jpg?fit=1920%2C1080\" data-orig-size=\"1920,1080\" data-comments-opened=\"1\" data-image-meta=\"{&quot;aperture&quot;:&quot;0&quot;,&quot;credit&quot;:&quot;&quot;,&quot;camera&quot;:&quot;&quot;,&quot;caption&quot;:&quot;&quot;,&quot;created_timestamp&quot;:&quot;0&quot;,&quot;copyright&quot;:&quot;&quot;,&quot;focal_length&quot;:&quot;0&quot;,&quot;iso&quot;:&quot;0&quot;,&quot;shutter_speed&quot;:&quot;0&quot;,&quot;title&quot;:&quot;&quot;,&quot;orientation&quot;:&quot;1&quot;}\" data-image-title=\"3\" data-image-description=\"\" data-image-caption=\"&lt;p&gt;Kimetz Abesbatza&lt;\/p&gt;\n\" data-large-file=\"https:\/\/i0.wp.com\/musikaliaelkartea.eus\/wp-content\/uploads\/2019\/06\/3.jpg?fit=1024%2C576\" class=\"wp-image-2824 size-medium\" src=\"https:\/\/i0.wp.com\/musikaliaelkartea.eus\/wp-content\/uploads\/2019\/06\/3.jpg?resize=300%2C169\" alt=\"\" width=\"300\" height=\"169\" srcset=\"https:\/\/i0.wp.com\/musikaliaelkartea.eus\/wp-content\/uploads\/2019\/06\/3.jpg?resize=300%2C169 300w, https:\/\/i0.wp.com\/musikaliaelkartea.eus\/wp-content\/uploads\/2019\/06\/3.jpg?resize=768%2C432 768w, https:\/\/i0.wp.com\/musikaliaelkartea.eus\/wp-content\/uploads\/2019\/06\/3.jpg?resize=1024%2C576 1024w, https:\/\/i0.wp.com\/musikaliaelkartea.eus\/wp-content\/uploads\/2019\/06\/3.jpg?resize=533%2C300 533w, https:\/\/i0.wp.com\/musikaliaelkartea.eus\/wp-content\/uploads\/2019\/06\/3.jpg?w=1920 1920w\" sizes=\"(max-width: 300px) 100vw, 300px\" \/><figcaption id=\"caption-attachment-2824\" class=\"wp-caption-text\">Kimetz Abesbatza<\/figcaption><\/figure>\n<p>En septiembre nuestras amigas de Kimetz se pusieron en contacto con nosotros para continuar con una relaciones que reforzamos al realizar el proyecto Irribanda en junio. El coro realiza el concierto de navidad todos los a\u00f1os y este a\u00f1o nos propusieron colaborar en el concierto.<\/p>\n<p>El evento tendr\u00e1 lugar en la iglesia <a href=\"https:\/\/goo.gl\/maps\/LDVFkddthwpRqxAP6\">San Nicol\u00e1s<\/a> el 14 de diciembre a las 20:00 y tendr\u00e1 tres partes. En la primera parte actuar\u00e1 el <a href=\"https:\/\/www.facebook.com\/kimetz.abesbatza.94\">coro Kimetz<\/a> recuperando canciones navide\u00f1as vascas y algunas melod\u00edas de Europa y estar\u00e1n dirigidas por Ricardo Martin Ari\u00f1o.<\/p>\n<p>En la segunda parte actuaremos la banda de Musikalia. Como hemos dicho, hace mucho que no actuamos en navidades, por lo que recuperaremos melod\u00edas navide\u00f1as muy conocidas. La banda la dirigir\u00e1 <a href=\"http:\/\/musikaliaelkartea.eus\/zuzendariak\/\">Asier Ituarte.<\/a><\/p>\n<figure id=\"attachment_3019\" aria-describedby=\"caption-attachment-3019\" style=\"width: 723px\" class=\"wp-caption aligncenter\"><img data-recalc-dims=\"1\" decoding=\"async\" data-attachment-id=\"3019\" data-permalink=\"http:\/\/musikaliaelkartea.eus\/es\/2019\/11\/24\/soinu-banden-kontzertua-getxoko-islak-ikuskizunean\/irribanda-4-2\/\" data-orig-file=\"https:\/\/i0.wp.com\/musikaliaelkartea.eus\/wp-content\/uploads\/2019\/11\/irribanda-4.png?fit=820%2C312\" data-orig-size=\"820,312\" data-comments-opened=\"0\" data-image-meta=\"{&quot;aperture&quot;:&quot;0&quot;,&quot;credit&quot;:&quot;&quot;,&quot;camera&quot;:&quot;&quot;,&quot;caption&quot;:&quot;&quot;,&quot;created_timestamp&quot;:&quot;0&quot;,&quot;copyright&quot;:&quot;&quot;,&quot;focal_length&quot;:&quot;0&quot;,&quot;iso&quot;:&quot;0&quot;,&quot;shutter_speed&quot;:&quot;0&quot;,&quot;title&quot;:&quot;&quot;,&quot;orientation&quot;:&quot;0&quot;}\" data-image-title=\"irribanda (4)\" data-image-description=\"\" data-image-caption=\"\" data-large-file=\"https:\/\/i0.wp.com\/musikaliaelkartea.eus\/wp-content\/uploads\/2019\/11\/irribanda-4.png?fit=820%2C312\" class=\"wp-image-3019 size-apostrophe-logo\" src=\"https:\/\/i0.wp.com\/musikaliaelkartea.eus\/wp-content\/uploads\/2019\/11\/irribanda-4.png?resize=723%2C275\" alt=\"\" width=\"723\" height=\"275\" srcset=\"https:\/\/i0.wp.com\/musikaliaelkartea.eus\/wp-content\/uploads\/2019\/11\/irribanda-4.png?resize=788%2C300 788w, https:\/\/i0.wp.com\/musikaliaelkartea.eus\/wp-content\/uploads\/2019\/11\/irribanda-4.png?resize=300%2C114 300w, https:\/\/i0.wp.com\/musikaliaelkartea.eus\/wp-content\/uploads\/2019\/11\/irribanda-4.png?resize=768%2C292 768w, https:\/\/i0.wp.com\/musikaliaelkartea.eus\/wp-content\/uploads\/2019\/11\/irribanda-4.png?w=820 820w\" sizes=\"(max-width: 723px) 100vw, 723px\" \/><figcaption id=\"caption-attachment-3019\" class=\"wp-caption-text\">Musikalia Banda<\/figcaption><\/figure>\n<p>Por \u00faltimo y para terminar con el concierto, el coro Kimetz y la banda Musikalia actuaremos juntos. Las canciones ser\u00e1n Olentzero, Horra Mari Domingi y Hator Hator. Una vez reveladas las \u00faltimas canciones, esperamos que asist\u00e1is al concierto y que cant\u00e9is con nosotros\/as.<\/p>\n<p><img data-recalc-dims=\"1\" loading=\"lazy\" decoding=\"async\" data-attachment-id=\"3062\" data-permalink=\"http:\/\/musikaliaelkartea.eus\/es\/2019\/12\/08\/gabonetako-kontzertua-2019\/gabonetako-otzara-1\/\" data-orig-file=\"https:\/\/i0.wp.com\/musikaliaelkartea.eus\/wp-content\/uploads\/2019\/12\/gabonetako-otzara-1.png?fit=728%2C90\" data-orig-size=\"728,90\" data-comments-opened=\"0\" data-image-meta=\"{&quot;aperture&quot;:&quot;0&quot;,&quot;credit&quot;:&quot;&quot;,&quot;camera&quot;:&quot;&quot;,&quot;caption&quot;:&quot;&quot;,&quot;created_timestamp&quot;:&quot;0&quot;,&quot;copyright&quot;:&quot;&quot;,&quot;focal_length&quot;:&quot;0&quot;,&quot;iso&quot;:&quot;0&quot;,&quot;shutter_speed&quot;:&quot;0&quot;,&quot;title&quot;:&quot;&quot;,&quot;orientation&quot;:&quot;0&quot;}\" data-image-title=\"gabonetako otzara (1)\" data-image-description=\"\" data-image-caption=\"\" data-large-file=\"https:\/\/i0.wp.com\/musikaliaelkartea.eus\/wp-content\/uploads\/2019\/12\/gabonetako-otzara-1.png?fit=728%2C90\" class=\"size-full wp-image-3062 aligncenter\" src=\"https:\/\/i0.wp.com\/musikaliaelkartea.eus\/wp-content\/uploads\/2019\/12\/gabonetako-otzara-1.png?resize=728%2C90\" alt=\"\" width=\"728\" height=\"90\" srcset=\"https:\/\/i0.wp.com\/musikaliaelkartea.eus\/wp-content\/uploads\/2019\/12\/gabonetako-otzara-1.png?w=728 728w, https:\/\/i0.wp.com\/musikaliaelkartea.eus\/wp-content\/uploads\/2019\/12\/gabonetako-otzara-1.png?resize=300%2C37 300w\" sizes=\"(max-width: 728px) 100vw, 728px\" \/><\/p>\n<p>&nbsp;<\/p>\n<p>&nbsp;<\/p>","protected":false},"excerpt":{"rendered":"<p>Han pasado 5 a\u00f1os desde que creamos la asociaci\u00f3n y nos sentimos muy orgullosos al mirar hacia atr\u00e1s y ver todas las actuaciones que hemos<a href=\"http:\/\/musikaliaelkartea.eus\/es\/2019\/12\/08\/gabonetako-kontzertua-2019\/\" class=\"more-link\">View More<\/a><\/p>\n","protected":false},"author":2,"featured_media":3051,"comment_status":"closed","ping_status":"open","sticky":false,"template":"","format":"standard","meta":{"jetpack_post_was_ever_published":false,"_jetpack_newsletter_access":"","_jetpack_dont_email_post_to_subs":false,"_jetpack_newsletter_tier_id":0,"_jetpack_memberships_contains_paywalled_content":false,"_jetpack_memberships_contains_paid_content":false,"footnotes":""},"categories":[1],"tags":[],"class_list":["post-3047","post","type-post","status-publish","format-standard","has-post-thumbnail","hentry","category-uncategorized"],"yoast_head":"<!-- This site is optimized with the Yoast SEO plugin v27.4 - https:\/\/yoast.com\/product\/yoast-seo-wordpress\/ -->\n<title>Concierto de navidad 2019 - Musikalia Elkartea<\/title>\n<meta name=\"robots\" content=\"index, follow, max-snippet:-1, max-image-preview:large, max-video-preview:-1\" \/>\n<link rel=\"canonical\" href=\"https:\/\/musikaliaelkartea.eus\/es\/2019\/12\/08\/gabonetako-kontzertua-2019\/\" \/>\n<meta property=\"og:locale\" content=\"es_ES\" \/>\n<meta property=\"og:type\" content=\"article\" \/>\n<meta property=\"og:title\" content=\"[:eu]Gabonetako kontzertua 2019[:es]Concierto de navidad 2019[:] - Musikalia Elkartea\" \/>\n<meta property=\"og:description\" content=\"Han pasado 5 a\u00f1os desde que creamos la asociaci\u00f3n y nos sentimos muy orgullosos al mirar hacia atr\u00e1s y ver todas las actuaciones que hemosView More\" \/>\n<meta property=\"og:url\" content=\"https:\/\/musikaliaelkartea.eus\/es\/2019\/12\/08\/gabonetako-kontzertua-2019\/\" \/>\n<meta property=\"og:site_name\" content=\"Musikalia Elkartea\" \/>\n<meta property=\"article:publisher\" content=\"https:\/\/www.facebook.com\/musikaliaelkartea\" \/>\n<meta property=\"article:published_time\" content=\"2019-12-08T13:07:22+00:00\" \/>\n<meta property=\"article:modified_time\" content=\"2019-12-08T13:56:33+00:00\" \/>\n<meta property=\"og:image\" content=\"https:\/\/i0.wp.com\/musikaliaelkartea.eus\/wp-content\/uploads\/2019\/12\/irribanda.png?fit=820%2C312&ssl=1\" \/>\n\t<meta property=\"og:image:width\" content=\"820\" \/>\n\t<meta property=\"og:image:height\" content=\"312\" \/>\n\t<meta property=\"og:image:type\" content=\"image\/png\" \/>\n<meta name=\"author\" content=\"Musikalia\" \/>\n<meta name=\"twitter:card\" content=\"summary_large_image\" \/>\n<meta name=\"twitter:label1\" content=\"Escrito por\" \/>\n\t<meta name=\"twitter:data1\" content=\"Musikalia\" \/>\n\t<meta name=\"twitter:label2\" content=\"Tiempo de lectura\" \/>\n\t<meta name=\"twitter:data2\" content=\"2 minutos\" \/>\n<script type=\"application\/ld+json\" class=\"yoast-schema-graph\">{\"@context\":\"https:\\\/\\\/schema.org\",\"@graph\":[{\"@type\":\"Article\",\"@id\":\"https:\\\/\\\/musikaliaelkartea.eus\\\/es\\\/2019\\\/12\\\/08\\\/gabonetako-kontzertua-2019\\\/#article\",\"isPartOf\":{\"@id\":\"https:\\\/\\\/musikaliaelkartea.eus\\\/es\\\/2019\\\/12\\\/08\\\/gabonetako-kontzertua-2019\\\/\"},\"author\":{\"name\":\"Musikalia\",\"@id\":\"http:\\\/\\\/musikaliaelkartea.eus\\\/es\\\/#\\\/schema\\\/person\\\/14029d72e7fe33dcc3b5b67080703aab\"},\"headline\":\"Concierto de navidad 2019\",\"datePublished\":\"2019-12-08T13:07:22+00:00\",\"dateModified\":\"2019-12-08T13:56:33+00:00\",\"mainEntityOfPage\":{\"@id\":\"https:\\\/\\\/musikaliaelkartea.eus\\\/es\\\/2019\\\/12\\\/08\\\/gabonetako-kontzertua-2019\\\/\"},\"wordCount\":461,\"publisher\":{\"@id\":\"http:\\\/\\\/musikaliaelkartea.eus\\\/es\\\/#organization\"},\"image\":{\"@id\":\"https:\\\/\\\/musikaliaelkartea.eus\\\/es\\\/2019\\\/12\\\/08\\\/gabonetako-kontzertua-2019\\\/#primaryimage\"},\"thumbnailUrl\":\"https:\\\/\\\/i0.wp.com\\\/musikaliaelkartea.eus\\\/wp-content\\\/uploads\\\/2019\\\/12\\\/irribanda.png?fit=820%2C312\",\"articleSection\":[\"Uncategorized\"],\"inLanguage\":\"es\"},{\"@type\":\"WebPage\",\"@id\":\"https:\\\/\\\/musikaliaelkartea.eus\\\/es\\\/2019\\\/12\\\/08\\\/gabonetako-kontzertua-2019\\\/\",\"url\":\"https:\\\/\\\/musikaliaelkartea.eus\\\/es\\\/2019\\\/12\\\/08\\\/gabonetako-kontzertua-2019\\\/\",\"name\":\"[:eu]Gabonetako kontzertua 2019[:es]Concierto de navidad 2019[:] - Musikalia Elkartea\",\"isPartOf\":{\"@id\":\"http:\\\/\\\/musikaliaelkartea.eus\\\/es\\\/#website\"},\"primaryImageOfPage\":{\"@id\":\"https:\\\/\\\/musikaliaelkartea.eus\\\/es\\\/2019\\\/12\\\/08\\\/gabonetako-kontzertua-2019\\\/#primaryimage\"},\"image\":{\"@id\":\"https:\\\/\\\/musikaliaelkartea.eus\\\/es\\\/2019\\\/12\\\/08\\\/gabonetako-kontzertua-2019\\\/#primaryimage\"},\"thumbnailUrl\":\"https:\\\/\\\/i0.wp.com\\\/musikaliaelkartea.eus\\\/wp-content\\\/uploads\\\/2019\\\/12\\\/irribanda.png?fit=820%2C312\",\"datePublished\":\"2019-12-08T13:07:22+00:00\",\"dateModified\":\"2019-12-08T13:56:33+00:00\",\"breadcrumb\":{\"@id\":\"https:\\\/\\\/musikaliaelkartea.eus\\\/es\\\/2019\\\/12\\\/08\\\/gabonetako-kontzertua-2019\\\/#breadcrumb\"},\"inLanguage\":\"es\",\"potentialAction\":[{\"@type\":\"ReadAction\",\"target\":[\"https:\\\/\\\/musikaliaelkartea.eus\\\/es\\\/2019\\\/12\\\/08\\\/gabonetako-kontzertua-2019\\\/\"]}]},{\"@type\":\"ImageObject\",\"inLanguage\":\"es\",\"@id\":\"https:\\\/\\\/musikaliaelkartea.eus\\\/es\\\/2019\\\/12\\\/08\\\/gabonetako-kontzertua-2019\\\/#primaryimage\",\"url\":\"https:\\\/\\\/i0.wp.com\\\/musikaliaelkartea.eus\\\/wp-content\\\/uploads\\\/2019\\\/12\\\/irribanda.png?fit=820%2C312\",\"contentUrl\":\"https:\\\/\\\/i0.wp.com\\\/musikaliaelkartea.eus\\\/wp-content\\\/uploads\\\/2019\\\/12\\\/irribanda.png?fit=820%2C312\",\"width\":820,\"height\":312},{\"@type\":\"BreadcrumbList\",\"@id\":\"https:\\\/\\\/musikaliaelkartea.eus\\\/es\\\/2019\\\/12\\\/08\\\/gabonetako-kontzertua-2019\\\/#breadcrumb\",\"itemListElement\":[{\"@type\":\"ListItem\",\"position\":1,\"name\":\"Home\",\"item\":\"http:\\\/\\\/musikaliaelkartea.eus\\\/es\\\/\"},{\"@type\":\"ListItem\",\"position\":2,\"name\":\"Concierto de navidad 2019\"}]},{\"@type\":\"WebSite\",\"@id\":\"http:\\\/\\\/musikaliaelkartea.eus\\\/es\\\/#website\",\"url\":\"http:\\\/\\\/musikaliaelkartea.eus\\\/es\\\/\",\"name\":\"Musikalia Elkartea\",\"description\":\"\",\"publisher\":{\"@id\":\"http:\\\/\\\/musikaliaelkartea.eus\\\/es\\\/#organization\"},\"potentialAction\":[{\"@type\":\"SearchAction\",\"target\":{\"@type\":\"EntryPoint\",\"urlTemplate\":\"http:\\\/\\\/musikaliaelkartea.eus\\\/es\\\/?s={search_term_string}\"},\"query-input\":{\"@type\":\"PropertyValueSpecification\",\"valueRequired\":true,\"valueName\":\"search_term_string\"}}],\"inLanguage\":\"es\"},{\"@type\":\"Organization\",\"@id\":\"http:\\\/\\\/musikaliaelkartea.eus\\\/es\\\/#organization\",\"name\":\"Getxoko Andres Isasi Musikalia Elkartea\",\"url\":\"http:\\\/\\\/musikaliaelkartea.eus\\\/es\\\/\",\"logo\":{\"@type\":\"ImageObject\",\"inLanguage\":\"es\",\"@id\":\"http:\\\/\\\/musikaliaelkartea.eus\\\/es\\\/#\\\/schema\\\/logo\\\/image\\\/\",\"url\":\"https:\\\/\\\/i0.wp.com\\\/musikaliaelkartea.eus\\\/wp-content\\\/uploads\\\/2025\\\/03\\\/cropped-MUSIKALIA-LOGO-LARGO.png?fit=5455%2C1928\",\"contentUrl\":\"https:\\\/\\\/i0.wp.com\\\/musikaliaelkartea.eus\\\/wp-content\\\/uploads\\\/2025\\\/03\\\/cropped-MUSIKALIA-LOGO-LARGO.png?fit=5455%2C1928\",\"width\":5455,\"height\":1928,\"caption\":\"Getxoko Andres Isasi Musikalia Elkartea\"},\"image\":{\"@id\":\"http:\\\/\\\/musikaliaelkartea.eus\\\/es\\\/#\\\/schema\\\/logo\\\/image\\\/\"},\"sameAs\":[\"https:\\\/\\\/www.facebook.com\\\/musikaliaelkartea\",\"https:\\\/\\\/www.instagram.com\\\/musikaliaelkartea\\\/\",\"https:\\\/\\\/www.youtube.com\\\/channel\\\/UCYG_UH_Rv-34wbmS8nQ7mpg\"]},{\"@type\":\"Person\",\"@id\":\"http:\\\/\\\/musikaliaelkartea.eus\\\/es\\\/#\\\/schema\\\/person\\\/14029d72e7fe33dcc3b5b67080703aab\",\"name\":\"Musikalia\",\"image\":{\"@type\":\"ImageObject\",\"inLanguage\":\"es\",\"@id\":\"https:\\\/\\\/secure.gravatar.com\\\/avatar\\\/4cedd4863d0dc30f70d9375282b4f70545dbeb2a5fec482325b3b89efe2dd5e3?s=96&d=mm&r=g\",\"url\":\"https:\\\/\\\/secure.gravatar.com\\\/avatar\\\/4cedd4863d0dc30f70d9375282b4f70545dbeb2a5fec482325b3b89efe2dd5e3?s=96&d=mm&r=g\",\"contentUrl\":\"https:\\\/\\\/secure.gravatar.com\\\/avatar\\\/4cedd4863d0dc30f70d9375282b4f70545dbeb2a5fec482325b3b89efe2dd5e3?s=96&d=mm&r=g\",\"caption\":\"Musikalia\"},\"url\":\"http:\\\/\\\/musikaliaelkartea.eus\\\/es\\\/author\\\/musikalia\\\/\"}]}<\/script>\n<!-- \/ Yoast SEO plugin. -->","yoast_head_json":{"title":"[:eu]Gabonetako kontzertua 2019[:es]Concierto de navidad 2019[:] - Musikalia Elkartea","robots":{"index":"index","follow":"follow","max-snippet":"max-snippet:-1","max-image-preview":"max-image-preview:large","max-video-preview":"max-video-preview:-1"},"canonical":"https:\/\/musikaliaelkartea.eus\/es\/2019\/12\/08\/gabonetako-kontzertua-2019\/","og_locale":"es_ES","og_type":"article","og_title":"[:eu]Gabonetako kontzertua 2019[:es]Concierto de navidad 2019[:] - Musikalia Elkartea","og_description":"Han pasado 5 a\u00f1os desde que creamos la asociaci\u00f3n y nos sentimos muy orgullosos al mirar hacia atr\u00e1s y ver todas las actuaciones que hemosView More","og_url":"https:\/\/musikaliaelkartea.eus\/es\/2019\/12\/08\/gabonetako-kontzertua-2019\/","og_site_name":"Musikalia Elkartea","article_publisher":"https:\/\/www.facebook.com\/musikaliaelkartea","article_published_time":"2019-12-08T13:07:22+00:00","article_modified_time":"2019-12-08T13:56:33+00:00","og_image":[{"width":820,"height":312,"url":"https:\/\/i0.wp.com\/musikaliaelkartea.eus\/wp-content\/uploads\/2019\/12\/irribanda.png?fit=820%2C312&ssl=1","type":"image\/png"}],"author":"Musikalia","twitter_card":"summary_large_image","twitter_misc":{"Escrito por":"Musikalia","Tiempo de lectura":"2 minutos"},"schema":{"@context":"https:\/\/schema.org","@graph":[{"@type":"Article","@id":"https:\/\/musikaliaelkartea.eus\/es\/2019\/12\/08\/gabonetako-kontzertua-2019\/#article","isPartOf":{"@id":"https:\/\/musikaliaelkartea.eus\/es\/2019\/12\/08\/gabonetako-kontzertua-2019\/"},"author":{"name":"Musikalia","@id":"http:\/\/musikaliaelkartea.eus\/es\/#\/schema\/person\/14029d72e7fe33dcc3b5b67080703aab"},"headline":"Concierto de navidad 2019","datePublished":"2019-12-08T13:07:22+00:00","dateModified":"2019-12-08T13:56:33+00:00","mainEntityOfPage":{"@id":"https:\/\/musikaliaelkartea.eus\/es\/2019\/12\/08\/gabonetako-kontzertua-2019\/"},"wordCount":461,"publisher":{"@id":"http:\/\/musikaliaelkartea.eus\/es\/#organization"},"image":{"@id":"https:\/\/musikaliaelkartea.eus\/es\/2019\/12\/08\/gabonetako-kontzertua-2019\/#primaryimage"},"thumbnailUrl":"https:\/\/i0.wp.com\/musikaliaelkartea.eus\/wp-content\/uploads\/2019\/12\/irribanda.png?fit=820%2C312","articleSection":["Uncategorized"],"inLanguage":"es"},{"@type":"WebPage","@id":"https:\/\/musikaliaelkartea.eus\/es\/2019\/12\/08\/gabonetako-kontzertua-2019\/","url":"https:\/\/musikaliaelkartea.eus\/es\/2019\/12\/08\/gabonetako-kontzertua-2019\/","name":"[:eu]Gabonetako kontzertua 2019[:es]Concierto de navidad 2019[:] - Musikalia Elkartea","isPartOf":{"@id":"http:\/\/musikaliaelkartea.eus\/es\/#website"},"primaryImageOfPage":{"@id":"https:\/\/musikaliaelkartea.eus\/es\/2019\/12\/08\/gabonetako-kontzertua-2019\/#primaryimage"},"image":{"@id":"https:\/\/musikaliaelkartea.eus\/es\/2019\/12\/08\/gabonetako-kontzertua-2019\/#primaryimage"},"thumbnailUrl":"https:\/\/i0.wp.com\/musikaliaelkartea.eus\/wp-content\/uploads\/2019\/12\/irribanda.png?fit=820%2C312","datePublished":"2019-12-08T13:07:22+00:00","dateModified":"2019-12-08T13:56:33+00:00","breadcrumb":{"@id":"https:\/\/musikaliaelkartea.eus\/es\/2019\/12\/08\/gabonetako-kontzertua-2019\/#breadcrumb"},"inLanguage":"es","potentialAction":[{"@type":"ReadAction","target":["https:\/\/musikaliaelkartea.eus\/es\/2019\/12\/08\/gabonetako-kontzertua-2019\/"]}]},{"@type":"ImageObject","inLanguage":"es","@id":"https:\/\/musikaliaelkartea.eus\/es\/2019\/12\/08\/gabonetako-kontzertua-2019\/#primaryimage","url":"https:\/\/i0.wp.com\/musikaliaelkartea.eus\/wp-content\/uploads\/2019\/12\/irribanda.png?fit=820%2C312","contentUrl":"https:\/\/i0.wp.com\/musikaliaelkartea.eus\/wp-content\/uploads\/2019\/12\/irribanda.png?fit=820%2C312","width":820,"height":312},{"@type":"BreadcrumbList","@id":"https:\/\/musikaliaelkartea.eus\/es\/2019\/12\/08\/gabonetako-kontzertua-2019\/#breadcrumb","itemListElement":[{"@type":"ListItem","position":1,"name":"Home","item":"http:\/\/musikaliaelkartea.eus\/es\/"},{"@type":"ListItem","position":2,"name":"Concierto de navidad 2019"}]},{"@type":"WebSite","@id":"http:\/\/musikaliaelkartea.eus\/es\/#website","url":"http:\/\/musikaliaelkartea.eus\/es\/","name":"Musikalia Elkartea","description":"","publisher":{"@id":"http:\/\/musikaliaelkartea.eus\/es\/#organization"},"potentialAction":[{"@type":"SearchAction","target":{"@type":"EntryPoint","urlTemplate":"http:\/\/musikaliaelkartea.eus\/es\/?s={search_term_string}"},"query-input":{"@type":"PropertyValueSpecification","valueRequired":true,"valueName":"search_term_string"}}],"inLanguage":"es"},{"@type":"Organization","@id":"http:\/\/musikaliaelkartea.eus\/es\/#organization","name":"Getxoko Andres Isasi Musikalia Elkartea","url":"http:\/\/musikaliaelkartea.eus\/es\/","logo":{"@type":"ImageObject","inLanguage":"es","@id":"http:\/\/musikaliaelkartea.eus\/es\/#\/schema\/logo\/image\/","url":"https:\/\/i0.wp.com\/musikaliaelkartea.eus\/wp-content\/uploads\/2025\/03\/cropped-MUSIKALIA-LOGO-LARGO.png?fit=5455%2C1928","contentUrl":"https:\/\/i0.wp.com\/musikaliaelkartea.eus\/wp-content\/uploads\/2025\/03\/cropped-MUSIKALIA-LOGO-LARGO.png?fit=5455%2C1928","width":5455,"height":1928,"caption":"Getxoko Andres Isasi Musikalia Elkartea"},"image":{"@id":"http:\/\/musikaliaelkartea.eus\/es\/#\/schema\/logo\/image\/"},"sameAs":["https:\/\/www.facebook.com\/musikaliaelkartea","https:\/\/www.instagram.com\/musikaliaelkartea\/","https:\/\/www.youtube.com\/channel\/UCYG_UH_Rv-34wbmS8nQ7mpg"]},{"@type":"Person","@id":"http:\/\/musikaliaelkartea.eus\/es\/#\/schema\/person\/14029d72e7fe33dcc3b5b67080703aab","name":"Musikalia","image":{"@type":"ImageObject","inLanguage":"es","@id":"https:\/\/secure.gravatar.com\/avatar\/4cedd4863d0dc30f70d9375282b4f70545dbeb2a5fec482325b3b89efe2dd5e3?s=96&d=mm&r=g","url":"https:\/\/secure.gravatar.com\/avatar\/4cedd4863d0dc30f70d9375282b4f70545dbeb2a5fec482325b3b89efe2dd5e3?s=96&d=mm&r=g","contentUrl":"https:\/\/secure.gravatar.com\/avatar\/4cedd4863d0dc30f70d9375282b4f70545dbeb2a5fec482325b3b89efe2dd5e3?s=96&d=mm&r=g","caption":"Musikalia"},"url":"http:\/\/musikaliaelkartea.eus\/es\/author\/musikalia\/"}]}},"jetpack_featured_media_url":"https:\/\/i0.wp.com\/musikaliaelkartea.eus\/wp-content\/uploads\/2019\/12\/irribanda.png?fit=820%2C312","jetpack_sharing_enabled":true,"jetpack_shortlink":"https:\/\/wp.me\/p8OhQz-N9","_links":{"self":[{"href":"http:\/\/musikaliaelkartea.eus\/es\/wp-json\/wp\/v2\/posts\/3047","targetHints":{"allow":["GET"]}}],"collection":[{"href":"http:\/\/musikaliaelkartea.eus\/es\/wp-json\/wp\/v2\/posts"}],"about":[{"href":"http:\/\/musikaliaelkartea.eus\/es\/wp-json\/wp\/v2\/types\/post"}],"author":[{"embeddable":true,"href":"http:\/\/musikaliaelkartea.eus\/es\/wp-json\/wp\/v2\/users\/2"}],"replies":[{"embeddable":true,"href":"http:\/\/musikaliaelkartea.eus\/es\/wp-json\/wp\/v2\/comments?post=3047"}],"version-history":[{"count":6,"href":"http:\/\/musikaliaelkartea.eus\/es\/wp-json\/wp\/v2\/posts\/3047\/revisions"}],"predecessor-version":[{"id":3064,"href":"http:\/\/musikaliaelkartea.eus\/es\/wp-json\/wp\/v2\/posts\/3047\/revisions\/3064"}],"wp:featuredmedia":[{"embeddable":true,"href":"http:\/\/musikaliaelkartea.eus\/es\/wp-json\/wp\/v2\/media\/3051"}],"wp:attachment":[{"href":"http:\/\/musikaliaelkartea.eus\/es\/wp-json\/wp\/v2\/media?parent=3047"}],"wp:term":[{"taxonomy":"category","embeddable":true,"href":"http:\/\/musikaliaelkartea.eus\/es\/wp-json\/wp\/v2\/categories?post=3047"},{"taxonomy":"post_tag","embeddable":true,"href":"http:\/\/musikaliaelkartea.eus\/es\/wp-json\/wp\/v2\/tags?post=3047"}],"curies":[{"name":"wp","href":"https:\/\/api.w.org\/{rel}","templated":true}]}}