{"id":3012,"date":"2019-11-24T18:03:18","date_gmt":"2019-11-24T18:03:18","guid":{"rendered":"http:\/\/musikaliaelkartea.eus\/?p=3012"},"modified":"2019-11-24T19:07:16","modified_gmt":"2019-11-24T19:07:16","slug":"soinu-banden-kontzertua-getxoko-islak-ikuskizunean","status":"publish","type":"post","link":"http:\/\/musikaliaelkartea.eus\/es\/2019\/11\/24\/soinu-banden-kontzertua-getxoko-islak-ikuskizunean\/","title":{"rendered":"Concierto de bandas sonoras en \u00abGetxoko islak\u00bb"},"content":{"rendered":"<p>El s\u00e1bado, recuperando la propuesta de hace unos a\u00f1os, recuperamos el concierto de bandas sonoras en la sala Arrigunaga del centro Muxikebarri, a\u00f1adiendo al repertorio nuevas bandas sonoras de pel\u00edculas conocidas.<\/p>\n<p>El tiempo no ayud\u00f3 el s\u00e1bado por la ma\u00f1ana. Las lluvias y el vientos sacudieron duro la costa. Sin embargo, fueron muchos los que se acercaron hasta la sala. A las 11:00 tuvimos la oportunidad de disfrutar de un breve concierto de nuestros compa\u00f1eros de musicoterapia de la escuela. A las 11:15, con la ayuda del proyector de la sala, comenzamos con nuestra actuaci\u00f3n. Debido a la gran cantidad de actuaciones que acogi\u00f3 Muxikebarri con el proyecto \u00ab<a href=\"https:\/\/www.getxo.eus\/es\/servicios\/detalle-evento\/7700\">Reflejos de Getxo<\/a>\u00ab, s\u00f3lo pudimos actuar media hora, pero aun as\u00ed, el espectador pudo disfrutar de la m\u00fasica de nuestra banda.<\/p>\n<p><img data-recalc-dims=\"1\" decoding=\"async\" data-attachment-id=\"3017\" data-permalink=\"http:\/\/musikaliaelkartea.eus\/es\/2019\/11\/24\/soinu-banden-kontzertua-getxoko-islak-ikuskizunean\/74438323_1695891877212275_7913726690285584384_o\/\" data-orig-file=\"https:\/\/i0.wp.com\/musikaliaelkartea.eus\/wp-content\/uploads\/2019\/11\/74438323_1695891877212275_7913726690285584384_o.jpg?fit=960%2C698\" data-orig-size=\"960,698\" data-comments-opened=\"0\" data-image-meta=\"{&quot;aperture&quot;:&quot;0&quot;,&quot;credit&quot;:&quot;P.Urresti&quot;,&quot;camera&quot;:&quot;&quot;,&quot;caption&quot;:&quot;&quot;,&quot;created_timestamp&quot;:&quot;0&quot;,&quot;copyright&quot;:&quot;&quot;,&quot;focal_length&quot;:&quot;0&quot;,&quot;iso&quot;:&quot;0&quot;,&quot;shutter_speed&quot;:&quot;0&quot;,&quot;title&quot;:&quot;&quot;,&quot;orientation&quot;:&quot;0&quot;}\" data-image-title=\"74438323_1695891877212275_7913726690285584384_o\" data-image-description=\"\" data-image-caption=\"\" data-large-file=\"https:\/\/i0.wp.com\/musikaliaelkartea.eus\/wp-content\/uploads\/2019\/11\/74438323_1695891877212275_7913726690285584384_o.jpg?fit=960%2C698\" class=\"aligncenter wp-image-3017 size-advps-thumb-one\" src=\"https:\/\/i0.wp.com\/musikaliaelkartea.eus\/wp-content\/uploads\/2019\/11\/74438323_1695891877212275_7913726690285584384_o.jpg?resize=723%2C386\" alt=\"\" width=\"723\" height=\"386\" \/><\/p>\n<p>\u00c9ste ha sido el primer concierto dirigido por Asier Ituarte. Una vez finalizado el proyecto de las bandas sonoras, toca centrarnos en nuestro pr\u00f3ximo compromiso; el concierto de navidad. Actuaremos junto a nuestras amigas de Kimetz Abesbatza el 14 de diciembre, a las 20:00 en la iglesia de San Nikolas.<\/p>\n<p>Eskerrik asko a todos\/as que os acercasteis el s\u00e1bado y pedimos perd\u00f3n a los\/as peque\u00f1os\/as de la casa por no interpretar la banda sonora de Frozen, pero con la apretada programaci\u00f3n no pudimos meterla en el repertorio.<\/p>\n<p>Aqu\u00ed ten\u00e9is algunas de las obras que interpretamos:<\/p>\n<p><span class=\"embed-youtube\" style=\"text-align:center; display: block;\"><iframe class=\"youtube-player\" width=\"1300\" height=\"732\" src=\"https:\/\/www.youtube.com\/embed\/zIWwd9I9Iys?version=3&#038;rel=1&#038;showsearch=0&#038;showinfo=1&#038;iv_load_policy=1&#038;fs=1&#038;hl=es-ES&#038;autohide=2&#038;wmode=transparent\" allowfullscreen=\"true\" style=\"border:0;\" sandbox=\"allow-scripts allow-same-origin allow-popups allow-presentation allow-popups-to-escape-sandbox\"><\/iframe><\/span><\/p>\n<p><span class=\"embed-youtube\" style=\"text-align:center; display: block;\"><iframe class=\"youtube-player\" width=\"1300\" height=\"732\" src=\"https:\/\/www.youtube.com\/embed\/vGRVB-qsUrI?version=3&#038;rel=1&#038;showsearch=0&#038;showinfo=1&#038;iv_load_policy=1&#038;fs=1&#038;hl=es-ES&#038;autohide=2&#038;wmode=transparent\" allowfullscreen=\"true\" style=\"border:0;\" sandbox=\"allow-scripts allow-same-origin allow-popups allow-presentation allow-popups-to-escape-sandbox\"><\/iframe><\/span><\/p>\n<p><span class=\"embed-youtube\" style=\"text-align:center; display: block;\"><iframe class=\"youtube-player\" width=\"1300\" height=\"732\" src=\"https:\/\/www.youtube.com\/embed\/iPYqFRi_hyI?version=3&#038;rel=1&#038;showsearch=0&#038;showinfo=1&#038;iv_load_policy=1&#038;fs=1&#038;hl=es-ES&#038;autohide=2&#038;wmode=transparent\" allowfullscreen=\"true\" style=\"border:0;\" sandbox=\"allow-scripts allow-same-origin allow-popups allow-presentation allow-popups-to-escape-sandbox\"><\/iframe><\/span><\/p>\n<p><span class=\"embed-youtube\" style=\"text-align:center; display: block;\"><iframe class=\"youtube-player\" width=\"1300\" height=\"732\" src=\"https:\/\/www.youtube.com\/embed\/-S2umWWFfag?version=3&#038;rel=1&#038;showsearch=0&#038;showinfo=1&#038;iv_load_policy=1&#038;fs=1&#038;hl=es-ES&#038;autohide=2&#038;wmode=transparent\" allowfullscreen=\"true\" style=\"border:0;\" sandbox=\"allow-scripts allow-same-origin allow-popups allow-presentation allow-popups-to-escape-sandbox\"><\/iframe><\/span><\/p>","protected":false},"excerpt":{"rendered":"<p>El s\u00e1bado, recuperando la propuesta de hace unos a\u00f1os, recuperamos el concierto de bandas sonoras en la sala Arrigunaga del centro Muxikebarri, a\u00f1adiendo al repertorio<a href=\"http:\/\/musikaliaelkartea.eus\/es\/2019\/11\/24\/soinu-banden-kontzertua-getxoko-islak-ikuskizunean\/\" class=\"more-link\">View More<\/a><\/p>\n","protected":false},"author":2,"featured_media":3019,"comment_status":"closed","ping_status":"open","sticky":false,"template":"","format":"standard","meta":{"jetpack_post_was_ever_published":false,"_jetpack_newsletter_access":"","_jetpack_dont_email_post_to_subs":false,"_jetpack_newsletter_tier_id":0,"_jetpack_memberships_contains_paywalled_content":false,"_jetpack_memberships_contains_paid_content":false,"footnotes":""},"categories":[1],"tags":[],"class_list":["post-3012","post","type-post","status-publish","format-standard","has-post-thumbnail","hentry","category-uncategorized"],"yoast_head":"<!-- This site is optimized with the Yoast SEO plugin v27.4 - https:\/\/yoast.com\/product\/yoast-seo-wordpress\/ -->\n<title>Concierto de bandas sonoras en &quot;Getxoko islak&quot; - Musikalia Elkartea<\/title>\n<meta name=\"robots\" content=\"index, follow, max-snippet:-1, max-image-preview:large, max-video-preview:-1\" \/>\n<link rel=\"canonical\" href=\"http:\/\/musikaliaelkartea.eus\/es\/2019\/11\/24\/soinu-banden-kontzertua-getxoko-islak-ikuskizunean\/\" \/>\n<meta property=\"og:locale\" content=\"es_ES\" \/>\n<meta property=\"og:type\" content=\"article\" \/>\n<meta property=\"og:title\" content=\"[:eu]Soinu banden kontzertua, &quot;Getxoko Islak&quot; ikuskizunean[:es]Concierto de bandas sonoras en &quot;Getxoko islak&quot;[:] - Musikalia Elkartea\" \/>\n<meta property=\"og:description\" content=\"El s\u00e1bado, recuperando la propuesta de hace unos a\u00f1os, recuperamos el concierto de bandas sonoras en la sala Arrigunaga del centro Muxikebarri, a\u00f1adiendo al repertorioView More\" \/>\n<meta property=\"og:url\" content=\"http:\/\/musikaliaelkartea.eus\/es\/2019\/11\/24\/soinu-banden-kontzertua-getxoko-islak-ikuskizunean\/\" \/>\n<meta property=\"og:site_name\" content=\"Musikalia Elkartea\" \/>\n<meta property=\"article:publisher\" content=\"https:\/\/www.facebook.com\/musikaliaelkartea\" \/>\n<meta property=\"article:published_time\" content=\"2019-11-24T18:03:18+00:00\" \/>\n<meta property=\"article:modified_time\" content=\"2019-11-24T19:07:16+00:00\" \/>\n<meta property=\"og:image\" content=\"https:\/\/i0.wp.com\/musikaliaelkartea.eus\/wp-content\/uploads\/2019\/11\/irribanda-4.png?fit=820%2C312\" \/>\n\t<meta property=\"og:image:width\" content=\"820\" \/>\n\t<meta property=\"og:image:height\" content=\"312\" \/>\n\t<meta property=\"og:image:type\" content=\"image\/png\" \/>\n<meta name=\"author\" content=\"Musikalia\" \/>\n<meta name=\"twitter:card\" content=\"summary_large_image\" \/>\n<meta name=\"twitter:label1\" content=\"Escrito por\" \/>\n\t<meta name=\"twitter:data1\" content=\"Musikalia\" \/>\n\t<meta name=\"twitter:label2\" content=\"Tiempo de lectura\" \/>\n\t<meta name=\"twitter:data2\" content=\"2 minutos\" \/>\n<script type=\"application\/ld+json\" class=\"yoast-schema-graph\">{\"@context\":\"https:\\\/\\\/schema.org\",\"@graph\":[{\"@type\":\"Article\",\"@id\":\"http:\\\/\\\/musikaliaelkartea.eus\\\/es\\\/2019\\\/11\\\/24\\\/soinu-banden-kontzertua-getxoko-islak-ikuskizunean\\\/#article\",\"isPartOf\":{\"@id\":\"http:\\\/\\\/musikaliaelkartea.eus\\\/es\\\/2019\\\/11\\\/24\\\/soinu-banden-kontzertua-getxoko-islak-ikuskizunean\\\/\"},\"author\":{\"name\":\"Musikalia\",\"@id\":\"http:\\\/\\\/musikaliaelkartea.eus\\\/es\\\/#\\\/schema\\\/person\\\/14029d72e7fe33dcc3b5b67080703aab\"},\"headline\":\"Concierto de bandas sonoras en \u00abGetxoko islak\u00bb\",\"datePublished\":\"2019-11-24T18:03:18+00:00\",\"dateModified\":\"2019-11-24T19:07:16+00:00\",\"mainEntityOfPage\":{\"@id\":\"http:\\\/\\\/musikaliaelkartea.eus\\\/es\\\/2019\\\/11\\\/24\\\/soinu-banden-kontzertua-getxoko-islak-ikuskizunean\\\/\"},\"wordCount\":491,\"publisher\":{\"@id\":\"http:\\\/\\\/musikaliaelkartea.eus\\\/es\\\/#organization\"},\"image\":{\"@id\":\"http:\\\/\\\/musikaliaelkartea.eus\\\/es\\\/2019\\\/11\\\/24\\\/soinu-banden-kontzertua-getxoko-islak-ikuskizunean\\\/#primaryimage\"},\"thumbnailUrl\":\"https:\\\/\\\/i0.wp.com\\\/musikaliaelkartea.eus\\\/wp-content\\\/uploads\\\/2019\\\/11\\\/irribanda-4.png?fit=820%2C312\",\"articleSection\":[\"Uncategorized\"],\"inLanguage\":\"es\"},{\"@type\":\"WebPage\",\"@id\":\"http:\\\/\\\/musikaliaelkartea.eus\\\/es\\\/2019\\\/11\\\/24\\\/soinu-banden-kontzertua-getxoko-islak-ikuskizunean\\\/\",\"url\":\"http:\\\/\\\/musikaliaelkartea.eus\\\/es\\\/2019\\\/11\\\/24\\\/soinu-banden-kontzertua-getxoko-islak-ikuskizunean\\\/\",\"name\":\"[:eu]Soinu banden kontzertua, \\\"Getxoko Islak\\\" ikuskizunean[:es]Concierto de bandas sonoras en \\\"Getxoko islak\\\"[:] - Musikalia Elkartea\",\"isPartOf\":{\"@id\":\"http:\\\/\\\/musikaliaelkartea.eus\\\/es\\\/#website\"},\"primaryImageOfPage\":{\"@id\":\"http:\\\/\\\/musikaliaelkartea.eus\\\/es\\\/2019\\\/11\\\/24\\\/soinu-banden-kontzertua-getxoko-islak-ikuskizunean\\\/#primaryimage\"},\"image\":{\"@id\":\"http:\\\/\\\/musikaliaelkartea.eus\\\/es\\\/2019\\\/11\\\/24\\\/soinu-banden-kontzertua-getxoko-islak-ikuskizunean\\\/#primaryimage\"},\"thumbnailUrl\":\"https:\\\/\\\/i0.wp.com\\\/musikaliaelkartea.eus\\\/wp-content\\\/uploads\\\/2019\\\/11\\\/irribanda-4.png?fit=820%2C312\",\"datePublished\":\"2019-11-24T18:03:18+00:00\",\"dateModified\":\"2019-11-24T19:07:16+00:00\",\"breadcrumb\":{\"@id\":\"http:\\\/\\\/musikaliaelkartea.eus\\\/es\\\/2019\\\/11\\\/24\\\/soinu-banden-kontzertua-getxoko-islak-ikuskizunean\\\/#breadcrumb\"},\"inLanguage\":\"es\",\"potentialAction\":[{\"@type\":\"ReadAction\",\"target\":[\"http:\\\/\\\/musikaliaelkartea.eus\\\/es\\\/2019\\\/11\\\/24\\\/soinu-banden-kontzertua-getxoko-islak-ikuskizunean\\\/\"]}]},{\"@type\":\"ImageObject\",\"inLanguage\":\"es\",\"@id\":\"http:\\\/\\\/musikaliaelkartea.eus\\\/es\\\/2019\\\/11\\\/24\\\/soinu-banden-kontzertua-getxoko-islak-ikuskizunean\\\/#primaryimage\",\"url\":\"https:\\\/\\\/i0.wp.com\\\/musikaliaelkartea.eus\\\/wp-content\\\/uploads\\\/2019\\\/11\\\/irribanda-4.png?fit=820%2C312\",\"contentUrl\":\"https:\\\/\\\/i0.wp.com\\\/musikaliaelkartea.eus\\\/wp-content\\\/uploads\\\/2019\\\/11\\\/irribanda-4.png?fit=820%2C312\",\"width\":820,\"height\":312},{\"@type\":\"BreadcrumbList\",\"@id\":\"http:\\\/\\\/musikaliaelkartea.eus\\\/es\\\/2019\\\/11\\\/24\\\/soinu-banden-kontzertua-getxoko-islak-ikuskizunean\\\/#breadcrumb\",\"itemListElement\":[{\"@type\":\"ListItem\",\"position\":1,\"name\":\"Home\",\"item\":\"http:\\\/\\\/musikaliaelkartea.eus\\\/es\\\/\"},{\"@type\":\"ListItem\",\"position\":2,\"name\":\"Concierto de bandas sonoras en \u00abGetxoko islak\u00bb\"}]},{\"@type\":\"WebSite\",\"@id\":\"http:\\\/\\\/musikaliaelkartea.eus\\\/es\\\/#website\",\"url\":\"http:\\\/\\\/musikaliaelkartea.eus\\\/es\\\/\",\"name\":\"Musikalia Elkartea\",\"description\":\"\",\"publisher\":{\"@id\":\"http:\\\/\\\/musikaliaelkartea.eus\\\/es\\\/#organization\"},\"potentialAction\":[{\"@type\":\"SearchAction\",\"target\":{\"@type\":\"EntryPoint\",\"urlTemplate\":\"http:\\\/\\\/musikaliaelkartea.eus\\\/es\\\/?s={search_term_string}\"},\"query-input\":{\"@type\":\"PropertyValueSpecification\",\"valueRequired\":true,\"valueName\":\"search_term_string\"}}],\"inLanguage\":\"es\"},{\"@type\":\"Organization\",\"@id\":\"http:\\\/\\\/musikaliaelkartea.eus\\\/es\\\/#organization\",\"name\":\"Getxoko Andres Isasi Musikalia Elkartea\",\"url\":\"http:\\\/\\\/musikaliaelkartea.eus\\\/es\\\/\",\"logo\":{\"@type\":\"ImageObject\",\"inLanguage\":\"es\",\"@id\":\"http:\\\/\\\/musikaliaelkartea.eus\\\/es\\\/#\\\/schema\\\/logo\\\/image\\\/\",\"url\":\"https:\\\/\\\/i0.wp.com\\\/musikaliaelkartea.eus\\\/wp-content\\\/uploads\\\/2025\\\/03\\\/cropped-MUSIKALIA-LOGO-LARGO.png?fit=5455%2C1928\",\"contentUrl\":\"https:\\\/\\\/i0.wp.com\\\/musikaliaelkartea.eus\\\/wp-content\\\/uploads\\\/2025\\\/03\\\/cropped-MUSIKALIA-LOGO-LARGO.png?fit=5455%2C1928\",\"width\":5455,\"height\":1928,\"caption\":\"Getxoko Andres Isasi Musikalia Elkartea\"},\"image\":{\"@id\":\"http:\\\/\\\/musikaliaelkartea.eus\\\/es\\\/#\\\/schema\\\/logo\\\/image\\\/\"},\"sameAs\":[\"https:\\\/\\\/www.facebook.com\\\/musikaliaelkartea\",\"https:\\\/\\\/www.instagram.com\\\/musikaliaelkartea\\\/\",\"https:\\\/\\\/www.youtube.com\\\/channel\\\/UCYG_UH_Rv-34wbmS8nQ7mpg\"]},{\"@type\":\"Person\",\"@id\":\"http:\\\/\\\/musikaliaelkartea.eus\\\/es\\\/#\\\/schema\\\/person\\\/14029d72e7fe33dcc3b5b67080703aab\",\"name\":\"Musikalia\",\"image\":{\"@type\":\"ImageObject\",\"inLanguage\":\"es\",\"@id\":\"https:\\\/\\\/secure.gravatar.com\\\/avatar\\\/4cedd4863d0dc30f70d9375282b4f70545dbeb2a5fec482325b3b89efe2dd5e3?s=96&d=mm&r=g\",\"url\":\"https:\\\/\\\/secure.gravatar.com\\\/avatar\\\/4cedd4863d0dc30f70d9375282b4f70545dbeb2a5fec482325b3b89efe2dd5e3?s=96&d=mm&r=g\",\"contentUrl\":\"https:\\\/\\\/secure.gravatar.com\\\/avatar\\\/4cedd4863d0dc30f70d9375282b4f70545dbeb2a5fec482325b3b89efe2dd5e3?s=96&d=mm&r=g\",\"caption\":\"Musikalia\"},\"url\":\"http:\\\/\\\/musikaliaelkartea.eus\\\/es\\\/author\\\/musikalia\\\/\"}]}<\/script>\n<!-- \/ Yoast SEO plugin. -->","yoast_head_json":{"title":"[:eu]Soinu banden kontzertua, \"Getxoko Islak\" ikuskizunean[:es]Concierto de bandas sonoras en \"Getxoko islak\"[:] - Musikalia Elkartea","robots":{"index":"index","follow":"follow","max-snippet":"max-snippet:-1","max-image-preview":"max-image-preview:large","max-video-preview":"max-video-preview:-1"},"canonical":"http:\/\/musikaliaelkartea.eus\/es\/2019\/11\/24\/soinu-banden-kontzertua-getxoko-islak-ikuskizunean\/","og_locale":"es_ES","og_type":"article","og_title":"[:eu]Soinu banden kontzertua, \"Getxoko Islak\" ikuskizunean[:es]Concierto de bandas sonoras en \"Getxoko islak\"[:] - Musikalia Elkartea","og_description":"El s\u00e1bado, recuperando la propuesta de hace unos a\u00f1os, recuperamos el concierto de bandas sonoras en la sala Arrigunaga del centro Muxikebarri, a\u00f1adiendo al repertorioView More","og_url":"http:\/\/musikaliaelkartea.eus\/es\/2019\/11\/24\/soinu-banden-kontzertua-getxoko-islak-ikuskizunean\/","og_site_name":"Musikalia Elkartea","article_publisher":"https:\/\/www.facebook.com\/musikaliaelkartea","article_published_time":"2019-11-24T18:03:18+00:00","article_modified_time":"2019-11-24T19:07:16+00:00","og_image":[{"width":820,"height":312,"url":"https:\/\/i0.wp.com\/musikaliaelkartea.eus\/wp-content\/uploads\/2019\/11\/irribanda-4.png?fit=820%2C312","type":"image\/png"}],"author":"Musikalia","twitter_card":"summary_large_image","twitter_misc":{"Escrito por":"Musikalia","Tiempo de lectura":"2 minutos"},"schema":{"@context":"https:\/\/schema.org","@graph":[{"@type":"Article","@id":"http:\/\/musikaliaelkartea.eus\/es\/2019\/11\/24\/soinu-banden-kontzertua-getxoko-islak-ikuskizunean\/#article","isPartOf":{"@id":"http:\/\/musikaliaelkartea.eus\/es\/2019\/11\/24\/soinu-banden-kontzertua-getxoko-islak-ikuskizunean\/"},"author":{"name":"Musikalia","@id":"http:\/\/musikaliaelkartea.eus\/es\/#\/schema\/person\/14029d72e7fe33dcc3b5b67080703aab"},"headline":"Concierto de bandas sonoras en \u00abGetxoko islak\u00bb","datePublished":"2019-11-24T18:03:18+00:00","dateModified":"2019-11-24T19:07:16+00:00","mainEntityOfPage":{"@id":"http:\/\/musikaliaelkartea.eus\/es\/2019\/11\/24\/soinu-banden-kontzertua-getxoko-islak-ikuskizunean\/"},"wordCount":491,"publisher":{"@id":"http:\/\/musikaliaelkartea.eus\/es\/#organization"},"image":{"@id":"http:\/\/musikaliaelkartea.eus\/es\/2019\/11\/24\/soinu-banden-kontzertua-getxoko-islak-ikuskizunean\/#primaryimage"},"thumbnailUrl":"https:\/\/i0.wp.com\/musikaliaelkartea.eus\/wp-content\/uploads\/2019\/11\/irribanda-4.png?fit=820%2C312","articleSection":["Uncategorized"],"inLanguage":"es"},{"@type":"WebPage","@id":"http:\/\/musikaliaelkartea.eus\/es\/2019\/11\/24\/soinu-banden-kontzertua-getxoko-islak-ikuskizunean\/","url":"http:\/\/musikaliaelkartea.eus\/es\/2019\/11\/24\/soinu-banden-kontzertua-getxoko-islak-ikuskizunean\/","name":"[:eu]Soinu banden kontzertua, \"Getxoko Islak\" ikuskizunean[:es]Concierto de bandas sonoras en \"Getxoko islak\"[:] - Musikalia Elkartea","isPartOf":{"@id":"http:\/\/musikaliaelkartea.eus\/es\/#website"},"primaryImageOfPage":{"@id":"http:\/\/musikaliaelkartea.eus\/es\/2019\/11\/24\/soinu-banden-kontzertua-getxoko-islak-ikuskizunean\/#primaryimage"},"image":{"@id":"http:\/\/musikaliaelkartea.eus\/es\/2019\/11\/24\/soinu-banden-kontzertua-getxoko-islak-ikuskizunean\/#primaryimage"},"thumbnailUrl":"https:\/\/i0.wp.com\/musikaliaelkartea.eus\/wp-content\/uploads\/2019\/11\/irribanda-4.png?fit=820%2C312","datePublished":"2019-11-24T18:03:18+00:00","dateModified":"2019-11-24T19:07:16+00:00","breadcrumb":{"@id":"http:\/\/musikaliaelkartea.eus\/es\/2019\/11\/24\/soinu-banden-kontzertua-getxoko-islak-ikuskizunean\/#breadcrumb"},"inLanguage":"es","potentialAction":[{"@type":"ReadAction","target":["http:\/\/musikaliaelkartea.eus\/es\/2019\/11\/24\/soinu-banden-kontzertua-getxoko-islak-ikuskizunean\/"]}]},{"@type":"ImageObject","inLanguage":"es","@id":"http:\/\/musikaliaelkartea.eus\/es\/2019\/11\/24\/soinu-banden-kontzertua-getxoko-islak-ikuskizunean\/#primaryimage","url":"https:\/\/i0.wp.com\/musikaliaelkartea.eus\/wp-content\/uploads\/2019\/11\/irribanda-4.png?fit=820%2C312","contentUrl":"https:\/\/i0.wp.com\/musikaliaelkartea.eus\/wp-content\/uploads\/2019\/11\/irribanda-4.png?fit=820%2C312","width":820,"height":312},{"@type":"BreadcrumbList","@id":"http:\/\/musikaliaelkartea.eus\/es\/2019\/11\/24\/soinu-banden-kontzertua-getxoko-islak-ikuskizunean\/#breadcrumb","itemListElement":[{"@type":"ListItem","position":1,"name":"Home","item":"http:\/\/musikaliaelkartea.eus\/es\/"},{"@type":"ListItem","position":2,"name":"Concierto de bandas sonoras en \u00abGetxoko islak\u00bb"}]},{"@type":"WebSite","@id":"http:\/\/musikaliaelkartea.eus\/es\/#website","url":"http:\/\/musikaliaelkartea.eus\/es\/","name":"Musikalia Elkartea","description":"","publisher":{"@id":"http:\/\/musikaliaelkartea.eus\/es\/#organization"},"potentialAction":[{"@type":"SearchAction","target":{"@type":"EntryPoint","urlTemplate":"http:\/\/musikaliaelkartea.eus\/es\/?s={search_term_string}"},"query-input":{"@type":"PropertyValueSpecification","valueRequired":true,"valueName":"search_term_string"}}],"inLanguage":"es"},{"@type":"Organization","@id":"http:\/\/musikaliaelkartea.eus\/es\/#organization","name":"Getxoko Andres Isasi Musikalia Elkartea","url":"http:\/\/musikaliaelkartea.eus\/es\/","logo":{"@type":"ImageObject","inLanguage":"es","@id":"http:\/\/musikaliaelkartea.eus\/es\/#\/schema\/logo\/image\/","url":"https:\/\/i0.wp.com\/musikaliaelkartea.eus\/wp-content\/uploads\/2025\/03\/cropped-MUSIKALIA-LOGO-LARGO.png?fit=5455%2C1928","contentUrl":"https:\/\/i0.wp.com\/musikaliaelkartea.eus\/wp-content\/uploads\/2025\/03\/cropped-MUSIKALIA-LOGO-LARGO.png?fit=5455%2C1928","width":5455,"height":1928,"caption":"Getxoko Andres Isasi Musikalia Elkartea"},"image":{"@id":"http:\/\/musikaliaelkartea.eus\/es\/#\/schema\/logo\/image\/"},"sameAs":["https:\/\/www.facebook.com\/musikaliaelkartea","https:\/\/www.instagram.com\/musikaliaelkartea\/","https:\/\/www.youtube.com\/channel\/UCYG_UH_Rv-34wbmS8nQ7mpg"]},{"@type":"Person","@id":"http:\/\/musikaliaelkartea.eus\/es\/#\/schema\/person\/14029d72e7fe33dcc3b5b67080703aab","name":"Musikalia","image":{"@type":"ImageObject","inLanguage":"es","@id":"https:\/\/secure.gravatar.com\/avatar\/4cedd4863d0dc30f70d9375282b4f70545dbeb2a5fec482325b3b89efe2dd5e3?s=96&d=mm&r=g","url":"https:\/\/secure.gravatar.com\/avatar\/4cedd4863d0dc30f70d9375282b4f70545dbeb2a5fec482325b3b89efe2dd5e3?s=96&d=mm&r=g","contentUrl":"https:\/\/secure.gravatar.com\/avatar\/4cedd4863d0dc30f70d9375282b4f70545dbeb2a5fec482325b3b89efe2dd5e3?s=96&d=mm&r=g","caption":"Musikalia"},"url":"http:\/\/musikaliaelkartea.eus\/es\/author\/musikalia\/"}]}},"jetpack_featured_media_url":"https:\/\/i0.wp.com\/musikaliaelkartea.eus\/wp-content\/uploads\/2019\/11\/irribanda-4.png?fit=820%2C312","jetpack_sharing_enabled":true,"jetpack_shortlink":"https:\/\/wp.me\/p8OhQz-MA","_links":{"self":[{"href":"http:\/\/musikaliaelkartea.eus\/es\/wp-json\/wp\/v2\/posts\/3012","targetHints":{"allow":["GET"]}}],"collection":[{"href":"http:\/\/musikaliaelkartea.eus\/es\/wp-json\/wp\/v2\/posts"}],"about":[{"href":"http:\/\/musikaliaelkartea.eus\/es\/wp-json\/wp\/v2\/types\/post"}],"author":[{"embeddable":true,"href":"http:\/\/musikaliaelkartea.eus\/es\/wp-json\/wp\/v2\/users\/2"}],"replies":[{"embeddable":true,"href":"http:\/\/musikaliaelkartea.eus\/es\/wp-json\/wp\/v2\/comments?post=3012"}],"version-history":[{"count":6,"href":"http:\/\/musikaliaelkartea.eus\/es\/wp-json\/wp\/v2\/posts\/3012\/revisions"}],"predecessor-version":[{"id":3026,"href":"http:\/\/musikaliaelkartea.eus\/es\/wp-json\/wp\/v2\/posts\/3012\/revisions\/3026"}],"wp:featuredmedia":[{"embeddable":true,"href":"http:\/\/musikaliaelkartea.eus\/es\/wp-json\/wp\/v2\/media\/3019"}],"wp:attachment":[{"href":"http:\/\/musikaliaelkartea.eus\/es\/wp-json\/wp\/v2\/media?parent=3012"}],"wp:term":[{"taxonomy":"category","embeddable":true,"href":"http:\/\/musikaliaelkartea.eus\/es\/wp-json\/wp\/v2\/categories?post=3012"},{"taxonomy":"post_tag","embeddable":true,"href":"http:\/\/musikaliaelkartea.eus\/es\/wp-json\/wp\/v2\/tags?post=3012"}],"curies":[{"name":"wp","href":"https:\/\/api.w.org\/{rel}","templated":true}]}}