{"id":2901,"date":"2019-09-01T15:20:17","date_gmt":"2019-09-01T15:20:17","guid":{"rendered":"http:\/\/musikaliaelkartea.eus\/?p=2901"},"modified":"2019-09-01T20:14:17","modified_gmt":"2019-09-01T20:14:17","slug":"eskerrik-asko-eta-ondo-segi-ane","status":"publish","type":"post","link":"http:\/\/musikaliaelkartea.eus\/es\/2019\/09\/01\/eskerrik-asko-eta-ondo-segi-ane\/","title":{"rendered":"\u00a1Eskerrik asko y buena suerte Ane!"},"content":{"rendered":"<p>El pr\u00f3ximo 13 de septiembre daremos comienzo a un nuevo curso cargada de nuevos proyectos.<\/p>\n<p><img data-recalc-dims=\"1\" loading=\"lazy\" decoding=\"async\" data-attachment-id=\"2662\" data-permalink=\"http:\/\/musikaliaelkartea.eus\/es\/?attachment_id=2662\" data-orig-file=\"https:\/\/i0.wp.com\/musikaliaelkartea.eus\/wp-content\/uploads\/2019\/05\/IMG_0706-min.jpg?fit=5184%2C3456\" data-orig-size=\"5184,3456\" data-comments-opened=\"1\" data-image-meta=\"{&quot;aperture&quot;:&quot;0&quot;,&quot;credit&quot;:&quot;&quot;,&quot;camera&quot;:&quot;&quot;,&quot;caption&quot;:&quot;&quot;,&quot;created_timestamp&quot;:&quot;0&quot;,&quot;copyright&quot;:&quot;&quot;,&quot;focal_length&quot;:&quot;0&quot;,&quot;iso&quot;:&quot;0&quot;,&quot;shutter_speed&quot;:&quot;0&quot;,&quot;title&quot;:&quot;&quot;,&quot;orientation&quot;:&quot;0&quot;}\" data-image-title=\"IMG_0706-min\" data-image-description=\"\" data-image-caption=\"\" data-large-file=\"https:\/\/i0.wp.com\/musikaliaelkartea.eus\/wp-content\/uploads\/2019\/05\/IMG_0706-min.jpg?fit=1024%2C683\" class=\"alignright wp-image-2662 size-sow-carousel-default\" src=\"https:\/\/i0.wp.com\/musikaliaelkartea.eus\/wp-content\/uploads\/2019\/05\/IMG_0706-min.jpg?resize=272%2C182\" alt=\"\" width=\"272\" height=\"182\" srcset=\"https:\/\/i0.wp.com\/musikaliaelkartea.eus\/wp-content\/uploads\/2019\/05\/IMG_0706-min.jpg?resize=272%2C182 272w, https:\/\/i0.wp.com\/musikaliaelkartea.eus\/wp-content\/uploads\/2019\/05\/IMG_0706-min.jpg?resize=300%2C200 300w, https:\/\/i0.wp.com\/musikaliaelkartea.eus\/wp-content\/uploads\/2019\/05\/IMG_0706-min.jpg?resize=768%2C512 768w, https:\/\/i0.wp.com\/musikaliaelkartea.eus\/wp-content\/uploads\/2019\/05\/IMG_0706-min.jpg?resize=1024%2C683 1024w, https:\/\/i0.wp.com\/musikaliaelkartea.eus\/wp-content\/uploads\/2019\/05\/IMG_0706-min.jpg?resize=450%2C300 450w, https:\/\/i0.wp.com\/musikaliaelkartea.eus\/wp-content\/uploads\/2019\/05\/IMG_0706-min.jpg?w=2600 2600w, https:\/\/i0.wp.com\/musikaliaelkartea.eus\/wp-content\/uploads\/2019\/05\/IMG_0706-min.jpg?w=3900 3900w\" sizes=\"(max-width: 272px) 100vw, 272px\" \/><\/p>\n<p>Muy a nuestro pesar, nos toca decir adi\u00f3s a Ane Legarreta, que ha decidido seguir creciendo como profesional lo que impide poder continuar con nosotros.<br \/>\nMusikalia Elkartea fue fundada en el a\u00f1o 2015 y Ane, se uni\u00f3 a la misma en el a\u00f1o 2016, siendo por tanto nuestra primera directora.<\/p>\n<p>El primer proyecto con nosotros fue Urko Herrikoi &amp; Musikalia, dejando claro desde un primer momento su profesionalidad y saber hacer adem\u00e1s de su cercan\u00eda y generosidad.<\/p>\n<p>Durante el curso 2017-2018, tambi\u00e9n empleamos tiempo en la preparaci\u00f3n de nuestro formato de calle, lo que no impidi\u00f3 para poder ofrecer el Concierto Pedag\u00f3gico el d\u00eda de Santa Cecilia donde pudimos combinaba im\u00e1genes proyectadas con m\u00fasica en directo.<\/p>\n<p>Para acabar el a\u00f1o, tambi\u00e9n pudimos ofrecer dos actuaciones en la carpa Biotz Alai, que bien merecieron la pena, Kantu Banda, donde Ane desmostr\u00f3, una vez m\u00e1s, su talento y la mano para con los m\u00e1s j\u00f3venes y Feten-Feten &amp; Musikalia, una de las actuaciones m\u00e1s especiales donde la aportaci\u00f3n de Ane fue espectacular.<\/p>\n<p><img data-recalc-dims=\"1\" decoding=\"async\" data-attachment-id=\"1756\" data-permalink=\"http:\/\/musikaliaelkartea.eus\/es\/banda-historia\/44190314_1125720154261723_139100770808102912_n\/\" data-orig-file=\"https:\/\/i0.wp.com\/musikaliaelkartea.eus\/wp-content\/uploads\/2018\/11\/44190314_1125720154261723_139100770808102912_n.jpg?fit=960%2C640\" data-orig-size=\"960,640\" data-comments-opened=\"1\" data-image-meta=\"{&quot;aperture&quot;:&quot;0&quot;,&quot;credit&quot;:&quot;josu&quot;,&quot;camera&quot;:&quot;&quot;,&quot;caption&quot;:&quot;&quot;,&quot;created_timestamp&quot;:&quot;0&quot;,&quot;copyright&quot;:&quot;&quot;,&quot;focal_length&quot;:&quot;0&quot;,&quot;iso&quot;:&quot;0&quot;,&quot;shutter_speed&quot;:&quot;0&quot;,&quot;title&quot;:&quot;&quot;,&quot;orientation&quot;:&quot;0&quot;}\" data-image-title=\"44190314_1125720154261723_139100770808102912_n\" data-image-description=\"\" data-image-caption=\"\" data-large-file=\"https:\/\/i0.wp.com\/musikaliaelkartea.eus\/wp-content\/uploads\/2018\/11\/44190314_1125720154261723_139100770808102912_n.jpg?fit=960%2C640\" class=\"aligncenter wp-image-1756 size-apostrophe-featured\" src=\"https:\/\/i0.wp.com\/musikaliaelkartea.eus\/wp-content\/uploads\/2018\/11\/44190314_1125720154261723_139100770808102912_n.jpg?resize=723%2C350\" alt=\"\" width=\"723\" height=\"350\" \/><br \/>\nTambi\u00e9n hemos de rese\u00f1ar que en este \u00faltimo curso 2018-2019 y de la mano de Ane, hemos ofrecido el concierto Sorgina Txirulina &amp; Musikalia, un cuenta-cuento musical, Kantu Poteo por la calles de Algorta junto al coro Biotz Alai, Irribanda, colaboraci\u00f3n con Pirritx, Porrotx eta Marimotots y coros locales reuniendo a m\u00e1s de 100 personas en un mismo escenario.<\/p>\n<p><img data-recalc-dims=\"1\" decoding=\"async\" data-attachment-id=\"2852\" data-permalink=\"http:\/\/musikaliaelkartea.eus\/es\/?attachment_id=2852\" data-orig-file=\"https:\/\/i0.wp.com\/musikaliaelkartea.eus\/wp-content\/uploads\/2019\/07\/7-min.jpg?fit=1920%2C1080\" data-orig-size=\"1920,1080\" data-comments-opened=\"1\" data-image-meta=\"{&quot;aperture&quot;:&quot;0&quot;,&quot;credit&quot;:&quot;&quot;,&quot;camera&quot;:&quot;&quot;,&quot;caption&quot;:&quot;&quot;,&quot;created_timestamp&quot;:&quot;0&quot;,&quot;copyright&quot;:&quot;&quot;,&quot;focal_length&quot;:&quot;0&quot;,&quot;iso&quot;:&quot;0&quot;,&quot;shutter_speed&quot;:&quot;0&quot;,&quot;title&quot;:&quot;&quot;,&quot;orientation&quot;:&quot;0&quot;}\" data-image-title=\"7-min\" data-image-description=\"\" data-image-caption=\"\" data-large-file=\"https:\/\/i0.wp.com\/musikaliaelkartea.eus\/wp-content\/uploads\/2019\/07\/7-min.jpg?fit=1024%2C576\" class=\"aligncenter wp-image-2852 size-apostrophe-featured\" src=\"https:\/\/i0.wp.com\/musikaliaelkartea.eus\/wp-content\/uploads\/2019\/07\/7-min.jpg?resize=723%2C350\" alt=\"\" width=\"723\" height=\"350\" srcset=\"https:\/\/i0.wp.com\/musikaliaelkartea.eus\/wp-content\/uploads\/2019\/07\/7-min.jpg?resize=930%2C450 930w, https:\/\/i0.wp.com\/musikaliaelkartea.eus\/wp-content\/uploads\/2019\/07\/7-min.jpg?zoom=2&amp;resize=723%2C350 1446w\" sizes=\"(max-width: 723px) 100vw, 723px\" \/><br \/>\nAdem\u00e1s, Ane nos ayud\u00f3 a fortalecer nuestro proyecto en unos momentos iniciales muy complicados, poniendo a Musikalia en un lugar muy destacado dentro del municipio. Sin olvidar, por supuesto, los grandes momentos que hemos compartido.<\/p>\n<p>Gracias Ane por permitirnos hacer este viaje contigo, por tu implicaci\u00f3n, sacrificio, trabajo y toda tu dedicaci\u00f3n. Sabes que Musikalia siempre ser\u00e1 tu casa y nosotros tu familiar getxotarra.<\/p>\n<p>Esperamos que esto no sea un adi\u00f3s sino un hasta luego, que tengas mucha suerte en tu nueva etapa y te estaremos al tanto de los grandes \u00e9xitos que seguro consigues.<br \/>\nHasta siempre.<\/p>\n<p><img data-recalc-dims=\"1\" loading=\"lazy\" decoding=\"async\" data-attachment-id=\"2905\" data-permalink=\"http:\/\/musikaliaelkartea.eus\/es\/2019\/09\/01\/eskerrik-asko-eta-ondo-segi-ane\/eskerrik-asko-ane\/\" data-orig-file=\"https:\/\/i0.wp.com\/musikaliaelkartea.eus\/wp-content\/uploads\/2019\/08\/eskerrik-asko-Ane.png?fit=1920%2C1080\" data-orig-size=\"1920,1080\" data-comments-opened=\"0\" data-image-meta=\"{&quot;aperture&quot;:&quot;0&quot;,&quot;credit&quot;:&quot;&quot;,&quot;camera&quot;:&quot;&quot;,&quot;caption&quot;:&quot;&quot;,&quot;created_timestamp&quot;:&quot;0&quot;,&quot;copyright&quot;:&quot;&quot;,&quot;focal_length&quot;:&quot;0&quot;,&quot;iso&quot;:&quot;0&quot;,&quot;shutter_speed&quot;:&quot;0&quot;,&quot;title&quot;:&quot;&quot;,&quot;orientation&quot;:&quot;0&quot;}\" data-image-title=\"eskerrik asko Ane!\" data-image-description=\"\" data-image-caption=\"\" data-large-file=\"https:\/\/i0.wp.com\/musikaliaelkartea.eus\/wp-content\/uploads\/2019\/08\/eskerrik-asko-Ane.png?fit=1024%2C576\" class=\"aligncenter size-full wp-image-2905\" src=\"https:\/\/i0.wp.com\/musikaliaelkartea.eus\/wp-content\/uploads\/2019\/08\/eskerrik-asko-Ane.png?resize=1300%2C731\" alt=\"\" width=\"1300\" height=\"731\" srcset=\"https:\/\/i0.wp.com\/musikaliaelkartea.eus\/wp-content\/uploads\/2019\/08\/eskerrik-asko-Ane.png?w=1920 1920w, https:\/\/i0.wp.com\/musikaliaelkartea.eus\/wp-content\/uploads\/2019\/08\/eskerrik-asko-Ane.png?resize=300%2C169 300w, https:\/\/i0.wp.com\/musikaliaelkartea.eus\/wp-content\/uploads\/2019\/08\/eskerrik-asko-Ane.png?resize=768%2C432 768w, https:\/\/i0.wp.com\/musikaliaelkartea.eus\/wp-content\/uploads\/2019\/08\/eskerrik-asko-Ane.png?resize=1024%2C576 1024w, https:\/\/i0.wp.com\/musikaliaelkartea.eus\/wp-content\/uploads\/2019\/08\/eskerrik-asko-Ane.png?resize=533%2C300 533w\" sizes=\"(max-width: 1300px) 100vw, 1300px\" \/><\/p>","protected":false},"excerpt":{"rendered":"<p>El pr\u00f3ximo 13 de septiembre daremos comienzo a un nuevo curso cargada de nuevos proyectos. Muy a nuestro pesar, nos toca decir adi\u00f3s a Ane<a href=\"http:\/\/musikaliaelkartea.eus\/es\/2019\/09\/01\/eskerrik-asko-eta-ondo-segi-ane\/\" class=\"more-link\">View More<\/a><\/p>\n","protected":false},"author":2,"featured_media":2909,"comment_status":"closed","ping_status":"open","sticky":false,"template":"","format":"standard","meta":{"jetpack_post_was_ever_published":false,"_jetpack_newsletter_access":"","_jetpack_dont_email_post_to_subs":false,"_jetpack_newsletter_tier_id":0,"_jetpack_memberships_contains_paywalled_content":false,"_jetpack_memberships_contains_paid_content":false,"footnotes":""},"categories":[1],"tags":[],"class_list":["post-2901","post","type-post","status-publish","format-standard","has-post-thumbnail","hentry","category-uncategorized"],"yoast_head":"<!-- This site is optimized with the Yoast SEO plugin v27.4 - https:\/\/yoast.com\/product\/yoast-seo-wordpress\/ -->\n<title>\u00a1Eskerrik asko y buena suerte Ane! - Musikalia Elkartea<\/title>\n<meta name=\"robots\" content=\"index, follow, max-snippet:-1, max-image-preview:large, max-video-preview:-1\" \/>\n<link rel=\"canonical\" href=\"http:\/\/musikaliaelkartea.eus\/2019\/09\/01\/eskerrik-asko-eta-ondo-segi-ane\/\" \/>\n<meta property=\"og:locale\" content=\"es_ES\" \/>\n<meta property=\"og:type\" content=\"article\" \/>\n<meta property=\"og:title\" content=\"[:eu]Eskerrik asko eta ondo segi Ane![:es]\u00a1Eskerrik asko y buena suerte Ane![:] - Musikalia Elkartea\" \/>\n<meta property=\"og:description\" content=\"El pr\u00f3ximo 13 de septiembre daremos comienzo a un nuevo curso cargada de nuevos proyectos. Muy a nuestro pesar, nos toca decir adi\u00f3s a AneView More\" \/>\n<meta property=\"og:url\" content=\"http:\/\/musikaliaelkartea.eus\/2019\/09\/01\/eskerrik-asko-eta-ondo-segi-ane\/\" \/>\n<meta property=\"og:site_name\" content=\"Musikalia Elkartea\" \/>\n<meta property=\"article:publisher\" content=\"https:\/\/www.facebook.com\/musikaliaelkartea\" \/>\n<meta property=\"article:published_time\" content=\"2019-09-01T15:20:17+00:00\" \/>\n<meta property=\"article:modified_time\" content=\"2019-09-01T20:14:17+00:00\" \/>\n<meta property=\"og:image\" content=\"https:\/\/i0.wp.com\/musikaliaelkartea.eus\/wp-content\/uploads\/2019\/09\/irribanda.png?fit=820%2C312\" \/>\n\t<meta property=\"og:image:width\" content=\"820\" \/>\n\t<meta property=\"og:image:height\" content=\"312\" \/>\n\t<meta property=\"og:image:type\" content=\"image\/png\" \/>\n<meta name=\"author\" content=\"Musikalia\" \/>\n<meta name=\"twitter:card\" content=\"summary_large_image\" \/>\n<meta name=\"twitter:label1\" content=\"Escrito por\" \/>\n\t<meta name=\"twitter:data1\" content=\"Musikalia\" \/>\n\t<meta name=\"twitter:label2\" content=\"Tiempo de lectura\" \/>\n\t<meta name=\"twitter:data2\" content=\"3 minutos\" \/>\n<script type=\"application\/ld+json\" class=\"yoast-schema-graph\">{\"@context\":\"https:\\\/\\\/schema.org\",\"@graph\":[{\"@type\":\"Article\",\"@id\":\"http:\\\/\\\/musikaliaelkartea.eus\\\/2019\\\/09\\\/01\\\/eskerrik-asko-eta-ondo-segi-ane\\\/#article\",\"isPartOf\":{\"@id\":\"http:\\\/\\\/musikaliaelkartea.eus\\\/2019\\\/09\\\/01\\\/eskerrik-asko-eta-ondo-segi-ane\\\/\"},\"author\":{\"name\":\"Musikalia\",\"@id\":\"http:\\\/\\\/musikaliaelkartea.eus\\\/es\\\/#\\\/schema\\\/person\\\/14029d72e7fe33dcc3b5b67080703aab\"},\"headline\":\"\u00a1Eskerrik asko y buena suerte Ane!\",\"datePublished\":\"2019-09-01T15:20:17+00:00\",\"dateModified\":\"2019-09-01T20:14:17+00:00\",\"mainEntityOfPage\":{\"@id\":\"http:\\\/\\\/musikaliaelkartea.eus\\\/2019\\\/09\\\/01\\\/eskerrik-asko-eta-ondo-segi-ane\\\/\"},\"wordCount\":684,\"publisher\":{\"@id\":\"http:\\\/\\\/musikaliaelkartea.eus\\\/es\\\/#organization\"},\"image\":{\"@id\":\"http:\\\/\\\/musikaliaelkartea.eus\\\/2019\\\/09\\\/01\\\/eskerrik-asko-eta-ondo-segi-ane\\\/#primaryimage\"},\"thumbnailUrl\":\"https:\\\/\\\/i0.wp.com\\\/musikaliaelkartea.eus\\\/wp-content\\\/uploads\\\/2019\\\/09\\\/irribanda.png?fit=820%2C312\",\"articleSection\":[\"Uncategorized\"],\"inLanguage\":\"es\"},{\"@type\":\"WebPage\",\"@id\":\"http:\\\/\\\/musikaliaelkartea.eus\\\/2019\\\/09\\\/01\\\/eskerrik-asko-eta-ondo-segi-ane\\\/\",\"url\":\"http:\\\/\\\/musikaliaelkartea.eus\\\/2019\\\/09\\\/01\\\/eskerrik-asko-eta-ondo-segi-ane\\\/\",\"name\":\"[:eu]Eskerrik asko eta ondo segi Ane![:es]\u00a1Eskerrik asko y buena suerte Ane![:] - Musikalia Elkartea\",\"isPartOf\":{\"@id\":\"http:\\\/\\\/musikaliaelkartea.eus\\\/es\\\/#website\"},\"primaryImageOfPage\":{\"@id\":\"http:\\\/\\\/musikaliaelkartea.eus\\\/2019\\\/09\\\/01\\\/eskerrik-asko-eta-ondo-segi-ane\\\/#primaryimage\"},\"image\":{\"@id\":\"http:\\\/\\\/musikaliaelkartea.eus\\\/2019\\\/09\\\/01\\\/eskerrik-asko-eta-ondo-segi-ane\\\/#primaryimage\"},\"thumbnailUrl\":\"https:\\\/\\\/i0.wp.com\\\/musikaliaelkartea.eus\\\/wp-content\\\/uploads\\\/2019\\\/09\\\/irribanda.png?fit=820%2C312\",\"datePublished\":\"2019-09-01T15:20:17+00:00\",\"dateModified\":\"2019-09-01T20:14:17+00:00\",\"breadcrumb\":{\"@id\":\"http:\\\/\\\/musikaliaelkartea.eus\\\/2019\\\/09\\\/01\\\/eskerrik-asko-eta-ondo-segi-ane\\\/#breadcrumb\"},\"inLanguage\":\"es\",\"potentialAction\":[{\"@type\":\"ReadAction\",\"target\":[\"http:\\\/\\\/musikaliaelkartea.eus\\\/2019\\\/09\\\/01\\\/eskerrik-asko-eta-ondo-segi-ane\\\/\"]}]},{\"@type\":\"ImageObject\",\"inLanguage\":\"es\",\"@id\":\"http:\\\/\\\/musikaliaelkartea.eus\\\/2019\\\/09\\\/01\\\/eskerrik-asko-eta-ondo-segi-ane\\\/#primaryimage\",\"url\":\"https:\\\/\\\/i0.wp.com\\\/musikaliaelkartea.eus\\\/wp-content\\\/uploads\\\/2019\\\/09\\\/irribanda.png?fit=820%2C312\",\"contentUrl\":\"https:\\\/\\\/i0.wp.com\\\/musikaliaelkartea.eus\\\/wp-content\\\/uploads\\\/2019\\\/09\\\/irribanda.png?fit=820%2C312\",\"width\":820,\"height\":312},{\"@type\":\"BreadcrumbList\",\"@id\":\"http:\\\/\\\/musikaliaelkartea.eus\\\/2019\\\/09\\\/01\\\/eskerrik-asko-eta-ondo-segi-ane\\\/#breadcrumb\",\"itemListElement\":[{\"@type\":\"ListItem\",\"position\":1,\"name\":\"Home\",\"item\":\"http:\\\/\\\/musikaliaelkartea.eus\\\/es\\\/\"},{\"@type\":\"ListItem\",\"position\":2,\"name\":\"Eskerrik asko eta ondo segi Ane!\"}]},{\"@type\":\"WebSite\",\"@id\":\"http:\\\/\\\/musikaliaelkartea.eus\\\/es\\\/#website\",\"url\":\"http:\\\/\\\/musikaliaelkartea.eus\\\/es\\\/\",\"name\":\"Musikalia Elkartea\",\"description\":\"\",\"publisher\":{\"@id\":\"http:\\\/\\\/musikaliaelkartea.eus\\\/es\\\/#organization\"},\"potentialAction\":[{\"@type\":\"SearchAction\",\"target\":{\"@type\":\"EntryPoint\",\"urlTemplate\":\"http:\\\/\\\/musikaliaelkartea.eus\\\/es\\\/?s={search_term_string}\"},\"query-input\":{\"@type\":\"PropertyValueSpecification\",\"valueRequired\":true,\"valueName\":\"search_term_string\"}}],\"inLanguage\":\"es\"},{\"@type\":\"Organization\",\"@id\":\"http:\\\/\\\/musikaliaelkartea.eus\\\/es\\\/#organization\",\"name\":\"Getxoko Andres Isasi Musikalia Elkartea\",\"url\":\"http:\\\/\\\/musikaliaelkartea.eus\\\/es\\\/\",\"logo\":{\"@type\":\"ImageObject\",\"inLanguage\":\"es\",\"@id\":\"http:\\\/\\\/musikaliaelkartea.eus\\\/es\\\/#\\\/schema\\\/logo\\\/image\\\/\",\"url\":\"https:\\\/\\\/i0.wp.com\\\/musikaliaelkartea.eus\\\/wp-content\\\/uploads\\\/2025\\\/03\\\/cropped-MUSIKALIA-LOGO-LARGO.png?fit=5455%2C1928\",\"contentUrl\":\"https:\\\/\\\/i0.wp.com\\\/musikaliaelkartea.eus\\\/wp-content\\\/uploads\\\/2025\\\/03\\\/cropped-MUSIKALIA-LOGO-LARGO.png?fit=5455%2C1928\",\"width\":5455,\"height\":1928,\"caption\":\"Getxoko Andres Isasi Musikalia Elkartea\"},\"image\":{\"@id\":\"http:\\\/\\\/musikaliaelkartea.eus\\\/es\\\/#\\\/schema\\\/logo\\\/image\\\/\"},\"sameAs\":[\"https:\\\/\\\/www.facebook.com\\\/musikaliaelkartea\",\"https:\\\/\\\/www.instagram.com\\\/musikaliaelkartea\\\/\",\"https:\\\/\\\/www.youtube.com\\\/channel\\\/UCYG_UH_Rv-34wbmS8nQ7mpg\"]},{\"@type\":\"Person\",\"@id\":\"http:\\\/\\\/musikaliaelkartea.eus\\\/es\\\/#\\\/schema\\\/person\\\/14029d72e7fe33dcc3b5b67080703aab\",\"name\":\"Musikalia\",\"image\":{\"@type\":\"ImageObject\",\"inLanguage\":\"es\",\"@id\":\"https:\\\/\\\/secure.gravatar.com\\\/avatar\\\/4cedd4863d0dc30f70d9375282b4f70545dbeb2a5fec482325b3b89efe2dd5e3?s=96&d=mm&r=g\",\"url\":\"https:\\\/\\\/secure.gravatar.com\\\/avatar\\\/4cedd4863d0dc30f70d9375282b4f70545dbeb2a5fec482325b3b89efe2dd5e3?s=96&d=mm&r=g\",\"contentUrl\":\"https:\\\/\\\/secure.gravatar.com\\\/avatar\\\/4cedd4863d0dc30f70d9375282b4f70545dbeb2a5fec482325b3b89efe2dd5e3?s=96&d=mm&r=g\",\"caption\":\"Musikalia\"},\"url\":\"http:\\\/\\\/musikaliaelkartea.eus\\\/es\\\/author\\\/musikalia\\\/\"}]}<\/script>\n<!-- \/ Yoast SEO plugin. -->","yoast_head_json":{"title":"[:eu]Eskerrik asko eta ondo segi Ane![:es]\u00a1Eskerrik asko y buena suerte Ane![:] - Musikalia Elkartea","robots":{"index":"index","follow":"follow","max-snippet":"max-snippet:-1","max-image-preview":"max-image-preview:large","max-video-preview":"max-video-preview:-1"},"canonical":"http:\/\/musikaliaelkartea.eus\/2019\/09\/01\/eskerrik-asko-eta-ondo-segi-ane\/","og_locale":"es_ES","og_type":"article","og_title":"[:eu]Eskerrik asko eta ondo segi Ane![:es]\u00a1Eskerrik asko y buena suerte Ane![:] - Musikalia Elkartea","og_description":"El pr\u00f3ximo 13 de septiembre daremos comienzo a un nuevo curso cargada de nuevos proyectos. Muy a nuestro pesar, nos toca decir adi\u00f3s a AneView More","og_url":"http:\/\/musikaliaelkartea.eus\/2019\/09\/01\/eskerrik-asko-eta-ondo-segi-ane\/","og_site_name":"Musikalia Elkartea","article_publisher":"https:\/\/www.facebook.com\/musikaliaelkartea","article_published_time":"2019-09-01T15:20:17+00:00","article_modified_time":"2019-09-01T20:14:17+00:00","og_image":[{"width":820,"height":312,"url":"https:\/\/i0.wp.com\/musikaliaelkartea.eus\/wp-content\/uploads\/2019\/09\/irribanda.png?fit=820%2C312","type":"image\/png"}],"author":"Musikalia","twitter_card":"summary_large_image","twitter_misc":{"Escrito por":"Musikalia","Tiempo de lectura":"3 minutos"},"schema":{"@context":"https:\/\/schema.org","@graph":[{"@type":"Article","@id":"http:\/\/musikaliaelkartea.eus\/2019\/09\/01\/eskerrik-asko-eta-ondo-segi-ane\/#article","isPartOf":{"@id":"http:\/\/musikaliaelkartea.eus\/2019\/09\/01\/eskerrik-asko-eta-ondo-segi-ane\/"},"author":{"name":"Musikalia","@id":"http:\/\/musikaliaelkartea.eus\/es\/#\/schema\/person\/14029d72e7fe33dcc3b5b67080703aab"},"headline":"\u00a1Eskerrik asko y buena suerte Ane!","datePublished":"2019-09-01T15:20:17+00:00","dateModified":"2019-09-01T20:14:17+00:00","mainEntityOfPage":{"@id":"http:\/\/musikaliaelkartea.eus\/2019\/09\/01\/eskerrik-asko-eta-ondo-segi-ane\/"},"wordCount":684,"publisher":{"@id":"http:\/\/musikaliaelkartea.eus\/es\/#organization"},"image":{"@id":"http:\/\/musikaliaelkartea.eus\/2019\/09\/01\/eskerrik-asko-eta-ondo-segi-ane\/#primaryimage"},"thumbnailUrl":"https:\/\/i0.wp.com\/musikaliaelkartea.eus\/wp-content\/uploads\/2019\/09\/irribanda.png?fit=820%2C312","articleSection":["Uncategorized"],"inLanguage":"es"},{"@type":"WebPage","@id":"http:\/\/musikaliaelkartea.eus\/2019\/09\/01\/eskerrik-asko-eta-ondo-segi-ane\/","url":"http:\/\/musikaliaelkartea.eus\/2019\/09\/01\/eskerrik-asko-eta-ondo-segi-ane\/","name":"[:eu]Eskerrik asko eta ondo segi Ane![:es]\u00a1Eskerrik asko y buena suerte Ane![:] - Musikalia Elkartea","isPartOf":{"@id":"http:\/\/musikaliaelkartea.eus\/es\/#website"},"primaryImageOfPage":{"@id":"http:\/\/musikaliaelkartea.eus\/2019\/09\/01\/eskerrik-asko-eta-ondo-segi-ane\/#primaryimage"},"image":{"@id":"http:\/\/musikaliaelkartea.eus\/2019\/09\/01\/eskerrik-asko-eta-ondo-segi-ane\/#primaryimage"},"thumbnailUrl":"https:\/\/i0.wp.com\/musikaliaelkartea.eus\/wp-content\/uploads\/2019\/09\/irribanda.png?fit=820%2C312","datePublished":"2019-09-01T15:20:17+00:00","dateModified":"2019-09-01T20:14:17+00:00","breadcrumb":{"@id":"http:\/\/musikaliaelkartea.eus\/2019\/09\/01\/eskerrik-asko-eta-ondo-segi-ane\/#breadcrumb"},"inLanguage":"es","potentialAction":[{"@type":"ReadAction","target":["http:\/\/musikaliaelkartea.eus\/2019\/09\/01\/eskerrik-asko-eta-ondo-segi-ane\/"]}]},{"@type":"ImageObject","inLanguage":"es","@id":"http:\/\/musikaliaelkartea.eus\/2019\/09\/01\/eskerrik-asko-eta-ondo-segi-ane\/#primaryimage","url":"https:\/\/i0.wp.com\/musikaliaelkartea.eus\/wp-content\/uploads\/2019\/09\/irribanda.png?fit=820%2C312","contentUrl":"https:\/\/i0.wp.com\/musikaliaelkartea.eus\/wp-content\/uploads\/2019\/09\/irribanda.png?fit=820%2C312","width":820,"height":312},{"@type":"BreadcrumbList","@id":"http:\/\/musikaliaelkartea.eus\/2019\/09\/01\/eskerrik-asko-eta-ondo-segi-ane\/#breadcrumb","itemListElement":[{"@type":"ListItem","position":1,"name":"Home","item":"http:\/\/musikaliaelkartea.eus\/es\/"},{"@type":"ListItem","position":2,"name":"Eskerrik asko eta ondo segi Ane!"}]},{"@type":"WebSite","@id":"http:\/\/musikaliaelkartea.eus\/es\/#website","url":"http:\/\/musikaliaelkartea.eus\/es\/","name":"Musikalia Elkartea","description":"","publisher":{"@id":"http:\/\/musikaliaelkartea.eus\/es\/#organization"},"potentialAction":[{"@type":"SearchAction","target":{"@type":"EntryPoint","urlTemplate":"http:\/\/musikaliaelkartea.eus\/es\/?s={search_term_string}"},"query-input":{"@type":"PropertyValueSpecification","valueRequired":true,"valueName":"search_term_string"}}],"inLanguage":"es"},{"@type":"Organization","@id":"http:\/\/musikaliaelkartea.eus\/es\/#organization","name":"Getxoko Andres Isasi Musikalia Elkartea","url":"http:\/\/musikaliaelkartea.eus\/es\/","logo":{"@type":"ImageObject","inLanguage":"es","@id":"http:\/\/musikaliaelkartea.eus\/es\/#\/schema\/logo\/image\/","url":"https:\/\/i0.wp.com\/musikaliaelkartea.eus\/wp-content\/uploads\/2025\/03\/cropped-MUSIKALIA-LOGO-LARGO.png?fit=5455%2C1928","contentUrl":"https:\/\/i0.wp.com\/musikaliaelkartea.eus\/wp-content\/uploads\/2025\/03\/cropped-MUSIKALIA-LOGO-LARGO.png?fit=5455%2C1928","width":5455,"height":1928,"caption":"Getxoko Andres Isasi Musikalia Elkartea"},"image":{"@id":"http:\/\/musikaliaelkartea.eus\/es\/#\/schema\/logo\/image\/"},"sameAs":["https:\/\/www.facebook.com\/musikaliaelkartea","https:\/\/www.instagram.com\/musikaliaelkartea\/","https:\/\/www.youtube.com\/channel\/UCYG_UH_Rv-34wbmS8nQ7mpg"]},{"@type":"Person","@id":"http:\/\/musikaliaelkartea.eus\/es\/#\/schema\/person\/14029d72e7fe33dcc3b5b67080703aab","name":"Musikalia","image":{"@type":"ImageObject","inLanguage":"es","@id":"https:\/\/secure.gravatar.com\/avatar\/4cedd4863d0dc30f70d9375282b4f70545dbeb2a5fec482325b3b89efe2dd5e3?s=96&d=mm&r=g","url":"https:\/\/secure.gravatar.com\/avatar\/4cedd4863d0dc30f70d9375282b4f70545dbeb2a5fec482325b3b89efe2dd5e3?s=96&d=mm&r=g","contentUrl":"https:\/\/secure.gravatar.com\/avatar\/4cedd4863d0dc30f70d9375282b4f70545dbeb2a5fec482325b3b89efe2dd5e3?s=96&d=mm&r=g","caption":"Musikalia"},"url":"http:\/\/musikaliaelkartea.eus\/es\/author\/musikalia\/"}]}},"jetpack_featured_media_url":"https:\/\/i0.wp.com\/musikaliaelkartea.eus\/wp-content\/uploads\/2019\/09\/irribanda.png?fit=820%2C312","jetpack_sharing_enabled":true,"jetpack_shortlink":"https:\/\/wp.me\/p8OhQz-KN","_links":{"self":[{"href":"http:\/\/musikaliaelkartea.eus\/es\/wp-json\/wp\/v2\/posts\/2901","targetHints":{"allow":["GET"]}}],"collection":[{"href":"http:\/\/musikaliaelkartea.eus\/es\/wp-json\/wp\/v2\/posts"}],"about":[{"href":"http:\/\/musikaliaelkartea.eus\/es\/wp-json\/wp\/v2\/types\/post"}],"author":[{"embeddable":true,"href":"http:\/\/musikaliaelkartea.eus\/es\/wp-json\/wp\/v2\/users\/2"}],"replies":[{"embeddable":true,"href":"http:\/\/musikaliaelkartea.eus\/es\/wp-json\/wp\/v2\/comments?post=2901"}],"version-history":[{"count":7,"href":"http:\/\/musikaliaelkartea.eus\/es\/wp-json\/wp\/v2\/posts\/2901\/revisions"}],"predecessor-version":[{"id":2912,"href":"http:\/\/musikaliaelkartea.eus\/es\/wp-json\/wp\/v2\/posts\/2901\/revisions\/2912"}],"wp:featuredmedia":[{"embeddable":true,"href":"http:\/\/musikaliaelkartea.eus\/es\/wp-json\/wp\/v2\/media\/2909"}],"wp:attachment":[{"href":"http:\/\/musikaliaelkartea.eus\/es\/wp-json\/wp\/v2\/media?parent=2901"}],"wp:term":[{"taxonomy":"category","embeddable":true,"href":"http:\/\/musikaliaelkartea.eus\/es\/wp-json\/wp\/v2\/categories?post=2901"},{"taxonomy":"post_tag","embeddable":true,"href":"http:\/\/musikaliaelkartea.eus\/es\/wp-json\/wp\/v2\/tags?post=2901"}],"curies":[{"name":"wp","href":"https:\/\/api.w.org\/{rel}","templated":true}]}}