{"id":2611,"date":"2019-05-12T06:56:58","date_gmt":"2019-05-12T06:56:58","guid":{"rendered":"http:\/\/musikaliaelkartea.eus\/?p=2611"},"modified":"2019-06-28T14:30:34","modified_gmt":"2019-06-28T14:30:34","slug":"irribanda-abesbatzaren-lehen-entsegua","status":"publish","type":"post","link":"http:\/\/musikaliaelkartea.eus\/es\/2019\/05\/12\/irribanda-abesbatzaren-lehen-entsegua\/","title":{"rendered":"Primer ensayo del coro Irribanda"},"content":{"rendered":"<p><img data-recalc-dims=\"1\" decoding=\"async\" data-attachment-id=\"2619\" data-permalink=\"http:\/\/musikaliaelkartea.eus\/es\/2019\/05\/12\/irribanda-abesbatzaren-lehen-entsegua\/dsc_0160\/\" data-orig-file=\"https:\/\/i0.wp.com\/musikaliaelkartea.eus\/wp-content\/uploads\/2019\/05\/DSC_0160.jpg?fit=4608%2C3072\" data-orig-size=\"4608,3072\" data-comments-opened=\"1\" data-image-meta=\"{&quot;aperture&quot;:&quot;4.8&quot;,&quot;credit&quot;:&quot;&quot;,&quot;camera&quot;:&quot;NIKON D3100&quot;,&quot;caption&quot;:&quot;&quot;,&quot;created_timestamp&quot;:&quot;1557590433&quot;,&quot;copyright&quot;:&quot;&quot;,&quot;focal_length&quot;:&quot;32&quot;,&quot;iso&quot;:&quot;560&quot;,&quot;shutter_speed&quot;:&quot;0.0666666666667&quot;,&quot;title&quot;:&quot;&quot;,&quot;orientation&quot;:&quot;1&quot;}\" data-image-title=\"DSC_0160\" data-image-description=\"\" data-image-caption=\"\" data-large-file=\"https:\/\/i0.wp.com\/musikaliaelkartea.eus\/wp-content\/uploads\/2019\/05\/DSC_0160.jpg?fit=1024%2C683\" class=\"wp-image-2619 size-medium alignleft\" src=\"https:\/\/i0.wp.com\/musikaliaelkartea.eus\/wp-content\/uploads\/2019\/05\/DSC_0160.jpg?resize=300%2C200\" alt=\"\" width=\"300\" height=\"200\" srcset=\"https:\/\/i0.wp.com\/musikaliaelkartea.eus\/wp-content\/uploads\/2019\/05\/DSC_0160.jpg?resize=300%2C200 300w, https:\/\/i0.wp.com\/musikaliaelkartea.eus\/wp-content\/uploads\/2019\/05\/DSC_0160.jpg?resize=768%2C512 768w, https:\/\/i0.wp.com\/musikaliaelkartea.eus\/wp-content\/uploads\/2019\/05\/DSC_0160.jpg?resize=1024%2C683 1024w, https:\/\/i0.wp.com\/musikaliaelkartea.eus\/wp-content\/uploads\/2019\/05\/DSC_0160.jpg?resize=450%2C300 450w, https:\/\/i0.wp.com\/musikaliaelkartea.eus\/wp-content\/uploads\/2019\/05\/DSC_0160.jpg?resize=272%2C182 272w, https:\/\/i0.wp.com\/musikaliaelkartea.eus\/wp-content\/uploads\/2019\/05\/DSC_0160.jpg?w=2600 2600w, https:\/\/i0.wp.com\/musikaliaelkartea.eus\/wp-content\/uploads\/2019\/05\/DSC_0160.jpg?w=3900 3900w\" sizes=\"(max-width: 300px) 100vw, 300px\" \/>El s\u00e1bado realizamos el primero ensayo con los coros para el concierto Irribanda Getxo, en la kultur etxea de Romo. Previamente, cada grupo ha estado\u00a0 trabajando duro con sus directores\/as y el s\u00e1bado toc\u00f3 unir el trabajo y crear el grupo, formado por 100 voces que ayudar\u00e1n a Pirritx, Porrotx y Marimotots durante el concierto.<\/p>\n<p>Adem\u00e1s de esto, tuvimos la posibilidad de conocernos\u00a0 y para pasar un buen rato. Todav\u00eda queda\u00a0 mucho camino, trabajo con las canciones y estudio de las coreograf\u00edas, para que\u00a0 el 21 de junio, podamos disfrutar de un espect\u00e1culo muy especial en la sala Ereaga de Muxikebarri.<\/p>\n<p class=\"jetpack-slideshow-noscript robots-nocontent\">El pase de diapositivas requiere JavaScript.<\/p><div id=\"gallery-2611-2-slideshow\" class=\"jetpack-slideshow-window jetpack-slideshow jetpack-slideshow-black\" data-trans=\"fade\" data-autostart=\"1\" data-gallery=\"[{&quot;src&quot;:&quot;https:\\\/\\\/i0.wp.com\\\/musikaliaelkartea.eus\\\/wp-content\\\/uploads\\\/2019\\\/05\\\/DSC_0173-min.jpg?fit=4608%2C3072&quot;,&quot;id&quot;:&quot;2645&quot;,&quot;title&quot;:&quot;DSC_0173-min&quot;,&quot;alt&quot;:&quot;&quot;,&quot;caption&quot;:&quot;&quot;,&quot;itemprop&quot;:&quot;image&quot;},{&quot;src&quot;:&quot;https:\\\/\\\/i0.wp.com\\\/musikaliaelkartea.eus\\\/wp-content\\\/uploads\\\/2019\\\/05\\\/DSC_0172-min.jpg?fit=4608%2C3072&quot;,&quot;id&quot;:&quot;2644&quot;,&quot;title&quot;:&quot;DSC_0172-min&quot;,&quot;alt&quot;:&quot;&quot;,&quot;caption&quot;:&quot;&quot;,&quot;itemprop&quot;:&quot;image&quot;},{&quot;src&quot;:&quot;https:\\\/\\\/i0.wp.com\\\/musikaliaelkartea.eus\\\/wp-content\\\/uploads\\\/2019\\\/05\\\/DSC_0171-min.jpg?fit=4608%2C3072&quot;,&quot;id&quot;:&quot;2643&quot;,&quot;title&quot;:&quot;DSC_0171-min&quot;,&quot;alt&quot;:&quot;&quot;,&quot;caption&quot;:&quot;&quot;,&quot;itemprop&quot;:&quot;image&quot;},{&quot;src&quot;:&quot;https:\\\/\\\/i0.wp.com\\\/musikaliaelkartea.eus\\\/wp-content\\\/uploads\\\/2019\\\/05\\\/DSC_0170-min.jpg?fit=4608%2C3072&quot;,&quot;id&quot;:&quot;2642&quot;,&quot;title&quot;:&quot;DSC_0170-min&quot;,&quot;alt&quot;:&quot;&quot;,&quot;caption&quot;:&quot;&quot;,&quot;itemprop&quot;:&quot;image&quot;},{&quot;src&quot;:&quot;https:\\\/\\\/i0.wp.com\\\/musikaliaelkartea.eus\\\/wp-content\\\/uploads\\\/2019\\\/05\\\/DSC_0169-min.jpg?fit=4608%2C3072&quot;,&quot;id&quot;:&quot;2641&quot;,&quot;title&quot;:&quot;DSC_0169-min&quot;,&quot;alt&quot;:&quot;&quot;,&quot;caption&quot;:&quot;&quot;,&quot;itemprop&quot;:&quot;image&quot;},{&quot;src&quot;:&quot;https:\\\/\\\/i0.wp.com\\\/musikaliaelkartea.eus\\\/wp-content\\\/uploads\\\/2019\\\/05\\\/DSC_0168-min.jpg?fit=4608%2C3072&quot;,&quot;id&quot;:&quot;2640&quot;,&quot;title&quot;:&quot;DSC_0168-min&quot;,&quot;alt&quot;:&quot;&quot;,&quot;caption&quot;:&quot;&quot;,&quot;itemprop&quot;:&quot;image&quot;},{&quot;src&quot;:&quot;https:\\\/\\\/i0.wp.com\\\/musikaliaelkartea.eus\\\/wp-content\\\/uploads\\\/2019\\\/05\\\/DSC_0162-min.jpg?fit=4608%2C3072&quot;,&quot;id&quot;:&quot;2634&quot;,&quot;title&quot;:&quot;DSC_0162-min&quot;,&quot;alt&quot;:&quot;&quot;,&quot;caption&quot;:&quot;&quot;,&quot;itemprop&quot;:&quot;image&quot;},{&quot;src&quot;:&quot;https:\\\/\\\/i0.wp.com\\\/musikaliaelkartea.eus\\\/wp-content\\\/uploads\\\/2019\\\/05\\\/DSC_0163-min.jpg?fit=4608%2C3072&quot;,&quot;id&quot;:&quot;2635&quot;,&quot;title&quot;:&quot;DSC_0163-min&quot;,&quot;alt&quot;:&quot;&quot;,&quot;caption&quot;:&quot;&quot;,&quot;itemprop&quot;:&quot;image&quot;},{&quot;src&quot;:&quot;https:\\\/\\\/i0.wp.com\\\/musikaliaelkartea.eus\\\/wp-content\\\/uploads\\\/2019\\\/05\\\/DSC_0164-min.jpg?fit=4608%2C3072&quot;,&quot;id&quot;:&quot;2636&quot;,&quot;title&quot;:&quot;DSC_0164-min&quot;,&quot;alt&quot;:&quot;&quot;,&quot;caption&quot;:&quot;&quot;,&quot;itemprop&quot;:&quot;image&quot;},{&quot;src&quot;:&quot;https:\\\/\\\/i0.wp.com\\\/musikaliaelkartea.eus\\\/wp-content\\\/uploads\\\/2019\\\/05\\\/DSC_0165-min.jpg?fit=4608%2C3072&quot;,&quot;id&quot;:&quot;2637&quot;,&quot;title&quot;:&quot;DSC_0165-min&quot;,&quot;alt&quot;:&quot;&quot;,&quot;caption&quot;:&quot;&quot;,&quot;itemprop&quot;:&quot;image&quot;},{&quot;src&quot;:&quot;https:\\\/\\\/i0.wp.com\\\/musikaliaelkartea.eus\\\/wp-content\\\/uploads\\\/2019\\\/05\\\/DSC_0166-min.jpg?fit=4608%2C3072&quot;,&quot;id&quot;:&quot;2638&quot;,&quot;title&quot;:&quot;DSC_0166-min&quot;,&quot;alt&quot;:&quot;&quot;,&quot;caption&quot;:&quot;&quot;,&quot;itemprop&quot;:&quot;image&quot;},{&quot;src&quot;:&quot;https:\\\/\\\/i0.wp.com\\\/musikaliaelkartea.eus\\\/wp-content\\\/uploads\\\/2019\\\/05\\\/DSC_0167-min.jpg?fit=4608%2C3072&quot;,&quot;id&quot;:&quot;2639&quot;,&quot;title&quot;:&quot;DSC_0167-min&quot;,&quot;alt&quot;:&quot;&quot;,&quot;caption&quot;:&quot;&quot;,&quot;itemprop&quot;:&quot;image&quot;},{&quot;src&quot;:&quot;https:\\\/\\\/i0.wp.com\\\/musikaliaelkartea.eus\\\/wp-content\\\/uploads\\\/2019\\\/05\\\/DSC_0161-min.jpg?fit=4608%2C3072&quot;,&quot;id&quot;:&quot;2633&quot;,&quot;title&quot;:&quot;DSC_0161-min&quot;,&quot;alt&quot;:&quot;&quot;,&quot;caption&quot;:&quot;&quot;,&quot;itemprop&quot;:&quot;image&quot;},{&quot;src&quot;:&quot;https:\\\/\\\/i0.wp.com\\\/musikaliaelkartea.eus\\\/wp-content\\\/uploads\\\/2019\\\/05\\\/DSC_0160-min.jpg?fit=4608%2C3072&quot;,&quot;id&quot;:&quot;2632&quot;,&quot;title&quot;:&quot;DSC_0160-min&quot;,&quot;alt&quot;:&quot;&quot;,&quot;caption&quot;:&quot;&quot;,&quot;itemprop&quot;:&quot;image&quot;},{&quot;src&quot;:&quot;https:\\\/\\\/i0.wp.com\\\/musikaliaelkartea.eus\\\/wp-content\\\/uploads\\\/2019\\\/05\\\/DSC_0159-min.jpg?fit=4608%2C3072&quot;,&quot;id&quot;:&quot;2631&quot;,&quot;title&quot;:&quot;DSC_0159-min&quot;,&quot;alt&quot;:&quot;&quot;,&quot;caption&quot;:&quot;&quot;,&quot;itemprop&quot;:&quot;image&quot;},{&quot;src&quot;:&quot;https:\\\/\\\/i0.wp.com\\\/musikaliaelkartea.eus\\\/wp-content\\\/uploads\\\/2019\\\/05\\\/DSC_0158-min.jpg?fit=4608%2C3072&quot;,&quot;id&quot;:&quot;2630&quot;,&quot;title&quot;:&quot;DSC_0158-min&quot;,&quot;alt&quot;:&quot;&quot;,&quot;caption&quot;:&quot;&quot;,&quot;itemprop&quot;:&quot;image&quot;},{&quot;src&quot;:&quot;https:\\\/\\\/i0.wp.com\\\/musikaliaelkartea.eus\\\/wp-content\\\/uploads\\\/2019\\\/05\\\/DSC_0157-min.jpg?fit=4608%2C3072&quot;,&quot;id&quot;:&quot;2629&quot;,&quot;title&quot;:&quot;DSC_0157-min&quot;,&quot;alt&quot;:&quot;&quot;,&quot;caption&quot;:&quot;&quot;,&quot;itemprop&quot;:&quot;image&quot;},{&quot;src&quot;:&quot;https:\\\/\\\/i0.wp.com\\\/musikaliaelkartea.eus\\\/wp-content\\\/uploads\\\/2019\\\/05\\\/DSC_0156-min.jpg?fit=4608%2C3072&quot;,&quot;id&quot;:&quot;2628&quot;,&quot;title&quot;:&quot;DSC_0156-min&quot;,&quot;alt&quot;:&quot;&quot;,&quot;caption&quot;:&quot;&quot;,&quot;itemprop&quot;:&quot;image&quot;},{&quot;src&quot;:&quot;https:\\\/\\\/i0.wp.com\\\/musikaliaelkartea.eus\\\/wp-content\\\/uploads\\\/2019\\\/05\\\/DSC_0160.jpg?fit=4608%2C3072&quot;,&quot;id&quot;:&quot;2619&quot;,&quot;title&quot;:&quot;DSC_0160&quot;,&quot;alt&quot;:&quot;&quot;,&quot;caption&quot;:&quot;&quot;,&quot;itemprop&quot;:&quot;image&quot;},{&quot;src&quot;:&quot;https:\\\/\\\/i0.wp.com\\\/musikaliaelkartea.eus\\\/wp-content\\\/uploads\\\/2019\\\/05\\\/Lets-start-fresh.png?fit=820%2C312&quot;,&quot;id&quot;:&quot;2622&quot;,&quot;title&quot;:&quot;Let\\u0026#8217;s start fresh!&quot;,&quot;alt&quot;:&quot;&quot;,&quot;caption&quot;:&quot;&quot;,&quot;itemprop&quot;:&quot;image&quot;},{&quot;src&quot;:&quot;https:\\\/\\\/i0.wp.com\\\/musikaliaelkartea.eus\\\/wp-content\\\/uploads\\\/2019\\\/05\\\/DSC_0169.jpg?fit=4608%2C3072&quot;,&quot;id&quot;:&quot;2624&quot;,&quot;title&quot;:&quot;DSC_0169&quot;,&quot;alt&quot;:&quot;&quot;,&quot;caption&quot;:&quot;&quot;,&quot;itemprop&quot;:&quot;image&quot;},{&quot;src&quot;:&quot;https:\\\/\\\/i0.wp.com\\\/musikaliaelkartea.eus\\\/wp-content\\\/uploads\\\/2019\\\/05\\\/DSC_0162.jpg?fit=4608%2C3072&quot;,&quot;id&quot;:&quot;2625&quot;,&quot;title&quot;:&quot;DSC_0162&quot;,&quot;alt&quot;:&quot;&quot;,&quot;caption&quot;:&quot;&quot;,&quot;itemprop&quot;:&quot;image&quot;},{&quot;src&quot;:&quot;https:\\\/\\\/i0.wp.com\\\/musikaliaelkartea.eus\\\/wp-content\\\/uploads\\\/2019\\\/05\\\/DSC_0154-min.jpg?fit=4608%2C3072&quot;,&quot;id&quot;:&quot;2626&quot;,&quot;title&quot;:&quot;DSC_0154-min&quot;,&quot;alt&quot;:&quot;&quot;,&quot;caption&quot;:&quot;&quot;,&quot;itemprop&quot;:&quot;image&quot;},{&quot;src&quot;:&quot;https:\\\/\\\/i0.wp.com\\\/musikaliaelkartea.eus\\\/wp-content\\\/uploads\\\/2019\\\/05\\\/DSC_0155-min.jpg?fit=4608%2C3072&quot;,&quot;id&quot;:&quot;2627&quot;,&quot;title&quot;:&quot;DSC_0155-min&quot;,&quot;alt&quot;:&quot;&quot;,&quot;caption&quot;:&quot;&quot;,&quot;itemprop&quot;:&quot;image&quot;},{&quot;src&quot;:&quot;https:\\\/\\\/i0.wp.com\\\/musikaliaelkartea.eus\\\/wp-content\\\/uploads\\\/2019\\\/05\\\/DSC_0168.jpg?fit=4608%2C3072&quot;,&quot;id&quot;:&quot;2613&quot;,&quot;title&quot;:&quot;DSC_0168&quot;,&quot;alt&quot;:&quot;&quot;,&quot;caption&quot;:&quot;&quot;,&quot;itemprop&quot;:&quot;image&quot;},{&quot;src&quot;:&quot;https:\\\/\\\/i0.wp.com\\\/musikaliaelkartea.eus\\\/wp-content\\\/uploads\\\/2019\\\/05\\\/DSC_0172.jpg?fit=4608%2C3072&quot;,&quot;id&quot;:&quot;2612&quot;,&quot;title&quot;:&quot;DSC_0172&quot;,&quot;alt&quot;:&quot;&quot;,&quot;caption&quot;:&quot;&quot;,&quot;itemprop&quot;:&quot;image&quot;}]\" itemscope itemtype=\"https:\/\/schema.org\/ImageGallery\"><\/div>\n<p><a href=\"http:\/\/musikaliaelkartea.eus\/es\/irribanda-portada\/\"><img data-recalc-dims=\"1\" decoding=\"async\" data-attachment-id=\"2598\" data-permalink=\"http:\/\/musikaliaelkartea.eus\/es\/2019\/05\/02\/katxiporreta-eta-musikalia-elkarlanean\/animation-6\/\" data-orig-file=\"https:\/\/i0.wp.com\/musikaliaelkartea.eus\/wp-content\/uploads\/2019\/05\/animation-6.gif?fit=728%2C90\" data-orig-size=\"728,90\" data-comments-opened=\"1\" data-image-meta=\"{&quot;aperture&quot;:&quot;0&quot;,&quot;credit&quot;:&quot;&quot;,&quot;camera&quot;:&quot;&quot;,&quot;caption&quot;:&quot;&quot;,&quot;created_timestamp&quot;:&quot;0&quot;,&quot;copyright&quot;:&quot;&quot;,&quot;focal_length&quot;:&quot;0&quot;,&quot;iso&quot;:&quot;0&quot;,&quot;shutter_speed&quot;:&quot;0&quot;,&quot;title&quot;:&quot;&quot;,&quot;orientation&quot;:&quot;0&quot;}\" data-image-title=\"animation (6)\" data-image-description=\"\" data-image-caption=\"\" data-large-file=\"https:\/\/i0.wp.com\/musikaliaelkartea.eus\/wp-content\/uploads\/2019\/05\/animation-6.gif?fit=728%2C90\" class=\"aligncenter wp-image-2598 size-full\" src=\"https:\/\/i0.wp.com\/musikaliaelkartea.eus\/wp-content\/uploads\/2019\/05\/animation-6.gif?resize=728%2C90\" alt=\"\" width=\"728\" height=\"90\" \/><\/a><\/p>","protected":false},"excerpt":{"rendered":"<p>El s\u00e1bado realizamos el primero ensayo con los coros para el concierto Irribanda Getxo, en la kultur etxea de Romo. Previamente, cada grupo ha estado\u00a0<a href=\"http:\/\/musikaliaelkartea.eus\/es\/2019\/05\/12\/irribanda-abesbatzaren-lehen-entsegua\/\" class=\"more-link\">View More<\/a><\/p>\n","protected":false},"author":2,"featured_media":2622,"comment_status":"closed","ping_status":"open","sticky":false,"template":"","format":"standard","meta":{"jetpack_post_was_ever_published":false,"_jetpack_newsletter_access":"","_jetpack_dont_email_post_to_subs":false,"_jetpack_newsletter_tier_id":0,"_jetpack_memberships_contains_paywalled_content":false,"_jetpack_memberships_contains_paid_content":false,"footnotes":""},"categories":[1],"tags":[],"class_list":["post-2611","post","type-post","status-publish","format-standard","has-post-thumbnail","hentry","category-uncategorized"],"yoast_head":"<!-- This site is optimized with the Yoast SEO plugin v27.4 - https:\/\/yoast.com\/product\/yoast-seo-wordpress\/ -->\n<title>Primer ensayo del coro Irribanda - Musikalia Elkartea<\/title>\n<meta name=\"robots\" content=\"index, follow, max-snippet:-1, max-image-preview:large, max-video-preview:-1\" \/>\n<link rel=\"canonical\" href=\"http:\/\/musikaliaelkartea.eus\/es\/2019\/05\/12\/irribanda-abesbatzaren-lehen-entsegua\/\" \/>\n<meta property=\"og:locale\" content=\"es_ES\" \/>\n<meta property=\"og:type\" content=\"article\" \/>\n<meta property=\"og:title\" content=\"[:eu]Irribanda abesbatzaren lehen entsegua[:es]Primer ensayo del coro Irribanda[:] - Musikalia Elkartea\" \/>\n<meta property=\"og:description\" content=\"El s\u00e1bado realizamos el primero ensayo con los coros para el concierto Irribanda Getxo, en la kultur etxea de Romo. Previamente, cada grupo ha estado\u00a0View More\" \/>\n<meta property=\"og:url\" content=\"http:\/\/musikaliaelkartea.eus\/es\/2019\/05\/12\/irribanda-abesbatzaren-lehen-entsegua\/\" \/>\n<meta property=\"og:site_name\" content=\"Musikalia Elkartea\" \/>\n<meta property=\"article:publisher\" content=\"https:\/\/www.facebook.com\/musikaliaelkartea\" \/>\n<meta property=\"article:published_time\" content=\"2019-05-12T06:56:58+00:00\" \/>\n<meta property=\"article:modified_time\" content=\"2019-06-28T14:30:34+00:00\" \/>\n<meta property=\"og:image\" content=\"https:\/\/i0.wp.com\/musikaliaelkartea.eus\/wp-content\/uploads\/2019\/05\/Lets-start-fresh.png?fit=820%2C312\" \/>\n\t<meta property=\"og:image:width\" content=\"820\" \/>\n\t<meta property=\"og:image:height\" content=\"312\" \/>\n\t<meta property=\"og:image:type\" content=\"image\/png\" \/>\n<meta name=\"author\" content=\"Musikalia\" \/>\n<meta name=\"twitter:card\" content=\"summary_large_image\" \/>\n<meta name=\"twitter:label1\" content=\"Escrito por\" \/>\n\t<meta name=\"twitter:data1\" content=\"Musikalia\" \/>\n\t<meta name=\"twitter:label2\" content=\"Tiempo de lectura\" \/>\n\t<meta name=\"twitter:data2\" content=\"1 minuto\" \/>\n<script type=\"application\/ld+json\" class=\"yoast-schema-graph\">{\"@context\":\"https:\\\/\\\/schema.org\",\"@graph\":[{\"@type\":\"Article\",\"@id\":\"http:\\\/\\\/musikaliaelkartea.eus\\\/es\\\/2019\\\/05\\\/12\\\/irribanda-abesbatzaren-lehen-entsegua\\\/#article\",\"isPartOf\":{\"@id\":\"http:\\\/\\\/musikaliaelkartea.eus\\\/es\\\/2019\\\/05\\\/12\\\/irribanda-abesbatzaren-lehen-entsegua\\\/\"},\"author\":{\"name\":\"Musikalia\",\"@id\":\"http:\\\/\\\/musikaliaelkartea.eus\\\/es\\\/#\\\/schema\\\/person\\\/14029d72e7fe33dcc3b5b67080703aab\"},\"headline\":\"Primer ensayo del coro Irribanda\",\"datePublished\":\"2019-05-12T06:56:58+00:00\",\"dateModified\":\"2019-06-28T14:30:34+00:00\",\"mainEntityOfPage\":{\"@id\":\"http:\\\/\\\/musikaliaelkartea.eus\\\/es\\\/2019\\\/05\\\/12\\\/irribanda-abesbatzaren-lehen-entsegua\\\/\"},\"wordCount\":214,\"publisher\":{\"@id\":\"http:\\\/\\\/musikaliaelkartea.eus\\\/es\\\/#organization\"},\"image\":{\"@id\":\"http:\\\/\\\/musikaliaelkartea.eus\\\/es\\\/2019\\\/05\\\/12\\\/irribanda-abesbatzaren-lehen-entsegua\\\/#primaryimage\"},\"thumbnailUrl\":\"https:\\\/\\\/i0.wp.com\\\/musikaliaelkartea.eus\\\/wp-content\\\/uploads\\\/2019\\\/05\\\/Lets-start-fresh.png?fit=820%2C312\",\"articleSection\":[\"Uncategorized\"],\"inLanguage\":\"es\"},{\"@type\":\"WebPage\",\"@id\":\"http:\\\/\\\/musikaliaelkartea.eus\\\/es\\\/2019\\\/05\\\/12\\\/irribanda-abesbatzaren-lehen-entsegua\\\/\",\"url\":\"http:\\\/\\\/musikaliaelkartea.eus\\\/es\\\/2019\\\/05\\\/12\\\/irribanda-abesbatzaren-lehen-entsegua\\\/\",\"name\":\"[:eu]Irribanda abesbatzaren lehen entsegua[:es]Primer ensayo del coro Irribanda[:] - Musikalia Elkartea\",\"isPartOf\":{\"@id\":\"http:\\\/\\\/musikaliaelkartea.eus\\\/es\\\/#website\"},\"primaryImageOfPage\":{\"@id\":\"http:\\\/\\\/musikaliaelkartea.eus\\\/es\\\/2019\\\/05\\\/12\\\/irribanda-abesbatzaren-lehen-entsegua\\\/#primaryimage\"},\"image\":{\"@id\":\"http:\\\/\\\/musikaliaelkartea.eus\\\/es\\\/2019\\\/05\\\/12\\\/irribanda-abesbatzaren-lehen-entsegua\\\/#primaryimage\"},\"thumbnailUrl\":\"https:\\\/\\\/i0.wp.com\\\/musikaliaelkartea.eus\\\/wp-content\\\/uploads\\\/2019\\\/05\\\/Lets-start-fresh.png?fit=820%2C312\",\"datePublished\":\"2019-05-12T06:56:58+00:00\",\"dateModified\":\"2019-06-28T14:30:34+00:00\",\"breadcrumb\":{\"@id\":\"http:\\\/\\\/musikaliaelkartea.eus\\\/es\\\/2019\\\/05\\\/12\\\/irribanda-abesbatzaren-lehen-entsegua\\\/#breadcrumb\"},\"inLanguage\":\"es\",\"potentialAction\":[{\"@type\":\"ReadAction\",\"target\":[\"http:\\\/\\\/musikaliaelkartea.eus\\\/es\\\/2019\\\/05\\\/12\\\/irribanda-abesbatzaren-lehen-entsegua\\\/\"]}]},{\"@type\":\"ImageObject\",\"inLanguage\":\"es\",\"@id\":\"http:\\\/\\\/musikaliaelkartea.eus\\\/es\\\/2019\\\/05\\\/12\\\/irribanda-abesbatzaren-lehen-entsegua\\\/#primaryimage\",\"url\":\"https:\\\/\\\/i0.wp.com\\\/musikaliaelkartea.eus\\\/wp-content\\\/uploads\\\/2019\\\/05\\\/Lets-start-fresh.png?fit=820%2C312\",\"contentUrl\":\"https:\\\/\\\/i0.wp.com\\\/musikaliaelkartea.eus\\\/wp-content\\\/uploads\\\/2019\\\/05\\\/Lets-start-fresh.png?fit=820%2C312\",\"width\":820,\"height\":312},{\"@type\":\"BreadcrumbList\",\"@id\":\"http:\\\/\\\/musikaliaelkartea.eus\\\/es\\\/2019\\\/05\\\/12\\\/irribanda-abesbatzaren-lehen-entsegua\\\/#breadcrumb\",\"itemListElement\":[{\"@type\":\"ListItem\",\"position\":1,\"name\":\"Home\",\"item\":\"http:\\\/\\\/musikaliaelkartea.eus\\\/es\\\/\"},{\"@type\":\"ListItem\",\"position\":2,\"name\":\"Primer ensayo del coro Irribanda\"}]},{\"@type\":\"WebSite\",\"@id\":\"http:\\\/\\\/musikaliaelkartea.eus\\\/es\\\/#website\",\"url\":\"http:\\\/\\\/musikaliaelkartea.eus\\\/es\\\/\",\"name\":\"Musikalia Elkartea\",\"description\":\"\",\"publisher\":{\"@id\":\"http:\\\/\\\/musikaliaelkartea.eus\\\/es\\\/#organization\"},\"potentialAction\":[{\"@type\":\"SearchAction\",\"target\":{\"@type\":\"EntryPoint\",\"urlTemplate\":\"http:\\\/\\\/musikaliaelkartea.eus\\\/es\\\/?s={search_term_string}\"},\"query-input\":{\"@type\":\"PropertyValueSpecification\",\"valueRequired\":true,\"valueName\":\"search_term_string\"}}],\"inLanguage\":\"es\"},{\"@type\":\"Organization\",\"@id\":\"http:\\\/\\\/musikaliaelkartea.eus\\\/es\\\/#organization\",\"name\":\"Getxoko Andres Isasi Musikalia Elkartea\",\"url\":\"http:\\\/\\\/musikaliaelkartea.eus\\\/es\\\/\",\"logo\":{\"@type\":\"ImageObject\",\"inLanguage\":\"es\",\"@id\":\"http:\\\/\\\/musikaliaelkartea.eus\\\/es\\\/#\\\/schema\\\/logo\\\/image\\\/\",\"url\":\"https:\\\/\\\/i0.wp.com\\\/musikaliaelkartea.eus\\\/wp-content\\\/uploads\\\/2025\\\/03\\\/cropped-MUSIKALIA-LOGO-LARGO.png?fit=5455%2C1928\",\"contentUrl\":\"https:\\\/\\\/i0.wp.com\\\/musikaliaelkartea.eus\\\/wp-content\\\/uploads\\\/2025\\\/03\\\/cropped-MUSIKALIA-LOGO-LARGO.png?fit=5455%2C1928\",\"width\":5455,\"height\":1928,\"caption\":\"Getxoko Andres Isasi Musikalia Elkartea\"},\"image\":{\"@id\":\"http:\\\/\\\/musikaliaelkartea.eus\\\/es\\\/#\\\/schema\\\/logo\\\/image\\\/\"},\"sameAs\":[\"https:\\\/\\\/www.facebook.com\\\/musikaliaelkartea\",\"https:\\\/\\\/www.instagram.com\\\/musikaliaelkartea\\\/\",\"https:\\\/\\\/www.youtube.com\\\/channel\\\/UCYG_UH_Rv-34wbmS8nQ7mpg\"]},{\"@type\":\"Person\",\"@id\":\"http:\\\/\\\/musikaliaelkartea.eus\\\/es\\\/#\\\/schema\\\/person\\\/14029d72e7fe33dcc3b5b67080703aab\",\"name\":\"Musikalia\",\"image\":{\"@type\":\"ImageObject\",\"inLanguage\":\"es\",\"@id\":\"https:\\\/\\\/secure.gravatar.com\\\/avatar\\\/4cedd4863d0dc30f70d9375282b4f70545dbeb2a5fec482325b3b89efe2dd5e3?s=96&d=mm&r=g\",\"url\":\"https:\\\/\\\/secure.gravatar.com\\\/avatar\\\/4cedd4863d0dc30f70d9375282b4f70545dbeb2a5fec482325b3b89efe2dd5e3?s=96&d=mm&r=g\",\"contentUrl\":\"https:\\\/\\\/secure.gravatar.com\\\/avatar\\\/4cedd4863d0dc30f70d9375282b4f70545dbeb2a5fec482325b3b89efe2dd5e3?s=96&d=mm&r=g\",\"caption\":\"Musikalia\"},\"url\":\"http:\\\/\\\/musikaliaelkartea.eus\\\/es\\\/author\\\/musikalia\\\/\"}]}<\/script>\n<!-- \/ Yoast SEO plugin. -->","yoast_head_json":{"title":"[:eu]Irribanda abesbatzaren lehen entsegua[:es]Primer ensayo del coro Irribanda[:] - Musikalia Elkartea","robots":{"index":"index","follow":"follow","max-snippet":"max-snippet:-1","max-image-preview":"max-image-preview:large","max-video-preview":"max-video-preview:-1"},"canonical":"http:\/\/musikaliaelkartea.eus\/es\/2019\/05\/12\/irribanda-abesbatzaren-lehen-entsegua\/","og_locale":"es_ES","og_type":"article","og_title":"[:eu]Irribanda abesbatzaren lehen entsegua[:es]Primer ensayo del coro Irribanda[:] - Musikalia Elkartea","og_description":"El s\u00e1bado realizamos el primero ensayo con los coros para el concierto Irribanda Getxo, en la kultur etxea de Romo. Previamente, cada grupo ha estado\u00a0View More","og_url":"http:\/\/musikaliaelkartea.eus\/es\/2019\/05\/12\/irribanda-abesbatzaren-lehen-entsegua\/","og_site_name":"Musikalia Elkartea","article_publisher":"https:\/\/www.facebook.com\/musikaliaelkartea","article_published_time":"2019-05-12T06:56:58+00:00","article_modified_time":"2019-06-28T14:30:34+00:00","og_image":[{"width":820,"height":312,"url":"https:\/\/i0.wp.com\/musikaliaelkartea.eus\/wp-content\/uploads\/2019\/05\/Lets-start-fresh.png?fit=820%2C312","type":"image\/png"}],"author":"Musikalia","twitter_card":"summary_large_image","twitter_misc":{"Escrito por":"Musikalia","Tiempo de lectura":"1 minuto"},"schema":{"@context":"https:\/\/schema.org","@graph":[{"@type":"Article","@id":"http:\/\/musikaliaelkartea.eus\/es\/2019\/05\/12\/irribanda-abesbatzaren-lehen-entsegua\/#article","isPartOf":{"@id":"http:\/\/musikaliaelkartea.eus\/es\/2019\/05\/12\/irribanda-abesbatzaren-lehen-entsegua\/"},"author":{"name":"Musikalia","@id":"http:\/\/musikaliaelkartea.eus\/es\/#\/schema\/person\/14029d72e7fe33dcc3b5b67080703aab"},"headline":"Primer ensayo del coro Irribanda","datePublished":"2019-05-12T06:56:58+00:00","dateModified":"2019-06-28T14:30:34+00:00","mainEntityOfPage":{"@id":"http:\/\/musikaliaelkartea.eus\/es\/2019\/05\/12\/irribanda-abesbatzaren-lehen-entsegua\/"},"wordCount":214,"publisher":{"@id":"http:\/\/musikaliaelkartea.eus\/es\/#organization"},"image":{"@id":"http:\/\/musikaliaelkartea.eus\/es\/2019\/05\/12\/irribanda-abesbatzaren-lehen-entsegua\/#primaryimage"},"thumbnailUrl":"https:\/\/i0.wp.com\/musikaliaelkartea.eus\/wp-content\/uploads\/2019\/05\/Lets-start-fresh.png?fit=820%2C312","articleSection":["Uncategorized"],"inLanguage":"es"},{"@type":"WebPage","@id":"http:\/\/musikaliaelkartea.eus\/es\/2019\/05\/12\/irribanda-abesbatzaren-lehen-entsegua\/","url":"http:\/\/musikaliaelkartea.eus\/es\/2019\/05\/12\/irribanda-abesbatzaren-lehen-entsegua\/","name":"[:eu]Irribanda abesbatzaren lehen entsegua[:es]Primer ensayo del coro Irribanda[:] - Musikalia Elkartea","isPartOf":{"@id":"http:\/\/musikaliaelkartea.eus\/es\/#website"},"primaryImageOfPage":{"@id":"http:\/\/musikaliaelkartea.eus\/es\/2019\/05\/12\/irribanda-abesbatzaren-lehen-entsegua\/#primaryimage"},"image":{"@id":"http:\/\/musikaliaelkartea.eus\/es\/2019\/05\/12\/irribanda-abesbatzaren-lehen-entsegua\/#primaryimage"},"thumbnailUrl":"https:\/\/i0.wp.com\/musikaliaelkartea.eus\/wp-content\/uploads\/2019\/05\/Lets-start-fresh.png?fit=820%2C312","datePublished":"2019-05-12T06:56:58+00:00","dateModified":"2019-06-28T14:30:34+00:00","breadcrumb":{"@id":"http:\/\/musikaliaelkartea.eus\/es\/2019\/05\/12\/irribanda-abesbatzaren-lehen-entsegua\/#breadcrumb"},"inLanguage":"es","potentialAction":[{"@type":"ReadAction","target":["http:\/\/musikaliaelkartea.eus\/es\/2019\/05\/12\/irribanda-abesbatzaren-lehen-entsegua\/"]}]},{"@type":"ImageObject","inLanguage":"es","@id":"http:\/\/musikaliaelkartea.eus\/es\/2019\/05\/12\/irribanda-abesbatzaren-lehen-entsegua\/#primaryimage","url":"https:\/\/i0.wp.com\/musikaliaelkartea.eus\/wp-content\/uploads\/2019\/05\/Lets-start-fresh.png?fit=820%2C312","contentUrl":"https:\/\/i0.wp.com\/musikaliaelkartea.eus\/wp-content\/uploads\/2019\/05\/Lets-start-fresh.png?fit=820%2C312","width":820,"height":312},{"@type":"BreadcrumbList","@id":"http:\/\/musikaliaelkartea.eus\/es\/2019\/05\/12\/irribanda-abesbatzaren-lehen-entsegua\/#breadcrumb","itemListElement":[{"@type":"ListItem","position":1,"name":"Home","item":"http:\/\/musikaliaelkartea.eus\/es\/"},{"@type":"ListItem","position":2,"name":"Primer ensayo del coro Irribanda"}]},{"@type":"WebSite","@id":"http:\/\/musikaliaelkartea.eus\/es\/#website","url":"http:\/\/musikaliaelkartea.eus\/es\/","name":"Musikalia Elkartea","description":"","publisher":{"@id":"http:\/\/musikaliaelkartea.eus\/es\/#organization"},"potentialAction":[{"@type":"SearchAction","target":{"@type":"EntryPoint","urlTemplate":"http:\/\/musikaliaelkartea.eus\/es\/?s={search_term_string}"},"query-input":{"@type":"PropertyValueSpecification","valueRequired":true,"valueName":"search_term_string"}}],"inLanguage":"es"},{"@type":"Organization","@id":"http:\/\/musikaliaelkartea.eus\/es\/#organization","name":"Getxoko Andres Isasi Musikalia Elkartea","url":"http:\/\/musikaliaelkartea.eus\/es\/","logo":{"@type":"ImageObject","inLanguage":"es","@id":"http:\/\/musikaliaelkartea.eus\/es\/#\/schema\/logo\/image\/","url":"https:\/\/i0.wp.com\/musikaliaelkartea.eus\/wp-content\/uploads\/2025\/03\/cropped-MUSIKALIA-LOGO-LARGO.png?fit=5455%2C1928","contentUrl":"https:\/\/i0.wp.com\/musikaliaelkartea.eus\/wp-content\/uploads\/2025\/03\/cropped-MUSIKALIA-LOGO-LARGO.png?fit=5455%2C1928","width":5455,"height":1928,"caption":"Getxoko Andres Isasi Musikalia Elkartea"},"image":{"@id":"http:\/\/musikaliaelkartea.eus\/es\/#\/schema\/logo\/image\/"},"sameAs":["https:\/\/www.facebook.com\/musikaliaelkartea","https:\/\/www.instagram.com\/musikaliaelkartea\/","https:\/\/www.youtube.com\/channel\/UCYG_UH_Rv-34wbmS8nQ7mpg"]},{"@type":"Person","@id":"http:\/\/musikaliaelkartea.eus\/es\/#\/schema\/person\/14029d72e7fe33dcc3b5b67080703aab","name":"Musikalia","image":{"@type":"ImageObject","inLanguage":"es","@id":"https:\/\/secure.gravatar.com\/avatar\/4cedd4863d0dc30f70d9375282b4f70545dbeb2a5fec482325b3b89efe2dd5e3?s=96&d=mm&r=g","url":"https:\/\/secure.gravatar.com\/avatar\/4cedd4863d0dc30f70d9375282b4f70545dbeb2a5fec482325b3b89efe2dd5e3?s=96&d=mm&r=g","contentUrl":"https:\/\/secure.gravatar.com\/avatar\/4cedd4863d0dc30f70d9375282b4f70545dbeb2a5fec482325b3b89efe2dd5e3?s=96&d=mm&r=g","caption":"Musikalia"},"url":"http:\/\/musikaliaelkartea.eus\/es\/author\/musikalia\/"}]}},"jetpack_featured_media_url":"https:\/\/i0.wp.com\/musikaliaelkartea.eus\/wp-content\/uploads\/2019\/05\/Lets-start-fresh.png?fit=820%2C312","jetpack_sharing_enabled":true,"jetpack_shortlink":"https:\/\/wp.me\/p8OhQz-G7","_links":{"self":[{"href":"http:\/\/musikaliaelkartea.eus\/es\/wp-json\/wp\/v2\/posts\/2611","targetHints":{"allow":["GET"]}}],"collection":[{"href":"http:\/\/musikaliaelkartea.eus\/es\/wp-json\/wp\/v2\/posts"}],"about":[{"href":"http:\/\/musikaliaelkartea.eus\/es\/wp-json\/wp\/v2\/types\/post"}],"author":[{"embeddable":true,"href":"http:\/\/musikaliaelkartea.eus\/es\/wp-json\/wp\/v2\/users\/2"}],"replies":[{"embeddable":true,"href":"http:\/\/musikaliaelkartea.eus\/es\/wp-json\/wp\/v2\/comments?post=2611"}],"version-history":[{"count":9,"href":"http:\/\/musikaliaelkartea.eus\/es\/wp-json\/wp\/v2\/posts\/2611\/revisions"}],"predecessor-version":[{"id":2646,"href":"http:\/\/musikaliaelkartea.eus\/es\/wp-json\/wp\/v2\/posts\/2611\/revisions\/2646"}],"wp:featuredmedia":[{"embeddable":true,"href":"http:\/\/musikaliaelkartea.eus\/es\/wp-json\/wp\/v2\/media\/2622"}],"wp:attachment":[{"href":"http:\/\/musikaliaelkartea.eus\/es\/wp-json\/wp\/v2\/media?parent=2611"}],"wp:term":[{"taxonomy":"category","embeddable":true,"href":"http:\/\/musikaliaelkartea.eus\/es\/wp-json\/wp\/v2\/categories?post=2611"},{"taxonomy":"post_tag","embeddable":true,"href":"http:\/\/musikaliaelkartea.eus\/es\/wp-json\/wp\/v2\/tags?post=2611"}],"curies":[{"name":"wp","href":"https:\/\/api.w.org\/{rel}","templated":true}]}}