{"id":2428,"date":"2019-04-22T12:15:00","date_gmt":"2019-04-22T12:15:00","guid":{"rendered":"http:\/\/musikaliaelkartea.eus\/?p=2428"},"modified":"2019-06-28T14:30:36","modified_gmt":"2019-06-28T14:30:36","slug":"espanol-ikasturte-amaierako-programazioa","status":"publish","type":"post","link":"http:\/\/musikaliaelkartea.eus\/es\/2019\/04\/22\/espanol-ikasturte-amaierako-programazioa\/","title":{"rendered":"Programaci\u00f3n para el final de curso"},"content":{"rendered":"<p>Como todos los a\u00f1os, para finalizar el curso acad\u00e9mico y dar la m\u00e1s caliente de las bienvenidas al verano, tendremos m\u00fasica para rato en estos dos meses los. He aqu\u00ed la agenda de los conciertos de la banda Musikalia:<\/p>\n<h3>KANTU POTEOA (12 DE MAYO)<\/h3>\n<p><img data-recalc-dims=\"1\" fetchpriority=\"high\" decoding=\"async\" data-attachment-id=\"2357\" data-permalink=\"http:\/\/musikaliaelkartea.eus\/es\/events\/kantu-poteoa\/kantu-poteoa\/\" data-orig-file=\"https:\/\/i0.wp.com\/musikaliaelkartea.eus\/wp-content\/uploads\/2019\/04\/Kantu-poteoa.png?fit=940%2C788\" data-orig-size=\"940,788\" data-comments-opened=\"1\" data-image-meta=\"{&quot;aperture&quot;:&quot;0&quot;,&quot;credit&quot;:&quot;&quot;,&quot;camera&quot;:&quot;&quot;,&quot;caption&quot;:&quot;&quot;,&quot;created_timestamp&quot;:&quot;0&quot;,&quot;copyright&quot;:&quot;&quot;,&quot;focal_length&quot;:&quot;0&quot;,&quot;iso&quot;:&quot;0&quot;,&quot;shutter_speed&quot;:&quot;0&quot;,&quot;title&quot;:&quot;&quot;,&quot;orientation&quot;:&quot;0&quot;}\" data-image-title=\"Kantu poteoa\" data-image-description=\"\" data-image-caption=\"\" data-large-file=\"https:\/\/i0.wp.com\/musikaliaelkartea.eus\/wp-content\/uploads\/2019\/04\/Kantu-poteoa.png?fit=940%2C788\" class=\"wp-image-2357 alignright\" src=\"https:\/\/i0.wp.com\/musikaliaelkartea.eus\/wp-content\/uploads\/2019\/04\/Kantu-poteoa.png?resize=365%2C305\" alt=\"\" width=\"365\" height=\"305\" srcset=\"https:\/\/i0.wp.com\/musikaliaelkartea.eus\/wp-content\/uploads\/2019\/04\/Kantu-poteoa.png?resize=300%2C251 300w, https:\/\/i0.wp.com\/musikaliaelkartea.eus\/wp-content\/uploads\/2019\/04\/Kantu-poteoa.png?resize=768%2C644 768w, https:\/\/i0.wp.com\/musikaliaelkartea.eus\/wp-content\/uploads\/2019\/04\/Kantu-poteoa.png?resize=358%2C300 358w, https:\/\/i0.wp.com\/musikaliaelkartea.eus\/wp-content\/uploads\/2019\/04\/Kantu-poteoa.png?w=940 940w\" sizes=\"(max-width: 365px) 100vw, 365px\" \/><\/p>\n<p>En este proyecto colaboraremos con el coro Biotz Alai. Llevamos tiempo queriendo hacer algo juntos pero nuestras complicadas agendas nos han llevado a buscar otro formato para poder coincidir.<\/p>\n<p>El 12 de mayo, hacia el mediod\u00eda, saldremos por las calles de Algorta. Durante el recorrido, la banda Musikalia pondr\u00e1 la melod\u00eda y los c\u00e1nticos ir\u00e1n de la mano del coro Biotz Alai. Las canciones ser\u00e1n muy conocidas y por eso, os invitamos a animar a cantar junto con nosotros. M\u00e1s detalle del recorrido, en nuestras redes sociales.<\/p>\n<hr \/>\n<h3>FIESTAS DE ANDRA MARI(18 DE MAYO)<\/h3>\n<p>Como todos los a\u00f1os, estaremos en las fiestas de Andra Mari, pero este a\u00f1o, saldremos el s\u00e1bado en vez del domingo. Tendr\u00e9is la posibilidad de disfrutar de las nuevas canciones que hemos estado introduciendo a nuestro repertorio a lo largo de a\u00f1o. Todav\u00eda el horario y el recorrido est\u00e1n por definir. Por lo tanto, andar atentas a nuestras redes sociales y a nuestra p\u00e1gina web.<\/p>\n<figure id=\"attachment_1465\" aria-describedby=\"caption-attachment-1465\" style=\"width: 723px\" class=\"wp-caption aligncenter\"><img data-recalc-dims=\"1\" decoding=\"async\" data-attachment-id=\"1465\" data-permalink=\"http:\/\/musikaliaelkartea.eus\/es\/?attachment_id=1465\" data-orig-file=\"https:\/\/i0.wp.com\/musikaliaelkartea.eus\/wp-content\/uploads\/2018\/05\/WhatsApp-Image-2018-05-13-at-18.27.17-min.jpeg?fit=960%2C640\" data-orig-size=\"960,640\" data-comments-opened=\"1\" data-image-meta=\"{&quot;aperture&quot;:&quot;0&quot;,&quot;credit&quot;:&quot;&quot;,&quot;camera&quot;:&quot;&quot;,&quot;caption&quot;:&quot;&quot;,&quot;created_timestamp&quot;:&quot;0&quot;,&quot;copyright&quot;:&quot;&quot;,&quot;focal_length&quot;:&quot;0&quot;,&quot;iso&quot;:&quot;0&quot;,&quot;shutter_speed&quot;:&quot;0&quot;,&quot;title&quot;:&quot;&quot;,&quot;orientation&quot;:&quot;0&quot;}\" data-image-title=\"WhatsApp Image 2018-05-13 at 18.27.17-min\" data-image-description=\"\" data-image-caption=\"&lt;p&gt;Memorias de Getxo-tik berreskuratua&lt;\/p&gt;\n\" data-large-file=\"https:\/\/i0.wp.com\/musikaliaelkartea.eus\/wp-content\/uploads\/2018\/05\/WhatsApp-Image-2018-05-13-at-18.27.17-min.jpeg?fit=960%2C640\" class=\"wp-image-1465 size-apostrophe-featured\" src=\"https:\/\/i0.wp.com\/musikaliaelkartea.eus\/wp-content\/uploads\/2018\/05\/WhatsApp-Image-2018-05-13-at-18.27.17-min.jpeg?resize=723%2C350\" alt=\"\" width=\"723\" height=\"350\" \/><figcaption id=\"caption-attachment-1465\" class=\"wp-caption-text\">Memorias de Getxo-tik berreskuratua<\/figcaption><\/figure>\n<hr \/>\n<h3>IRRIBANDA GETXO (21DE JUNIO)<\/h3>\n<p>Para celebrar el D\u00eda Internacional de la M\u00fasica, el a\u00f1o pasado colaboramos con el dueto Fet\u00e9n Fet\u00e9n. Y este a\u00f1o, las invitadas estrella ser\u00e1n Pirritx, Porrotx y Marimotots. Ademas, el concierto se celebrara en la espectacular sala Ereaga del teatro Muxikebarri. Toda la informaci\u00f3n en el siguiente link:<\/p>\n<h4 style=\"text-align: center;\"><a href=\"http:\/\/musikaliaelkartea.eus\/es\/irribanda-portada\/\"><span style=\"color: #ff0000;\">IRRIBANDA GETXO<\/span><\/a><\/h4>\n<p><img data-recalc-dims=\"1\" decoding=\"async\" data-attachment-id=\"2292\" data-permalink=\"http:\/\/musikaliaelkartea.eus\/es\/irribanda-getxo\/2-6\/\" data-orig-file=\"https:\/\/i0.wp.com\/musikaliaelkartea.eus\/wp-content\/uploads\/2019\/04\/2.png?fit=900%2C480\" data-orig-size=\"900,480\" data-comments-opened=\"1\" data-image-meta=\"{&quot;aperture&quot;:&quot;0&quot;,&quot;credit&quot;:&quot;&quot;,&quot;camera&quot;:&quot;&quot;,&quot;caption&quot;:&quot;&quot;,&quot;created_timestamp&quot;:&quot;0&quot;,&quot;copyright&quot;:&quot;&quot;,&quot;focal_length&quot;:&quot;0&quot;,&quot;iso&quot;:&quot;0&quot;,&quot;shutter_speed&quot;:&quot;0&quot;,&quot;title&quot;:&quot;&quot;,&quot;orientation&quot;:&quot;0&quot;}\" data-image-title=\"2\" data-image-description=\"\" data-image-caption=\"\" data-large-file=\"https:\/\/i0.wp.com\/musikaliaelkartea.eus\/wp-content\/uploads\/2019\/04\/2.png?fit=900%2C480\" class=\"alignnone size-full wp-image-2292\" src=\"https:\/\/i0.wp.com\/musikaliaelkartea.eus\/wp-content\/uploads\/2019\/04\/2.png?resize=900%2C480\" alt=\"\" width=\"900\" height=\"480\" srcset=\"https:\/\/i0.wp.com\/musikaliaelkartea.eus\/wp-content\/uploads\/2019\/04\/2.png?w=900 900w, https:\/\/i0.wp.com\/musikaliaelkartea.eus\/wp-content\/uploads\/2019\/04\/2.png?resize=300%2C160 300w, https:\/\/i0.wp.com\/musikaliaelkartea.eus\/wp-content\/uploads\/2019\/04\/2.png?resize=768%2C410 768w, https:\/\/i0.wp.com\/musikaliaelkartea.eus\/wp-content\/uploads\/2019\/04\/2.png?resize=563%2C300 563w, https:\/\/i0.wp.com\/musikaliaelkartea.eus\/wp-content\/uploads\/2019\/04\/2.png?resize=750%2C400 750w\" sizes=\"(max-width: 900px) 100vw, 900px\" \/><\/p>\n<hr \/>\n<h3>CORPUS PUESTO VIEJO Y SAN JUANES DE ZUBILLETAS (23 DE JUNIO)<\/h3>\n<p>Ofreceremos dos conciertos el mismo d\u00eda para poner fin al a\u00f1o escolar. Dos d\u00edas que se han vuelto fijos en nuestra agenda que este a\u00f1o, ha tocado celebrarlos el mismo d\u00eda. Estaremos amenizando las calles en el Puerto viejo por la ma\u00f1ana y por la tarde en cambio, nos acercaremos al barrio de Zubilletas. Est\u00e1n para concretar los horarios todav\u00eda.<\/p>\n<p><img data-recalc-dims=\"1\" loading=\"lazy\" decoding=\"async\" data-attachment-id=\"1438\" data-permalink=\"http:\/\/musikaliaelkartea.eus\/es\/2018\/04\/13\/azken-hiruhilekorako-agenda\/hey-there-lovely-1\/\" data-orig-file=\"https:\/\/i0.wp.com\/musikaliaelkartea.eus\/wp-content\/uploads\/2018\/04\/hey-there-lovely-1.png?fit=820%2C312\" data-orig-size=\"820,312\" data-comments-opened=\"1\" data-image-meta=\"{&quot;aperture&quot;:&quot;0&quot;,&quot;credit&quot;:&quot;&quot;,&quot;camera&quot;:&quot;&quot;,&quot;caption&quot;:&quot;&quot;,&quot;created_timestamp&quot;:&quot;0&quot;,&quot;copyright&quot;:&quot;&quot;,&quot;focal_length&quot;:&quot;0&quot;,&quot;iso&quot;:&quot;0&quot;,&quot;shutter_speed&quot;:&quot;0&quot;,&quot;title&quot;:&quot;&quot;,&quot;orientation&quot;:&quot;0&quot;}\" data-image-title=\"hey there, lovely! (1)\" data-image-description=\"\" data-image-caption=\"\" data-large-file=\"https:\/\/i0.wp.com\/musikaliaelkartea.eus\/wp-content\/uploads\/2018\/04\/hey-there-lovely-1.png?fit=820%2C312\" class=\"alignnone size-full wp-image-1438\" src=\"https:\/\/i0.wp.com\/musikaliaelkartea.eus\/wp-content\/uploads\/2018\/04\/hey-there-lovely-1.png?resize=820%2C312\" alt=\"\" width=\"820\" height=\"312\" srcset=\"https:\/\/i0.wp.com\/musikaliaelkartea.eus\/wp-content\/uploads\/2018\/04\/hey-there-lovely-1.png?w=820 820w, https:\/\/i0.wp.com\/musikaliaelkartea.eus\/wp-content\/uploads\/2018\/04\/hey-there-lovely-1.png?resize=300%2C114 300w, https:\/\/i0.wp.com\/musikaliaelkartea.eus\/wp-content\/uploads\/2018\/04\/hey-there-lovely-1.png?resize=768%2C292 768w, https:\/\/i0.wp.com\/musikaliaelkartea.eus\/wp-content\/uploads\/2018\/04\/hey-there-lovely-1.png?resize=788%2C300 788w\" sizes=\"(max-width: 820px) 100vw, 820px\" \/><\/p>","protected":false},"excerpt":{"rendered":"<p>Como todos los a\u00f1os, para finalizar el curso acad\u00e9mico y dar la m\u00e1s caliente de las bienvenidas al verano, tendremos m\u00fasica para rato en estos<a href=\"http:\/\/musikaliaelkartea.eus\/es\/2019\/04\/22\/espanol-ikasturte-amaierako-programazioa\/\" class=\"more-link\">View More<\/a><\/p>\n","protected":false},"author":2,"featured_media":1440,"comment_status":"closed","ping_status":"open","sticky":false,"template":"","format":"standard","meta":{"jetpack_post_was_ever_published":false,"_jetpack_newsletter_access":"","_jetpack_dont_email_post_to_subs":false,"_jetpack_newsletter_tier_id":0,"_jetpack_memberships_contains_paywalled_content":false,"_jetpack_memberships_contains_paid_content":false,"footnotes":""},"categories":[1],"tags":[],"class_list":["post-2428","post","type-post","status-publish","format-standard","has-post-thumbnail","hentry","category-uncategorized"],"yoast_head":"<!-- This site is optimized with the Yoast SEO plugin v27.4 - https:\/\/yoast.com\/product\/yoast-seo-wordpress\/ -->\n<title>Programaci\u00f3n para el final de curso - Musikalia Elkartea<\/title>\n<meta name=\"robots\" content=\"index, follow, max-snippet:-1, max-image-preview:large, max-video-preview:-1\" \/>\n<link rel=\"canonical\" href=\"http:\/\/musikaliaelkartea.eus\/es\/2019\/04\/22\/espanol-ikasturte-amaierako-programazioa\/\" \/>\n<meta property=\"og:locale\" content=\"es_ES\" \/>\n<meta property=\"og:type\" content=\"article\" \/>\n<meta property=\"og:title\" content=\"[:eu]Ikasturte amaierako programazioa[:es]Programaci\u00f3n para el final de curso[:] - Musikalia Elkartea\" \/>\n<meta property=\"og:description\" content=\"Como todos los a\u00f1os, para finalizar el curso acad\u00e9mico y dar la m\u00e1s caliente de las bienvenidas al verano, tendremos m\u00fasica para rato en estosView More\" \/>\n<meta property=\"og:url\" content=\"http:\/\/musikaliaelkartea.eus\/es\/2019\/04\/22\/espanol-ikasturte-amaierako-programazioa\/\" \/>\n<meta property=\"og:site_name\" content=\"Musikalia Elkartea\" \/>\n<meta property=\"article:publisher\" content=\"https:\/\/www.facebook.com\/musikaliaelkartea\" \/>\n<meta property=\"article:published_time\" content=\"2019-04-22T12:15:00+00:00\" \/>\n<meta property=\"article:modified_time\" content=\"2019-06-28T14:30:36+00:00\" \/>\n<meta property=\"og:image\" content=\"https:\/\/i0.wp.com\/musikaliaelkartea.eus\/wp-content\/uploads\/2018\/04\/hey-there-lovely-2.png?fit=820%2C312\" \/>\n\t<meta property=\"og:image:width\" content=\"820\" \/>\n\t<meta property=\"og:image:height\" content=\"312\" \/>\n\t<meta property=\"og:image:type\" content=\"image\/png\" \/>\n<meta name=\"author\" content=\"Musikalia\" \/>\n<meta name=\"twitter:card\" content=\"summary_large_image\" \/>\n<meta name=\"twitter:label1\" content=\"Escrito por\" \/>\n\t<meta name=\"twitter:data1\" content=\"Musikalia\" \/>\n\t<meta name=\"twitter:label2\" content=\"Tiempo de lectura\" \/>\n\t<meta name=\"twitter:data2\" content=\"3 minutos\" \/>\n<script type=\"application\/ld+json\" class=\"yoast-schema-graph\">{\"@context\":\"https:\\\/\\\/schema.org\",\"@graph\":[{\"@type\":\"Article\",\"@id\":\"http:\\\/\\\/musikaliaelkartea.eus\\\/es\\\/2019\\\/04\\\/22\\\/espanol-ikasturte-amaierako-programazioa\\\/#article\",\"isPartOf\":{\"@id\":\"http:\\\/\\\/musikaliaelkartea.eus\\\/es\\\/2019\\\/04\\\/22\\\/espanol-ikasturte-amaierako-programazioa\\\/\"},\"author\":{\"name\":\"Musikalia\",\"@id\":\"http:\\\/\\\/musikaliaelkartea.eus\\\/es\\\/#\\\/schema\\\/person\\\/14029d72e7fe33dcc3b5b67080703aab\"},\"headline\":\"Programaci\u00f3n para el final de curso\",\"datePublished\":\"2019-04-22T12:15:00+00:00\",\"dateModified\":\"2019-06-28T14:30:36+00:00\",\"mainEntityOfPage\":{\"@id\":\"http:\\\/\\\/musikaliaelkartea.eus\\\/es\\\/2019\\\/04\\\/22\\\/espanol-ikasturte-amaierako-programazioa\\\/\"},\"wordCount\":624,\"publisher\":{\"@id\":\"http:\\\/\\\/musikaliaelkartea.eus\\\/es\\\/#organization\"},\"image\":{\"@id\":\"http:\\\/\\\/musikaliaelkartea.eus\\\/es\\\/2019\\\/04\\\/22\\\/espanol-ikasturte-amaierako-programazioa\\\/#primaryimage\"},\"thumbnailUrl\":\"https:\\\/\\\/i0.wp.com\\\/musikaliaelkartea.eus\\\/wp-content\\\/uploads\\\/2018\\\/04\\\/hey-there-lovely-2.png?fit=820%2C312\",\"articleSection\":[\"Uncategorized\"],\"inLanguage\":\"es\"},{\"@type\":\"WebPage\",\"@id\":\"http:\\\/\\\/musikaliaelkartea.eus\\\/es\\\/2019\\\/04\\\/22\\\/espanol-ikasturte-amaierako-programazioa\\\/\",\"url\":\"http:\\\/\\\/musikaliaelkartea.eus\\\/es\\\/2019\\\/04\\\/22\\\/espanol-ikasturte-amaierako-programazioa\\\/\",\"name\":\"[:eu]Ikasturte amaierako programazioa[:es]Programaci\u00f3n para el final de curso[:] - Musikalia Elkartea\",\"isPartOf\":{\"@id\":\"http:\\\/\\\/musikaliaelkartea.eus\\\/es\\\/#website\"},\"primaryImageOfPage\":{\"@id\":\"http:\\\/\\\/musikaliaelkartea.eus\\\/es\\\/2019\\\/04\\\/22\\\/espanol-ikasturte-amaierako-programazioa\\\/#primaryimage\"},\"image\":{\"@id\":\"http:\\\/\\\/musikaliaelkartea.eus\\\/es\\\/2019\\\/04\\\/22\\\/espanol-ikasturte-amaierako-programazioa\\\/#primaryimage\"},\"thumbnailUrl\":\"https:\\\/\\\/i0.wp.com\\\/musikaliaelkartea.eus\\\/wp-content\\\/uploads\\\/2018\\\/04\\\/hey-there-lovely-2.png?fit=820%2C312\",\"datePublished\":\"2019-04-22T12:15:00+00:00\",\"dateModified\":\"2019-06-28T14:30:36+00:00\",\"breadcrumb\":{\"@id\":\"http:\\\/\\\/musikaliaelkartea.eus\\\/es\\\/2019\\\/04\\\/22\\\/espanol-ikasturte-amaierako-programazioa\\\/#breadcrumb\"},\"inLanguage\":\"es\",\"potentialAction\":[{\"@type\":\"ReadAction\",\"target\":[\"http:\\\/\\\/musikaliaelkartea.eus\\\/es\\\/2019\\\/04\\\/22\\\/espanol-ikasturte-amaierako-programazioa\\\/\"]}]},{\"@type\":\"ImageObject\",\"inLanguage\":\"es\",\"@id\":\"http:\\\/\\\/musikaliaelkartea.eus\\\/es\\\/2019\\\/04\\\/22\\\/espanol-ikasturte-amaierako-programazioa\\\/#primaryimage\",\"url\":\"https:\\\/\\\/i0.wp.com\\\/musikaliaelkartea.eus\\\/wp-content\\\/uploads\\\/2018\\\/04\\\/hey-there-lovely-2.png?fit=820%2C312\",\"contentUrl\":\"https:\\\/\\\/i0.wp.com\\\/musikaliaelkartea.eus\\\/wp-content\\\/uploads\\\/2018\\\/04\\\/hey-there-lovely-2.png?fit=820%2C312\",\"width\":820,\"height\":312},{\"@type\":\"BreadcrumbList\",\"@id\":\"http:\\\/\\\/musikaliaelkartea.eus\\\/es\\\/2019\\\/04\\\/22\\\/espanol-ikasturte-amaierako-programazioa\\\/#breadcrumb\",\"itemListElement\":[{\"@type\":\"ListItem\",\"position\":1,\"name\":\"Home\",\"item\":\"http:\\\/\\\/musikaliaelkartea.eus\\\/es\\\/\"},{\"@type\":\"ListItem\",\"position\":2,\"name\":\"Programaci\u00f3n para el final de curso\"}]},{\"@type\":\"WebSite\",\"@id\":\"http:\\\/\\\/musikaliaelkartea.eus\\\/es\\\/#website\",\"url\":\"http:\\\/\\\/musikaliaelkartea.eus\\\/es\\\/\",\"name\":\"Musikalia Elkartea\",\"description\":\"\",\"publisher\":{\"@id\":\"http:\\\/\\\/musikaliaelkartea.eus\\\/es\\\/#organization\"},\"potentialAction\":[{\"@type\":\"SearchAction\",\"target\":{\"@type\":\"EntryPoint\",\"urlTemplate\":\"http:\\\/\\\/musikaliaelkartea.eus\\\/es\\\/?s={search_term_string}\"},\"query-input\":{\"@type\":\"PropertyValueSpecification\",\"valueRequired\":true,\"valueName\":\"search_term_string\"}}],\"inLanguage\":\"es\"},{\"@type\":\"Organization\",\"@id\":\"http:\\\/\\\/musikaliaelkartea.eus\\\/es\\\/#organization\",\"name\":\"Getxoko Andres Isasi Musikalia Elkartea\",\"url\":\"http:\\\/\\\/musikaliaelkartea.eus\\\/es\\\/\",\"logo\":{\"@type\":\"ImageObject\",\"inLanguage\":\"es\",\"@id\":\"http:\\\/\\\/musikaliaelkartea.eus\\\/es\\\/#\\\/schema\\\/logo\\\/image\\\/\",\"url\":\"https:\\\/\\\/i0.wp.com\\\/musikaliaelkartea.eus\\\/wp-content\\\/uploads\\\/2025\\\/03\\\/cropped-MUSIKALIA-LOGO-LARGO.png?fit=5455%2C1928\",\"contentUrl\":\"https:\\\/\\\/i0.wp.com\\\/musikaliaelkartea.eus\\\/wp-content\\\/uploads\\\/2025\\\/03\\\/cropped-MUSIKALIA-LOGO-LARGO.png?fit=5455%2C1928\",\"width\":5455,\"height\":1928,\"caption\":\"Getxoko Andres Isasi Musikalia Elkartea\"},\"image\":{\"@id\":\"http:\\\/\\\/musikaliaelkartea.eus\\\/es\\\/#\\\/schema\\\/logo\\\/image\\\/\"},\"sameAs\":[\"https:\\\/\\\/www.facebook.com\\\/musikaliaelkartea\",\"https:\\\/\\\/www.instagram.com\\\/musikaliaelkartea\\\/\",\"https:\\\/\\\/www.youtube.com\\\/channel\\\/UCYG_UH_Rv-34wbmS8nQ7mpg\"]},{\"@type\":\"Person\",\"@id\":\"http:\\\/\\\/musikaliaelkartea.eus\\\/es\\\/#\\\/schema\\\/person\\\/14029d72e7fe33dcc3b5b67080703aab\",\"name\":\"Musikalia\",\"image\":{\"@type\":\"ImageObject\",\"inLanguage\":\"es\",\"@id\":\"https:\\\/\\\/secure.gravatar.com\\\/avatar\\\/4cedd4863d0dc30f70d9375282b4f70545dbeb2a5fec482325b3b89efe2dd5e3?s=96&d=mm&r=g\",\"url\":\"https:\\\/\\\/secure.gravatar.com\\\/avatar\\\/4cedd4863d0dc30f70d9375282b4f70545dbeb2a5fec482325b3b89efe2dd5e3?s=96&d=mm&r=g\",\"contentUrl\":\"https:\\\/\\\/secure.gravatar.com\\\/avatar\\\/4cedd4863d0dc30f70d9375282b4f70545dbeb2a5fec482325b3b89efe2dd5e3?s=96&d=mm&r=g\",\"caption\":\"Musikalia\"},\"url\":\"http:\\\/\\\/musikaliaelkartea.eus\\\/es\\\/author\\\/musikalia\\\/\"}]}<\/script>\n<!-- \/ Yoast SEO plugin. -->","yoast_head_json":{"title":"[:eu]Ikasturte amaierako programazioa[:es]Programaci\u00f3n para el final de curso[:] - Musikalia Elkartea","robots":{"index":"index","follow":"follow","max-snippet":"max-snippet:-1","max-image-preview":"max-image-preview:large","max-video-preview":"max-video-preview:-1"},"canonical":"http:\/\/musikaliaelkartea.eus\/es\/2019\/04\/22\/espanol-ikasturte-amaierako-programazioa\/","og_locale":"es_ES","og_type":"article","og_title":"[:eu]Ikasturte amaierako programazioa[:es]Programaci\u00f3n para el final de curso[:] - Musikalia Elkartea","og_description":"Como todos los a\u00f1os, para finalizar el curso acad\u00e9mico y dar la m\u00e1s caliente de las bienvenidas al verano, tendremos m\u00fasica para rato en estosView More","og_url":"http:\/\/musikaliaelkartea.eus\/es\/2019\/04\/22\/espanol-ikasturte-amaierako-programazioa\/","og_site_name":"Musikalia Elkartea","article_publisher":"https:\/\/www.facebook.com\/musikaliaelkartea","article_published_time":"2019-04-22T12:15:00+00:00","article_modified_time":"2019-06-28T14:30:36+00:00","og_image":[{"width":820,"height":312,"url":"https:\/\/i0.wp.com\/musikaliaelkartea.eus\/wp-content\/uploads\/2018\/04\/hey-there-lovely-2.png?fit=820%2C312","type":"image\/png"}],"author":"Musikalia","twitter_card":"summary_large_image","twitter_misc":{"Escrito por":"Musikalia","Tiempo de lectura":"3 minutos"},"schema":{"@context":"https:\/\/schema.org","@graph":[{"@type":"Article","@id":"http:\/\/musikaliaelkartea.eus\/es\/2019\/04\/22\/espanol-ikasturte-amaierako-programazioa\/#article","isPartOf":{"@id":"http:\/\/musikaliaelkartea.eus\/es\/2019\/04\/22\/espanol-ikasturte-amaierako-programazioa\/"},"author":{"name":"Musikalia","@id":"http:\/\/musikaliaelkartea.eus\/es\/#\/schema\/person\/14029d72e7fe33dcc3b5b67080703aab"},"headline":"Programaci\u00f3n para el final de curso","datePublished":"2019-04-22T12:15:00+00:00","dateModified":"2019-06-28T14:30:36+00:00","mainEntityOfPage":{"@id":"http:\/\/musikaliaelkartea.eus\/es\/2019\/04\/22\/espanol-ikasturte-amaierako-programazioa\/"},"wordCount":624,"publisher":{"@id":"http:\/\/musikaliaelkartea.eus\/es\/#organization"},"image":{"@id":"http:\/\/musikaliaelkartea.eus\/es\/2019\/04\/22\/espanol-ikasturte-amaierako-programazioa\/#primaryimage"},"thumbnailUrl":"https:\/\/i0.wp.com\/musikaliaelkartea.eus\/wp-content\/uploads\/2018\/04\/hey-there-lovely-2.png?fit=820%2C312","articleSection":["Uncategorized"],"inLanguage":"es"},{"@type":"WebPage","@id":"http:\/\/musikaliaelkartea.eus\/es\/2019\/04\/22\/espanol-ikasturte-amaierako-programazioa\/","url":"http:\/\/musikaliaelkartea.eus\/es\/2019\/04\/22\/espanol-ikasturte-amaierako-programazioa\/","name":"[:eu]Ikasturte amaierako programazioa[:es]Programaci\u00f3n para el final de curso[:] - Musikalia Elkartea","isPartOf":{"@id":"http:\/\/musikaliaelkartea.eus\/es\/#website"},"primaryImageOfPage":{"@id":"http:\/\/musikaliaelkartea.eus\/es\/2019\/04\/22\/espanol-ikasturte-amaierako-programazioa\/#primaryimage"},"image":{"@id":"http:\/\/musikaliaelkartea.eus\/es\/2019\/04\/22\/espanol-ikasturte-amaierako-programazioa\/#primaryimage"},"thumbnailUrl":"https:\/\/i0.wp.com\/musikaliaelkartea.eus\/wp-content\/uploads\/2018\/04\/hey-there-lovely-2.png?fit=820%2C312","datePublished":"2019-04-22T12:15:00+00:00","dateModified":"2019-06-28T14:30:36+00:00","breadcrumb":{"@id":"http:\/\/musikaliaelkartea.eus\/es\/2019\/04\/22\/espanol-ikasturte-amaierako-programazioa\/#breadcrumb"},"inLanguage":"es","potentialAction":[{"@type":"ReadAction","target":["http:\/\/musikaliaelkartea.eus\/es\/2019\/04\/22\/espanol-ikasturte-amaierako-programazioa\/"]}]},{"@type":"ImageObject","inLanguage":"es","@id":"http:\/\/musikaliaelkartea.eus\/es\/2019\/04\/22\/espanol-ikasturte-amaierako-programazioa\/#primaryimage","url":"https:\/\/i0.wp.com\/musikaliaelkartea.eus\/wp-content\/uploads\/2018\/04\/hey-there-lovely-2.png?fit=820%2C312","contentUrl":"https:\/\/i0.wp.com\/musikaliaelkartea.eus\/wp-content\/uploads\/2018\/04\/hey-there-lovely-2.png?fit=820%2C312","width":820,"height":312},{"@type":"BreadcrumbList","@id":"http:\/\/musikaliaelkartea.eus\/es\/2019\/04\/22\/espanol-ikasturte-amaierako-programazioa\/#breadcrumb","itemListElement":[{"@type":"ListItem","position":1,"name":"Home","item":"http:\/\/musikaliaelkartea.eus\/es\/"},{"@type":"ListItem","position":2,"name":"Programaci\u00f3n para el final de curso"}]},{"@type":"WebSite","@id":"http:\/\/musikaliaelkartea.eus\/es\/#website","url":"http:\/\/musikaliaelkartea.eus\/es\/","name":"Musikalia Elkartea","description":"","publisher":{"@id":"http:\/\/musikaliaelkartea.eus\/es\/#organization"},"potentialAction":[{"@type":"SearchAction","target":{"@type":"EntryPoint","urlTemplate":"http:\/\/musikaliaelkartea.eus\/es\/?s={search_term_string}"},"query-input":{"@type":"PropertyValueSpecification","valueRequired":true,"valueName":"search_term_string"}}],"inLanguage":"es"},{"@type":"Organization","@id":"http:\/\/musikaliaelkartea.eus\/es\/#organization","name":"Getxoko Andres Isasi Musikalia Elkartea","url":"http:\/\/musikaliaelkartea.eus\/es\/","logo":{"@type":"ImageObject","inLanguage":"es","@id":"http:\/\/musikaliaelkartea.eus\/es\/#\/schema\/logo\/image\/","url":"https:\/\/i0.wp.com\/musikaliaelkartea.eus\/wp-content\/uploads\/2025\/03\/cropped-MUSIKALIA-LOGO-LARGO.png?fit=5455%2C1928","contentUrl":"https:\/\/i0.wp.com\/musikaliaelkartea.eus\/wp-content\/uploads\/2025\/03\/cropped-MUSIKALIA-LOGO-LARGO.png?fit=5455%2C1928","width":5455,"height":1928,"caption":"Getxoko Andres Isasi Musikalia Elkartea"},"image":{"@id":"http:\/\/musikaliaelkartea.eus\/es\/#\/schema\/logo\/image\/"},"sameAs":["https:\/\/www.facebook.com\/musikaliaelkartea","https:\/\/www.instagram.com\/musikaliaelkartea\/","https:\/\/www.youtube.com\/channel\/UCYG_UH_Rv-34wbmS8nQ7mpg"]},{"@type":"Person","@id":"http:\/\/musikaliaelkartea.eus\/es\/#\/schema\/person\/14029d72e7fe33dcc3b5b67080703aab","name":"Musikalia","image":{"@type":"ImageObject","inLanguage":"es","@id":"https:\/\/secure.gravatar.com\/avatar\/4cedd4863d0dc30f70d9375282b4f70545dbeb2a5fec482325b3b89efe2dd5e3?s=96&d=mm&r=g","url":"https:\/\/secure.gravatar.com\/avatar\/4cedd4863d0dc30f70d9375282b4f70545dbeb2a5fec482325b3b89efe2dd5e3?s=96&d=mm&r=g","contentUrl":"https:\/\/secure.gravatar.com\/avatar\/4cedd4863d0dc30f70d9375282b4f70545dbeb2a5fec482325b3b89efe2dd5e3?s=96&d=mm&r=g","caption":"Musikalia"},"url":"http:\/\/musikaliaelkartea.eus\/es\/author\/musikalia\/"}]}},"jetpack_featured_media_url":"https:\/\/i0.wp.com\/musikaliaelkartea.eus\/wp-content\/uploads\/2018\/04\/hey-there-lovely-2.png?fit=820%2C312","jetpack_sharing_enabled":true,"jetpack_shortlink":"https:\/\/wp.me\/p8OhQz-Da","_links":{"self":[{"href":"http:\/\/musikaliaelkartea.eus\/es\/wp-json\/wp\/v2\/posts\/2428","targetHints":{"allow":["GET"]}}],"collection":[{"href":"http:\/\/musikaliaelkartea.eus\/es\/wp-json\/wp\/v2\/posts"}],"about":[{"href":"http:\/\/musikaliaelkartea.eus\/es\/wp-json\/wp\/v2\/types\/post"}],"author":[{"embeddable":true,"href":"http:\/\/musikaliaelkartea.eus\/es\/wp-json\/wp\/v2\/users\/2"}],"replies":[{"embeddable":true,"href":"http:\/\/musikaliaelkartea.eus\/es\/wp-json\/wp\/v2\/comments?post=2428"}],"version-history":[{"count":5,"href":"http:\/\/musikaliaelkartea.eus\/es\/wp-json\/wp\/v2\/posts\/2428\/revisions"}],"predecessor-version":[{"id":2575,"href":"http:\/\/musikaliaelkartea.eus\/es\/wp-json\/wp\/v2\/posts\/2428\/revisions\/2575"}],"wp:featuredmedia":[{"embeddable":true,"href":"http:\/\/musikaliaelkartea.eus\/es\/wp-json\/wp\/v2\/media\/1440"}],"wp:attachment":[{"href":"http:\/\/musikaliaelkartea.eus\/es\/wp-json\/wp\/v2\/media?parent=2428"}],"wp:term":[{"taxonomy":"category","embeddable":true,"href":"http:\/\/musikaliaelkartea.eus\/es\/wp-json\/wp\/v2\/categories?post=2428"},{"taxonomy":"post_tag","embeddable":true,"href":"http:\/\/musikaliaelkartea.eus\/es\/wp-json\/wp\/v2\/tags?post=2428"}],"curies":[{"name":"wp","href":"https:\/\/api.w.org\/{rel}","templated":true}]}}