{"id":237,"date":"2017-03-23T09:46:41","date_gmt":"2017-03-23T09:46:41","guid":{"rendered":"http:\/\/andresisasibanda.x10host.com\/?p=237"},"modified":"2017-10-12T09:59:34","modified_gmt":"2017-10-12T09:59:34","slug":"20-korrika-badator","status":"publish","type":"post","link":"http:\/\/musikaliaelkartea.eus\/es\/2017\/03\/23\/20-korrika-badator\/","title":{"rendered":"20.KORRIKA BADATOR!!!"},"content":{"rendered":"<p>Este a\u00f1o la <a href=\"http:\/\/www.korrika.eus\">KORRIKA<\/a> cumple 20 ediciones, y Musikalia no ten\u00eda intenci\u00f3n de perderse esta importante cita.<\/p>\n<p><img data-recalc-dims=\"1\" decoding=\"async\" data-attachment-id=\"239\" data-permalink=\"http:\/\/musikaliaelkartea.eus\/es\/2017\/03\/23\/20-korrika-badator\/korrika_batzuk\/\" data-orig-file=\"https:\/\/i0.wp.com\/musikaliaelkartea.eus\/wp-content\/uploads\/2017\/04\/korrika_batzuk.png?fit=510%2C495\" data-orig-size=\"510,495\" data-comments-opened=\"1\" data-image-meta=\"{&quot;aperture&quot;:&quot;0&quot;,&quot;credit&quot;:&quot;&quot;,&quot;camera&quot;:&quot;&quot;,&quot;caption&quot;:&quot;&quot;,&quot;created_timestamp&quot;:&quot;0&quot;,&quot;copyright&quot;:&quot;&quot;,&quot;focal_length&quot;:&quot;0&quot;,&quot;iso&quot;:&quot;0&quot;,&quot;shutter_speed&quot;:&quot;0&quot;,&quot;title&quot;:&quot;&quot;,&quot;orientation&quot;:&quot;0&quot;}\" data-image-title=\"korrika_batzuk\" data-image-description=\"\" data-image-caption=\"\" data-large-file=\"https:\/\/i0.wp.com\/musikaliaelkartea.eus\/wp-content\/uploads\/2017\/04\/korrika_batzuk.png?fit=510%2C495\" class=\"wp-image-239 size-thumbnail alignleft\" src=\"https:\/\/i0.wp.com\/andresisasibanda.x10host.com\/wp-content\/uploads\/2017\/04\/korrika_batzuk-150x150.png?resize=150%2C150\" alt=\"korrika_batzuk\" width=\"150\" height=\"150\" srcset=\"https:\/\/i0.wp.com\/musikaliaelkartea.eus\/wp-content\/uploads\/2017\/04\/korrika_batzuk.png?resize=150%2C150 150w, https:\/\/i0.wp.com\/musikaliaelkartea.eus\/wp-content\/uploads\/2017\/04\/korrika_batzuk.png?resize=450%2C450 450w, https:\/\/i0.wp.com\/musikaliaelkartea.eus\/wp-content\/uploads\/2017\/04\/korrika_batzuk.png?resize=60%2C60 60w, https:\/\/i0.wp.com\/musikaliaelkartea.eus\/wp-content\/uploads\/2017\/04\/korrika_batzuk.png?resize=45%2C45 45w, https:\/\/i0.wp.com\/musikaliaelkartea.eus\/wp-content\/uploads\/2017\/04\/korrika_batzuk.png?zoom=2&amp;resize=150%2C150 300w\" sizes=\"(max-width: 150px) 100vw, 150px\" \/>Siguiendo con nuestro compromiso de apoyo al Euskera, hemos comprado el KM 1639B en Areeta. \u00a0Cogeremos el testigo en la iglesia de Las Mercedes, pasando por la Escula de M\u00fasica y el <a href=\"http:\/\/puente-colgante.com\">Puente Colgante<\/a> hasta llegar al quiosco de la Calle Mayor para entregar el lekuko al <a href=\"https:\/\/www.facebook.com\/Zasi-Eskola-Dantza-Taldea-313896302285974\/\">grupo de baile Zasi Eskola<\/a>.<\/p>\n<p>Os esperamos en la noche del mi\u00e9rcoles (madrugada del jueves) a las 02:45!!! Animaos!!!<\/p>\n<p>Musikalia ere Korrikaren alde!!<br \/>\nTipi-tapa Korrika!!<\/p>\n<p><span class=\"embed-youtube\" style=\"text-align:center; display: block;\"><iframe class=\"youtube-player\" width=\"1300\" height=\"732\" src=\"https:\/\/www.youtube.com\/embed\/rujechHlH6s%5B:%5D?version=3&#038;rel=1&#038;showsearch=0&#038;showinfo=1&#038;iv_load_policy=1&#038;fs=1&#038;hl=es-ES&#038;autohide=2&#038;wmode=transparent\" allowfullscreen=\"true\" style=\"border:0;\" sandbox=\"allow-scripts allow-same-origin allow-popups allow-presentation allow-popups-to-escape-sandbox\"><\/iframe><\/span><\/p>","protected":false},"excerpt":{"rendered":"<p>Este a\u00f1o la KORRIKA cumple 20 ediciones, y Musikalia no ten\u00eda intenci\u00f3n de perderse esta importante cita. Siguiendo con nuestro compromiso de apoyo al Euskera,<a href=\"http:\/\/musikaliaelkartea.eus\/es\/2017\/03\/23\/20-korrika-badator\/\" class=\"more-link\">View More<\/a><\/p>\n","protected":false},"author":1,"featured_media":239,"comment_status":"closed","ping_status":"open","sticky":false,"template":"","format":"standard","meta":{"jetpack_post_was_ever_published":false,"_jetpack_newsletter_access":"","_jetpack_dont_email_post_to_subs":false,"_jetpack_newsletter_tier_id":0,"_jetpack_memberships_contains_paywalled_content":false,"_jetpack_memberships_contains_paid_content":false,"footnotes":""},"categories":[1],"tags":[10,9],"class_list":["post-237","post","type-post","status-publish","format-standard","has-post-thumbnail","hentry","category-uncategorized","tag-berria","tag-korrika"],"yoast_head":"<!-- This site is optimized with the Yoast SEO plugin v27.4 - https:\/\/yoast.com\/product\/yoast-seo-wordpress\/ -->\n<title>20.KORRIKA BADATOR!!! - Musikalia Elkartea<\/title>\n<meta name=\"robots\" content=\"index, follow, max-snippet:-1, max-image-preview:large, max-video-preview:-1\" \/>\n<link rel=\"canonical\" href=\"http:\/\/musikaliaelkartea.eus\/2017\/03\/23\/20-korrika-badator\/\" \/>\n<meta property=\"og:locale\" content=\"es_ES\" \/>\n<meta property=\"og:type\" content=\"article\" \/>\n<meta property=\"og:title\" content=\"[:eu]20.KORRIKA BADATOR!![:es]20.KORRIKA BADATOR!!![:] - Musikalia Elkartea\" \/>\n<meta property=\"og:description\" content=\"Este a\u00f1o la KORRIKA cumple 20 ediciones, y Musikalia no ten\u00eda intenci\u00f3n de perderse esta importante cita. Siguiendo con nuestro compromiso de apoyo al Euskera,View More\" \/>\n<meta property=\"og:url\" content=\"http:\/\/musikaliaelkartea.eus\/2017\/03\/23\/20-korrika-badator\/\" \/>\n<meta property=\"og:site_name\" content=\"Musikalia Elkartea\" \/>\n<meta property=\"article:publisher\" content=\"https:\/\/www.facebook.com\/musikaliaelkartea\" \/>\n<meta property=\"article:published_time\" content=\"2017-03-23T09:46:41+00:00\" \/>\n<meta property=\"article:modified_time\" content=\"2017-10-12T09:59:34+00:00\" \/>\n<meta property=\"og:image\" content=\"https:\/\/i0.wp.com\/musikaliaelkartea.eus\/wp-content\/uploads\/2017\/04\/korrika_batzuk.png?fit=510%2C495\" \/>\n\t<meta property=\"og:image:width\" content=\"510\" \/>\n\t<meta property=\"og:image:height\" content=\"495\" \/>\n\t<meta property=\"og:image:type\" content=\"image\/png\" \/>\n<meta name=\"author\" content=\"admin\" \/>\n<meta name=\"twitter:card\" content=\"summary_large_image\" \/>\n<meta name=\"twitter:label1\" content=\"Escrito por\" \/>\n\t<meta name=\"twitter:data1\" content=\"admin\" \/>\n\t<meta name=\"twitter:label2\" content=\"Tiempo de lectura\" \/>\n\t<meta name=\"twitter:data2\" content=\"1 minuto\" \/>\n<script type=\"application\/ld+json\" class=\"yoast-schema-graph\">{\"@context\":\"https:\\\/\\\/schema.org\",\"@graph\":[{\"@type\":\"Article\",\"@id\":\"http:\\\/\\\/musikaliaelkartea.eus\\\/2017\\\/03\\\/23\\\/20-korrika-badator\\\/#article\",\"isPartOf\":{\"@id\":\"http:\\\/\\\/musikaliaelkartea.eus\\\/2017\\\/03\\\/23\\\/20-korrika-badator\\\/\"},\"author\":{\"name\":\"admin\",\"@id\":\"http:\\\/\\\/musikaliaelkartea.eus\\\/es\\\/#\\\/schema\\\/person\\\/83f4e89e47194300d20a42d314de9e57\"},\"headline\":\"20.KORRIKA BADATOR!!!\",\"datePublished\":\"2017-03-23T09:46:41+00:00\",\"dateModified\":\"2017-10-12T09:59:34+00:00\",\"mainEntityOfPage\":{\"@id\":\"http:\\\/\\\/musikaliaelkartea.eus\\\/2017\\\/03\\\/23\\\/20-korrika-badator\\\/\"},\"wordCount\":186,\"publisher\":{\"@id\":\"http:\\\/\\\/musikaliaelkartea.eus\\\/es\\\/#organization\"},\"image\":{\"@id\":\"http:\\\/\\\/musikaliaelkartea.eus\\\/2017\\\/03\\\/23\\\/20-korrika-badator\\\/#primaryimage\"},\"thumbnailUrl\":\"https:\\\/\\\/i0.wp.com\\\/musikaliaelkartea.eus\\\/wp-content\\\/uploads\\\/2017\\\/04\\\/korrika_batzuk.png?fit=510%2C495\",\"keywords\":[\"berria\",\"korrika\"],\"articleSection\":[\"Uncategorized\"],\"inLanguage\":\"es\"},{\"@type\":\"WebPage\",\"@id\":\"http:\\\/\\\/musikaliaelkartea.eus\\\/2017\\\/03\\\/23\\\/20-korrika-badator\\\/\",\"url\":\"http:\\\/\\\/musikaliaelkartea.eus\\\/2017\\\/03\\\/23\\\/20-korrika-badator\\\/\",\"name\":\"[:eu]20.KORRIKA BADATOR!![:es]20.KORRIKA BADATOR!!![:] - Musikalia Elkartea\",\"isPartOf\":{\"@id\":\"http:\\\/\\\/musikaliaelkartea.eus\\\/es\\\/#website\"},\"primaryImageOfPage\":{\"@id\":\"http:\\\/\\\/musikaliaelkartea.eus\\\/2017\\\/03\\\/23\\\/20-korrika-badator\\\/#primaryimage\"},\"image\":{\"@id\":\"http:\\\/\\\/musikaliaelkartea.eus\\\/2017\\\/03\\\/23\\\/20-korrika-badator\\\/#primaryimage\"},\"thumbnailUrl\":\"https:\\\/\\\/i0.wp.com\\\/musikaliaelkartea.eus\\\/wp-content\\\/uploads\\\/2017\\\/04\\\/korrika_batzuk.png?fit=510%2C495\",\"datePublished\":\"2017-03-23T09:46:41+00:00\",\"dateModified\":\"2017-10-12T09:59:34+00:00\",\"breadcrumb\":{\"@id\":\"http:\\\/\\\/musikaliaelkartea.eus\\\/2017\\\/03\\\/23\\\/20-korrika-badator\\\/#breadcrumb\"},\"inLanguage\":\"es\",\"potentialAction\":[{\"@type\":\"ReadAction\",\"target\":[\"http:\\\/\\\/musikaliaelkartea.eus\\\/2017\\\/03\\\/23\\\/20-korrika-badator\\\/\"]}]},{\"@type\":\"ImageObject\",\"inLanguage\":\"es\",\"@id\":\"http:\\\/\\\/musikaliaelkartea.eus\\\/2017\\\/03\\\/23\\\/20-korrika-badator\\\/#primaryimage\",\"url\":\"https:\\\/\\\/i0.wp.com\\\/musikaliaelkartea.eus\\\/wp-content\\\/uploads\\\/2017\\\/04\\\/korrika_batzuk.png?fit=510%2C495\",\"contentUrl\":\"https:\\\/\\\/i0.wp.com\\\/musikaliaelkartea.eus\\\/wp-content\\\/uploads\\\/2017\\\/04\\\/korrika_batzuk.png?fit=510%2C495\",\"width\":510,\"height\":495,\"caption\":\"korrika_batzuk\"},{\"@type\":\"BreadcrumbList\",\"@id\":\"http:\\\/\\\/musikaliaelkartea.eus\\\/2017\\\/03\\\/23\\\/20-korrika-badator\\\/#breadcrumb\",\"itemListElement\":[{\"@type\":\"ListItem\",\"position\":1,\"name\":\"Home\",\"item\":\"http:\\\/\\\/musikaliaelkartea.eus\\\/es\\\/\"},{\"@type\":\"ListItem\",\"position\":2,\"name\":\"20.KORRIKA BADATOR!!\"}]},{\"@type\":\"WebSite\",\"@id\":\"http:\\\/\\\/musikaliaelkartea.eus\\\/es\\\/#website\",\"url\":\"http:\\\/\\\/musikaliaelkartea.eus\\\/es\\\/\",\"name\":\"Musikalia Elkartea\",\"description\":\"\",\"publisher\":{\"@id\":\"http:\\\/\\\/musikaliaelkartea.eus\\\/es\\\/#organization\"},\"potentialAction\":[{\"@type\":\"SearchAction\",\"target\":{\"@type\":\"EntryPoint\",\"urlTemplate\":\"http:\\\/\\\/musikaliaelkartea.eus\\\/es\\\/?s={search_term_string}\"},\"query-input\":{\"@type\":\"PropertyValueSpecification\",\"valueRequired\":true,\"valueName\":\"search_term_string\"}}],\"inLanguage\":\"es\"},{\"@type\":\"Organization\",\"@id\":\"http:\\\/\\\/musikaliaelkartea.eus\\\/es\\\/#organization\",\"name\":\"Getxoko Andres Isasi Musikalia Elkartea\",\"url\":\"http:\\\/\\\/musikaliaelkartea.eus\\\/es\\\/\",\"logo\":{\"@type\":\"ImageObject\",\"inLanguage\":\"es\",\"@id\":\"http:\\\/\\\/musikaliaelkartea.eus\\\/es\\\/#\\\/schema\\\/logo\\\/image\\\/\",\"url\":\"https:\\\/\\\/i0.wp.com\\\/musikaliaelkartea.eus\\\/wp-content\\\/uploads\\\/2025\\\/03\\\/cropped-MUSIKALIA-LOGO-LARGO.png?fit=5455%2C1928\",\"contentUrl\":\"https:\\\/\\\/i0.wp.com\\\/musikaliaelkartea.eus\\\/wp-content\\\/uploads\\\/2025\\\/03\\\/cropped-MUSIKALIA-LOGO-LARGO.png?fit=5455%2C1928\",\"width\":5455,\"height\":1928,\"caption\":\"Getxoko Andres Isasi Musikalia Elkartea\"},\"image\":{\"@id\":\"http:\\\/\\\/musikaliaelkartea.eus\\\/es\\\/#\\\/schema\\\/logo\\\/image\\\/\"},\"sameAs\":[\"https:\\\/\\\/www.facebook.com\\\/musikaliaelkartea\",\"https:\\\/\\\/www.instagram.com\\\/musikaliaelkartea\\\/\",\"https:\\\/\\\/www.youtube.com\\\/channel\\\/UCYG_UH_Rv-34wbmS8nQ7mpg\"]},{\"@type\":\"Person\",\"@id\":\"http:\\\/\\\/musikaliaelkartea.eus\\\/es\\\/#\\\/schema\\\/person\\\/83f4e89e47194300d20a42d314de9e57\",\"name\":\"admin\",\"image\":{\"@type\":\"ImageObject\",\"inLanguage\":\"es\",\"@id\":\"https:\\\/\\\/secure.gravatar.com\\\/avatar\\\/15c1142fe4ffaf0416ede19e056ec705eab3a0077bf155c88eea63b5977c525f?s=96&d=mm&r=g\",\"url\":\"https:\\\/\\\/secure.gravatar.com\\\/avatar\\\/15c1142fe4ffaf0416ede19e056ec705eab3a0077bf155c88eea63b5977c525f?s=96&d=mm&r=g\",\"contentUrl\":\"https:\\\/\\\/secure.gravatar.com\\\/avatar\\\/15c1142fe4ffaf0416ede19e056ec705eab3a0077bf155c88eea63b5977c525f?s=96&d=mm&r=g\",\"caption\":\"admin\"},\"url\":\"http:\\\/\\\/musikaliaelkartea.eus\\\/es\\\/author\\\/admin\\\/\"}]}<\/script>\n<!-- \/ Yoast SEO plugin. -->","yoast_head_json":{"title":"[:eu]20.KORRIKA BADATOR!![:es]20.KORRIKA BADATOR!!![:] - Musikalia Elkartea","robots":{"index":"index","follow":"follow","max-snippet":"max-snippet:-1","max-image-preview":"max-image-preview:large","max-video-preview":"max-video-preview:-1"},"canonical":"http:\/\/musikaliaelkartea.eus\/2017\/03\/23\/20-korrika-badator\/","og_locale":"es_ES","og_type":"article","og_title":"[:eu]20.KORRIKA BADATOR!![:es]20.KORRIKA BADATOR!!![:] - Musikalia Elkartea","og_description":"Este a\u00f1o la KORRIKA cumple 20 ediciones, y Musikalia no ten\u00eda intenci\u00f3n de perderse esta importante cita. Siguiendo con nuestro compromiso de apoyo al Euskera,View More","og_url":"http:\/\/musikaliaelkartea.eus\/2017\/03\/23\/20-korrika-badator\/","og_site_name":"Musikalia Elkartea","article_publisher":"https:\/\/www.facebook.com\/musikaliaelkartea","article_published_time":"2017-03-23T09:46:41+00:00","article_modified_time":"2017-10-12T09:59:34+00:00","og_image":[{"width":510,"height":495,"url":"https:\/\/i0.wp.com\/musikaliaelkartea.eus\/wp-content\/uploads\/2017\/04\/korrika_batzuk.png?fit=510%2C495","type":"image\/png"}],"author":"admin","twitter_card":"summary_large_image","twitter_misc":{"Escrito por":"admin","Tiempo de lectura":"1 minuto"},"schema":{"@context":"https:\/\/schema.org","@graph":[{"@type":"Article","@id":"http:\/\/musikaliaelkartea.eus\/2017\/03\/23\/20-korrika-badator\/#article","isPartOf":{"@id":"http:\/\/musikaliaelkartea.eus\/2017\/03\/23\/20-korrika-badator\/"},"author":{"name":"admin","@id":"http:\/\/musikaliaelkartea.eus\/es\/#\/schema\/person\/83f4e89e47194300d20a42d314de9e57"},"headline":"20.KORRIKA BADATOR!!!","datePublished":"2017-03-23T09:46:41+00:00","dateModified":"2017-10-12T09:59:34+00:00","mainEntityOfPage":{"@id":"http:\/\/musikaliaelkartea.eus\/2017\/03\/23\/20-korrika-badator\/"},"wordCount":186,"publisher":{"@id":"http:\/\/musikaliaelkartea.eus\/es\/#organization"},"image":{"@id":"http:\/\/musikaliaelkartea.eus\/2017\/03\/23\/20-korrika-badator\/#primaryimage"},"thumbnailUrl":"https:\/\/i0.wp.com\/musikaliaelkartea.eus\/wp-content\/uploads\/2017\/04\/korrika_batzuk.png?fit=510%2C495","keywords":["berria","korrika"],"articleSection":["Uncategorized"],"inLanguage":"es"},{"@type":"WebPage","@id":"http:\/\/musikaliaelkartea.eus\/2017\/03\/23\/20-korrika-badator\/","url":"http:\/\/musikaliaelkartea.eus\/2017\/03\/23\/20-korrika-badator\/","name":"[:eu]20.KORRIKA BADATOR!![:es]20.KORRIKA BADATOR!!![:] - Musikalia Elkartea","isPartOf":{"@id":"http:\/\/musikaliaelkartea.eus\/es\/#website"},"primaryImageOfPage":{"@id":"http:\/\/musikaliaelkartea.eus\/2017\/03\/23\/20-korrika-badator\/#primaryimage"},"image":{"@id":"http:\/\/musikaliaelkartea.eus\/2017\/03\/23\/20-korrika-badator\/#primaryimage"},"thumbnailUrl":"https:\/\/i0.wp.com\/musikaliaelkartea.eus\/wp-content\/uploads\/2017\/04\/korrika_batzuk.png?fit=510%2C495","datePublished":"2017-03-23T09:46:41+00:00","dateModified":"2017-10-12T09:59:34+00:00","breadcrumb":{"@id":"http:\/\/musikaliaelkartea.eus\/2017\/03\/23\/20-korrika-badator\/#breadcrumb"},"inLanguage":"es","potentialAction":[{"@type":"ReadAction","target":["http:\/\/musikaliaelkartea.eus\/2017\/03\/23\/20-korrika-badator\/"]}]},{"@type":"ImageObject","inLanguage":"es","@id":"http:\/\/musikaliaelkartea.eus\/2017\/03\/23\/20-korrika-badator\/#primaryimage","url":"https:\/\/i0.wp.com\/musikaliaelkartea.eus\/wp-content\/uploads\/2017\/04\/korrika_batzuk.png?fit=510%2C495","contentUrl":"https:\/\/i0.wp.com\/musikaliaelkartea.eus\/wp-content\/uploads\/2017\/04\/korrika_batzuk.png?fit=510%2C495","width":510,"height":495,"caption":"korrika_batzuk"},{"@type":"BreadcrumbList","@id":"http:\/\/musikaliaelkartea.eus\/2017\/03\/23\/20-korrika-badator\/#breadcrumb","itemListElement":[{"@type":"ListItem","position":1,"name":"Home","item":"http:\/\/musikaliaelkartea.eus\/es\/"},{"@type":"ListItem","position":2,"name":"20.KORRIKA BADATOR!!"}]},{"@type":"WebSite","@id":"http:\/\/musikaliaelkartea.eus\/es\/#website","url":"http:\/\/musikaliaelkartea.eus\/es\/","name":"Musikalia Elkartea","description":"","publisher":{"@id":"http:\/\/musikaliaelkartea.eus\/es\/#organization"},"potentialAction":[{"@type":"SearchAction","target":{"@type":"EntryPoint","urlTemplate":"http:\/\/musikaliaelkartea.eus\/es\/?s={search_term_string}"},"query-input":{"@type":"PropertyValueSpecification","valueRequired":true,"valueName":"search_term_string"}}],"inLanguage":"es"},{"@type":"Organization","@id":"http:\/\/musikaliaelkartea.eus\/es\/#organization","name":"Getxoko Andres Isasi Musikalia Elkartea","url":"http:\/\/musikaliaelkartea.eus\/es\/","logo":{"@type":"ImageObject","inLanguage":"es","@id":"http:\/\/musikaliaelkartea.eus\/es\/#\/schema\/logo\/image\/","url":"https:\/\/i0.wp.com\/musikaliaelkartea.eus\/wp-content\/uploads\/2025\/03\/cropped-MUSIKALIA-LOGO-LARGO.png?fit=5455%2C1928","contentUrl":"https:\/\/i0.wp.com\/musikaliaelkartea.eus\/wp-content\/uploads\/2025\/03\/cropped-MUSIKALIA-LOGO-LARGO.png?fit=5455%2C1928","width":5455,"height":1928,"caption":"Getxoko Andres Isasi Musikalia Elkartea"},"image":{"@id":"http:\/\/musikaliaelkartea.eus\/es\/#\/schema\/logo\/image\/"},"sameAs":["https:\/\/www.facebook.com\/musikaliaelkartea","https:\/\/www.instagram.com\/musikaliaelkartea\/","https:\/\/www.youtube.com\/channel\/UCYG_UH_Rv-34wbmS8nQ7mpg"]},{"@type":"Person","@id":"http:\/\/musikaliaelkartea.eus\/es\/#\/schema\/person\/83f4e89e47194300d20a42d314de9e57","name":"admin","image":{"@type":"ImageObject","inLanguage":"es","@id":"https:\/\/secure.gravatar.com\/avatar\/15c1142fe4ffaf0416ede19e056ec705eab3a0077bf155c88eea63b5977c525f?s=96&d=mm&r=g","url":"https:\/\/secure.gravatar.com\/avatar\/15c1142fe4ffaf0416ede19e056ec705eab3a0077bf155c88eea63b5977c525f?s=96&d=mm&r=g","contentUrl":"https:\/\/secure.gravatar.com\/avatar\/15c1142fe4ffaf0416ede19e056ec705eab3a0077bf155c88eea63b5977c525f?s=96&d=mm&r=g","caption":"admin"},"url":"http:\/\/musikaliaelkartea.eus\/es\/author\/admin\/"}]}},"jetpack_featured_media_url":"https:\/\/i0.wp.com\/musikaliaelkartea.eus\/wp-content\/uploads\/2017\/04\/korrika_batzuk.png?fit=510%2C495","jetpack_sharing_enabled":true,"jetpack_shortlink":"https:\/\/wp.me\/p8OhQz-3P","_links":{"self":[{"href":"http:\/\/musikaliaelkartea.eus\/es\/wp-json\/wp\/v2\/posts\/237","targetHints":{"allow":["GET"]}}],"collection":[{"href":"http:\/\/musikaliaelkartea.eus\/es\/wp-json\/wp\/v2\/posts"}],"about":[{"href":"http:\/\/musikaliaelkartea.eus\/es\/wp-json\/wp\/v2\/types\/post"}],"author":[{"embeddable":true,"href":"http:\/\/musikaliaelkartea.eus\/es\/wp-json\/wp\/v2\/users\/1"}],"replies":[{"embeddable":true,"href":"http:\/\/musikaliaelkartea.eus\/es\/wp-json\/wp\/v2\/comments?post=237"}],"version-history":[{"count":1,"href":"http:\/\/musikaliaelkartea.eus\/es\/wp-json\/wp\/v2\/posts\/237\/revisions"}],"predecessor-version":[{"id":240,"href":"http:\/\/musikaliaelkartea.eus\/es\/wp-json\/wp\/v2\/posts\/237\/revisions\/240"}],"wp:featuredmedia":[{"embeddable":true,"href":"http:\/\/musikaliaelkartea.eus\/es\/wp-json\/wp\/v2\/media\/239"}],"wp:attachment":[{"href":"http:\/\/musikaliaelkartea.eus\/es\/wp-json\/wp\/v2\/media?parent=237"}],"wp:term":[{"taxonomy":"category","embeddable":true,"href":"http:\/\/musikaliaelkartea.eus\/es\/wp-json\/wp\/v2\/categories?post=237"},{"taxonomy":"post_tag","embeddable":true,"href":"http:\/\/musikaliaelkartea.eus\/es\/wp-json\/wp\/v2\/tags?post=237"}],"curies":[{"name":"wp","href":"https:\/\/api.w.org\/{rel}","templated":true}]}}