{"id":2263,"date":"2019-05-02T20:10:34","date_gmt":"2019-05-02T20:10:34","guid":{"rendered":"http:\/\/musikaliaelkartea.eus\/?p=2263"},"modified":"2019-06-28T14:30:35","modified_gmt":"2019-06-28T14:30:35","slug":"katxiporreta-eta-musikalia-elkarlanean","status":"publish","type":"post","link":"http:\/\/musikaliaelkartea.eus\/es\/2019\/05\/02\/katxiporreta-eta-musikalia-elkarlanean\/","title":{"rendered":"Katxiporreta y Musikalia banda en colaboraci\u00f3n"},"content":{"rendered":"<p>Llevamos tiempo preparando el espect\u00e1culo para D\u00eda de Internacional de la M\u00fasica. Como sab\u00e9is, hemos convertido en costumbre el colaborar con invitados y compartir escenario. Este a\u00f1o, os presentamos un proyecto que nos hace mucha ilusi\u00f3n compartirla con tod@s vosotr@s. Este a\u00f1o trabajaremos junto a\u00a0 Pirritx, Porrotx y Marimotots en Muxikebarri, en la espectacular sala Ereaga.<\/p>\n<p>Hemos creado un apartado especial en nuestra web para este espect\u00e1culo. Todav\u00eda la hora est\u00e1 por definir pero iremos dando toda la informaci\u00f3n por medio de la p\u00e1gina web y redes sociales. Las entradas saldr\u00e1n en mayo a taquilla.<\/p>\n<p style=\"text-align: center;\"><a href=\"http:\/\/musikaliaelkartea.eus\/es\/irribanda-portada\/\"><img data-recalc-dims=\"1\" decoding=\"async\" data-attachment-id=\"2598\" data-permalink=\"http:\/\/musikaliaelkartea.eus\/es\/2019\/05\/02\/katxiporreta-eta-musikalia-elkarlanean\/animation-6\/\" data-orig-file=\"https:\/\/i0.wp.com\/musikaliaelkartea.eus\/wp-content\/uploads\/2019\/05\/animation-6.gif?fit=728%2C90\" data-orig-size=\"728,90\" data-comments-opened=\"1\" data-image-meta=\"{&quot;aperture&quot;:&quot;0&quot;,&quot;credit&quot;:&quot;&quot;,&quot;camera&quot;:&quot;&quot;,&quot;caption&quot;:&quot;&quot;,&quot;created_timestamp&quot;:&quot;0&quot;,&quot;copyright&quot;:&quot;&quot;,&quot;focal_length&quot;:&quot;0&quot;,&quot;iso&quot;:&quot;0&quot;,&quot;shutter_speed&quot;:&quot;0&quot;,&quot;title&quot;:&quot;&quot;,&quot;orientation&quot;:&quot;0&quot;}\" data-image-title=\"animation (6)\" data-image-description=\"\" data-image-caption=\"\" data-large-file=\"https:\/\/i0.wp.com\/musikaliaelkartea.eus\/wp-content\/uploads\/2019\/05\/animation-6.gif?fit=728%2C90\" class=\"alignnone wp-image-2598 size-full\" src=\"https:\/\/i0.wp.com\/musikaliaelkartea.eus\/wp-content\/uploads\/2019\/05\/animation-6.gif?resize=728%2C90\" alt=\"\" width=\"728\" height=\"90\" \/><\/a><\/p>\n<p><img data-recalc-dims=\"1\" decoding=\"async\" data-attachment-id=\"2292\" data-permalink=\"http:\/\/musikaliaelkartea.eus\/es\/irribanda-getxo\/2-6\/\" data-orig-file=\"https:\/\/i0.wp.com\/musikaliaelkartea.eus\/wp-content\/uploads\/2019\/04\/2.png?fit=900%2C480\" data-orig-size=\"900,480\" data-comments-opened=\"1\" data-image-meta=\"{&quot;aperture&quot;:&quot;0&quot;,&quot;credit&quot;:&quot;&quot;,&quot;camera&quot;:&quot;&quot;,&quot;caption&quot;:&quot;&quot;,&quot;created_timestamp&quot;:&quot;0&quot;,&quot;copyright&quot;:&quot;&quot;,&quot;focal_length&quot;:&quot;0&quot;,&quot;iso&quot;:&quot;0&quot;,&quot;shutter_speed&quot;:&quot;0&quot;,&quot;title&quot;:&quot;&quot;,&quot;orientation&quot;:&quot;0&quot;}\" data-image-title=\"2\" data-image-description=\"\" data-image-caption=\"\" data-large-file=\"https:\/\/i0.wp.com\/musikaliaelkartea.eus\/wp-content\/uploads\/2019\/04\/2.png?fit=900%2C480\" class=\"aligncenter wp-image-2292 size-full\" src=\"https:\/\/i0.wp.com\/musikaliaelkartea.eus\/wp-content\/uploads\/2019\/04\/2.png?resize=900%2C480\" alt=\"\" width=\"900\" height=\"480\" srcset=\"https:\/\/i0.wp.com\/musikaliaelkartea.eus\/wp-content\/uploads\/2019\/04\/2.png?w=900 900w, https:\/\/i0.wp.com\/musikaliaelkartea.eus\/wp-content\/uploads\/2019\/04\/2.png?resize=300%2C160 300w, https:\/\/i0.wp.com\/musikaliaelkartea.eus\/wp-content\/uploads\/2019\/04\/2.png?resize=768%2C410 768w, https:\/\/i0.wp.com\/musikaliaelkartea.eus\/wp-content\/uploads\/2019\/04\/2.png?resize=563%2C300 563w, https:\/\/i0.wp.com\/musikaliaelkartea.eus\/wp-content\/uploads\/2019\/04\/2.png?resize=750%2C400 750w\" sizes=\"(max-width: 900px) 100vw, 900px\" \/><\/p>\n<p>&nbsp;<\/p>","protected":false},"excerpt":{"rendered":"<p>Llevamos tiempo preparando el espect\u00e1culo para D\u00eda de Internacional de la M\u00fasica. Como sab\u00e9is, hemos convertido en costumbre el colaborar con invitados y compartir escenario.<a href=\"http:\/\/musikaliaelkartea.eus\/es\/2019\/05\/02\/katxiporreta-eta-musikalia-elkarlanean\/\" class=\"more-link\">View More<\/a><\/p>\n","protected":false},"author":2,"featured_media":2603,"comment_status":"closed","ping_status":"open","sticky":false,"template":"","format":"standard","meta":{"jetpack_post_was_ever_published":false,"_jetpack_newsletter_access":"","_jetpack_dont_email_post_to_subs":false,"_jetpack_newsletter_tier_id":0,"_jetpack_memberships_contains_paywalled_content":false,"_jetpack_memberships_contains_paid_content":false,"footnotes":""},"categories":[1],"tags":[],"class_list":["post-2263","post","type-post","status-publish","format-standard","has-post-thumbnail","hentry","category-uncategorized"],"yoast_head":"<!-- This site is optimized with the Yoast SEO plugin v27.4 - https:\/\/yoast.com\/product\/yoast-seo-wordpress\/ -->\n<title>Katxiporreta y Musikalia banda en colaboraci\u00f3n - Musikalia Elkartea<\/title>\n<meta name=\"robots\" content=\"index, follow, max-snippet:-1, max-image-preview:large, max-video-preview:-1\" \/>\n<link rel=\"canonical\" href=\"https:\/\/musikaliaelkartea.eus\/2019\/05\/02\/katxiporreta-eta-musikalia-elkarlanean\/\" \/>\n<meta property=\"og:locale\" content=\"es_ES\" \/>\n<meta property=\"og:type\" content=\"article\" \/>\n<meta property=\"og:title\" content=\"[:eu]Katxiporreta eta Musikalia elkarlanean![:es]Katxiporreta y Musikalia banda en colaboraci\u00f3n[:] - Musikalia Elkartea\" \/>\n<meta property=\"og:description\" content=\"Llevamos tiempo preparando el espect\u00e1culo para D\u00eda de Internacional de la M\u00fasica. Como sab\u00e9is, hemos convertido en costumbre el colaborar con invitados y compartir escenario.View More\" \/>\n<meta property=\"og:url\" content=\"https:\/\/musikaliaelkartea.eus\/2019\/05\/02\/katxiporreta-eta-musikalia-elkarlanean\/\" \/>\n<meta property=\"og:site_name\" content=\"Musikalia Elkartea\" \/>\n<meta property=\"article:publisher\" content=\"https:\/\/www.facebook.com\/musikaliaelkartea\" \/>\n<meta property=\"article:published_time\" content=\"2019-05-02T20:10:34+00:00\" \/>\n<meta property=\"article:modified_time\" content=\"2019-06-28T14:30:35+00:00\" \/>\n<meta property=\"og:image\" content=\"https:\/\/i0.wp.com\/musikaliaelkartea.eus\/wp-content\/uploads\/2019\/05\/Lets-start-fresh-2.png?fit=820%2C312&ssl=1\" \/>\n\t<meta property=\"og:image:width\" content=\"820\" \/>\n\t<meta property=\"og:image:height\" content=\"312\" \/>\n\t<meta property=\"og:image:type\" content=\"image\/png\" \/>\n<meta name=\"author\" content=\"Musikalia\" \/>\n<meta name=\"twitter:card\" content=\"summary_large_image\" \/>\n<meta name=\"twitter:label1\" content=\"Escrito por\" \/>\n\t<meta name=\"twitter:data1\" content=\"Musikalia\" \/>\n\t<meta name=\"twitter:label2\" content=\"Tiempo de lectura\" \/>\n\t<meta name=\"twitter:data2\" content=\"1 minuto\" \/>\n<script type=\"application\/ld+json\" class=\"yoast-schema-graph\">{\"@context\":\"https:\\\/\\\/schema.org\",\"@graph\":[{\"@type\":\"Article\",\"@id\":\"https:\\\/\\\/musikaliaelkartea.eus\\\/2019\\\/05\\\/02\\\/katxiporreta-eta-musikalia-elkarlanean\\\/#article\",\"isPartOf\":{\"@id\":\"https:\\\/\\\/musikaliaelkartea.eus\\\/2019\\\/05\\\/02\\\/katxiporreta-eta-musikalia-elkarlanean\\\/\"},\"author\":{\"name\":\"Musikalia\",\"@id\":\"http:\\\/\\\/musikaliaelkartea.eus\\\/es\\\/#\\\/schema\\\/person\\\/14029d72e7fe33dcc3b5b67080703aab\"},\"headline\":\"Katxiporreta y Musikalia banda en colaboraci\u00f3n\",\"datePublished\":\"2019-05-02T20:10:34+00:00\",\"dateModified\":\"2019-06-28T14:30:35+00:00\",\"mainEntityOfPage\":{\"@id\":\"https:\\\/\\\/musikaliaelkartea.eus\\\/2019\\\/05\\\/02\\\/katxiporreta-eta-musikalia-elkarlanean\\\/\"},\"wordCount\":212,\"publisher\":{\"@id\":\"http:\\\/\\\/musikaliaelkartea.eus\\\/es\\\/#organization\"},\"image\":{\"@id\":\"https:\\\/\\\/musikaliaelkartea.eus\\\/2019\\\/05\\\/02\\\/katxiporreta-eta-musikalia-elkarlanean\\\/#primaryimage\"},\"thumbnailUrl\":\"https:\\\/\\\/i0.wp.com\\\/musikaliaelkartea.eus\\\/wp-content\\\/uploads\\\/2019\\\/05\\\/Lets-start-fresh-2.png?fit=820%2C312\",\"articleSection\":[\"Uncategorized\"],\"inLanguage\":\"es\"},{\"@type\":\"WebPage\",\"@id\":\"https:\\\/\\\/musikaliaelkartea.eus\\\/2019\\\/05\\\/02\\\/katxiporreta-eta-musikalia-elkarlanean\\\/\",\"url\":\"https:\\\/\\\/musikaliaelkartea.eus\\\/2019\\\/05\\\/02\\\/katxiporreta-eta-musikalia-elkarlanean\\\/\",\"name\":\"[:eu]Katxiporreta eta Musikalia elkarlanean![:es]Katxiporreta y Musikalia banda en colaboraci\u00f3n[:] - Musikalia Elkartea\",\"isPartOf\":{\"@id\":\"http:\\\/\\\/musikaliaelkartea.eus\\\/es\\\/#website\"},\"primaryImageOfPage\":{\"@id\":\"https:\\\/\\\/musikaliaelkartea.eus\\\/2019\\\/05\\\/02\\\/katxiporreta-eta-musikalia-elkarlanean\\\/#primaryimage\"},\"image\":{\"@id\":\"https:\\\/\\\/musikaliaelkartea.eus\\\/2019\\\/05\\\/02\\\/katxiporreta-eta-musikalia-elkarlanean\\\/#primaryimage\"},\"thumbnailUrl\":\"https:\\\/\\\/i0.wp.com\\\/musikaliaelkartea.eus\\\/wp-content\\\/uploads\\\/2019\\\/05\\\/Lets-start-fresh-2.png?fit=820%2C312\",\"datePublished\":\"2019-05-02T20:10:34+00:00\",\"dateModified\":\"2019-06-28T14:30:35+00:00\",\"breadcrumb\":{\"@id\":\"https:\\\/\\\/musikaliaelkartea.eus\\\/2019\\\/05\\\/02\\\/katxiporreta-eta-musikalia-elkarlanean\\\/#breadcrumb\"},\"inLanguage\":\"es\",\"potentialAction\":[{\"@type\":\"ReadAction\",\"target\":[\"https:\\\/\\\/musikaliaelkartea.eus\\\/2019\\\/05\\\/02\\\/katxiporreta-eta-musikalia-elkarlanean\\\/\"]}]},{\"@type\":\"ImageObject\",\"inLanguage\":\"es\",\"@id\":\"https:\\\/\\\/musikaliaelkartea.eus\\\/2019\\\/05\\\/02\\\/katxiporreta-eta-musikalia-elkarlanean\\\/#primaryimage\",\"url\":\"https:\\\/\\\/i0.wp.com\\\/musikaliaelkartea.eus\\\/wp-content\\\/uploads\\\/2019\\\/05\\\/Lets-start-fresh-2.png?fit=820%2C312\",\"contentUrl\":\"https:\\\/\\\/i0.wp.com\\\/musikaliaelkartea.eus\\\/wp-content\\\/uploads\\\/2019\\\/05\\\/Lets-start-fresh-2.png?fit=820%2C312\",\"width\":820,\"height\":312},{\"@type\":\"BreadcrumbList\",\"@id\":\"https:\\\/\\\/musikaliaelkartea.eus\\\/2019\\\/05\\\/02\\\/katxiporreta-eta-musikalia-elkarlanean\\\/#breadcrumb\",\"itemListElement\":[{\"@type\":\"ListItem\",\"position\":1,\"name\":\"Home\",\"item\":\"http:\\\/\\\/musikaliaelkartea.eus\\\/es\\\/\"},{\"@type\":\"ListItem\",\"position\":2,\"name\":\"Katxiporreta eta Musikalia elkarlanean!\"}]},{\"@type\":\"WebSite\",\"@id\":\"http:\\\/\\\/musikaliaelkartea.eus\\\/es\\\/#website\",\"url\":\"http:\\\/\\\/musikaliaelkartea.eus\\\/es\\\/\",\"name\":\"Musikalia Elkartea\",\"description\":\"\",\"publisher\":{\"@id\":\"http:\\\/\\\/musikaliaelkartea.eus\\\/es\\\/#organization\"},\"potentialAction\":[{\"@type\":\"SearchAction\",\"target\":{\"@type\":\"EntryPoint\",\"urlTemplate\":\"http:\\\/\\\/musikaliaelkartea.eus\\\/es\\\/?s={search_term_string}\"},\"query-input\":{\"@type\":\"PropertyValueSpecification\",\"valueRequired\":true,\"valueName\":\"search_term_string\"}}],\"inLanguage\":\"es\"},{\"@type\":\"Organization\",\"@id\":\"http:\\\/\\\/musikaliaelkartea.eus\\\/es\\\/#organization\",\"name\":\"Getxoko Andres Isasi Musikalia Elkartea\",\"url\":\"http:\\\/\\\/musikaliaelkartea.eus\\\/es\\\/\",\"logo\":{\"@type\":\"ImageObject\",\"inLanguage\":\"es\",\"@id\":\"http:\\\/\\\/musikaliaelkartea.eus\\\/es\\\/#\\\/schema\\\/logo\\\/image\\\/\",\"url\":\"https:\\\/\\\/i0.wp.com\\\/musikaliaelkartea.eus\\\/wp-content\\\/uploads\\\/2025\\\/03\\\/cropped-MUSIKALIA-LOGO-LARGO.png?fit=5455%2C1928\",\"contentUrl\":\"https:\\\/\\\/i0.wp.com\\\/musikaliaelkartea.eus\\\/wp-content\\\/uploads\\\/2025\\\/03\\\/cropped-MUSIKALIA-LOGO-LARGO.png?fit=5455%2C1928\",\"width\":5455,\"height\":1928,\"caption\":\"Getxoko Andres Isasi Musikalia Elkartea\"},\"image\":{\"@id\":\"http:\\\/\\\/musikaliaelkartea.eus\\\/es\\\/#\\\/schema\\\/logo\\\/image\\\/\"},\"sameAs\":[\"https:\\\/\\\/www.facebook.com\\\/musikaliaelkartea\",\"https:\\\/\\\/www.instagram.com\\\/musikaliaelkartea\\\/\",\"https:\\\/\\\/www.youtube.com\\\/channel\\\/UCYG_UH_Rv-34wbmS8nQ7mpg\"]},{\"@type\":\"Person\",\"@id\":\"http:\\\/\\\/musikaliaelkartea.eus\\\/es\\\/#\\\/schema\\\/person\\\/14029d72e7fe33dcc3b5b67080703aab\",\"name\":\"Musikalia\",\"image\":{\"@type\":\"ImageObject\",\"inLanguage\":\"es\",\"@id\":\"https:\\\/\\\/secure.gravatar.com\\\/avatar\\\/4cedd4863d0dc30f70d9375282b4f70545dbeb2a5fec482325b3b89efe2dd5e3?s=96&d=mm&r=g\",\"url\":\"https:\\\/\\\/secure.gravatar.com\\\/avatar\\\/4cedd4863d0dc30f70d9375282b4f70545dbeb2a5fec482325b3b89efe2dd5e3?s=96&d=mm&r=g\",\"contentUrl\":\"https:\\\/\\\/secure.gravatar.com\\\/avatar\\\/4cedd4863d0dc30f70d9375282b4f70545dbeb2a5fec482325b3b89efe2dd5e3?s=96&d=mm&r=g\",\"caption\":\"Musikalia\"},\"url\":\"http:\\\/\\\/musikaliaelkartea.eus\\\/es\\\/author\\\/musikalia\\\/\"}]}<\/script>\n<!-- \/ Yoast SEO plugin. -->","yoast_head_json":{"title":"[:eu]Katxiporreta eta Musikalia elkarlanean![:es]Katxiporreta y Musikalia banda en colaboraci\u00f3n[:] - Musikalia Elkartea","robots":{"index":"index","follow":"follow","max-snippet":"max-snippet:-1","max-image-preview":"max-image-preview:large","max-video-preview":"max-video-preview:-1"},"canonical":"https:\/\/musikaliaelkartea.eus\/2019\/05\/02\/katxiporreta-eta-musikalia-elkarlanean\/","og_locale":"es_ES","og_type":"article","og_title":"[:eu]Katxiporreta eta Musikalia elkarlanean![:es]Katxiporreta y Musikalia banda en colaboraci\u00f3n[:] - Musikalia Elkartea","og_description":"Llevamos tiempo preparando el espect\u00e1culo para D\u00eda de Internacional de la M\u00fasica. Como sab\u00e9is, hemos convertido en costumbre el colaborar con invitados y compartir escenario.View More","og_url":"https:\/\/musikaliaelkartea.eus\/2019\/05\/02\/katxiporreta-eta-musikalia-elkarlanean\/","og_site_name":"Musikalia Elkartea","article_publisher":"https:\/\/www.facebook.com\/musikaliaelkartea","article_published_time":"2019-05-02T20:10:34+00:00","article_modified_time":"2019-06-28T14:30:35+00:00","og_image":[{"width":820,"height":312,"url":"https:\/\/i0.wp.com\/musikaliaelkartea.eus\/wp-content\/uploads\/2019\/05\/Lets-start-fresh-2.png?fit=820%2C312&ssl=1","type":"image\/png"}],"author":"Musikalia","twitter_card":"summary_large_image","twitter_misc":{"Escrito por":"Musikalia","Tiempo de lectura":"1 minuto"},"schema":{"@context":"https:\/\/schema.org","@graph":[{"@type":"Article","@id":"https:\/\/musikaliaelkartea.eus\/2019\/05\/02\/katxiporreta-eta-musikalia-elkarlanean\/#article","isPartOf":{"@id":"https:\/\/musikaliaelkartea.eus\/2019\/05\/02\/katxiporreta-eta-musikalia-elkarlanean\/"},"author":{"name":"Musikalia","@id":"http:\/\/musikaliaelkartea.eus\/es\/#\/schema\/person\/14029d72e7fe33dcc3b5b67080703aab"},"headline":"Katxiporreta y Musikalia banda en colaboraci\u00f3n","datePublished":"2019-05-02T20:10:34+00:00","dateModified":"2019-06-28T14:30:35+00:00","mainEntityOfPage":{"@id":"https:\/\/musikaliaelkartea.eus\/2019\/05\/02\/katxiporreta-eta-musikalia-elkarlanean\/"},"wordCount":212,"publisher":{"@id":"http:\/\/musikaliaelkartea.eus\/es\/#organization"},"image":{"@id":"https:\/\/musikaliaelkartea.eus\/2019\/05\/02\/katxiporreta-eta-musikalia-elkarlanean\/#primaryimage"},"thumbnailUrl":"https:\/\/i0.wp.com\/musikaliaelkartea.eus\/wp-content\/uploads\/2019\/05\/Lets-start-fresh-2.png?fit=820%2C312","articleSection":["Uncategorized"],"inLanguage":"es"},{"@type":"WebPage","@id":"https:\/\/musikaliaelkartea.eus\/2019\/05\/02\/katxiporreta-eta-musikalia-elkarlanean\/","url":"https:\/\/musikaliaelkartea.eus\/2019\/05\/02\/katxiporreta-eta-musikalia-elkarlanean\/","name":"[:eu]Katxiporreta eta Musikalia elkarlanean![:es]Katxiporreta y Musikalia banda en colaboraci\u00f3n[:] - Musikalia Elkartea","isPartOf":{"@id":"http:\/\/musikaliaelkartea.eus\/es\/#website"},"primaryImageOfPage":{"@id":"https:\/\/musikaliaelkartea.eus\/2019\/05\/02\/katxiporreta-eta-musikalia-elkarlanean\/#primaryimage"},"image":{"@id":"https:\/\/musikaliaelkartea.eus\/2019\/05\/02\/katxiporreta-eta-musikalia-elkarlanean\/#primaryimage"},"thumbnailUrl":"https:\/\/i0.wp.com\/musikaliaelkartea.eus\/wp-content\/uploads\/2019\/05\/Lets-start-fresh-2.png?fit=820%2C312","datePublished":"2019-05-02T20:10:34+00:00","dateModified":"2019-06-28T14:30:35+00:00","breadcrumb":{"@id":"https:\/\/musikaliaelkartea.eus\/2019\/05\/02\/katxiporreta-eta-musikalia-elkarlanean\/#breadcrumb"},"inLanguage":"es","potentialAction":[{"@type":"ReadAction","target":["https:\/\/musikaliaelkartea.eus\/2019\/05\/02\/katxiporreta-eta-musikalia-elkarlanean\/"]}]},{"@type":"ImageObject","inLanguage":"es","@id":"https:\/\/musikaliaelkartea.eus\/2019\/05\/02\/katxiporreta-eta-musikalia-elkarlanean\/#primaryimage","url":"https:\/\/i0.wp.com\/musikaliaelkartea.eus\/wp-content\/uploads\/2019\/05\/Lets-start-fresh-2.png?fit=820%2C312","contentUrl":"https:\/\/i0.wp.com\/musikaliaelkartea.eus\/wp-content\/uploads\/2019\/05\/Lets-start-fresh-2.png?fit=820%2C312","width":820,"height":312},{"@type":"BreadcrumbList","@id":"https:\/\/musikaliaelkartea.eus\/2019\/05\/02\/katxiporreta-eta-musikalia-elkarlanean\/#breadcrumb","itemListElement":[{"@type":"ListItem","position":1,"name":"Home","item":"http:\/\/musikaliaelkartea.eus\/es\/"},{"@type":"ListItem","position":2,"name":"Katxiporreta eta Musikalia elkarlanean!"}]},{"@type":"WebSite","@id":"http:\/\/musikaliaelkartea.eus\/es\/#website","url":"http:\/\/musikaliaelkartea.eus\/es\/","name":"Musikalia Elkartea","description":"","publisher":{"@id":"http:\/\/musikaliaelkartea.eus\/es\/#organization"},"potentialAction":[{"@type":"SearchAction","target":{"@type":"EntryPoint","urlTemplate":"http:\/\/musikaliaelkartea.eus\/es\/?s={search_term_string}"},"query-input":{"@type":"PropertyValueSpecification","valueRequired":true,"valueName":"search_term_string"}}],"inLanguage":"es"},{"@type":"Organization","@id":"http:\/\/musikaliaelkartea.eus\/es\/#organization","name":"Getxoko Andres Isasi Musikalia Elkartea","url":"http:\/\/musikaliaelkartea.eus\/es\/","logo":{"@type":"ImageObject","inLanguage":"es","@id":"http:\/\/musikaliaelkartea.eus\/es\/#\/schema\/logo\/image\/","url":"https:\/\/i0.wp.com\/musikaliaelkartea.eus\/wp-content\/uploads\/2025\/03\/cropped-MUSIKALIA-LOGO-LARGO.png?fit=5455%2C1928","contentUrl":"https:\/\/i0.wp.com\/musikaliaelkartea.eus\/wp-content\/uploads\/2025\/03\/cropped-MUSIKALIA-LOGO-LARGO.png?fit=5455%2C1928","width":5455,"height":1928,"caption":"Getxoko Andres Isasi Musikalia Elkartea"},"image":{"@id":"http:\/\/musikaliaelkartea.eus\/es\/#\/schema\/logo\/image\/"},"sameAs":["https:\/\/www.facebook.com\/musikaliaelkartea","https:\/\/www.instagram.com\/musikaliaelkartea\/","https:\/\/www.youtube.com\/channel\/UCYG_UH_Rv-34wbmS8nQ7mpg"]},{"@type":"Person","@id":"http:\/\/musikaliaelkartea.eus\/es\/#\/schema\/person\/14029d72e7fe33dcc3b5b67080703aab","name":"Musikalia","image":{"@type":"ImageObject","inLanguage":"es","@id":"https:\/\/secure.gravatar.com\/avatar\/4cedd4863d0dc30f70d9375282b4f70545dbeb2a5fec482325b3b89efe2dd5e3?s=96&d=mm&r=g","url":"https:\/\/secure.gravatar.com\/avatar\/4cedd4863d0dc30f70d9375282b4f70545dbeb2a5fec482325b3b89efe2dd5e3?s=96&d=mm&r=g","contentUrl":"https:\/\/secure.gravatar.com\/avatar\/4cedd4863d0dc30f70d9375282b4f70545dbeb2a5fec482325b3b89efe2dd5e3?s=96&d=mm&r=g","caption":"Musikalia"},"url":"http:\/\/musikaliaelkartea.eus\/es\/author\/musikalia\/"}]}},"jetpack_featured_media_url":"https:\/\/i0.wp.com\/musikaliaelkartea.eus\/wp-content\/uploads\/2019\/05\/Lets-start-fresh-2.png?fit=820%2C312","jetpack_sharing_enabled":true,"jetpack_shortlink":"https:\/\/wp.me\/p8OhQz-Av","_links":{"self":[{"href":"http:\/\/musikaliaelkartea.eus\/es\/wp-json\/wp\/v2\/posts\/2263","targetHints":{"allow":["GET"]}}],"collection":[{"href":"http:\/\/musikaliaelkartea.eus\/es\/wp-json\/wp\/v2\/posts"}],"about":[{"href":"http:\/\/musikaliaelkartea.eus\/es\/wp-json\/wp\/v2\/types\/post"}],"author":[{"embeddable":true,"href":"http:\/\/musikaliaelkartea.eus\/es\/wp-json\/wp\/v2\/users\/2"}],"replies":[{"embeddable":true,"href":"http:\/\/musikaliaelkartea.eus\/es\/wp-json\/wp\/v2\/comments?post=2263"}],"version-history":[{"count":7,"href":"http:\/\/musikaliaelkartea.eus\/es\/wp-json\/wp\/v2\/posts\/2263\/revisions"}],"predecessor-version":[{"id":2604,"href":"http:\/\/musikaliaelkartea.eus\/es\/wp-json\/wp\/v2\/posts\/2263\/revisions\/2604"}],"wp:featuredmedia":[{"embeddable":true,"href":"http:\/\/musikaliaelkartea.eus\/es\/wp-json\/wp\/v2\/media\/2603"}],"wp:attachment":[{"href":"http:\/\/musikaliaelkartea.eus\/es\/wp-json\/wp\/v2\/media?parent=2263"}],"wp:term":[{"taxonomy":"category","embeddable":true,"href":"http:\/\/musikaliaelkartea.eus\/es\/wp-json\/wp\/v2\/categories?post=2263"},{"taxonomy":"post_tag","embeddable":true,"href":"http:\/\/musikaliaelkartea.eus\/es\/wp-json\/wp\/v2\/tags?post=2263"}],"curies":[{"name":"wp","href":"https:\/\/api.w.org\/{rel}","templated":true}]}}