{"id":2235,"date":"2019-03-27T08:06:37","date_gmt":"2019-03-27T08:06:37","guid":{"rendered":"http:\/\/musikaliaelkartea.eus\/?p=2235"},"modified":"2019-06-28T14:30:41","modified_gmt":"2019-06-28T14:30:41","slug":"asteburu-ederra-kantabria-aldetik","status":"publish","type":"post","link":"http:\/\/musikaliaelkartea.eus\/es\/2019\/03\/27\/asteburu-ederra-kantabria-aldetik\/","title":{"rendered":"Gran fin de semana por Cantabria"},"content":{"rendered":"<p>El pasado fin de semana nos acercamos al peque\u00f1o pueblo c\u00e1ntabro Barcenilla para pasar el fin de semana. El objetivo ha sido preparar los compromisos que tenemos para el \u00faltimo trimestre del curso, pero tambi\u00e9n hemos tenido la oportunidad de pasar un buen rato.<\/p>\n<p><img data-recalc-dims=\"1\" fetchpriority=\"high\" decoding=\"async\" data-attachment-id=\"2226\" data-permalink=\"http:\/\/musikaliaelkartea.eus\/es\/?attachment_id=2226\" data-orig-file=\"https:\/\/i0.wp.com\/musikaliaelkartea.eus\/wp-content\/uploads\/2019\/03\/55517399_2291792881141502_6455463363467018240_o_2291792874474836.jpg?fit=1024%2C768\" data-orig-size=\"1024,768\" data-comments-opened=\"1\" data-image-meta=\"{&quot;aperture&quot;:&quot;0&quot;,&quot;credit&quot;:&quot;&quot;,&quot;camera&quot;:&quot;&quot;,&quot;caption&quot;:&quot;&quot;,&quot;created_timestamp&quot;:&quot;0&quot;,&quot;copyright&quot;:&quot;&quot;,&quot;focal_length&quot;:&quot;0&quot;,&quot;iso&quot;:&quot;0&quot;,&quot;shutter_speed&quot;:&quot;0&quot;,&quot;title&quot;:&quot;&quot;,&quot;orientation&quot;:&quot;0&quot;}\" data-image-title=\"55517399_2291792881141502_6455463363467018240_o_2291792874474836\" data-image-description=\"\" data-image-caption=\"\" data-large-file=\"https:\/\/i0.wp.com\/musikaliaelkartea.eus\/wp-content\/uploads\/2019\/03\/55517399_2291792881141502_6455463363467018240_o_2291792874474836.jpg?fit=1024%2C768\" class=\"wp-image-2226 size-medium alignright\" src=\"https:\/\/i0.wp.com\/musikaliaelkartea.eus\/wp-content\/uploads\/2019\/03\/55517399_2291792881141502_6455463363467018240_o_2291792874474836.jpg?resize=300%2C225\" alt=\"\" width=\"300\" height=\"225\" srcset=\"https:\/\/i0.wp.com\/musikaliaelkartea.eus\/wp-content\/uploads\/2019\/03\/55517399_2291792881141502_6455463363467018240_o_2291792874474836.jpg?resize=300%2C225 300w, https:\/\/i0.wp.com\/musikaliaelkartea.eus\/wp-content\/uploads\/2019\/03\/55517399_2291792881141502_6455463363467018240_o_2291792874474836.jpg?resize=768%2C576 768w, https:\/\/i0.wp.com\/musikaliaelkartea.eus\/wp-content\/uploads\/2019\/03\/55517399_2291792881141502_6455463363467018240_o_2291792874474836.jpg?w=1024 1024w, https:\/\/i0.wp.com\/musikaliaelkartea.eus\/wp-content\/uploads\/2019\/03\/55517399_2291792881141502_6455463363467018240_o_2291792874474836.jpg?resize=400%2C300 400w\" sizes=\"(max-width: 300px) 100vw, 300px\" \/>Salimos el viernes por la tarde desde Algorta y llegamos para la hora de cenar. El s\u00e1bado por la ma\u00f1ana, llevamos a cabo un largo ensayo para preparar el concierto que ofreceremos en junio.<\/p>\n<p>A primera hora de la tarde, medimos las fuerzas en el campo de batalla de paintball, y pese a estar muy igualado los rojos salieron vencedores.<\/p>\n<p><img data-recalc-dims=\"1\" loading=\"lazy\" decoding=\"async\" data-attachment-id=\"2220\" data-permalink=\"http:\/\/musikaliaelkartea.eus\/es\/?attachment_id=2220\" data-orig-file=\"https:\/\/i0.wp.com\/musikaliaelkartea.eus\/wp-content\/uploads\/2019\/03\/54268059_2291791967808260_4465051475550142464_o_2291791964474927.jpg?fit=1920%2C1080\" data-orig-size=\"1920,1080\" data-comments-opened=\"1\" data-image-meta=\"{&quot;aperture&quot;:&quot;0&quot;,&quot;credit&quot;:&quot;&quot;,&quot;camera&quot;:&quot;&quot;,&quot;caption&quot;:&quot;&quot;,&quot;created_timestamp&quot;:&quot;0&quot;,&quot;copyright&quot;:&quot;&quot;,&quot;focal_length&quot;:&quot;0&quot;,&quot;iso&quot;:&quot;0&quot;,&quot;shutter_speed&quot;:&quot;0&quot;,&quot;title&quot;:&quot;&quot;,&quot;orientation&quot;:&quot;0&quot;}\" data-image-title=\"54268059_2291791967808260_4465051475550142464_o_2291791964474927\" data-image-description=\"\" data-image-caption=\"\" data-large-file=\"https:\/\/i0.wp.com\/musikaliaelkartea.eus\/wp-content\/uploads\/2019\/03\/54268059_2291791967808260_4465051475550142464_o_2291791964474927.jpg?fit=1024%2C576\" class=\"aligncenter wp-image-2220 size-apostrophe-featured\" src=\"https:\/\/i0.wp.com\/musikaliaelkartea.eus\/wp-content\/uploads\/2019\/03\/54268059_2291791967808260_4465051475550142464_o_2291791964474927.jpg?resize=723%2C350\" alt=\"\" width=\"723\" height=\"350\" srcset=\"https:\/\/i0.wp.com\/musikaliaelkartea.eus\/wp-content\/uploads\/2019\/03\/54268059_2291791967808260_4465051475550142464_o_2291791964474927.jpg?resize=930%2C450 930w, https:\/\/i0.wp.com\/musikaliaelkartea.eus\/wp-content\/uploads\/2019\/03\/54268059_2291791967808260_4465051475550142464_o_2291791964474927.jpg?zoom=2&amp;resize=723%2C350 1446w\" sizes=\"(max-width: 723px) 100vw, 723px\" \/><\/p>\n<p>Despu\u00e9s de una larga noche, el domingo por la ma\u00f1ana realizamos unos ensayos parciales y aprovechando el buen tiempo, ensayamos parte del repertorio de calle. En general, hemos pasado un fin de semana de primera y el ambiente ha sido inmejorable.<\/p>\n<p><img data-recalc-dims=\"1\" loading=\"lazy\" decoding=\"async\" data-attachment-id=\"2225\" data-permalink=\"http:\/\/musikaliaelkartea.eus\/es\/?attachment_id=2225\" data-orig-file=\"https:\/\/i0.wp.com\/musikaliaelkartea.eus\/wp-content\/uploads\/2019\/03\/55485114_2291792214474902_669247486304452608_o_2291792211141569.jpg?fit=1920%2C1080\" data-orig-size=\"1920,1080\" data-comments-opened=\"1\" data-image-meta=\"{&quot;aperture&quot;:&quot;0&quot;,&quot;credit&quot;:&quot;&quot;,&quot;camera&quot;:&quot;&quot;,&quot;caption&quot;:&quot;&quot;,&quot;created_timestamp&quot;:&quot;0&quot;,&quot;copyright&quot;:&quot;&quot;,&quot;focal_length&quot;:&quot;0&quot;,&quot;iso&quot;:&quot;0&quot;,&quot;shutter_speed&quot;:&quot;0&quot;,&quot;title&quot;:&quot;&quot;,&quot;orientation&quot;:&quot;0&quot;}\" data-image-title=\"55485114_2291792214474902_669247486304452608_o_2291792211141569\" data-image-description=\"\" data-image-caption=\"\" data-large-file=\"https:\/\/i0.wp.com\/musikaliaelkartea.eus\/wp-content\/uploads\/2019\/03\/55485114_2291792214474902_669247486304452608_o_2291792211141569.jpg?fit=1024%2C576\" class=\"aligncenter wp-image-2225 size-medium_large\" src=\"https:\/\/i0.wp.com\/musikaliaelkartea.eus\/wp-content\/uploads\/2019\/03\/55485114_2291792214474902_669247486304452608_o_2291792211141569.jpg?resize=723%2C407\" alt=\"\" width=\"723\" height=\"407\" srcset=\"https:\/\/i0.wp.com\/musikaliaelkartea.eus\/wp-content\/uploads\/2019\/03\/55485114_2291792214474902_669247486304452608_o_2291792211141569.jpg?resize=768%2C432 768w, https:\/\/i0.wp.com\/musikaliaelkartea.eus\/wp-content\/uploads\/2019\/03\/55485114_2291792214474902_669247486304452608_o_2291792211141569.jpg?resize=300%2C169 300w, https:\/\/i0.wp.com\/musikaliaelkartea.eus\/wp-content\/uploads\/2019\/03\/55485114_2291792214474902_669247486304452608_o_2291792211141569.jpg?resize=1024%2C576 1024w, https:\/\/i0.wp.com\/musikaliaelkartea.eus\/wp-content\/uploads\/2019\/03\/55485114_2291792214474902_669247486304452608_o_2291792211141569.jpg?resize=533%2C300 533w, https:\/\/i0.wp.com\/musikaliaelkartea.eus\/wp-content\/uploads\/2019\/03\/55485114_2291792214474902_669247486304452608_o_2291792211141569.jpg?w=1920 1920w\" sizes=\"(max-width: 723px) 100vw, 723px\" \/><\/p>","protected":false},"excerpt":{"rendered":"<p>El pasado fin de semana nos acercamos al peque\u00f1o pueblo c\u00e1ntabro Barcenilla para pasar el fin de semana. El objetivo ha sido preparar los compromisos<a href=\"http:\/\/musikaliaelkartea.eus\/es\/2019\/03\/27\/asteburu-ederra-kantabria-aldetik\/\" class=\"more-link\">View More<\/a><\/p>\n","protected":false},"author":2,"featured_media":2239,"comment_status":"closed","ping_status":"open","sticky":false,"template":"","format":"standard","meta":{"jetpack_post_was_ever_published":false,"_jetpack_newsletter_access":"","_jetpack_dont_email_post_to_subs":false,"_jetpack_newsletter_tier_id":0,"_jetpack_memberships_contains_paywalled_content":false,"_jetpack_memberships_contains_paid_content":false,"footnotes":""},"categories":[1],"tags":[],"class_list":["post-2235","post","type-post","status-publish","format-standard","has-post-thumbnail","hentry","category-uncategorized"],"yoast_head":"<!-- This site is optimized with the Yoast SEO plugin v27.4 - https:\/\/yoast.com\/product\/yoast-seo-wordpress\/ -->\n<title>Gran fin de semana por Cantabria - Musikalia Elkartea<\/title>\n<meta name=\"robots\" content=\"index, follow, max-snippet:-1, max-image-preview:large, max-video-preview:-1\" \/>\n<link rel=\"canonical\" href=\"http:\/\/musikaliaelkartea.eus\/es\/2019\/03\/27\/asteburu-ederra-kantabria-aldetik\/\" \/>\n<meta property=\"og:locale\" content=\"es_ES\" \/>\n<meta property=\"og:type\" content=\"article\" \/>\n<meta property=\"og:title\" content=\"[:eu]Asteburu ederra Kantabria aldetik[:es]Gran fin de semana por Cantabria[:] - Musikalia Elkartea\" \/>\n<meta property=\"og:description\" content=\"El pasado fin de semana nos acercamos al peque\u00f1o pueblo c\u00e1ntabro Barcenilla para pasar el fin de semana. El objetivo ha sido preparar los compromisosView More\" \/>\n<meta property=\"og:url\" content=\"http:\/\/musikaliaelkartea.eus\/es\/2019\/03\/27\/asteburu-ederra-kantabria-aldetik\/\" \/>\n<meta property=\"og:site_name\" content=\"Musikalia Elkartea\" \/>\n<meta property=\"article:publisher\" content=\"https:\/\/www.facebook.com\/musikaliaelkartea\" \/>\n<meta property=\"article:published_time\" content=\"2019-03-27T08:06:37+00:00\" \/>\n<meta property=\"article:modified_time\" content=\"2019-06-28T14:30:41+00:00\" \/>\n<meta property=\"og:image\" content=\"https:\/\/i0.wp.com\/musikaliaelkartea.eus\/wp-content\/uploads\/2019\/03\/Copia-de-september-2016-arcadia-football-field-6_00-pm.jpg?fit=820%2C312\" \/>\n\t<meta property=\"og:image:width\" content=\"820\" \/>\n\t<meta property=\"og:image:height\" content=\"312\" \/>\n\t<meta property=\"og:image:type\" content=\"image\/jpeg\" \/>\n<meta name=\"author\" content=\"Musikalia\" \/>\n<meta name=\"twitter:card\" content=\"summary_large_image\" \/>\n<meta name=\"twitter:label1\" content=\"Escrito por\" \/>\n\t<meta name=\"twitter:data1\" content=\"Musikalia\" \/>\n\t<meta name=\"twitter:label2\" content=\"Tiempo de lectura\" \/>\n\t<meta name=\"twitter:data2\" content=\"1 minuto\" \/>\n<script type=\"application\/ld+json\" class=\"yoast-schema-graph\">{\"@context\":\"https:\\\/\\\/schema.org\",\"@graph\":[{\"@type\":\"Article\",\"@id\":\"http:\\\/\\\/musikaliaelkartea.eus\\\/es\\\/2019\\\/03\\\/27\\\/asteburu-ederra-kantabria-aldetik\\\/#article\",\"isPartOf\":{\"@id\":\"http:\\\/\\\/musikaliaelkartea.eus\\\/es\\\/2019\\\/03\\\/27\\\/asteburu-ederra-kantabria-aldetik\\\/\"},\"author\":{\"name\":\"Musikalia\",\"@id\":\"http:\\\/\\\/musikaliaelkartea.eus\\\/es\\\/#\\\/schema\\\/person\\\/14029d72e7fe33dcc3b5b67080703aab\"},\"headline\":\"Gran fin de semana por Cantabria\",\"datePublished\":\"2019-03-27T08:06:37+00:00\",\"dateModified\":\"2019-06-28T14:30:41+00:00\",\"mainEntityOfPage\":{\"@id\":\"http:\\\/\\\/musikaliaelkartea.eus\\\/es\\\/2019\\\/03\\\/27\\\/asteburu-ederra-kantabria-aldetik\\\/\"},\"wordCount\":254,\"publisher\":{\"@id\":\"http:\\\/\\\/musikaliaelkartea.eus\\\/es\\\/#organization\"},\"image\":{\"@id\":\"http:\\\/\\\/musikaliaelkartea.eus\\\/es\\\/2019\\\/03\\\/27\\\/asteburu-ederra-kantabria-aldetik\\\/#primaryimage\"},\"thumbnailUrl\":\"https:\\\/\\\/i0.wp.com\\\/musikaliaelkartea.eus\\\/wp-content\\\/uploads\\\/2019\\\/03\\\/Copia-de-september-2016-arcadia-football-field-6_00-pm.jpg?fit=820%2C312\",\"articleSection\":[\"Uncategorized\"],\"inLanguage\":\"es\"},{\"@type\":\"WebPage\",\"@id\":\"http:\\\/\\\/musikaliaelkartea.eus\\\/es\\\/2019\\\/03\\\/27\\\/asteburu-ederra-kantabria-aldetik\\\/\",\"url\":\"http:\\\/\\\/musikaliaelkartea.eus\\\/es\\\/2019\\\/03\\\/27\\\/asteburu-ederra-kantabria-aldetik\\\/\",\"name\":\"[:eu]Asteburu ederra Kantabria aldetik[:es]Gran fin de semana por Cantabria[:] - Musikalia Elkartea\",\"isPartOf\":{\"@id\":\"http:\\\/\\\/musikaliaelkartea.eus\\\/es\\\/#website\"},\"primaryImageOfPage\":{\"@id\":\"http:\\\/\\\/musikaliaelkartea.eus\\\/es\\\/2019\\\/03\\\/27\\\/asteburu-ederra-kantabria-aldetik\\\/#primaryimage\"},\"image\":{\"@id\":\"http:\\\/\\\/musikaliaelkartea.eus\\\/es\\\/2019\\\/03\\\/27\\\/asteburu-ederra-kantabria-aldetik\\\/#primaryimage\"},\"thumbnailUrl\":\"https:\\\/\\\/i0.wp.com\\\/musikaliaelkartea.eus\\\/wp-content\\\/uploads\\\/2019\\\/03\\\/Copia-de-september-2016-arcadia-football-field-6_00-pm.jpg?fit=820%2C312\",\"datePublished\":\"2019-03-27T08:06:37+00:00\",\"dateModified\":\"2019-06-28T14:30:41+00:00\",\"breadcrumb\":{\"@id\":\"http:\\\/\\\/musikaliaelkartea.eus\\\/es\\\/2019\\\/03\\\/27\\\/asteburu-ederra-kantabria-aldetik\\\/#breadcrumb\"},\"inLanguage\":\"es\",\"potentialAction\":[{\"@type\":\"ReadAction\",\"target\":[\"http:\\\/\\\/musikaliaelkartea.eus\\\/es\\\/2019\\\/03\\\/27\\\/asteburu-ederra-kantabria-aldetik\\\/\"]}]},{\"@type\":\"ImageObject\",\"inLanguage\":\"es\",\"@id\":\"http:\\\/\\\/musikaliaelkartea.eus\\\/es\\\/2019\\\/03\\\/27\\\/asteburu-ederra-kantabria-aldetik\\\/#primaryimage\",\"url\":\"https:\\\/\\\/i0.wp.com\\\/musikaliaelkartea.eus\\\/wp-content\\\/uploads\\\/2019\\\/03\\\/Copia-de-september-2016-arcadia-football-field-6_00-pm.jpg?fit=820%2C312\",\"contentUrl\":\"https:\\\/\\\/i0.wp.com\\\/musikaliaelkartea.eus\\\/wp-content\\\/uploads\\\/2019\\\/03\\\/Copia-de-september-2016-arcadia-football-field-6_00-pm.jpg?fit=820%2C312\",\"width\":820,\"height\":312},{\"@type\":\"BreadcrumbList\",\"@id\":\"http:\\\/\\\/musikaliaelkartea.eus\\\/es\\\/2019\\\/03\\\/27\\\/asteburu-ederra-kantabria-aldetik\\\/#breadcrumb\",\"itemListElement\":[{\"@type\":\"ListItem\",\"position\":1,\"name\":\"Home\",\"item\":\"http:\\\/\\\/musikaliaelkartea.eus\\\/es\\\/\"},{\"@type\":\"ListItem\",\"position\":2,\"name\":\"Gran fin de semana por Cantabria\"}]},{\"@type\":\"WebSite\",\"@id\":\"http:\\\/\\\/musikaliaelkartea.eus\\\/es\\\/#website\",\"url\":\"http:\\\/\\\/musikaliaelkartea.eus\\\/es\\\/\",\"name\":\"Musikalia Elkartea\",\"description\":\"\",\"publisher\":{\"@id\":\"http:\\\/\\\/musikaliaelkartea.eus\\\/es\\\/#organization\"},\"potentialAction\":[{\"@type\":\"SearchAction\",\"target\":{\"@type\":\"EntryPoint\",\"urlTemplate\":\"http:\\\/\\\/musikaliaelkartea.eus\\\/es\\\/?s={search_term_string}\"},\"query-input\":{\"@type\":\"PropertyValueSpecification\",\"valueRequired\":true,\"valueName\":\"search_term_string\"}}],\"inLanguage\":\"es\"},{\"@type\":\"Organization\",\"@id\":\"http:\\\/\\\/musikaliaelkartea.eus\\\/es\\\/#organization\",\"name\":\"Getxoko Andres Isasi Musikalia Elkartea\",\"url\":\"http:\\\/\\\/musikaliaelkartea.eus\\\/es\\\/\",\"logo\":{\"@type\":\"ImageObject\",\"inLanguage\":\"es\",\"@id\":\"http:\\\/\\\/musikaliaelkartea.eus\\\/es\\\/#\\\/schema\\\/logo\\\/image\\\/\",\"url\":\"https:\\\/\\\/i0.wp.com\\\/musikaliaelkartea.eus\\\/wp-content\\\/uploads\\\/2025\\\/03\\\/cropped-MUSIKALIA-LOGO-LARGO.png?fit=5455%2C1928\",\"contentUrl\":\"https:\\\/\\\/i0.wp.com\\\/musikaliaelkartea.eus\\\/wp-content\\\/uploads\\\/2025\\\/03\\\/cropped-MUSIKALIA-LOGO-LARGO.png?fit=5455%2C1928\",\"width\":5455,\"height\":1928,\"caption\":\"Getxoko Andres Isasi Musikalia Elkartea\"},\"image\":{\"@id\":\"http:\\\/\\\/musikaliaelkartea.eus\\\/es\\\/#\\\/schema\\\/logo\\\/image\\\/\"},\"sameAs\":[\"https:\\\/\\\/www.facebook.com\\\/musikaliaelkartea\",\"https:\\\/\\\/www.instagram.com\\\/musikaliaelkartea\\\/\",\"https:\\\/\\\/www.youtube.com\\\/channel\\\/UCYG_UH_Rv-34wbmS8nQ7mpg\"]},{\"@type\":\"Person\",\"@id\":\"http:\\\/\\\/musikaliaelkartea.eus\\\/es\\\/#\\\/schema\\\/person\\\/14029d72e7fe33dcc3b5b67080703aab\",\"name\":\"Musikalia\",\"image\":{\"@type\":\"ImageObject\",\"inLanguage\":\"es\",\"@id\":\"https:\\\/\\\/secure.gravatar.com\\\/avatar\\\/4cedd4863d0dc30f70d9375282b4f70545dbeb2a5fec482325b3b89efe2dd5e3?s=96&d=mm&r=g\",\"url\":\"https:\\\/\\\/secure.gravatar.com\\\/avatar\\\/4cedd4863d0dc30f70d9375282b4f70545dbeb2a5fec482325b3b89efe2dd5e3?s=96&d=mm&r=g\",\"contentUrl\":\"https:\\\/\\\/secure.gravatar.com\\\/avatar\\\/4cedd4863d0dc30f70d9375282b4f70545dbeb2a5fec482325b3b89efe2dd5e3?s=96&d=mm&r=g\",\"caption\":\"Musikalia\"},\"url\":\"http:\\\/\\\/musikaliaelkartea.eus\\\/es\\\/author\\\/musikalia\\\/\"}]}<\/script>\n<!-- \/ Yoast SEO plugin. -->","yoast_head_json":{"title":"[:eu]Asteburu ederra Kantabria aldetik[:es]Gran fin de semana por Cantabria[:] - Musikalia Elkartea","robots":{"index":"index","follow":"follow","max-snippet":"max-snippet:-1","max-image-preview":"max-image-preview:large","max-video-preview":"max-video-preview:-1"},"canonical":"http:\/\/musikaliaelkartea.eus\/es\/2019\/03\/27\/asteburu-ederra-kantabria-aldetik\/","og_locale":"es_ES","og_type":"article","og_title":"[:eu]Asteburu ederra Kantabria aldetik[:es]Gran fin de semana por Cantabria[:] - Musikalia Elkartea","og_description":"El pasado fin de semana nos acercamos al peque\u00f1o pueblo c\u00e1ntabro Barcenilla para pasar el fin de semana. El objetivo ha sido preparar los compromisosView More","og_url":"http:\/\/musikaliaelkartea.eus\/es\/2019\/03\/27\/asteburu-ederra-kantabria-aldetik\/","og_site_name":"Musikalia Elkartea","article_publisher":"https:\/\/www.facebook.com\/musikaliaelkartea","article_published_time":"2019-03-27T08:06:37+00:00","article_modified_time":"2019-06-28T14:30:41+00:00","og_image":[{"width":820,"height":312,"url":"https:\/\/i0.wp.com\/musikaliaelkartea.eus\/wp-content\/uploads\/2019\/03\/Copia-de-september-2016-arcadia-football-field-6_00-pm.jpg?fit=820%2C312","type":"image\/jpeg"}],"author":"Musikalia","twitter_card":"summary_large_image","twitter_misc":{"Escrito por":"Musikalia","Tiempo de lectura":"1 minuto"},"schema":{"@context":"https:\/\/schema.org","@graph":[{"@type":"Article","@id":"http:\/\/musikaliaelkartea.eus\/es\/2019\/03\/27\/asteburu-ederra-kantabria-aldetik\/#article","isPartOf":{"@id":"http:\/\/musikaliaelkartea.eus\/es\/2019\/03\/27\/asteburu-ederra-kantabria-aldetik\/"},"author":{"name":"Musikalia","@id":"http:\/\/musikaliaelkartea.eus\/es\/#\/schema\/person\/14029d72e7fe33dcc3b5b67080703aab"},"headline":"Gran fin de semana por Cantabria","datePublished":"2019-03-27T08:06:37+00:00","dateModified":"2019-06-28T14:30:41+00:00","mainEntityOfPage":{"@id":"http:\/\/musikaliaelkartea.eus\/es\/2019\/03\/27\/asteburu-ederra-kantabria-aldetik\/"},"wordCount":254,"publisher":{"@id":"http:\/\/musikaliaelkartea.eus\/es\/#organization"},"image":{"@id":"http:\/\/musikaliaelkartea.eus\/es\/2019\/03\/27\/asteburu-ederra-kantabria-aldetik\/#primaryimage"},"thumbnailUrl":"https:\/\/i0.wp.com\/musikaliaelkartea.eus\/wp-content\/uploads\/2019\/03\/Copia-de-september-2016-arcadia-football-field-6_00-pm.jpg?fit=820%2C312","articleSection":["Uncategorized"],"inLanguage":"es"},{"@type":"WebPage","@id":"http:\/\/musikaliaelkartea.eus\/es\/2019\/03\/27\/asteburu-ederra-kantabria-aldetik\/","url":"http:\/\/musikaliaelkartea.eus\/es\/2019\/03\/27\/asteburu-ederra-kantabria-aldetik\/","name":"[:eu]Asteburu ederra Kantabria aldetik[:es]Gran fin de semana por Cantabria[:] - Musikalia Elkartea","isPartOf":{"@id":"http:\/\/musikaliaelkartea.eus\/es\/#website"},"primaryImageOfPage":{"@id":"http:\/\/musikaliaelkartea.eus\/es\/2019\/03\/27\/asteburu-ederra-kantabria-aldetik\/#primaryimage"},"image":{"@id":"http:\/\/musikaliaelkartea.eus\/es\/2019\/03\/27\/asteburu-ederra-kantabria-aldetik\/#primaryimage"},"thumbnailUrl":"https:\/\/i0.wp.com\/musikaliaelkartea.eus\/wp-content\/uploads\/2019\/03\/Copia-de-september-2016-arcadia-football-field-6_00-pm.jpg?fit=820%2C312","datePublished":"2019-03-27T08:06:37+00:00","dateModified":"2019-06-28T14:30:41+00:00","breadcrumb":{"@id":"http:\/\/musikaliaelkartea.eus\/es\/2019\/03\/27\/asteburu-ederra-kantabria-aldetik\/#breadcrumb"},"inLanguage":"es","potentialAction":[{"@type":"ReadAction","target":["http:\/\/musikaliaelkartea.eus\/es\/2019\/03\/27\/asteburu-ederra-kantabria-aldetik\/"]}]},{"@type":"ImageObject","inLanguage":"es","@id":"http:\/\/musikaliaelkartea.eus\/es\/2019\/03\/27\/asteburu-ederra-kantabria-aldetik\/#primaryimage","url":"https:\/\/i0.wp.com\/musikaliaelkartea.eus\/wp-content\/uploads\/2019\/03\/Copia-de-september-2016-arcadia-football-field-6_00-pm.jpg?fit=820%2C312","contentUrl":"https:\/\/i0.wp.com\/musikaliaelkartea.eus\/wp-content\/uploads\/2019\/03\/Copia-de-september-2016-arcadia-football-field-6_00-pm.jpg?fit=820%2C312","width":820,"height":312},{"@type":"BreadcrumbList","@id":"http:\/\/musikaliaelkartea.eus\/es\/2019\/03\/27\/asteburu-ederra-kantabria-aldetik\/#breadcrumb","itemListElement":[{"@type":"ListItem","position":1,"name":"Home","item":"http:\/\/musikaliaelkartea.eus\/es\/"},{"@type":"ListItem","position":2,"name":"Gran fin de semana por Cantabria"}]},{"@type":"WebSite","@id":"http:\/\/musikaliaelkartea.eus\/es\/#website","url":"http:\/\/musikaliaelkartea.eus\/es\/","name":"Musikalia Elkartea","description":"","publisher":{"@id":"http:\/\/musikaliaelkartea.eus\/es\/#organization"},"potentialAction":[{"@type":"SearchAction","target":{"@type":"EntryPoint","urlTemplate":"http:\/\/musikaliaelkartea.eus\/es\/?s={search_term_string}"},"query-input":{"@type":"PropertyValueSpecification","valueRequired":true,"valueName":"search_term_string"}}],"inLanguage":"es"},{"@type":"Organization","@id":"http:\/\/musikaliaelkartea.eus\/es\/#organization","name":"Getxoko Andres Isasi Musikalia Elkartea","url":"http:\/\/musikaliaelkartea.eus\/es\/","logo":{"@type":"ImageObject","inLanguage":"es","@id":"http:\/\/musikaliaelkartea.eus\/es\/#\/schema\/logo\/image\/","url":"https:\/\/i0.wp.com\/musikaliaelkartea.eus\/wp-content\/uploads\/2025\/03\/cropped-MUSIKALIA-LOGO-LARGO.png?fit=5455%2C1928","contentUrl":"https:\/\/i0.wp.com\/musikaliaelkartea.eus\/wp-content\/uploads\/2025\/03\/cropped-MUSIKALIA-LOGO-LARGO.png?fit=5455%2C1928","width":5455,"height":1928,"caption":"Getxoko Andres Isasi Musikalia Elkartea"},"image":{"@id":"http:\/\/musikaliaelkartea.eus\/es\/#\/schema\/logo\/image\/"},"sameAs":["https:\/\/www.facebook.com\/musikaliaelkartea","https:\/\/www.instagram.com\/musikaliaelkartea\/","https:\/\/www.youtube.com\/channel\/UCYG_UH_Rv-34wbmS8nQ7mpg"]},{"@type":"Person","@id":"http:\/\/musikaliaelkartea.eus\/es\/#\/schema\/person\/14029d72e7fe33dcc3b5b67080703aab","name":"Musikalia","image":{"@type":"ImageObject","inLanguage":"es","@id":"https:\/\/secure.gravatar.com\/avatar\/4cedd4863d0dc30f70d9375282b4f70545dbeb2a5fec482325b3b89efe2dd5e3?s=96&d=mm&r=g","url":"https:\/\/secure.gravatar.com\/avatar\/4cedd4863d0dc30f70d9375282b4f70545dbeb2a5fec482325b3b89efe2dd5e3?s=96&d=mm&r=g","contentUrl":"https:\/\/secure.gravatar.com\/avatar\/4cedd4863d0dc30f70d9375282b4f70545dbeb2a5fec482325b3b89efe2dd5e3?s=96&d=mm&r=g","caption":"Musikalia"},"url":"http:\/\/musikaliaelkartea.eus\/es\/author\/musikalia\/"}]}},"jetpack_featured_media_url":"https:\/\/i0.wp.com\/musikaliaelkartea.eus\/wp-content\/uploads\/2019\/03\/Copia-de-september-2016-arcadia-football-field-6_00-pm.jpg?fit=820%2C312","jetpack_sharing_enabled":true,"jetpack_shortlink":"https:\/\/wp.me\/p8OhQz-A3","_links":{"self":[{"href":"http:\/\/musikaliaelkartea.eus\/es\/wp-json\/wp\/v2\/posts\/2235","targetHints":{"allow":["GET"]}}],"collection":[{"href":"http:\/\/musikaliaelkartea.eus\/es\/wp-json\/wp\/v2\/posts"}],"about":[{"href":"http:\/\/musikaliaelkartea.eus\/es\/wp-json\/wp\/v2\/types\/post"}],"author":[{"embeddable":true,"href":"http:\/\/musikaliaelkartea.eus\/es\/wp-json\/wp\/v2\/users\/2"}],"replies":[{"embeddable":true,"href":"http:\/\/musikaliaelkartea.eus\/es\/wp-json\/wp\/v2\/comments?post=2235"}],"version-history":[{"count":3,"href":"http:\/\/musikaliaelkartea.eus\/es\/wp-json\/wp\/v2\/posts\/2235\/revisions"}],"predecessor-version":[{"id":2238,"href":"http:\/\/musikaliaelkartea.eus\/es\/wp-json\/wp\/v2\/posts\/2235\/revisions\/2238"}],"wp:featuredmedia":[{"embeddable":true,"href":"http:\/\/musikaliaelkartea.eus\/es\/wp-json\/wp\/v2\/media\/2239"}],"wp:attachment":[{"href":"http:\/\/musikaliaelkartea.eus\/es\/wp-json\/wp\/v2\/media?parent=2235"}],"wp:term":[{"taxonomy":"category","embeddable":true,"href":"http:\/\/musikaliaelkartea.eus\/es\/wp-json\/wp\/v2\/categories?post=2235"},{"taxonomy":"post_tag","embeddable":true,"href":"http:\/\/musikaliaelkartea.eus\/es\/wp-json\/wp\/v2\/tags?post=2235"}],"curies":[{"name":"wp","href":"https:\/\/api.w.org\/{rel}","templated":true}]}}