{"id":2060,"date":"2019-01-28T13:38:06","date_gmt":"2019-01-28T13:38:06","guid":{"rendered":"http:\/\/musikaliaelkartea.eus\/?p=2060"},"modified":"2019-06-28T14:30:47","modified_gmt":"2019-06-28T14:30:47","slug":"urteko-afaria-kontzertuen-errepasoa-sari-banaketa","status":"publish","type":"post","link":"http:\/\/musikaliaelkartea.eus\/es\/2019\/01\/28\/urteko-afaria-kontzertuen-errepasoa-sari-banaketa\/","title":{"rendered":"Cena anual: Repaso de los conciertos, entrega de premios&#8230;"},"content":{"rendered":"<p>El pasado s\u00e1bado, celebramos la cena anual de la asociaci\u00f3n. Dejamos a un lado los instrumentos y nos sentamos al rededor de la mesa junto a todos los integrantes de Musikalia para repasar los conciertos del 2018 y celebrar la entrega de premios.<\/p>\n<p>Aqu\u00ed unas fotos y el v\u00eddeo repaso del a\u00f1o 2018:<\/p>\n<p class=\"jetpack-slideshow-noscript robots-nocontent\">El pase de diapositivas requiere JavaScript.<\/p><div id=\"gallery-2060-2-slideshow\" class=\"jetpack-slideshow-window jetpack-slideshow jetpack-slideshow-black\" data-trans=\"fade\" data-autostart=\"1\" data-gallery=\"[{&quot;src&quot;:&quot;https:\\\/\\\/i0.wp.com\\\/musikaliaelkartea.eus\\\/wp-content\\\/uploads\\\/2019\\\/01\\\/IMG_3924-min.jpg?fit=1024%2C576&quot;,&quot;id&quot;:&quot;2057&quot;,&quot;title&quot;:&quot;IMG_3924-min&quot;,&quot;alt&quot;:&quot;&quot;,&quot;caption&quot;:&quot;&quot;,&quot;itemprop&quot;:&quot;image&quot;},{&quot;src&quot;:&quot;https:\\\/\\\/i0.wp.com\\\/musikaliaelkartea.eus\\\/wp-content\\\/uploads\\\/2019\\\/01\\\/IMG_3920-min.jpg?fit=1024%2C576&quot;,&quot;id&quot;:&quot;2056&quot;,&quot;title&quot;:&quot;IMG_3920-min&quot;,&quot;alt&quot;:&quot;&quot;,&quot;caption&quot;:&quot;&quot;,&quot;itemprop&quot;:&quot;image&quot;},{&quot;src&quot;:&quot;https:\\\/\\\/i0.wp.com\\\/musikaliaelkartea.eus\\\/wp-content\\\/uploads\\\/2019\\\/01\\\/IMG_3915-min.jpg?fit=1024%2C576&quot;,&quot;id&quot;:&quot;2055&quot;,&quot;title&quot;:&quot;IMG_3915-min&quot;,&quot;alt&quot;:&quot;&quot;,&quot;caption&quot;:&quot;&quot;,&quot;itemprop&quot;:&quot;image&quot;},{&quot;src&quot;:&quot;https:\\\/\\\/i0.wp.com\\\/musikaliaelkartea.eus\\\/wp-content\\\/uploads\\\/2019\\\/01\\\/IMG_3909-min.jpg?fit=1024%2C576&quot;,&quot;id&quot;:&quot;2053&quot;,&quot;title&quot;:&quot;IMG_3909-min&quot;,&quot;alt&quot;:&quot;&quot;,&quot;caption&quot;:&quot;&quot;,&quot;itemprop&quot;:&quot;image&quot;},{&quot;src&quot;:&quot;https:\\\/\\\/i0.wp.com\\\/musikaliaelkartea.eus\\\/wp-content\\\/uploads\\\/2019\\\/01\\\/IMG_3914-min.jpg?fit=1024%2C576&quot;,&quot;id&quot;:&quot;2054&quot;,&quot;title&quot;:&quot;IMG_3914-min&quot;,&quot;alt&quot;:&quot;&quot;,&quot;caption&quot;:&quot;&quot;,&quot;itemprop&quot;:&quot;image&quot;},{&quot;src&quot;:&quot;https:\\\/\\\/i0.wp.com\\\/musikaliaelkartea.eus\\\/wp-content\\\/uploads\\\/2019\\\/01\\\/IMG_3898-min.jpg?fit=1024%2C576&quot;,&quot;id&quot;:&quot;2052&quot;,&quot;title&quot;:&quot;IMG_3898-min&quot;,&quot;alt&quot;:&quot;&quot;,&quot;caption&quot;:&quot;&quot;,&quot;itemprop&quot;:&quot;image&quot;},{&quot;src&quot;:&quot;https:\\\/\\\/i0.wp.com\\\/musikaliaelkartea.eus\\\/wp-content\\\/uploads\\\/2019\\\/01\\\/IMG_3821-min.jpg?fit=1024%2C576&quot;,&quot;id&quot;:&quot;2046&quot;,&quot;title&quot;:&quot;IMG_3821-min&quot;,&quot;alt&quot;:&quot;&quot;,&quot;caption&quot;:&quot;&quot;,&quot;itemprop&quot;:&quot;image&quot;},{&quot;src&quot;:&quot;https:\\\/\\\/i0.wp.com\\\/musikaliaelkartea.eus\\\/wp-content\\\/uploads\\\/2019\\\/01\\\/IMG_3836-min.jpg?fit=1024%2C576&quot;,&quot;id&quot;:&quot;2047&quot;,&quot;title&quot;:&quot;IMG_3836-min&quot;,&quot;alt&quot;:&quot;&quot;,&quot;caption&quot;:&quot;&quot;,&quot;itemprop&quot;:&quot;image&quot;},{&quot;src&quot;:&quot;https:\\\/\\\/i0.wp.com\\\/musikaliaelkartea.eus\\\/wp-content\\\/uploads\\\/2019\\\/01\\\/IMG_3849-min.jpg?fit=1024%2C576&quot;,&quot;id&quot;:&quot;2048&quot;,&quot;title&quot;:&quot;IMG_3849-min&quot;,&quot;alt&quot;:&quot;&quot;,&quot;caption&quot;:&quot;&quot;,&quot;itemprop&quot;:&quot;image&quot;},{&quot;src&quot;:&quot;https:\\\/\\\/i0.wp.com\\\/musikaliaelkartea.eus\\\/wp-content\\\/uploads\\\/2019\\\/01\\\/IMG_3860-min.jpg?fit=1024%2C576&quot;,&quot;id&quot;:&quot;2049&quot;,&quot;title&quot;:&quot;IMG_3860-min&quot;,&quot;alt&quot;:&quot;&quot;,&quot;caption&quot;:&quot;&quot;,&quot;itemprop&quot;:&quot;image&quot;},{&quot;src&quot;:&quot;https:\\\/\\\/i0.wp.com\\\/musikaliaelkartea.eus\\\/wp-content\\\/uploads\\\/2019\\\/01\\\/IMG_3872-min.jpg?fit=1024%2C576&quot;,&quot;id&quot;:&quot;2050&quot;,&quot;title&quot;:&quot;IMG_3872-min&quot;,&quot;alt&quot;:&quot;&quot;,&quot;caption&quot;:&quot;&quot;,&quot;itemprop&quot;:&quot;image&quot;},{&quot;src&quot;:&quot;https:\\\/\\\/i0.wp.com\\\/musikaliaelkartea.eus\\\/wp-content\\\/uploads\\\/2019\\\/01\\\/IMG_3884-min.jpg?fit=1024%2C576&quot;,&quot;id&quot;:&quot;2051&quot;,&quot;title&quot;:&quot;IMG_3884-min&quot;,&quot;alt&quot;:&quot;&quot;,&quot;caption&quot;:&quot;&quot;,&quot;itemprop&quot;:&quot;image&quot;},{&quot;src&quot;:&quot;https:\\\/\\\/i0.wp.com\\\/musikaliaelkartea.eus\\\/wp-content\\\/uploads\\\/2019\\\/01\\\/IMG_3820-min.jpg?fit=1024%2C576&quot;,&quot;id&quot;:&quot;2045&quot;,&quot;title&quot;:&quot;IMG_3820-min&quot;,&quot;alt&quot;:&quot;&quot;,&quot;caption&quot;:&quot;&quot;,&quot;itemprop&quot;:&quot;image&quot;},{&quot;src&quot;:&quot;https:\\\/\\\/i0.wp.com\\\/musikaliaelkartea.eus\\\/wp-content\\\/uploads\\\/2019\\\/01\\\/IMG_3802-min.jpg?fit=1024%2C576&quot;,&quot;id&quot;:&quot;2043&quot;,&quot;title&quot;:&quot;IMG_3802-min&quot;,&quot;alt&quot;:&quot;&quot;,&quot;caption&quot;:&quot;&quot;,&quot;itemprop&quot;:&quot;image&quot;},{&quot;src&quot;:&quot;https:\\\/\\\/i0.wp.com\\\/musikaliaelkartea.eus\\\/wp-content\\\/uploads\\\/2019\\\/01\\\/IMG_3788-min.jpg?fit=1024%2C576&quot;,&quot;id&quot;:&quot;2041&quot;,&quot;title&quot;:&quot;IMG_3788-min&quot;,&quot;alt&quot;:&quot;&quot;,&quot;caption&quot;:&quot;&quot;,&quot;itemprop&quot;:&quot;image&quot;},{&quot;src&quot;:&quot;https:\\\/\\\/i0.wp.com\\\/musikaliaelkartea.eus\\\/wp-content\\\/uploads\\\/2019\\\/01\\\/IMG_3781-min.jpg?fit=1024%2C576&quot;,&quot;id&quot;:&quot;2040&quot;,&quot;title&quot;:&quot;IMG_3781-min&quot;,&quot;alt&quot;:&quot;&quot;,&quot;caption&quot;:&quot;&quot;,&quot;itemprop&quot;:&quot;image&quot;},{&quot;src&quot;:&quot;https:\\\/\\\/i0.wp.com\\\/musikaliaelkartea.eus\\\/wp-content\\\/uploads\\\/2019\\\/01\\\/IMG_3797-min.jpg?fit=1024%2C576&quot;,&quot;id&quot;:&quot;2042&quot;,&quot;title&quot;:&quot;IMG_3797-min&quot;,&quot;alt&quot;:&quot;&quot;,&quot;caption&quot;:&quot;&quot;,&quot;itemprop&quot;:&quot;image&quot;},{&quot;src&quot;:&quot;https:\\\/\\\/i0.wp.com\\\/musikaliaelkartea.eus\\\/wp-content\\\/uploads\\\/2019\\\/01\\\/IMG_3813-min.jpg?fit=1024%2C576&quot;,&quot;id&quot;:&quot;2044&quot;,&quot;title&quot;:&quot;IMG_3813-min&quot;,&quot;alt&quot;:&quot;&quot;,&quot;caption&quot;:&quot;&quot;,&quot;itemprop&quot;:&quot;image&quot;},{&quot;src&quot;:&quot;https:\\\/\\\/i0.wp.com\\\/musikaliaelkartea.eus\\\/wp-content\\\/uploads\\\/2019\\\/01\\\/IMG_3778-min.jpg?fit=1024%2C576&quot;,&quot;id&quot;:&quot;2039&quot;,&quot;title&quot;:&quot;IMG_3778-min&quot;,&quot;alt&quot;:&quot;&quot;,&quot;caption&quot;:&quot;&quot;,&quot;itemprop&quot;:&quot;image&quot;},{&quot;src&quot;:&quot;https:\\\/\\\/i0.wp.com\\\/musikaliaelkartea.eus\\\/wp-content\\\/uploads\\\/2019\\\/01\\\/IMG_3776-min.jpg?fit=1024%2C576&quot;,&quot;id&quot;:&quot;2038&quot;,&quot;title&quot;:&quot;IMG_3776-min&quot;,&quot;alt&quot;:&quot;&quot;,&quot;caption&quot;:&quot;&quot;,&quot;itemprop&quot;:&quot;image&quot;},{&quot;src&quot;:&quot;https:\\\/\\\/i0.wp.com\\\/musikaliaelkartea.eus\\\/wp-content\\\/uploads\\\/2019\\\/01\\\/IMG_3770-min.jpg?fit=1024%2C576&quot;,&quot;id&quot;:&quot;2032&quot;,&quot;title&quot;:&quot;IMG_3770-min&quot;,&quot;alt&quot;:&quot;&quot;,&quot;caption&quot;:&quot;&quot;,&quot;itemprop&quot;:&quot;image&quot;},{&quot;src&quot;:&quot;https:\\\/\\\/i0.wp.com\\\/musikaliaelkartea.eus\\\/wp-content\\\/uploads\\\/2019\\\/01\\\/IMG_3771-min.jpg?fit=1024%2C576&quot;,&quot;id&quot;:&quot;2033&quot;,&quot;title&quot;:&quot;IMG_3771-min&quot;,&quot;alt&quot;:&quot;&quot;,&quot;caption&quot;:&quot;&quot;,&quot;itemprop&quot;:&quot;image&quot;},{&quot;src&quot;:&quot;https:\\\/\\\/i0.wp.com\\\/musikaliaelkartea.eus\\\/wp-content\\\/uploads\\\/2019\\\/01\\\/IMG_3774-min.jpg?fit=1024%2C576&quot;,&quot;id&quot;:&quot;2036&quot;,&quot;title&quot;:&quot;IMG_3774-min&quot;,&quot;alt&quot;:&quot;&quot;,&quot;caption&quot;:&quot;&quot;,&quot;itemprop&quot;:&quot;image&quot;},{&quot;src&quot;:&quot;https:\\\/\\\/i0.wp.com\\\/musikaliaelkartea.eus\\\/wp-content\\\/uploads\\\/2019\\\/01\\\/IMG_3769-min.jpg?fit=1024%2C576&quot;,&quot;id&quot;:&quot;2031&quot;,&quot;title&quot;:&quot;IMG_3769-min&quot;,&quot;alt&quot;:&quot;&quot;,&quot;caption&quot;:&quot;&quot;,&quot;itemprop&quot;:&quot;image&quot;},{&quot;src&quot;:&quot;https:\\\/\\\/i0.wp.com\\\/musikaliaelkartea.eus\\\/wp-content\\\/uploads\\\/2019\\\/01\\\/IMG_3775-min.jpg?fit=1024%2C576&quot;,&quot;id&quot;:&quot;2037&quot;,&quot;title&quot;:&quot;IMG_3775-min&quot;,&quot;alt&quot;:&quot;&quot;,&quot;caption&quot;:&quot;&quot;,&quot;itemprop&quot;:&quot;image&quot;},{&quot;src&quot;:&quot;https:\\\/\\\/i0.wp.com\\\/musikaliaelkartea.eus\\\/wp-content\\\/uploads\\\/2019\\\/01\\\/IMG_3768-min.jpg?fit=1024%2C576&quot;,&quot;id&quot;:&quot;2030&quot;,&quot;title&quot;:&quot;IMG_3768-min&quot;,&quot;alt&quot;:&quot;&quot;,&quot;caption&quot;:&quot;&quot;,&quot;itemprop&quot;:&quot;image&quot;},{&quot;src&quot;:&quot;https:\\\/\\\/i0.wp.com\\\/musikaliaelkartea.eus\\\/wp-content\\\/uploads\\\/2019\\\/01\\\/IMG_3773-min.jpg?fit=1024%2C576&quot;,&quot;id&quot;:&quot;2035&quot;,&quot;title&quot;:&quot;IMG_3773-min&quot;,&quot;alt&quot;:&quot;&quot;,&quot;caption&quot;:&quot;&quot;,&quot;itemprop&quot;:&quot;image&quot;},{&quot;src&quot;:&quot;https:\\\/\\\/i0.wp.com\\\/musikaliaelkartea.eus\\\/wp-content\\\/uploads\\\/2019\\\/01\\\/IMG_3772-min.jpg?fit=1024%2C576&quot;,&quot;id&quot;:&quot;2034&quot;,&quot;title&quot;:&quot;IMG_3772-min&quot;,&quot;alt&quot;:&quot;&quot;,&quot;caption&quot;:&quot;&quot;,&quot;itemprop&quot;:&quot;image&quot;},{&quot;src&quot;:&quot;https:\\\/\\\/i0.wp.com\\\/musikaliaelkartea.eus\\\/wp-content\\\/uploads\\\/2019\\\/01\\\/IMG_3767-min.jpg?fit=1024%2C576&quot;,&quot;id&quot;:&quot;2029&quot;,&quot;title&quot;:&quot;IMG_3767-min&quot;,&quot;alt&quot;:&quot;&quot;,&quot;caption&quot;:&quot;&quot;,&quot;itemprop&quot;:&quot;image&quot;}]\" itemscope itemtype=\"https:\/\/schema.org\/ImageGallery\"><\/div>\n<p><span class=\"embed-youtube\" style=\"text-align:center; display: block;\"><iframe class=\"youtube-player\" width=\"1300\" height=\"732\" src=\"https:\/\/www.youtube.com\/embed\/Y__tkW7y5uo?version=3&#038;rel=1&#038;showsearch=0&#038;showinfo=1&#038;iv_load_policy=1&#038;fs=1&#038;hl=es-ES&#038;autohide=2&#038;wmode=transparent\" allowfullscreen=\"true\" style=\"border:0;\" sandbox=\"allow-scripts allow-same-origin allow-popups allow-presentation allow-popups-to-escape-sandbox\"><\/iframe><\/span><\/p>","protected":false},"excerpt":{"rendered":"<p>El pasado s\u00e1bado, celebramos la cena anual de la asociaci\u00f3n. Dejamos a un lado los instrumentos y nos sentamos al rededor de la mesa junto<a href=\"http:\/\/musikaliaelkartea.eus\/es\/2019\/01\/28\/urteko-afaria-kontzertuen-errepasoa-sari-banaketa\/\" class=\"more-link\">View More<\/a><\/p>\n","protected":false},"author":2,"featured_media":2063,"comment_status":"closed","ping_status":"open","sticky":false,"template":"","format":"standard","meta":{"jetpack_post_was_ever_published":false,"_jetpack_newsletter_access":"","_jetpack_dont_email_post_to_subs":false,"_jetpack_newsletter_tier_id":0,"_jetpack_memberships_contains_paywalled_content":false,"_jetpack_memberships_contains_paid_content":false,"footnotes":""},"categories":[1],"tags":[],"class_list":["post-2060","post","type-post","status-publish","format-standard","has-post-thumbnail","hentry","category-uncategorized"],"yoast_head":"<!-- This site is optimized with the Yoast SEO plugin v27.4 - https:\/\/yoast.com\/product\/yoast-seo-wordpress\/ -->\n<title>Cena anual: Repaso de los conciertos, entrega de premios... - Musikalia Elkartea<\/title>\n<meta name=\"robots\" content=\"index, follow, max-snippet:-1, max-image-preview:large, max-video-preview:-1\" \/>\n<link rel=\"canonical\" href=\"http:\/\/musikaliaelkartea.eus\/2019\/01\/28\/urteko-afaria-kontzertuen-errepasoa-sari-banaketa\/\" \/>\n<meta property=\"og:locale\" content=\"es_ES\" \/>\n<meta property=\"og:type\" content=\"article\" \/>\n<meta property=\"og:title\" content=\"[:eu]Urteko afaria: Kontzertuen errepasoa, sari banaketa...[:es]Cena anual: Repaso de los conciertos, entrega de premios...[:] - Musikalia Elkartea\" \/>\n<meta property=\"og:description\" content=\"El pasado s\u00e1bado, celebramos la cena anual de la asociaci\u00f3n. Dejamos a un lado los instrumentos y nos sentamos al rededor de la mesa juntoView More\" \/>\n<meta property=\"og:url\" content=\"http:\/\/musikaliaelkartea.eus\/2019\/01\/28\/urteko-afaria-kontzertuen-errepasoa-sari-banaketa\/\" \/>\n<meta property=\"og:site_name\" content=\"Musikalia Elkartea\" \/>\n<meta property=\"article:publisher\" content=\"https:\/\/www.facebook.com\/musikaliaelkartea\" \/>\n<meta property=\"article:published_time\" content=\"2019-01-28T13:38:06+00:00\" \/>\n<meta property=\"article:modified_time\" content=\"2019-06-28T14:30:47+00:00\" \/>\n<meta property=\"og:image\" content=\"https:\/\/i0.wp.com\/musikaliaelkartea.eus\/wp-content\/uploads\/2019\/01\/egin-zaitez-bazkide-1.jpg?fit=1500%2C500\" \/>\n\t<meta property=\"og:image:width\" content=\"1500\" \/>\n\t<meta property=\"og:image:height\" content=\"500\" \/>\n\t<meta property=\"og:image:type\" content=\"image\/jpeg\" \/>\n<meta name=\"author\" content=\"Musikalia\" \/>\n<meta name=\"twitter:card\" content=\"summary_large_image\" \/>\n<meta name=\"twitter:label1\" content=\"Escrito por\" \/>\n\t<meta name=\"twitter:data1\" content=\"Musikalia\" \/>\n\t<meta name=\"twitter:label2\" content=\"Tiempo de lectura\" \/>\n\t<meta name=\"twitter:data2\" content=\"1 minuto\" \/>\n<script type=\"application\/ld+json\" class=\"yoast-schema-graph\">{\"@context\":\"https:\\\/\\\/schema.org\",\"@graph\":[{\"@type\":\"Article\",\"@id\":\"http:\\\/\\\/musikaliaelkartea.eus\\\/2019\\\/01\\\/28\\\/urteko-afaria-kontzertuen-errepasoa-sari-banaketa\\\/#article\",\"isPartOf\":{\"@id\":\"http:\\\/\\\/musikaliaelkartea.eus\\\/2019\\\/01\\\/28\\\/urteko-afaria-kontzertuen-errepasoa-sari-banaketa\\\/\"},\"author\":{\"name\":\"Musikalia\",\"@id\":\"http:\\\/\\\/musikaliaelkartea.eus\\\/es\\\/#\\\/schema\\\/person\\\/14029d72e7fe33dcc3b5b67080703aab\"},\"headline\":\"Cena anual: Repaso de los conciertos, entrega de premios&#8230;\",\"datePublished\":\"2019-01-28T13:38:06+00:00\",\"dateModified\":\"2019-06-28T14:30:47+00:00\",\"mainEntityOfPage\":{\"@id\":\"http:\\\/\\\/musikaliaelkartea.eus\\\/2019\\\/01\\\/28\\\/urteko-afaria-kontzertuen-errepasoa-sari-banaketa\\\/\"},\"wordCount\":154,\"publisher\":{\"@id\":\"http:\\\/\\\/musikaliaelkartea.eus\\\/es\\\/#organization\"},\"image\":{\"@id\":\"http:\\\/\\\/musikaliaelkartea.eus\\\/2019\\\/01\\\/28\\\/urteko-afaria-kontzertuen-errepasoa-sari-banaketa\\\/#primaryimage\"},\"thumbnailUrl\":\"https:\\\/\\\/i0.wp.com\\\/musikaliaelkartea.eus\\\/wp-content\\\/uploads\\\/2019\\\/01\\\/egin-zaitez-bazkide-1.jpg?fit=1500%2C500\",\"articleSection\":[\"Uncategorized\"],\"inLanguage\":\"es\"},{\"@type\":\"WebPage\",\"@id\":\"http:\\\/\\\/musikaliaelkartea.eus\\\/2019\\\/01\\\/28\\\/urteko-afaria-kontzertuen-errepasoa-sari-banaketa\\\/\",\"url\":\"http:\\\/\\\/musikaliaelkartea.eus\\\/2019\\\/01\\\/28\\\/urteko-afaria-kontzertuen-errepasoa-sari-banaketa\\\/\",\"name\":\"[:eu]Urteko afaria: Kontzertuen errepasoa, sari banaketa...[:es]Cena anual: Repaso de los conciertos, entrega de premios...[:] - Musikalia Elkartea\",\"isPartOf\":{\"@id\":\"http:\\\/\\\/musikaliaelkartea.eus\\\/es\\\/#website\"},\"primaryImageOfPage\":{\"@id\":\"http:\\\/\\\/musikaliaelkartea.eus\\\/2019\\\/01\\\/28\\\/urteko-afaria-kontzertuen-errepasoa-sari-banaketa\\\/#primaryimage\"},\"image\":{\"@id\":\"http:\\\/\\\/musikaliaelkartea.eus\\\/2019\\\/01\\\/28\\\/urteko-afaria-kontzertuen-errepasoa-sari-banaketa\\\/#primaryimage\"},\"thumbnailUrl\":\"https:\\\/\\\/i0.wp.com\\\/musikaliaelkartea.eus\\\/wp-content\\\/uploads\\\/2019\\\/01\\\/egin-zaitez-bazkide-1.jpg?fit=1500%2C500\",\"datePublished\":\"2019-01-28T13:38:06+00:00\",\"dateModified\":\"2019-06-28T14:30:47+00:00\",\"breadcrumb\":{\"@id\":\"http:\\\/\\\/musikaliaelkartea.eus\\\/2019\\\/01\\\/28\\\/urteko-afaria-kontzertuen-errepasoa-sari-banaketa\\\/#breadcrumb\"},\"inLanguage\":\"es\",\"potentialAction\":[{\"@type\":\"ReadAction\",\"target\":[\"http:\\\/\\\/musikaliaelkartea.eus\\\/2019\\\/01\\\/28\\\/urteko-afaria-kontzertuen-errepasoa-sari-banaketa\\\/\"]}]},{\"@type\":\"ImageObject\",\"inLanguage\":\"es\",\"@id\":\"http:\\\/\\\/musikaliaelkartea.eus\\\/2019\\\/01\\\/28\\\/urteko-afaria-kontzertuen-errepasoa-sari-banaketa\\\/#primaryimage\",\"url\":\"https:\\\/\\\/i0.wp.com\\\/musikaliaelkartea.eus\\\/wp-content\\\/uploads\\\/2019\\\/01\\\/egin-zaitez-bazkide-1.jpg?fit=1500%2C500\",\"contentUrl\":\"https:\\\/\\\/i0.wp.com\\\/musikaliaelkartea.eus\\\/wp-content\\\/uploads\\\/2019\\\/01\\\/egin-zaitez-bazkide-1.jpg?fit=1500%2C500\",\"width\":1500,\"height\":500},{\"@type\":\"BreadcrumbList\",\"@id\":\"http:\\\/\\\/musikaliaelkartea.eus\\\/2019\\\/01\\\/28\\\/urteko-afaria-kontzertuen-errepasoa-sari-banaketa\\\/#breadcrumb\",\"itemListElement\":[{\"@type\":\"ListItem\",\"position\":1,\"name\":\"Home\",\"item\":\"http:\\\/\\\/musikaliaelkartea.eus\\\/es\\\/\"},{\"@type\":\"ListItem\",\"position\":2,\"name\":\"Urteko afaria: Kontzertuen errepasoa, sari banaketa&#8230;\"}]},{\"@type\":\"WebSite\",\"@id\":\"http:\\\/\\\/musikaliaelkartea.eus\\\/es\\\/#website\",\"url\":\"http:\\\/\\\/musikaliaelkartea.eus\\\/es\\\/\",\"name\":\"Musikalia Elkartea\",\"description\":\"\",\"publisher\":{\"@id\":\"http:\\\/\\\/musikaliaelkartea.eus\\\/es\\\/#organization\"},\"potentialAction\":[{\"@type\":\"SearchAction\",\"target\":{\"@type\":\"EntryPoint\",\"urlTemplate\":\"http:\\\/\\\/musikaliaelkartea.eus\\\/es\\\/?s={search_term_string}\"},\"query-input\":{\"@type\":\"PropertyValueSpecification\",\"valueRequired\":true,\"valueName\":\"search_term_string\"}}],\"inLanguage\":\"es\"},{\"@type\":\"Organization\",\"@id\":\"http:\\\/\\\/musikaliaelkartea.eus\\\/es\\\/#organization\",\"name\":\"Getxoko Andres Isasi Musikalia Elkartea\",\"url\":\"http:\\\/\\\/musikaliaelkartea.eus\\\/es\\\/\",\"logo\":{\"@type\":\"ImageObject\",\"inLanguage\":\"es\",\"@id\":\"http:\\\/\\\/musikaliaelkartea.eus\\\/es\\\/#\\\/schema\\\/logo\\\/image\\\/\",\"url\":\"https:\\\/\\\/i0.wp.com\\\/musikaliaelkartea.eus\\\/wp-content\\\/uploads\\\/2025\\\/03\\\/cropped-MUSIKALIA-LOGO-LARGO.png?fit=5455%2C1928\",\"contentUrl\":\"https:\\\/\\\/i0.wp.com\\\/musikaliaelkartea.eus\\\/wp-content\\\/uploads\\\/2025\\\/03\\\/cropped-MUSIKALIA-LOGO-LARGO.png?fit=5455%2C1928\",\"width\":5455,\"height\":1928,\"caption\":\"Getxoko Andres Isasi Musikalia Elkartea\"},\"image\":{\"@id\":\"http:\\\/\\\/musikaliaelkartea.eus\\\/es\\\/#\\\/schema\\\/logo\\\/image\\\/\"},\"sameAs\":[\"https:\\\/\\\/www.facebook.com\\\/musikaliaelkartea\",\"https:\\\/\\\/www.instagram.com\\\/musikaliaelkartea\\\/\",\"https:\\\/\\\/www.youtube.com\\\/channel\\\/UCYG_UH_Rv-34wbmS8nQ7mpg\"]},{\"@type\":\"Person\",\"@id\":\"http:\\\/\\\/musikaliaelkartea.eus\\\/es\\\/#\\\/schema\\\/person\\\/14029d72e7fe33dcc3b5b67080703aab\",\"name\":\"Musikalia\",\"image\":{\"@type\":\"ImageObject\",\"inLanguage\":\"es\",\"@id\":\"https:\\\/\\\/secure.gravatar.com\\\/avatar\\\/4cedd4863d0dc30f70d9375282b4f70545dbeb2a5fec482325b3b89efe2dd5e3?s=96&d=mm&r=g\",\"url\":\"https:\\\/\\\/secure.gravatar.com\\\/avatar\\\/4cedd4863d0dc30f70d9375282b4f70545dbeb2a5fec482325b3b89efe2dd5e3?s=96&d=mm&r=g\",\"contentUrl\":\"https:\\\/\\\/secure.gravatar.com\\\/avatar\\\/4cedd4863d0dc30f70d9375282b4f70545dbeb2a5fec482325b3b89efe2dd5e3?s=96&d=mm&r=g\",\"caption\":\"Musikalia\"},\"url\":\"http:\\\/\\\/musikaliaelkartea.eus\\\/es\\\/author\\\/musikalia\\\/\"}]}<\/script>\n<!-- \/ Yoast SEO plugin. -->","yoast_head_json":{"title":"[:eu]Urteko afaria: Kontzertuen errepasoa, sari banaketa...[:es]Cena anual: Repaso de los conciertos, entrega de premios...[:] - Musikalia Elkartea","robots":{"index":"index","follow":"follow","max-snippet":"max-snippet:-1","max-image-preview":"max-image-preview:large","max-video-preview":"max-video-preview:-1"},"canonical":"http:\/\/musikaliaelkartea.eus\/2019\/01\/28\/urteko-afaria-kontzertuen-errepasoa-sari-banaketa\/","og_locale":"es_ES","og_type":"article","og_title":"[:eu]Urteko afaria: Kontzertuen errepasoa, sari banaketa...[:es]Cena anual: Repaso de los conciertos, entrega de premios...[:] - Musikalia Elkartea","og_description":"El pasado s\u00e1bado, celebramos la cena anual de la asociaci\u00f3n. Dejamos a un lado los instrumentos y nos sentamos al rededor de la mesa juntoView More","og_url":"http:\/\/musikaliaelkartea.eus\/2019\/01\/28\/urteko-afaria-kontzertuen-errepasoa-sari-banaketa\/","og_site_name":"Musikalia Elkartea","article_publisher":"https:\/\/www.facebook.com\/musikaliaelkartea","article_published_time":"2019-01-28T13:38:06+00:00","article_modified_time":"2019-06-28T14:30:47+00:00","og_image":[{"width":1500,"height":500,"url":"https:\/\/i0.wp.com\/musikaliaelkartea.eus\/wp-content\/uploads\/2019\/01\/egin-zaitez-bazkide-1.jpg?fit=1500%2C500","type":"image\/jpeg"}],"author":"Musikalia","twitter_card":"summary_large_image","twitter_misc":{"Escrito por":"Musikalia","Tiempo de lectura":"1 minuto"},"schema":{"@context":"https:\/\/schema.org","@graph":[{"@type":"Article","@id":"http:\/\/musikaliaelkartea.eus\/2019\/01\/28\/urteko-afaria-kontzertuen-errepasoa-sari-banaketa\/#article","isPartOf":{"@id":"http:\/\/musikaliaelkartea.eus\/2019\/01\/28\/urteko-afaria-kontzertuen-errepasoa-sari-banaketa\/"},"author":{"name":"Musikalia","@id":"http:\/\/musikaliaelkartea.eus\/es\/#\/schema\/person\/14029d72e7fe33dcc3b5b67080703aab"},"headline":"Cena anual: Repaso de los conciertos, entrega de premios&#8230;","datePublished":"2019-01-28T13:38:06+00:00","dateModified":"2019-06-28T14:30:47+00:00","mainEntityOfPage":{"@id":"http:\/\/musikaliaelkartea.eus\/2019\/01\/28\/urteko-afaria-kontzertuen-errepasoa-sari-banaketa\/"},"wordCount":154,"publisher":{"@id":"http:\/\/musikaliaelkartea.eus\/es\/#organization"},"image":{"@id":"http:\/\/musikaliaelkartea.eus\/2019\/01\/28\/urteko-afaria-kontzertuen-errepasoa-sari-banaketa\/#primaryimage"},"thumbnailUrl":"https:\/\/i0.wp.com\/musikaliaelkartea.eus\/wp-content\/uploads\/2019\/01\/egin-zaitez-bazkide-1.jpg?fit=1500%2C500","articleSection":["Uncategorized"],"inLanguage":"es"},{"@type":"WebPage","@id":"http:\/\/musikaliaelkartea.eus\/2019\/01\/28\/urteko-afaria-kontzertuen-errepasoa-sari-banaketa\/","url":"http:\/\/musikaliaelkartea.eus\/2019\/01\/28\/urteko-afaria-kontzertuen-errepasoa-sari-banaketa\/","name":"[:eu]Urteko afaria: Kontzertuen errepasoa, sari banaketa...[:es]Cena anual: Repaso de los conciertos, entrega de premios...[:] - Musikalia Elkartea","isPartOf":{"@id":"http:\/\/musikaliaelkartea.eus\/es\/#website"},"primaryImageOfPage":{"@id":"http:\/\/musikaliaelkartea.eus\/2019\/01\/28\/urteko-afaria-kontzertuen-errepasoa-sari-banaketa\/#primaryimage"},"image":{"@id":"http:\/\/musikaliaelkartea.eus\/2019\/01\/28\/urteko-afaria-kontzertuen-errepasoa-sari-banaketa\/#primaryimage"},"thumbnailUrl":"https:\/\/i0.wp.com\/musikaliaelkartea.eus\/wp-content\/uploads\/2019\/01\/egin-zaitez-bazkide-1.jpg?fit=1500%2C500","datePublished":"2019-01-28T13:38:06+00:00","dateModified":"2019-06-28T14:30:47+00:00","breadcrumb":{"@id":"http:\/\/musikaliaelkartea.eus\/2019\/01\/28\/urteko-afaria-kontzertuen-errepasoa-sari-banaketa\/#breadcrumb"},"inLanguage":"es","potentialAction":[{"@type":"ReadAction","target":["http:\/\/musikaliaelkartea.eus\/2019\/01\/28\/urteko-afaria-kontzertuen-errepasoa-sari-banaketa\/"]}]},{"@type":"ImageObject","inLanguage":"es","@id":"http:\/\/musikaliaelkartea.eus\/2019\/01\/28\/urteko-afaria-kontzertuen-errepasoa-sari-banaketa\/#primaryimage","url":"https:\/\/i0.wp.com\/musikaliaelkartea.eus\/wp-content\/uploads\/2019\/01\/egin-zaitez-bazkide-1.jpg?fit=1500%2C500","contentUrl":"https:\/\/i0.wp.com\/musikaliaelkartea.eus\/wp-content\/uploads\/2019\/01\/egin-zaitez-bazkide-1.jpg?fit=1500%2C500","width":1500,"height":500},{"@type":"BreadcrumbList","@id":"http:\/\/musikaliaelkartea.eus\/2019\/01\/28\/urteko-afaria-kontzertuen-errepasoa-sari-banaketa\/#breadcrumb","itemListElement":[{"@type":"ListItem","position":1,"name":"Home","item":"http:\/\/musikaliaelkartea.eus\/es\/"},{"@type":"ListItem","position":2,"name":"Urteko afaria: Kontzertuen errepasoa, sari banaketa&#8230;"}]},{"@type":"WebSite","@id":"http:\/\/musikaliaelkartea.eus\/es\/#website","url":"http:\/\/musikaliaelkartea.eus\/es\/","name":"Musikalia Elkartea","description":"","publisher":{"@id":"http:\/\/musikaliaelkartea.eus\/es\/#organization"},"potentialAction":[{"@type":"SearchAction","target":{"@type":"EntryPoint","urlTemplate":"http:\/\/musikaliaelkartea.eus\/es\/?s={search_term_string}"},"query-input":{"@type":"PropertyValueSpecification","valueRequired":true,"valueName":"search_term_string"}}],"inLanguage":"es"},{"@type":"Organization","@id":"http:\/\/musikaliaelkartea.eus\/es\/#organization","name":"Getxoko Andres Isasi Musikalia Elkartea","url":"http:\/\/musikaliaelkartea.eus\/es\/","logo":{"@type":"ImageObject","inLanguage":"es","@id":"http:\/\/musikaliaelkartea.eus\/es\/#\/schema\/logo\/image\/","url":"https:\/\/i0.wp.com\/musikaliaelkartea.eus\/wp-content\/uploads\/2025\/03\/cropped-MUSIKALIA-LOGO-LARGO.png?fit=5455%2C1928","contentUrl":"https:\/\/i0.wp.com\/musikaliaelkartea.eus\/wp-content\/uploads\/2025\/03\/cropped-MUSIKALIA-LOGO-LARGO.png?fit=5455%2C1928","width":5455,"height":1928,"caption":"Getxoko Andres Isasi Musikalia Elkartea"},"image":{"@id":"http:\/\/musikaliaelkartea.eus\/es\/#\/schema\/logo\/image\/"},"sameAs":["https:\/\/www.facebook.com\/musikaliaelkartea","https:\/\/www.instagram.com\/musikaliaelkartea\/","https:\/\/www.youtube.com\/channel\/UCYG_UH_Rv-34wbmS8nQ7mpg"]},{"@type":"Person","@id":"http:\/\/musikaliaelkartea.eus\/es\/#\/schema\/person\/14029d72e7fe33dcc3b5b67080703aab","name":"Musikalia","image":{"@type":"ImageObject","inLanguage":"es","@id":"https:\/\/secure.gravatar.com\/avatar\/4cedd4863d0dc30f70d9375282b4f70545dbeb2a5fec482325b3b89efe2dd5e3?s=96&d=mm&r=g","url":"https:\/\/secure.gravatar.com\/avatar\/4cedd4863d0dc30f70d9375282b4f70545dbeb2a5fec482325b3b89efe2dd5e3?s=96&d=mm&r=g","contentUrl":"https:\/\/secure.gravatar.com\/avatar\/4cedd4863d0dc30f70d9375282b4f70545dbeb2a5fec482325b3b89efe2dd5e3?s=96&d=mm&r=g","caption":"Musikalia"},"url":"http:\/\/musikaliaelkartea.eus\/es\/author\/musikalia\/"}]}},"jetpack_featured_media_url":"https:\/\/i0.wp.com\/musikaliaelkartea.eus\/wp-content\/uploads\/2019\/01\/egin-zaitez-bazkide-1.jpg?fit=1500%2C500","jetpack_sharing_enabled":true,"jetpack_shortlink":"https:\/\/wp.me\/p8OhQz-xe","_links":{"self":[{"href":"http:\/\/musikaliaelkartea.eus\/es\/wp-json\/wp\/v2\/posts\/2060","targetHints":{"allow":["GET"]}}],"collection":[{"href":"http:\/\/musikaliaelkartea.eus\/es\/wp-json\/wp\/v2\/posts"}],"about":[{"href":"http:\/\/musikaliaelkartea.eus\/es\/wp-json\/wp\/v2\/types\/post"}],"author":[{"embeddable":true,"href":"http:\/\/musikaliaelkartea.eus\/es\/wp-json\/wp\/v2\/users\/2"}],"replies":[{"embeddable":true,"href":"http:\/\/musikaliaelkartea.eus\/es\/wp-json\/wp\/v2\/comments?post=2060"}],"version-history":[{"count":2,"href":"http:\/\/musikaliaelkartea.eus\/es\/wp-json\/wp\/v2\/posts\/2060\/revisions"}],"predecessor-version":[{"id":2062,"href":"http:\/\/musikaliaelkartea.eus\/es\/wp-json\/wp\/v2\/posts\/2060\/revisions\/2062"}],"wp:featuredmedia":[{"embeddable":true,"href":"http:\/\/musikaliaelkartea.eus\/es\/wp-json\/wp\/v2\/media\/2063"}],"wp:attachment":[{"href":"http:\/\/musikaliaelkartea.eus\/es\/wp-json\/wp\/v2\/media?parent=2060"}],"wp:term":[{"taxonomy":"category","embeddable":true,"href":"http:\/\/musikaliaelkartea.eus\/es\/wp-json\/wp\/v2\/categories?post=2060"},{"taxonomy":"post_tag","embeddable":true,"href":"http:\/\/musikaliaelkartea.eus\/es\/wp-json\/wp\/v2\/tags?post=2060"}],"curies":[{"name":"wp","href":"https:\/\/api.w.org\/{rel}","templated":true}]}}