{"id":1742,"date":"2018-11-02T14:04:42","date_gmt":"2018-11-02T14:04:42","guid":{"rendered":"http:\/\/musikaliaelkartea.eus\/?p=1742"},"modified":"2019-06-28T14:30:52","modified_gmt":"2019-06-28T14:30:52","slug":"musikalia-banda-sorgina-txirulina","status":"publish","type":"post","link":"http:\/\/musikaliaelkartea.eus\/es\/2018\/11\/02\/musikalia-banda-sorgina-txirulina\/","title":{"rendered":"Musikalia Banda &#038; Sorgina Txirulina"},"content":{"rendered":"<p><figure id=\"attachment_1748\" aria-describedby=\"caption-attachment-1748\" style=\"width: 212px\" class=\"wp-caption alignright\"><a href=\"https:\/\/drive.google.com\/file\/d\/1Lnu4db8gEeQNW0jVMMacFdmHcR_OD8eZ\/view?usp=sharing\"><img data-recalc-dims=\"1\" fetchpriority=\"high\" decoding=\"async\" data-attachment-id=\"1748\" data-permalink=\"http:\/\/musikaliaelkartea.eus\/es\/2018\/11\/02\/musikalia-banda-sorgina-txirulina\/animation-3\/\" data-orig-file=\"https:\/\/i0.wp.com\/musikaliaelkartea.eus\/wp-content\/uploads\/2018\/11\/animation-3.gif?fit=792%2C1122\" data-orig-size=\"792,1122\" data-comments-opened=\"1\" data-image-meta=\"{&quot;aperture&quot;:&quot;0&quot;,&quot;credit&quot;:&quot;&quot;,&quot;camera&quot;:&quot;&quot;,&quot;caption&quot;:&quot;&quot;,&quot;created_timestamp&quot;:&quot;0&quot;,&quot;copyright&quot;:&quot;&quot;,&quot;focal_length&quot;:&quot;0&quot;,&quot;iso&quot;:&quot;0&quot;,&quot;shutter_speed&quot;:&quot;0&quot;,&quot;title&quot;:&quot;&quot;,&quot;orientation&quot;:&quot;0&quot;}\" data-image-title=\"animation (3)\" data-image-description=\"\" data-image-caption=\"\" data-large-file=\"https:\/\/i0.wp.com\/musikaliaelkartea.eus\/wp-content\/uploads\/2018\/11\/animation-3.gif?fit=723%2C1024\" class=\"wp-image-1748 size-medium\" src=\"https:\/\/i0.wp.com\/musikaliaelkartea.eus\/wp-content\/uploads\/2018\/11\/animation-3.gif?resize=212%2C300\" alt=\"\" width=\"212\" height=\"300\" srcset=\"https:\/\/i0.wp.com\/musikaliaelkartea.eus\/wp-content\/uploads\/2018\/11\/animation-3.gif?resize=212%2C300 212w, https:\/\/i0.wp.com\/musikaliaelkartea.eus\/wp-content\/uploads\/2018\/11\/animation-3.gif?resize=768%2C1088 768w, https:\/\/i0.wp.com\/musikaliaelkartea.eus\/wp-content\/uploads\/2018\/11\/animation-3.gif?resize=723%2C1024 723w\" sizes=\"(max-width: 212px) 100vw, 212px\" \/><\/a><figcaption id=\"caption-attachment-1748\" class=\"wp-caption-text\">Para descargar el flayer, pinche aqu\u00ed<\/figcaption><\/figure><\/p>\n<p><a href=\"http:\/\/musikaliaelkartea.eus\/2018\/10\/16\/ipuin-kontaketa-musikatua\/\">Musikalia la banda &amp; Sorgina Txirulina<\/a> es la propuesta de este a\u00f1o para celebrar el d\u00eda de los m\u00fasicos. Como el a\u00f1o anterior, el espect\u00e1culo estar\u00e1 dirigido sobre todo a los m\u00e1s j\u00f3venes aunque cualquier espectador podr\u00e1 disfrutar de la m\u00fasica y los cuentos es euskera.<br \/>\nDurante el concierto se podr\u00e1 disfrutar de algunas obras interpretadas por la banda de Musikalia junto con los relatos de la Sorgina. Con esta colaboraci\u00f3n queremos acercar la literatura y la m\u00fasica a los peque\u00f1os de la casa.<br \/>\nEl concierto ser\u00e1 en la escuela de musical de Las Arenas, el 25 de noviembre a las 17: 30. Como la entrada estar\u00e1 controlada por medio de invitaciones, estas se podr\u00e1n conseguir en los siguientes puntos:<\/p>\n<ul>\n<li>En la recepci\u00f3n de la escuela de m\u00fasica de Las Arenas (<strong><span style=\"color: #ff0000;\">AGOTADAS<\/span><\/strong>)<\/li>\n<li>En la recepci\u00f3n de la escuela de m\u00fasica de Algorta (<span style=\"color: #ff0000;\"><strong>AGOTADAS<\/strong><\/span>)<\/li>\n<li><span style=\"color: #008000;\"><span style=\"color: #808080;\">P\u00e1gina web<\/span><\/span><strong><span style=\"color: #008000;\"> (<span style=\"color: #ff0000;\">AGOTADAS<\/span>)<\/span><\/strong><\/li>\n<\/ul>\n<p><img data-recalc-dims=\"1\" decoding=\"async\" data-attachment-id=\"1820\" data-permalink=\"http:\/\/musikaliaelkartea.eus\/es\/2018\/11\/02\/musikalia-banda-sorgina-txirulina\/animation\/\" data-orig-file=\"https:\/\/i0.wp.com\/musikaliaelkartea.eus\/wp-content\/uploads\/2018\/11\/animation.gif?fit=820%2C312\" data-orig-size=\"820,312\" data-comments-opened=\"1\" data-image-meta=\"{&quot;aperture&quot;:&quot;0&quot;,&quot;credit&quot;:&quot;&quot;,&quot;camera&quot;:&quot;&quot;,&quot;caption&quot;:&quot;&quot;,&quot;created_timestamp&quot;:&quot;0&quot;,&quot;copyright&quot;:&quot;&quot;,&quot;focal_length&quot;:&quot;0&quot;,&quot;iso&quot;:&quot;0&quot;,&quot;shutter_speed&quot;:&quot;0&quot;,&quot;title&quot;:&quot;&quot;,&quot;orientation&quot;:&quot;0&quot;}\" data-image-title=\"animation\" data-image-description=\"\" data-image-caption=\"\" data-large-file=\"https:\/\/i0.wp.com\/musikaliaelkartea.eus\/wp-content\/uploads\/2018\/11\/animation.gif?fit=820%2C312\" class=\"wp-image-1820 size-apostrophe-logo aligncenter\" src=\"https:\/\/i0.wp.com\/musikaliaelkartea.eus\/wp-content\/uploads\/2018\/11\/animation.gif?resize=723%2C275\" alt=\"\" width=\"723\" height=\"275\" srcset=\"https:\/\/i0.wp.com\/musikaliaelkartea.eus\/wp-content\/uploads\/2018\/11\/animation.gif?resize=788%2C300 788w, https:\/\/i0.wp.com\/musikaliaelkartea.eus\/wp-content\/uploads\/2018\/11\/animation.gif?resize=300%2C114 300w, https:\/\/i0.wp.com\/musikaliaelkartea.eus\/wp-content\/uploads\/2018\/11\/animation.gif?resize=768%2C292 768w\" sizes=\"(max-width: 723px) 100vw, 723px\" \/><\/p>\n<p>&nbsp;<\/p>","protected":false},"excerpt":{"rendered":"<p>Musikalia la banda &amp; Sorgina Txirulina es la propuesta de este a\u00f1o para celebrar el d\u00eda de los m\u00fasicos. Como el a\u00f1o anterior, el espect\u00e1culo<a href=\"http:\/\/musikaliaelkartea.eus\/es\/2018\/11\/02\/musikalia-banda-sorgina-txirulina\/\" class=\"more-link\">View More<\/a><\/p>\n","protected":false},"author":2,"featured_media":1744,"comment_status":"closed","ping_status":"open","sticky":false,"template":"","format":"standard","meta":{"jetpack_post_was_ever_published":false,"_jetpack_newsletter_access":"","_jetpack_dont_email_post_to_subs":false,"_jetpack_newsletter_tier_id":0,"_jetpack_memberships_contains_paywalled_content":false,"_jetpack_memberships_contains_paid_content":false,"footnotes":""},"categories":[1],"tags":[],"class_list":["post-1742","post","type-post","status-publish","format-standard","has-post-thumbnail","hentry","category-uncategorized"],"yoast_head":"<!-- This site is optimized with the Yoast SEO plugin v27.4 - https:\/\/yoast.com\/product\/yoast-seo-wordpress\/ -->\n<title>Musikalia Banda &amp; Sorgina Txirulina - Musikalia Elkartea<\/title>\n<meta name=\"robots\" content=\"index, follow, max-snippet:-1, max-image-preview:large, max-video-preview:-1\" \/>\n<link rel=\"canonical\" href=\"http:\/\/musikaliaelkartea.eus\/2018\/11\/02\/musikalia-banda-sorgina-txirulina\/\" \/>\n<meta property=\"og:locale\" content=\"es_ES\" \/>\n<meta property=\"og:type\" content=\"article\" \/>\n<meta property=\"og:title\" content=\"Musikalia Banda &amp; Sorgina Txirulina - Musikalia Elkartea\" \/>\n<meta property=\"og:description\" content=\"Musikalia la banda &amp; Sorgina Txirulina es la propuesta de este a\u00f1o para celebrar el d\u00eda de los m\u00fasicos. Como el a\u00f1o anterior, el espect\u00e1culoView More\" \/>\n<meta property=\"og:url\" content=\"http:\/\/musikaliaelkartea.eus\/2018\/11\/02\/musikalia-banda-sorgina-txirulina\/\" \/>\n<meta property=\"og:site_name\" content=\"Musikalia Elkartea\" \/>\n<meta property=\"article:publisher\" content=\"https:\/\/www.facebook.com\/musikaliaelkartea\" \/>\n<meta property=\"article:published_time\" content=\"2018-11-02T14:04:42+00:00\" \/>\n<meta property=\"article:modified_time\" content=\"2019-06-28T14:30:52+00:00\" \/>\n<meta property=\"og:image\" content=\"https:\/\/i0.wp.com\/musikaliaelkartea.eus\/wp-content\/uploads\/2018\/11\/678.jpg?fit=908%2C348\" \/>\n\t<meta property=\"og:image:width\" content=\"908\" \/>\n\t<meta property=\"og:image:height\" content=\"348\" \/>\n\t<meta property=\"og:image:type\" content=\"image\/jpeg\" \/>\n<meta name=\"author\" content=\"Musikalia\" \/>\n<meta name=\"twitter:card\" content=\"summary_large_image\" \/>\n<meta name=\"twitter:label1\" content=\"Escrito por\" \/>\n\t<meta name=\"twitter:data1\" content=\"Musikalia\" \/>\n\t<meta name=\"twitter:label2\" content=\"Tiempo de lectura\" \/>\n\t<meta name=\"twitter:data2\" content=\"1 minuto\" \/>\n<script type=\"application\/ld+json\" class=\"yoast-schema-graph\">{\"@context\":\"https:\\\/\\\/schema.org\",\"@graph\":[{\"@type\":\"Article\",\"@id\":\"http:\\\/\\\/musikaliaelkartea.eus\\\/2018\\\/11\\\/02\\\/musikalia-banda-sorgina-txirulina\\\/#article\",\"isPartOf\":{\"@id\":\"http:\\\/\\\/musikaliaelkartea.eus\\\/2018\\\/11\\\/02\\\/musikalia-banda-sorgina-txirulina\\\/\"},\"author\":{\"name\":\"Musikalia\",\"@id\":\"http:\\\/\\\/musikaliaelkartea.eus\\\/es\\\/#\\\/schema\\\/person\\\/14029d72e7fe33dcc3b5b67080703aab\"},\"headline\":\"Musikalia Banda &#038; Sorgina Txirulina\",\"datePublished\":\"2018-11-02T14:04:42+00:00\",\"dateModified\":\"2019-06-28T14:30:52+00:00\",\"mainEntityOfPage\":{\"@id\":\"http:\\\/\\\/musikaliaelkartea.eus\\\/2018\\\/11\\\/02\\\/musikalia-banda-sorgina-txirulina\\\/\"},\"wordCount\":289,\"publisher\":{\"@id\":\"http:\\\/\\\/musikaliaelkartea.eus\\\/es\\\/#organization\"},\"image\":{\"@id\":\"http:\\\/\\\/musikaliaelkartea.eus\\\/2018\\\/11\\\/02\\\/musikalia-banda-sorgina-txirulina\\\/#primaryimage\"},\"thumbnailUrl\":\"https:\\\/\\\/i0.wp.com\\\/musikaliaelkartea.eus\\\/wp-content\\\/uploads\\\/2018\\\/11\\\/678.jpg?fit=908%2C348\",\"articleSection\":[\"Uncategorized\"],\"inLanguage\":\"es\"},{\"@type\":\"WebPage\",\"@id\":\"http:\\\/\\\/musikaliaelkartea.eus\\\/2018\\\/11\\\/02\\\/musikalia-banda-sorgina-txirulina\\\/\",\"url\":\"http:\\\/\\\/musikaliaelkartea.eus\\\/2018\\\/11\\\/02\\\/musikalia-banda-sorgina-txirulina\\\/\",\"name\":\"Musikalia Banda & Sorgina Txirulina - Musikalia Elkartea\",\"isPartOf\":{\"@id\":\"http:\\\/\\\/musikaliaelkartea.eus\\\/es\\\/#website\"},\"primaryImageOfPage\":{\"@id\":\"http:\\\/\\\/musikaliaelkartea.eus\\\/2018\\\/11\\\/02\\\/musikalia-banda-sorgina-txirulina\\\/#primaryimage\"},\"image\":{\"@id\":\"http:\\\/\\\/musikaliaelkartea.eus\\\/2018\\\/11\\\/02\\\/musikalia-banda-sorgina-txirulina\\\/#primaryimage\"},\"thumbnailUrl\":\"https:\\\/\\\/i0.wp.com\\\/musikaliaelkartea.eus\\\/wp-content\\\/uploads\\\/2018\\\/11\\\/678.jpg?fit=908%2C348\",\"datePublished\":\"2018-11-02T14:04:42+00:00\",\"dateModified\":\"2019-06-28T14:30:52+00:00\",\"breadcrumb\":{\"@id\":\"http:\\\/\\\/musikaliaelkartea.eus\\\/2018\\\/11\\\/02\\\/musikalia-banda-sorgina-txirulina\\\/#breadcrumb\"},\"inLanguage\":\"es\",\"potentialAction\":[{\"@type\":\"ReadAction\",\"target\":[\"http:\\\/\\\/musikaliaelkartea.eus\\\/2018\\\/11\\\/02\\\/musikalia-banda-sorgina-txirulina\\\/\"]}]},{\"@type\":\"ImageObject\",\"inLanguage\":\"es\",\"@id\":\"http:\\\/\\\/musikaliaelkartea.eus\\\/2018\\\/11\\\/02\\\/musikalia-banda-sorgina-txirulina\\\/#primaryimage\",\"url\":\"https:\\\/\\\/i0.wp.com\\\/musikaliaelkartea.eus\\\/wp-content\\\/uploads\\\/2018\\\/11\\\/678.jpg?fit=908%2C348\",\"contentUrl\":\"https:\\\/\\\/i0.wp.com\\\/musikaliaelkartea.eus\\\/wp-content\\\/uploads\\\/2018\\\/11\\\/678.jpg?fit=908%2C348\",\"width\":908,\"height\":348},{\"@type\":\"BreadcrumbList\",\"@id\":\"http:\\\/\\\/musikaliaelkartea.eus\\\/2018\\\/11\\\/02\\\/musikalia-banda-sorgina-txirulina\\\/#breadcrumb\",\"itemListElement\":[{\"@type\":\"ListItem\",\"position\":1,\"name\":\"Home\",\"item\":\"http:\\\/\\\/musikaliaelkartea.eus\\\/es\\\/\"},{\"@type\":\"ListItem\",\"position\":2,\"name\":\"Musikalia Banda &#038; Sorgina Txirulina\"}]},{\"@type\":\"WebSite\",\"@id\":\"http:\\\/\\\/musikaliaelkartea.eus\\\/es\\\/#website\",\"url\":\"http:\\\/\\\/musikaliaelkartea.eus\\\/es\\\/\",\"name\":\"Musikalia Elkartea\",\"description\":\"\",\"publisher\":{\"@id\":\"http:\\\/\\\/musikaliaelkartea.eus\\\/es\\\/#organization\"},\"potentialAction\":[{\"@type\":\"SearchAction\",\"target\":{\"@type\":\"EntryPoint\",\"urlTemplate\":\"http:\\\/\\\/musikaliaelkartea.eus\\\/es\\\/?s={search_term_string}\"},\"query-input\":{\"@type\":\"PropertyValueSpecification\",\"valueRequired\":true,\"valueName\":\"search_term_string\"}}],\"inLanguage\":\"es\"},{\"@type\":\"Organization\",\"@id\":\"http:\\\/\\\/musikaliaelkartea.eus\\\/es\\\/#organization\",\"name\":\"Getxoko Andres Isasi Musikalia Elkartea\",\"url\":\"http:\\\/\\\/musikaliaelkartea.eus\\\/es\\\/\",\"logo\":{\"@type\":\"ImageObject\",\"inLanguage\":\"es\",\"@id\":\"http:\\\/\\\/musikaliaelkartea.eus\\\/es\\\/#\\\/schema\\\/logo\\\/image\\\/\",\"url\":\"https:\\\/\\\/i0.wp.com\\\/musikaliaelkartea.eus\\\/wp-content\\\/uploads\\\/2025\\\/03\\\/cropped-MUSIKALIA-LOGO-LARGO.png?fit=5455%2C1928\",\"contentUrl\":\"https:\\\/\\\/i0.wp.com\\\/musikaliaelkartea.eus\\\/wp-content\\\/uploads\\\/2025\\\/03\\\/cropped-MUSIKALIA-LOGO-LARGO.png?fit=5455%2C1928\",\"width\":5455,\"height\":1928,\"caption\":\"Getxoko Andres Isasi Musikalia Elkartea\"},\"image\":{\"@id\":\"http:\\\/\\\/musikaliaelkartea.eus\\\/es\\\/#\\\/schema\\\/logo\\\/image\\\/\"},\"sameAs\":[\"https:\\\/\\\/www.facebook.com\\\/musikaliaelkartea\",\"https:\\\/\\\/www.instagram.com\\\/musikaliaelkartea\\\/\",\"https:\\\/\\\/www.youtube.com\\\/channel\\\/UCYG_UH_Rv-34wbmS8nQ7mpg\"]},{\"@type\":\"Person\",\"@id\":\"http:\\\/\\\/musikaliaelkartea.eus\\\/es\\\/#\\\/schema\\\/person\\\/14029d72e7fe33dcc3b5b67080703aab\",\"name\":\"Musikalia\",\"image\":{\"@type\":\"ImageObject\",\"inLanguage\":\"es\",\"@id\":\"https:\\\/\\\/secure.gravatar.com\\\/avatar\\\/4cedd4863d0dc30f70d9375282b4f70545dbeb2a5fec482325b3b89efe2dd5e3?s=96&d=mm&r=g\",\"url\":\"https:\\\/\\\/secure.gravatar.com\\\/avatar\\\/4cedd4863d0dc30f70d9375282b4f70545dbeb2a5fec482325b3b89efe2dd5e3?s=96&d=mm&r=g\",\"contentUrl\":\"https:\\\/\\\/secure.gravatar.com\\\/avatar\\\/4cedd4863d0dc30f70d9375282b4f70545dbeb2a5fec482325b3b89efe2dd5e3?s=96&d=mm&r=g\",\"caption\":\"Musikalia\"},\"url\":\"http:\\\/\\\/musikaliaelkartea.eus\\\/es\\\/author\\\/musikalia\\\/\"}]}<\/script>\n<!-- \/ Yoast SEO plugin. -->","yoast_head_json":{"title":"Musikalia Banda & Sorgina Txirulina - Musikalia Elkartea","robots":{"index":"index","follow":"follow","max-snippet":"max-snippet:-1","max-image-preview":"max-image-preview:large","max-video-preview":"max-video-preview:-1"},"canonical":"http:\/\/musikaliaelkartea.eus\/2018\/11\/02\/musikalia-banda-sorgina-txirulina\/","og_locale":"es_ES","og_type":"article","og_title":"Musikalia Banda & Sorgina Txirulina - Musikalia Elkartea","og_description":"Musikalia la banda &amp; Sorgina Txirulina es la propuesta de este a\u00f1o para celebrar el d\u00eda de los m\u00fasicos. Como el a\u00f1o anterior, el espect\u00e1culoView More","og_url":"http:\/\/musikaliaelkartea.eus\/2018\/11\/02\/musikalia-banda-sorgina-txirulina\/","og_site_name":"Musikalia Elkartea","article_publisher":"https:\/\/www.facebook.com\/musikaliaelkartea","article_published_time":"2018-11-02T14:04:42+00:00","article_modified_time":"2019-06-28T14:30:52+00:00","og_image":[{"width":908,"height":348,"url":"https:\/\/i0.wp.com\/musikaliaelkartea.eus\/wp-content\/uploads\/2018\/11\/678.jpg?fit=908%2C348","type":"image\/jpeg"}],"author":"Musikalia","twitter_card":"summary_large_image","twitter_misc":{"Escrito por":"Musikalia","Tiempo de lectura":"1 minuto"},"schema":{"@context":"https:\/\/schema.org","@graph":[{"@type":"Article","@id":"http:\/\/musikaliaelkartea.eus\/2018\/11\/02\/musikalia-banda-sorgina-txirulina\/#article","isPartOf":{"@id":"http:\/\/musikaliaelkartea.eus\/2018\/11\/02\/musikalia-banda-sorgina-txirulina\/"},"author":{"name":"Musikalia","@id":"http:\/\/musikaliaelkartea.eus\/es\/#\/schema\/person\/14029d72e7fe33dcc3b5b67080703aab"},"headline":"Musikalia Banda &#038; Sorgina Txirulina","datePublished":"2018-11-02T14:04:42+00:00","dateModified":"2019-06-28T14:30:52+00:00","mainEntityOfPage":{"@id":"http:\/\/musikaliaelkartea.eus\/2018\/11\/02\/musikalia-banda-sorgina-txirulina\/"},"wordCount":289,"publisher":{"@id":"http:\/\/musikaliaelkartea.eus\/es\/#organization"},"image":{"@id":"http:\/\/musikaliaelkartea.eus\/2018\/11\/02\/musikalia-banda-sorgina-txirulina\/#primaryimage"},"thumbnailUrl":"https:\/\/i0.wp.com\/musikaliaelkartea.eus\/wp-content\/uploads\/2018\/11\/678.jpg?fit=908%2C348","articleSection":["Uncategorized"],"inLanguage":"es"},{"@type":"WebPage","@id":"http:\/\/musikaliaelkartea.eus\/2018\/11\/02\/musikalia-banda-sorgina-txirulina\/","url":"http:\/\/musikaliaelkartea.eus\/2018\/11\/02\/musikalia-banda-sorgina-txirulina\/","name":"Musikalia Banda & Sorgina Txirulina - Musikalia Elkartea","isPartOf":{"@id":"http:\/\/musikaliaelkartea.eus\/es\/#website"},"primaryImageOfPage":{"@id":"http:\/\/musikaliaelkartea.eus\/2018\/11\/02\/musikalia-banda-sorgina-txirulina\/#primaryimage"},"image":{"@id":"http:\/\/musikaliaelkartea.eus\/2018\/11\/02\/musikalia-banda-sorgina-txirulina\/#primaryimage"},"thumbnailUrl":"https:\/\/i0.wp.com\/musikaliaelkartea.eus\/wp-content\/uploads\/2018\/11\/678.jpg?fit=908%2C348","datePublished":"2018-11-02T14:04:42+00:00","dateModified":"2019-06-28T14:30:52+00:00","breadcrumb":{"@id":"http:\/\/musikaliaelkartea.eus\/2018\/11\/02\/musikalia-banda-sorgina-txirulina\/#breadcrumb"},"inLanguage":"es","potentialAction":[{"@type":"ReadAction","target":["http:\/\/musikaliaelkartea.eus\/2018\/11\/02\/musikalia-banda-sorgina-txirulina\/"]}]},{"@type":"ImageObject","inLanguage":"es","@id":"http:\/\/musikaliaelkartea.eus\/2018\/11\/02\/musikalia-banda-sorgina-txirulina\/#primaryimage","url":"https:\/\/i0.wp.com\/musikaliaelkartea.eus\/wp-content\/uploads\/2018\/11\/678.jpg?fit=908%2C348","contentUrl":"https:\/\/i0.wp.com\/musikaliaelkartea.eus\/wp-content\/uploads\/2018\/11\/678.jpg?fit=908%2C348","width":908,"height":348},{"@type":"BreadcrumbList","@id":"http:\/\/musikaliaelkartea.eus\/2018\/11\/02\/musikalia-banda-sorgina-txirulina\/#breadcrumb","itemListElement":[{"@type":"ListItem","position":1,"name":"Home","item":"http:\/\/musikaliaelkartea.eus\/es\/"},{"@type":"ListItem","position":2,"name":"Musikalia Banda &#038; Sorgina Txirulina"}]},{"@type":"WebSite","@id":"http:\/\/musikaliaelkartea.eus\/es\/#website","url":"http:\/\/musikaliaelkartea.eus\/es\/","name":"Musikalia Elkartea","description":"","publisher":{"@id":"http:\/\/musikaliaelkartea.eus\/es\/#organization"},"potentialAction":[{"@type":"SearchAction","target":{"@type":"EntryPoint","urlTemplate":"http:\/\/musikaliaelkartea.eus\/es\/?s={search_term_string}"},"query-input":{"@type":"PropertyValueSpecification","valueRequired":true,"valueName":"search_term_string"}}],"inLanguage":"es"},{"@type":"Organization","@id":"http:\/\/musikaliaelkartea.eus\/es\/#organization","name":"Getxoko Andres Isasi Musikalia Elkartea","url":"http:\/\/musikaliaelkartea.eus\/es\/","logo":{"@type":"ImageObject","inLanguage":"es","@id":"http:\/\/musikaliaelkartea.eus\/es\/#\/schema\/logo\/image\/","url":"https:\/\/i0.wp.com\/musikaliaelkartea.eus\/wp-content\/uploads\/2025\/03\/cropped-MUSIKALIA-LOGO-LARGO.png?fit=5455%2C1928","contentUrl":"https:\/\/i0.wp.com\/musikaliaelkartea.eus\/wp-content\/uploads\/2025\/03\/cropped-MUSIKALIA-LOGO-LARGO.png?fit=5455%2C1928","width":5455,"height":1928,"caption":"Getxoko Andres Isasi Musikalia Elkartea"},"image":{"@id":"http:\/\/musikaliaelkartea.eus\/es\/#\/schema\/logo\/image\/"},"sameAs":["https:\/\/www.facebook.com\/musikaliaelkartea","https:\/\/www.instagram.com\/musikaliaelkartea\/","https:\/\/www.youtube.com\/channel\/UCYG_UH_Rv-34wbmS8nQ7mpg"]},{"@type":"Person","@id":"http:\/\/musikaliaelkartea.eus\/es\/#\/schema\/person\/14029d72e7fe33dcc3b5b67080703aab","name":"Musikalia","image":{"@type":"ImageObject","inLanguage":"es","@id":"https:\/\/secure.gravatar.com\/avatar\/4cedd4863d0dc30f70d9375282b4f70545dbeb2a5fec482325b3b89efe2dd5e3?s=96&d=mm&r=g","url":"https:\/\/secure.gravatar.com\/avatar\/4cedd4863d0dc30f70d9375282b4f70545dbeb2a5fec482325b3b89efe2dd5e3?s=96&d=mm&r=g","contentUrl":"https:\/\/secure.gravatar.com\/avatar\/4cedd4863d0dc30f70d9375282b4f70545dbeb2a5fec482325b3b89efe2dd5e3?s=96&d=mm&r=g","caption":"Musikalia"},"url":"http:\/\/musikaliaelkartea.eus\/es\/author\/musikalia\/"}]}},"jetpack_featured_media_url":"https:\/\/i0.wp.com\/musikaliaelkartea.eus\/wp-content\/uploads\/2018\/11\/678.jpg?fit=908%2C348","jetpack_sharing_enabled":true,"jetpack_shortlink":"https:\/\/wp.me\/p8OhQz-s6","_links":{"self":[{"href":"http:\/\/musikaliaelkartea.eus\/es\/wp-json\/wp\/v2\/posts\/1742","targetHints":{"allow":["GET"]}}],"collection":[{"href":"http:\/\/musikaliaelkartea.eus\/es\/wp-json\/wp\/v2\/posts"}],"about":[{"href":"http:\/\/musikaliaelkartea.eus\/es\/wp-json\/wp\/v2\/types\/post"}],"author":[{"embeddable":true,"href":"http:\/\/musikaliaelkartea.eus\/es\/wp-json\/wp\/v2\/users\/2"}],"replies":[{"embeddable":true,"href":"http:\/\/musikaliaelkartea.eus\/es\/wp-json\/wp\/v2\/comments?post=1742"}],"version-history":[{"count":11,"href":"http:\/\/musikaliaelkartea.eus\/es\/wp-json\/wp\/v2\/posts\/1742\/revisions"}],"predecessor-version":[{"id":1822,"href":"http:\/\/musikaliaelkartea.eus\/es\/wp-json\/wp\/v2\/posts\/1742\/revisions\/1822"}],"wp:featuredmedia":[{"embeddable":true,"href":"http:\/\/musikaliaelkartea.eus\/es\/wp-json\/wp\/v2\/media\/1744"}],"wp:attachment":[{"href":"http:\/\/musikaliaelkartea.eus\/es\/wp-json\/wp\/v2\/media?parent=1742"}],"wp:term":[{"taxonomy":"category","embeddable":true,"href":"http:\/\/musikaliaelkartea.eus\/es\/wp-json\/wp\/v2\/categories?post=1742"},{"taxonomy":"post_tag","embeddable":true,"href":"http:\/\/musikaliaelkartea.eus\/es\/wp-json\/wp\/v2\/tags?post=1742"}],"curies":[{"name":"wp","href":"https:\/\/api.w.org\/{rel}","templated":true}]}}