{"id":1718,"date":"2018-10-22T12:04:32","date_gmt":"2018-10-22T12:04:32","guid":{"rendered":"http:\/\/musikaliaelkartea.eus\/?p=1718"},"modified":"2018-10-22T12:17:50","modified_gmt":"2018-10-22T12:17:50","slug":"sorginzulok-argia-piztuzituen-berriro-ere","status":"publish","type":"post","link":"http:\/\/musikaliaelkartea.eus\/es\/2018\/10\/22\/sorginzulok-argia-piztuzituen-berriro-ere\/","title":{"rendered":"Sorginzulo volvi\u00f3 a ver la luz"},"content":{"rendered":"<p><img data-recalc-dims=\"1\" fetchpriority=\"high\" decoding=\"async\" data-attachment-id=\"1721\" data-permalink=\"http:\/\/musikaliaelkartea.eus\/es\/2018\/10\/22\/sorginzulok-argia-piztuzituen-berriro-ere\/20181020_131157-min\/\" data-orig-file=\"https:\/\/i0.wp.com\/musikaliaelkartea.eus\/wp-content\/uploads\/2018\/10\/20181020_131157-min.jpg?fit=2448%2C3264\" data-orig-size=\"2448,3264\" data-comments-opened=\"1\" data-image-meta=\"{&quot;aperture&quot;:&quot;0&quot;,&quot;credit&quot;:&quot;&quot;,&quot;camera&quot;:&quot;&quot;,&quot;caption&quot;:&quot;&quot;,&quot;created_timestamp&quot;:&quot;0&quot;,&quot;copyright&quot;:&quot;&quot;,&quot;focal_length&quot;:&quot;0&quot;,&quot;iso&quot;:&quot;0&quot;,&quot;shutter_speed&quot;:&quot;0&quot;,&quot;title&quot;:&quot;&quot;,&quot;orientation&quot;:&quot;0&quot;}\" data-image-title=\"20181020_131157-min\" data-image-description=\"\" data-image-caption=\"\" data-large-file=\"https:\/\/i0.wp.com\/musikaliaelkartea.eus\/wp-content\/uploads\/2018\/10\/20181020_131157-min.jpg?fit=768%2C1024\" class=\"size-medium wp-image-1721 alignright\" src=\"https:\/\/i0.wp.com\/musikaliaelkartea.eus\/wp-content\/uploads\/2018\/10\/20181020_131157-min.jpg?resize=225%2C300\" alt=\"\" width=\"225\" height=\"300\" srcset=\"https:\/\/i0.wp.com\/musikaliaelkartea.eus\/wp-content\/uploads\/2018\/10\/20181020_131157-min.jpg?resize=225%2C300 225w, https:\/\/i0.wp.com\/musikaliaelkartea.eus\/wp-content\/uploads\/2018\/10\/20181020_131157-min.jpg?resize=768%2C1024 768w\" sizes=\"(max-width: 225px) 100vw, 225px\" \/>Euskaraldia Sorginzulon consigui\u00f3 reunir a un importante n\u00famero de espectadores en las galer\u00edas de Punta Bego\u00f1a. La primera sesi\u00f3n,\u00a0 dirigido a los irribiziz fue a las 17: 00 y se realiz\u00f3 en castellano. En cambio, el de las 20: 00, dirigido a ahobiz y\u00a0 belarriprest en euskera. Tras la obra, derribamos la pared de Sorginzulo con la ayuda de un proyector.<\/p>\n<p>Los m\u00fasicos de Musikalia anduvimos trabajando desde la ma\u00f1ana con ensayos y pruebas de sonido. En ese tiempo, tuvimos la posibilidad de conocer m\u00e1s de cerca a Olatz Ganboa y Mayte Bayon.\u00a0 Tambi\u00e9n pudimos charlar con nuestro amigo Ignacio Libano que interpreto unas obras con el piano y conocer a las dantzaris de Bizkargi taldea.<\/p>\n<p>Las dos actuaciones salieron excelentemente y la opini\u00f3n de la gente fue muy positiva. Para nosotros fue un placer poder participar en esta obra teatral y compartir ese momento con la gente del pueblo en un escenario curioso.<\/p>\n<p>Por \u00faltimo, felicitar a todo el equipo de Euskaraldia Sorginzulo por su gran trabajo. Y c\u00f3mo no, a la persona que ha hecho posible que este proyecto viera la luz, Fredi.<img data-recalc-dims=\"1\" decoding=\"async\" data-attachment-id=\"1722\" data-permalink=\"http:\/\/musikaliaelkartea.eus\/es\/2018\/10\/22\/sorginzulok-argia-piztuzituen-berriro-ere\/20181020_170307-min\/\" data-orig-file=\"https:\/\/i0.wp.com\/musikaliaelkartea.eus\/wp-content\/uploads\/2018\/10\/20181020_170307-min.jpg?fit=3264%2C2448\" data-orig-size=\"3264,2448\" data-comments-opened=\"1\" data-image-meta=\"{&quot;aperture&quot;:&quot;0&quot;,&quot;credit&quot;:&quot;&quot;,&quot;camera&quot;:&quot;&quot;,&quot;caption&quot;:&quot;&quot;,&quot;created_timestamp&quot;:&quot;0&quot;,&quot;copyright&quot;:&quot;&quot;,&quot;focal_length&quot;:&quot;0&quot;,&quot;iso&quot;:&quot;0&quot;,&quot;shutter_speed&quot;:&quot;0&quot;,&quot;title&quot;:&quot;&quot;,&quot;orientation&quot;:&quot;0&quot;}\" data-image-title=\"20181020_170307-min\" data-image-description=\"\" data-image-caption=\"\" data-large-file=\"https:\/\/i0.wp.com\/musikaliaelkartea.eus\/wp-content\/uploads\/2018\/10\/20181020_170307-min.jpg?fit=1024%2C768\" class=\"wp-image-1722 size-apostrophe-featured aligncenter\" src=\"https:\/\/i0.wp.com\/musikaliaelkartea.eus\/wp-content\/uploads\/2018\/10\/20181020_170307-min.jpg?resize=723%2C350\" alt=\"\" width=\"723\" height=\"350\" srcset=\"https:\/\/i0.wp.com\/musikaliaelkartea.eus\/wp-content\/uploads\/2018\/10\/20181020_170307-min.jpg?resize=930%2C450 930w, https:\/\/i0.wp.com\/musikaliaelkartea.eus\/wp-content\/uploads\/2018\/10\/20181020_170307-min.jpg?zoom=2&amp;resize=723%2C350 1446w, https:\/\/i0.wp.com\/musikaliaelkartea.eus\/wp-content\/uploads\/2018\/10\/20181020_170307-min.jpg?zoom=3&amp;resize=723%2C350 2169w\" sizes=\"(max-width: 723px) 100vw, 723px\" \/><\/p>","protected":false},"excerpt":{"rendered":"<p>Euskaraldia Sorginzulon consigui\u00f3 reunir a un importante n\u00famero de espectadores en las galer\u00edas de Punta Bego\u00f1a. La primera sesi\u00f3n,\u00a0 dirigido a los irribiziz fue a<a href=\"http:\/\/musikaliaelkartea.eus\/es\/2018\/10\/22\/sorginzulok-argia-piztuzituen-berriro-ere\/\" class=\"more-link\">View More<\/a><\/p>\n","protected":false},"author":2,"featured_media":1723,"comment_status":"open","ping_status":"open","sticky":false,"template":"","format":"standard","meta":{"jetpack_post_was_ever_published":false,"_jetpack_newsletter_access":"","_jetpack_dont_email_post_to_subs":false,"_jetpack_newsletter_tier_id":0,"_jetpack_memberships_contains_paywalled_content":false,"_jetpack_memberships_contains_paid_content":false,"footnotes":""},"categories":[1],"tags":[],"class_list":["post-1718","post","type-post","status-publish","format-standard","has-post-thumbnail","hentry","category-uncategorized"],"yoast_head":"<!-- This site is optimized with the Yoast SEO plugin v27.4 - https:\/\/yoast.com\/product\/yoast-seo-wordpress\/ -->\n<title>Sorginzulo volvi\u00f3 a ver la luz - Musikalia Elkartea<\/title>\n<meta name=\"robots\" content=\"index, follow, max-snippet:-1, max-image-preview:large, max-video-preview:-1\" \/>\n<link rel=\"canonical\" href=\"http:\/\/musikaliaelkartea.eus\/2018\/10\/22\/sorginzulok-argia-piztuzituen-berriro-ere\/\" \/>\n<meta property=\"og:locale\" content=\"es_ES\" \/>\n<meta property=\"og:type\" content=\"article\" \/>\n<meta property=\"og:title\" content=\"[:eu]Sorginzulok argiak piztu zituen berriro ere[:es]Sorginzulo volvi\u00f3 a ver la luz[:] - Musikalia Elkartea\" \/>\n<meta property=\"og:description\" content=\"Euskaraldia Sorginzulon consigui\u00f3 reunir a un importante n\u00famero de espectadores en las galer\u00edas de Punta Bego\u00f1a. La primera sesi\u00f3n,\u00a0 dirigido a los irribiziz fue aView More\" \/>\n<meta property=\"og:url\" content=\"http:\/\/musikaliaelkartea.eus\/2018\/10\/22\/sorginzulok-argia-piztuzituen-berriro-ere\/\" \/>\n<meta property=\"og:site_name\" content=\"Musikalia Elkartea\" \/>\n<meta property=\"article:publisher\" content=\"https:\/\/www.facebook.com\/musikaliaelkartea\" \/>\n<meta property=\"article:published_time\" content=\"2018-10-22T12:04:32+00:00\" \/>\n<meta property=\"article:modified_time\" content=\"2018-10-22T12:17:50+00:00\" \/>\n<meta property=\"og:image\" content=\"https:\/\/i0.wp.com\/musikaliaelkartea.eus\/wp-content\/uploads\/2018\/10\/Dise%C3%B1o-sin-t%C3%ADtulo-2.png?fit=820%2C312\" \/>\n\t<meta property=\"og:image:width\" content=\"820\" \/>\n\t<meta property=\"og:image:height\" content=\"312\" \/>\n\t<meta property=\"og:image:type\" content=\"image\/png\" \/>\n<meta name=\"author\" content=\"Musikalia\" \/>\n<meta name=\"twitter:card\" content=\"summary_large_image\" \/>\n<meta name=\"twitter:label1\" content=\"Escrito por\" \/>\n\t<meta name=\"twitter:data1\" content=\"Musikalia\" \/>\n\t<meta name=\"twitter:label2\" content=\"Tiempo de lectura\" \/>\n\t<meta name=\"twitter:data2\" content=\"2 minutos\" \/>\n<script type=\"application\/ld+json\" class=\"yoast-schema-graph\">{\"@context\":\"https:\\\/\\\/schema.org\",\"@graph\":[{\"@type\":\"Article\",\"@id\":\"http:\\\/\\\/musikaliaelkartea.eus\\\/2018\\\/10\\\/22\\\/sorginzulok-argia-piztuzituen-berriro-ere\\\/#article\",\"isPartOf\":{\"@id\":\"http:\\\/\\\/musikaliaelkartea.eus\\\/2018\\\/10\\\/22\\\/sorginzulok-argia-piztuzituen-berriro-ere\\\/\"},\"author\":{\"name\":\"Musikalia\",\"@id\":\"http:\\\/\\\/musikaliaelkartea.eus\\\/es\\\/#\\\/schema\\\/person\\\/14029d72e7fe33dcc3b5b67080703aab\"},\"headline\":\"Sorginzulo volvi\u00f3 a ver la luz\",\"datePublished\":\"2018-10-22T12:04:32+00:00\",\"dateModified\":\"2018-10-22T12:17:50+00:00\",\"mainEntityOfPage\":{\"@id\":\"http:\\\/\\\/musikaliaelkartea.eus\\\/2018\\\/10\\\/22\\\/sorginzulok-argia-piztuzituen-berriro-ere\\\/\"},\"wordCount\":347,\"commentCount\":0,\"publisher\":{\"@id\":\"http:\\\/\\\/musikaliaelkartea.eus\\\/es\\\/#organization\"},\"image\":{\"@id\":\"http:\\\/\\\/musikaliaelkartea.eus\\\/2018\\\/10\\\/22\\\/sorginzulok-argia-piztuzituen-berriro-ere\\\/#primaryimage\"},\"thumbnailUrl\":\"https:\\\/\\\/i0.wp.com\\\/musikaliaelkartea.eus\\\/wp-content\\\/uploads\\\/2018\\\/10\\\/Dise%C3%B1o-sin-t%C3%ADtulo-2.png?fit=820%2C312\",\"articleSection\":[\"Uncategorized\"],\"inLanguage\":\"es\",\"potentialAction\":[{\"@type\":\"CommentAction\",\"name\":\"Comment\",\"target\":[\"http:\\\/\\\/musikaliaelkartea.eus\\\/2018\\\/10\\\/22\\\/sorginzulok-argia-piztuzituen-berriro-ere\\\/#respond\"]}]},{\"@type\":\"WebPage\",\"@id\":\"http:\\\/\\\/musikaliaelkartea.eus\\\/2018\\\/10\\\/22\\\/sorginzulok-argia-piztuzituen-berriro-ere\\\/\",\"url\":\"http:\\\/\\\/musikaliaelkartea.eus\\\/2018\\\/10\\\/22\\\/sorginzulok-argia-piztuzituen-berriro-ere\\\/\",\"name\":\"[:eu]Sorginzulok argiak piztu zituen berriro ere[:es]Sorginzulo volvi\u00f3 a ver la luz[:] - Musikalia Elkartea\",\"isPartOf\":{\"@id\":\"http:\\\/\\\/musikaliaelkartea.eus\\\/es\\\/#website\"},\"primaryImageOfPage\":{\"@id\":\"http:\\\/\\\/musikaliaelkartea.eus\\\/2018\\\/10\\\/22\\\/sorginzulok-argia-piztuzituen-berriro-ere\\\/#primaryimage\"},\"image\":{\"@id\":\"http:\\\/\\\/musikaliaelkartea.eus\\\/2018\\\/10\\\/22\\\/sorginzulok-argia-piztuzituen-berriro-ere\\\/#primaryimage\"},\"thumbnailUrl\":\"https:\\\/\\\/i0.wp.com\\\/musikaliaelkartea.eus\\\/wp-content\\\/uploads\\\/2018\\\/10\\\/Dise%C3%B1o-sin-t%C3%ADtulo-2.png?fit=820%2C312\",\"datePublished\":\"2018-10-22T12:04:32+00:00\",\"dateModified\":\"2018-10-22T12:17:50+00:00\",\"breadcrumb\":{\"@id\":\"http:\\\/\\\/musikaliaelkartea.eus\\\/2018\\\/10\\\/22\\\/sorginzulok-argia-piztuzituen-berriro-ere\\\/#breadcrumb\"},\"inLanguage\":\"es\",\"potentialAction\":[{\"@type\":\"ReadAction\",\"target\":[\"http:\\\/\\\/musikaliaelkartea.eus\\\/2018\\\/10\\\/22\\\/sorginzulok-argia-piztuzituen-berriro-ere\\\/\"]}]},{\"@type\":\"ImageObject\",\"inLanguage\":\"es\",\"@id\":\"http:\\\/\\\/musikaliaelkartea.eus\\\/2018\\\/10\\\/22\\\/sorginzulok-argia-piztuzituen-berriro-ere\\\/#primaryimage\",\"url\":\"https:\\\/\\\/i0.wp.com\\\/musikaliaelkartea.eus\\\/wp-content\\\/uploads\\\/2018\\\/10\\\/Dise%C3%B1o-sin-t%C3%ADtulo-2.png?fit=820%2C312\",\"contentUrl\":\"https:\\\/\\\/i0.wp.com\\\/musikaliaelkartea.eus\\\/wp-content\\\/uploads\\\/2018\\\/10\\\/Dise%C3%B1o-sin-t%C3%ADtulo-2.png?fit=820%2C312\",\"width\":820,\"height\":312},{\"@type\":\"BreadcrumbList\",\"@id\":\"http:\\\/\\\/musikaliaelkartea.eus\\\/2018\\\/10\\\/22\\\/sorginzulok-argia-piztuzituen-berriro-ere\\\/#breadcrumb\",\"itemListElement\":[{\"@type\":\"ListItem\",\"position\":1,\"name\":\"Home\",\"item\":\"http:\\\/\\\/musikaliaelkartea.eus\\\/es\\\/\"},{\"@type\":\"ListItem\",\"position\":2,\"name\":\"Sorginzulok argiak piztu zituen berriro ere\"}]},{\"@type\":\"WebSite\",\"@id\":\"http:\\\/\\\/musikaliaelkartea.eus\\\/es\\\/#website\",\"url\":\"http:\\\/\\\/musikaliaelkartea.eus\\\/es\\\/\",\"name\":\"Musikalia Elkartea\",\"description\":\"\",\"publisher\":{\"@id\":\"http:\\\/\\\/musikaliaelkartea.eus\\\/es\\\/#organization\"},\"potentialAction\":[{\"@type\":\"SearchAction\",\"target\":{\"@type\":\"EntryPoint\",\"urlTemplate\":\"http:\\\/\\\/musikaliaelkartea.eus\\\/es\\\/?s={search_term_string}\"},\"query-input\":{\"@type\":\"PropertyValueSpecification\",\"valueRequired\":true,\"valueName\":\"search_term_string\"}}],\"inLanguage\":\"es\"},{\"@type\":\"Organization\",\"@id\":\"http:\\\/\\\/musikaliaelkartea.eus\\\/es\\\/#organization\",\"name\":\"Getxoko Andres Isasi Musikalia Elkartea\",\"url\":\"http:\\\/\\\/musikaliaelkartea.eus\\\/es\\\/\",\"logo\":{\"@type\":\"ImageObject\",\"inLanguage\":\"es\",\"@id\":\"http:\\\/\\\/musikaliaelkartea.eus\\\/es\\\/#\\\/schema\\\/logo\\\/image\\\/\",\"url\":\"https:\\\/\\\/i0.wp.com\\\/musikaliaelkartea.eus\\\/wp-content\\\/uploads\\\/2025\\\/03\\\/cropped-MUSIKALIA-LOGO-LARGO.png?fit=5455%2C1928\",\"contentUrl\":\"https:\\\/\\\/i0.wp.com\\\/musikaliaelkartea.eus\\\/wp-content\\\/uploads\\\/2025\\\/03\\\/cropped-MUSIKALIA-LOGO-LARGO.png?fit=5455%2C1928\",\"width\":5455,\"height\":1928,\"caption\":\"Getxoko Andres Isasi Musikalia Elkartea\"},\"image\":{\"@id\":\"http:\\\/\\\/musikaliaelkartea.eus\\\/es\\\/#\\\/schema\\\/logo\\\/image\\\/\"},\"sameAs\":[\"https:\\\/\\\/www.facebook.com\\\/musikaliaelkartea\",\"https:\\\/\\\/www.instagram.com\\\/musikaliaelkartea\\\/\",\"https:\\\/\\\/www.youtube.com\\\/channel\\\/UCYG_UH_Rv-34wbmS8nQ7mpg\"]},{\"@type\":\"Person\",\"@id\":\"http:\\\/\\\/musikaliaelkartea.eus\\\/es\\\/#\\\/schema\\\/person\\\/14029d72e7fe33dcc3b5b67080703aab\",\"name\":\"Musikalia\",\"image\":{\"@type\":\"ImageObject\",\"inLanguage\":\"es\",\"@id\":\"https:\\\/\\\/secure.gravatar.com\\\/avatar\\\/4cedd4863d0dc30f70d9375282b4f70545dbeb2a5fec482325b3b89efe2dd5e3?s=96&d=mm&r=g\",\"url\":\"https:\\\/\\\/secure.gravatar.com\\\/avatar\\\/4cedd4863d0dc30f70d9375282b4f70545dbeb2a5fec482325b3b89efe2dd5e3?s=96&d=mm&r=g\",\"contentUrl\":\"https:\\\/\\\/secure.gravatar.com\\\/avatar\\\/4cedd4863d0dc30f70d9375282b4f70545dbeb2a5fec482325b3b89efe2dd5e3?s=96&d=mm&r=g\",\"caption\":\"Musikalia\"},\"url\":\"http:\\\/\\\/musikaliaelkartea.eus\\\/es\\\/author\\\/musikalia\\\/\"}]}<\/script>\n<!-- \/ Yoast SEO plugin. -->","yoast_head_json":{"title":"[:eu]Sorginzulok argiak piztu zituen berriro ere[:es]Sorginzulo volvi\u00f3 a ver la luz[:] - Musikalia Elkartea","robots":{"index":"index","follow":"follow","max-snippet":"max-snippet:-1","max-image-preview":"max-image-preview:large","max-video-preview":"max-video-preview:-1"},"canonical":"http:\/\/musikaliaelkartea.eus\/2018\/10\/22\/sorginzulok-argia-piztuzituen-berriro-ere\/","og_locale":"es_ES","og_type":"article","og_title":"[:eu]Sorginzulok argiak piztu zituen berriro ere[:es]Sorginzulo volvi\u00f3 a ver la luz[:] - Musikalia Elkartea","og_description":"Euskaraldia Sorginzulon consigui\u00f3 reunir a un importante n\u00famero de espectadores en las galer\u00edas de Punta Bego\u00f1a. La primera sesi\u00f3n,\u00a0 dirigido a los irribiziz fue aView More","og_url":"http:\/\/musikaliaelkartea.eus\/2018\/10\/22\/sorginzulok-argia-piztuzituen-berriro-ere\/","og_site_name":"Musikalia Elkartea","article_publisher":"https:\/\/www.facebook.com\/musikaliaelkartea","article_published_time":"2018-10-22T12:04:32+00:00","article_modified_time":"2018-10-22T12:17:50+00:00","og_image":[{"width":820,"height":312,"url":"https:\/\/i0.wp.com\/musikaliaelkartea.eus\/wp-content\/uploads\/2018\/10\/Dise%C3%B1o-sin-t%C3%ADtulo-2.png?fit=820%2C312","type":"image\/png"}],"author":"Musikalia","twitter_card":"summary_large_image","twitter_misc":{"Escrito por":"Musikalia","Tiempo de lectura":"2 minutos"},"schema":{"@context":"https:\/\/schema.org","@graph":[{"@type":"Article","@id":"http:\/\/musikaliaelkartea.eus\/2018\/10\/22\/sorginzulok-argia-piztuzituen-berriro-ere\/#article","isPartOf":{"@id":"http:\/\/musikaliaelkartea.eus\/2018\/10\/22\/sorginzulok-argia-piztuzituen-berriro-ere\/"},"author":{"name":"Musikalia","@id":"http:\/\/musikaliaelkartea.eus\/es\/#\/schema\/person\/14029d72e7fe33dcc3b5b67080703aab"},"headline":"Sorginzulo volvi\u00f3 a ver la luz","datePublished":"2018-10-22T12:04:32+00:00","dateModified":"2018-10-22T12:17:50+00:00","mainEntityOfPage":{"@id":"http:\/\/musikaliaelkartea.eus\/2018\/10\/22\/sorginzulok-argia-piztuzituen-berriro-ere\/"},"wordCount":347,"commentCount":0,"publisher":{"@id":"http:\/\/musikaliaelkartea.eus\/es\/#organization"},"image":{"@id":"http:\/\/musikaliaelkartea.eus\/2018\/10\/22\/sorginzulok-argia-piztuzituen-berriro-ere\/#primaryimage"},"thumbnailUrl":"https:\/\/i0.wp.com\/musikaliaelkartea.eus\/wp-content\/uploads\/2018\/10\/Dise%C3%B1o-sin-t%C3%ADtulo-2.png?fit=820%2C312","articleSection":["Uncategorized"],"inLanguage":"es","potentialAction":[{"@type":"CommentAction","name":"Comment","target":["http:\/\/musikaliaelkartea.eus\/2018\/10\/22\/sorginzulok-argia-piztuzituen-berriro-ere\/#respond"]}]},{"@type":"WebPage","@id":"http:\/\/musikaliaelkartea.eus\/2018\/10\/22\/sorginzulok-argia-piztuzituen-berriro-ere\/","url":"http:\/\/musikaliaelkartea.eus\/2018\/10\/22\/sorginzulok-argia-piztuzituen-berriro-ere\/","name":"[:eu]Sorginzulok argiak piztu zituen berriro ere[:es]Sorginzulo volvi\u00f3 a ver la luz[:] - Musikalia Elkartea","isPartOf":{"@id":"http:\/\/musikaliaelkartea.eus\/es\/#website"},"primaryImageOfPage":{"@id":"http:\/\/musikaliaelkartea.eus\/2018\/10\/22\/sorginzulok-argia-piztuzituen-berriro-ere\/#primaryimage"},"image":{"@id":"http:\/\/musikaliaelkartea.eus\/2018\/10\/22\/sorginzulok-argia-piztuzituen-berriro-ere\/#primaryimage"},"thumbnailUrl":"https:\/\/i0.wp.com\/musikaliaelkartea.eus\/wp-content\/uploads\/2018\/10\/Dise%C3%B1o-sin-t%C3%ADtulo-2.png?fit=820%2C312","datePublished":"2018-10-22T12:04:32+00:00","dateModified":"2018-10-22T12:17:50+00:00","breadcrumb":{"@id":"http:\/\/musikaliaelkartea.eus\/2018\/10\/22\/sorginzulok-argia-piztuzituen-berriro-ere\/#breadcrumb"},"inLanguage":"es","potentialAction":[{"@type":"ReadAction","target":["http:\/\/musikaliaelkartea.eus\/2018\/10\/22\/sorginzulok-argia-piztuzituen-berriro-ere\/"]}]},{"@type":"ImageObject","inLanguage":"es","@id":"http:\/\/musikaliaelkartea.eus\/2018\/10\/22\/sorginzulok-argia-piztuzituen-berriro-ere\/#primaryimage","url":"https:\/\/i0.wp.com\/musikaliaelkartea.eus\/wp-content\/uploads\/2018\/10\/Dise%C3%B1o-sin-t%C3%ADtulo-2.png?fit=820%2C312","contentUrl":"https:\/\/i0.wp.com\/musikaliaelkartea.eus\/wp-content\/uploads\/2018\/10\/Dise%C3%B1o-sin-t%C3%ADtulo-2.png?fit=820%2C312","width":820,"height":312},{"@type":"BreadcrumbList","@id":"http:\/\/musikaliaelkartea.eus\/2018\/10\/22\/sorginzulok-argia-piztuzituen-berriro-ere\/#breadcrumb","itemListElement":[{"@type":"ListItem","position":1,"name":"Home","item":"http:\/\/musikaliaelkartea.eus\/es\/"},{"@type":"ListItem","position":2,"name":"Sorginzulok argiak piztu zituen berriro ere"}]},{"@type":"WebSite","@id":"http:\/\/musikaliaelkartea.eus\/es\/#website","url":"http:\/\/musikaliaelkartea.eus\/es\/","name":"Musikalia Elkartea","description":"","publisher":{"@id":"http:\/\/musikaliaelkartea.eus\/es\/#organization"},"potentialAction":[{"@type":"SearchAction","target":{"@type":"EntryPoint","urlTemplate":"http:\/\/musikaliaelkartea.eus\/es\/?s={search_term_string}"},"query-input":{"@type":"PropertyValueSpecification","valueRequired":true,"valueName":"search_term_string"}}],"inLanguage":"es"},{"@type":"Organization","@id":"http:\/\/musikaliaelkartea.eus\/es\/#organization","name":"Getxoko Andres Isasi Musikalia Elkartea","url":"http:\/\/musikaliaelkartea.eus\/es\/","logo":{"@type":"ImageObject","inLanguage":"es","@id":"http:\/\/musikaliaelkartea.eus\/es\/#\/schema\/logo\/image\/","url":"https:\/\/i0.wp.com\/musikaliaelkartea.eus\/wp-content\/uploads\/2025\/03\/cropped-MUSIKALIA-LOGO-LARGO.png?fit=5455%2C1928","contentUrl":"https:\/\/i0.wp.com\/musikaliaelkartea.eus\/wp-content\/uploads\/2025\/03\/cropped-MUSIKALIA-LOGO-LARGO.png?fit=5455%2C1928","width":5455,"height":1928,"caption":"Getxoko Andres Isasi Musikalia Elkartea"},"image":{"@id":"http:\/\/musikaliaelkartea.eus\/es\/#\/schema\/logo\/image\/"},"sameAs":["https:\/\/www.facebook.com\/musikaliaelkartea","https:\/\/www.instagram.com\/musikaliaelkartea\/","https:\/\/www.youtube.com\/channel\/UCYG_UH_Rv-34wbmS8nQ7mpg"]},{"@type":"Person","@id":"http:\/\/musikaliaelkartea.eus\/es\/#\/schema\/person\/14029d72e7fe33dcc3b5b67080703aab","name":"Musikalia","image":{"@type":"ImageObject","inLanguage":"es","@id":"https:\/\/secure.gravatar.com\/avatar\/4cedd4863d0dc30f70d9375282b4f70545dbeb2a5fec482325b3b89efe2dd5e3?s=96&d=mm&r=g","url":"https:\/\/secure.gravatar.com\/avatar\/4cedd4863d0dc30f70d9375282b4f70545dbeb2a5fec482325b3b89efe2dd5e3?s=96&d=mm&r=g","contentUrl":"https:\/\/secure.gravatar.com\/avatar\/4cedd4863d0dc30f70d9375282b4f70545dbeb2a5fec482325b3b89efe2dd5e3?s=96&d=mm&r=g","caption":"Musikalia"},"url":"http:\/\/musikaliaelkartea.eus\/es\/author\/musikalia\/"}]}},"jetpack_featured_media_url":"https:\/\/i0.wp.com\/musikaliaelkartea.eus\/wp-content\/uploads\/2018\/10\/Dise%C3%B1o-sin-t%C3%ADtulo-2.png?fit=820%2C312","jetpack_sharing_enabled":true,"jetpack_shortlink":"https:\/\/wp.me\/p8OhQz-rI","_links":{"self":[{"href":"http:\/\/musikaliaelkartea.eus\/es\/wp-json\/wp\/v2\/posts\/1718","targetHints":{"allow":["GET"]}}],"collection":[{"href":"http:\/\/musikaliaelkartea.eus\/es\/wp-json\/wp\/v2\/posts"}],"about":[{"href":"http:\/\/musikaliaelkartea.eus\/es\/wp-json\/wp\/v2\/types\/post"}],"author":[{"embeddable":true,"href":"http:\/\/musikaliaelkartea.eus\/es\/wp-json\/wp\/v2\/users\/2"}],"replies":[{"embeddable":true,"href":"http:\/\/musikaliaelkartea.eus\/es\/wp-json\/wp\/v2\/comments?post=1718"}],"version-history":[{"count":4,"href":"http:\/\/musikaliaelkartea.eus\/es\/wp-json\/wp\/v2\/posts\/1718\/revisions"}],"predecessor-version":[{"id":1726,"href":"http:\/\/musikaliaelkartea.eus\/es\/wp-json\/wp\/v2\/posts\/1718\/revisions\/1726"}],"wp:featuredmedia":[{"embeddable":true,"href":"http:\/\/musikaliaelkartea.eus\/es\/wp-json\/wp\/v2\/media\/1723"}],"wp:attachment":[{"href":"http:\/\/musikaliaelkartea.eus\/es\/wp-json\/wp\/v2\/media?parent=1718"}],"wp:term":[{"taxonomy":"category","embeddable":true,"href":"http:\/\/musikaliaelkartea.eus\/es\/wp-json\/wp\/v2\/categories?post=1718"},{"taxonomy":"post_tag","embeddable":true,"href":"http:\/\/musikaliaelkartea.eus\/es\/wp-json\/wp\/v2\/tags?post=1718"}],"curies":[{"name":"wp","href":"https:\/\/api.w.org\/{rel}","templated":true}]}}