{"id":1685,"date":"2018-10-16T11:22:59","date_gmt":"2018-10-16T11:22:59","guid":{"rendered":"http:\/\/musikaliaelkartea.eus\/?p=1685"},"modified":"2018-11-05T11:52:21","modified_gmt":"2018-11-05T11:52:21","slug":"ipuin-kontaketa-musikatua","status":"publish","type":"post","link":"http:\/\/musikaliaelkartea.eus\/es\/2018\/10\/16\/ipuin-kontaketa-musikatua\/","title":{"rendered":"Ipuin kontaketa musikatua"},"content":{"rendered":"<p><img data-recalc-dims=\"1\" fetchpriority=\"high\" decoding=\"async\" data-attachment-id=\"1696\" data-permalink=\"http:\/\/musikaliaelkartea.eus\/es\/2018\/10\/16\/ipuin-kontaketa-musikatua\/diseno-sin-titulo-3-2\/\" data-orig-file=\"https:\/\/i0.wp.com\/musikaliaelkartea.eus\/wp-content\/uploads\/2018\/10\/Dise%C3%B1o-sin-t%C3%ADtulo-3-1.png?fit=820%2C312\" data-orig-size=\"820,312\" data-comments-opened=\"1\" data-image-meta=\"{&quot;aperture&quot;:&quot;0&quot;,&quot;credit&quot;:&quot;&quot;,&quot;camera&quot;:&quot;&quot;,&quot;caption&quot;:&quot;&quot;,&quot;created_timestamp&quot;:&quot;0&quot;,&quot;copyright&quot;:&quot;&quot;,&quot;focal_length&quot;:&quot;0&quot;,&quot;iso&quot;:&quot;0&quot;,&quot;shutter_speed&quot;:&quot;0&quot;,&quot;title&quot;:&quot;&quot;,&quot;orientation&quot;:&quot;0&quot;}\" data-image-title=\"Dise\u00f1o sin t\u00edtulo (3)\" data-image-description=\"\" data-image-caption=\"\" data-large-file=\"https:\/\/i0.wp.com\/musikaliaelkartea.eus\/wp-content\/uploads\/2018\/10\/Dise%C3%B1o-sin-t%C3%ADtulo-3-1.png?fit=820%2C312\" class=\"alignnone wp-image-1696 size-full\" src=\"https:\/\/i0.wp.com\/musikaliaelkartea.eus\/wp-content\/uploads\/2018\/10\/Dise%C3%B1o-sin-t%C3%ADtulo-3-1.png?resize=820%2C312\" alt=\"\" width=\"820\" height=\"312\" srcset=\"https:\/\/i0.wp.com\/musikaliaelkartea.eus\/wp-content\/uploads\/2018\/10\/Dise%C3%B1o-sin-t%C3%ADtulo-3-1.png?w=820 820w, https:\/\/i0.wp.com\/musikaliaelkartea.eus\/wp-content\/uploads\/2018\/10\/Dise%C3%B1o-sin-t%C3%ADtulo-3-1.png?resize=300%2C114 300w, https:\/\/i0.wp.com\/musikaliaelkartea.eus\/wp-content\/uploads\/2018\/10\/Dise%C3%B1o-sin-t%C3%ADtulo-3-1.png?resize=768%2C292 768w, https:\/\/i0.wp.com\/musikaliaelkartea.eus\/wp-content\/uploads\/2018\/10\/Dise%C3%B1o-sin-t%C3%ADtulo-3-1.png?resize=788%2C300 788w\" sizes=\"(max-width: 820px) 100vw, 820px\" \/><\/p>\n<p>Con el fin de celebrar Santa Cecilia, este a\u00f1o, las Asociaciones Musikalia y la S<a href=\"http:\/\/sorginatxirulina.eus\/es\/cuentos\/\">orgina Txirulina<\/a> os presentamos el relato de cuento musicado.<\/p>\n<p>Erica Liquete es la persona que est\u00e1 tras el personaje <a href=\"http:\/\/sorginatxirulina.eus\/es\/cuentos\/\">Sorgina Txirulina<\/a> y\u00a0 adem\u00e1s de ser el narrador de cuento,escribe cuentos\u00a0para los padres que no saben euskera puedan aprender, con la ayuda de los cuentos y l@s hij@s.<\/p>\n<p>Con el fin de sumergir m\u00e1s f\u00e1cilmente al\u00a0espectador\u00a0en diferentes relatos de la Sorgina, los m\u00fasicos de la banda se servir\u00e1n de diferentes sonidos y efectos. Adem\u00e1s, el espectador tendr\u00e1 la posibilidad de disfrutar de algunas obras de la mano de la banda.<\/p>\n<p>El concierto que ser\u00e1 en euskera trandr\u00e1 lugar en la <a href=\"http:\/\/musikaliaelkartea.eus\/es\/events\/ipuin-kontaketa-musikatua\/\">escuela de m\u00fasica Andres Isasi de Las Arenas<\/a>, el 25 de Noviembre. Con el fin de facilitar las gestiones de espacio del teatro, se controlar\u00e1\u00a0 el aforo por medio de las invitaciones (<a href=\"http:\/\/musikaliaelkartea.eus\/2018\/11\/02\/musikalia-banda-sorgina-txirulina\/\">pincha aqui<\/a>).<\/p>\n<h4><a href=\"https:\/\/drive.google.com\/file\/d\/1the724AGJbpCIOSiy7sjw3T7JXWPcQRu\/view?usp=sharing\">FLAYER-a<\/a><\/h4>\n<h4><a href=\"https:\/\/drive.google.com\/open?id=11vRXKYjB1kDjwTRNEAKMS4dHNX2UtRbf\">KONTZERTUA (PDF)<\/a><\/h4>\n<h4><a href=\"https:\/\/drive.google.com\/open?id=1pCCFqjfUcOdybMQpF-kASAC9C5lOmLIj\">KARTELA<\/a><\/h4>\n<p><\/p>","protected":false},"excerpt":{"rendered":"<p>Con el fin de celebrar Santa Cecilia, este a\u00f1o, las Asociaciones Musikalia y la Sorgina Txirulina os presentamos el relato de cuento musicado. Erica Liquete<a href=\"http:\/\/musikaliaelkartea.eus\/es\/2018\/10\/16\/ipuin-kontaketa-musikatua\/\" class=\"more-link\">View More<\/a><\/p>\n","protected":false},"author":2,"featured_media":1688,"comment_status":"open","ping_status":"open","sticky":false,"template":"","format":"standard","meta":{"jetpack_post_was_ever_published":false,"_jetpack_newsletter_access":"","_jetpack_dont_email_post_to_subs":false,"_jetpack_newsletter_tier_id":0,"_jetpack_memberships_contains_paywalled_content":false,"_jetpack_memberships_contains_paid_content":false,"footnotes":""},"categories":[1],"tags":[],"class_list":["post-1685","post","type-post","status-publish","format-standard","has-post-thumbnail","hentry","category-uncategorized"],"yoast_head":"<!-- This site is optimized with the Yoast SEO plugin v27.4 - https:\/\/yoast.com\/product\/yoast-seo-wordpress\/ -->\n<title>Ipuin kontaketa musikatua - Musikalia Elkartea<\/title>\n<meta name=\"robots\" content=\"index, follow, max-snippet:-1, max-image-preview:large, max-video-preview:-1\" \/>\n<link rel=\"canonical\" href=\"http:\/\/musikaliaelkartea.eus\/2018\/10\/16\/ipuin-kontaketa-musikatua\/\" \/>\n<meta property=\"og:locale\" content=\"es_ES\" \/>\n<meta property=\"og:type\" content=\"article\" \/>\n<meta property=\"og:title\" content=\"Ipuin kontaketa musikatua - Musikalia Elkartea\" \/>\n<meta property=\"og:description\" content=\"Con el fin de celebrar Santa Cecilia, este a\u00f1o, las Asociaciones Musikalia y la Sorgina Txirulina os presentamos el relato de cuento musicado. Erica LiqueteView More\" \/>\n<meta property=\"og:url\" content=\"http:\/\/musikaliaelkartea.eus\/2018\/10\/16\/ipuin-kontaketa-musikatua\/\" \/>\n<meta property=\"og:site_name\" content=\"Musikalia Elkartea\" \/>\n<meta property=\"article:publisher\" content=\"https:\/\/www.facebook.com\/musikaliaelkartea\" \/>\n<meta property=\"article:published_time\" content=\"2018-10-16T11:22:59+00:00\" \/>\n<meta property=\"article:modified_time\" content=\"2018-11-05T11:52:21+00:00\" \/>\n<meta property=\"og:image\" content=\"https:\/\/i0.wp.com\/musikaliaelkartea.eus\/wp-content\/uploads\/2018\/10\/Dise%C3%B1o-sin-t%C3%ADtulo-3.png?fit=820%2C312\" \/>\n\t<meta property=\"og:image:width\" content=\"820\" \/>\n\t<meta property=\"og:image:height\" content=\"312\" \/>\n\t<meta property=\"og:image:type\" content=\"image\/png\" \/>\n<meta name=\"author\" content=\"Musikalia\" \/>\n<meta name=\"twitter:card\" content=\"summary_large_image\" \/>\n<meta name=\"twitter:label1\" content=\"Escrito por\" \/>\n\t<meta name=\"twitter:data1\" content=\"Musikalia\" \/>\n\t<meta name=\"twitter:label2\" content=\"Tiempo de lectura\" \/>\n\t<meta name=\"twitter:data2\" content=\"1 minuto\" \/>\n<script type=\"application\/ld+json\" class=\"yoast-schema-graph\">{\"@context\":\"https:\\\/\\\/schema.org\",\"@graph\":[{\"@type\":\"Article\",\"@id\":\"http:\\\/\\\/musikaliaelkartea.eus\\\/2018\\\/10\\\/16\\\/ipuin-kontaketa-musikatua\\\/#article\",\"isPartOf\":{\"@id\":\"http:\\\/\\\/musikaliaelkartea.eus\\\/2018\\\/10\\\/16\\\/ipuin-kontaketa-musikatua\\\/\"},\"author\":{\"name\":\"Musikalia\",\"@id\":\"http:\\\/\\\/musikaliaelkartea.eus\\\/es\\\/#\\\/schema\\\/person\\\/14029d72e7fe33dcc3b5b67080703aab\"},\"headline\":\"Ipuin kontaketa musikatua\",\"datePublished\":\"2018-10-16T11:22:59+00:00\",\"dateModified\":\"2018-11-05T11:52:21+00:00\",\"mainEntityOfPage\":{\"@id\":\"http:\\\/\\\/musikaliaelkartea.eus\\\/2018\\\/10\\\/16\\\/ipuin-kontaketa-musikatua\\\/\"},\"wordCount\":263,\"commentCount\":0,\"publisher\":{\"@id\":\"http:\\\/\\\/musikaliaelkartea.eus\\\/es\\\/#organization\"},\"image\":{\"@id\":\"http:\\\/\\\/musikaliaelkartea.eus\\\/2018\\\/10\\\/16\\\/ipuin-kontaketa-musikatua\\\/#primaryimage\"},\"thumbnailUrl\":\"https:\\\/\\\/i0.wp.com\\\/musikaliaelkartea.eus\\\/wp-content\\\/uploads\\\/2018\\\/10\\\/Dise%C3%B1o-sin-t%C3%ADtulo-3.png?fit=820%2C312\",\"articleSection\":[\"Uncategorized\"],\"inLanguage\":\"es\",\"potentialAction\":[{\"@type\":\"CommentAction\",\"name\":\"Comment\",\"target\":[\"http:\\\/\\\/musikaliaelkartea.eus\\\/2018\\\/10\\\/16\\\/ipuin-kontaketa-musikatua\\\/#respond\"]}]},{\"@type\":\"WebPage\",\"@id\":\"http:\\\/\\\/musikaliaelkartea.eus\\\/2018\\\/10\\\/16\\\/ipuin-kontaketa-musikatua\\\/\",\"url\":\"http:\\\/\\\/musikaliaelkartea.eus\\\/2018\\\/10\\\/16\\\/ipuin-kontaketa-musikatua\\\/\",\"name\":\"Ipuin kontaketa musikatua - Musikalia Elkartea\",\"isPartOf\":{\"@id\":\"http:\\\/\\\/musikaliaelkartea.eus\\\/es\\\/#website\"},\"primaryImageOfPage\":{\"@id\":\"http:\\\/\\\/musikaliaelkartea.eus\\\/2018\\\/10\\\/16\\\/ipuin-kontaketa-musikatua\\\/#primaryimage\"},\"image\":{\"@id\":\"http:\\\/\\\/musikaliaelkartea.eus\\\/2018\\\/10\\\/16\\\/ipuin-kontaketa-musikatua\\\/#primaryimage\"},\"thumbnailUrl\":\"https:\\\/\\\/i0.wp.com\\\/musikaliaelkartea.eus\\\/wp-content\\\/uploads\\\/2018\\\/10\\\/Dise%C3%B1o-sin-t%C3%ADtulo-3.png?fit=820%2C312\",\"datePublished\":\"2018-10-16T11:22:59+00:00\",\"dateModified\":\"2018-11-05T11:52:21+00:00\",\"breadcrumb\":{\"@id\":\"http:\\\/\\\/musikaliaelkartea.eus\\\/2018\\\/10\\\/16\\\/ipuin-kontaketa-musikatua\\\/#breadcrumb\"},\"inLanguage\":\"es\",\"potentialAction\":[{\"@type\":\"ReadAction\",\"target\":[\"http:\\\/\\\/musikaliaelkartea.eus\\\/2018\\\/10\\\/16\\\/ipuin-kontaketa-musikatua\\\/\"]}]},{\"@type\":\"ImageObject\",\"inLanguage\":\"es\",\"@id\":\"http:\\\/\\\/musikaliaelkartea.eus\\\/2018\\\/10\\\/16\\\/ipuin-kontaketa-musikatua\\\/#primaryimage\",\"url\":\"https:\\\/\\\/i0.wp.com\\\/musikaliaelkartea.eus\\\/wp-content\\\/uploads\\\/2018\\\/10\\\/Dise%C3%B1o-sin-t%C3%ADtulo-3.png?fit=820%2C312\",\"contentUrl\":\"https:\\\/\\\/i0.wp.com\\\/musikaliaelkartea.eus\\\/wp-content\\\/uploads\\\/2018\\\/10\\\/Dise%C3%B1o-sin-t%C3%ADtulo-3.png?fit=820%2C312\",\"width\":820,\"height\":312},{\"@type\":\"BreadcrumbList\",\"@id\":\"http:\\\/\\\/musikaliaelkartea.eus\\\/2018\\\/10\\\/16\\\/ipuin-kontaketa-musikatua\\\/#breadcrumb\",\"itemListElement\":[{\"@type\":\"ListItem\",\"position\":1,\"name\":\"Home\",\"item\":\"http:\\\/\\\/musikaliaelkartea.eus\\\/es\\\/\"},{\"@type\":\"ListItem\",\"position\":2,\"name\":\"Ipuin kontaketa musikatua\"}]},{\"@type\":\"WebSite\",\"@id\":\"http:\\\/\\\/musikaliaelkartea.eus\\\/es\\\/#website\",\"url\":\"http:\\\/\\\/musikaliaelkartea.eus\\\/es\\\/\",\"name\":\"Musikalia Elkartea\",\"description\":\"\",\"publisher\":{\"@id\":\"http:\\\/\\\/musikaliaelkartea.eus\\\/es\\\/#organization\"},\"potentialAction\":[{\"@type\":\"SearchAction\",\"target\":{\"@type\":\"EntryPoint\",\"urlTemplate\":\"http:\\\/\\\/musikaliaelkartea.eus\\\/es\\\/?s={search_term_string}\"},\"query-input\":{\"@type\":\"PropertyValueSpecification\",\"valueRequired\":true,\"valueName\":\"search_term_string\"}}],\"inLanguage\":\"es\"},{\"@type\":\"Organization\",\"@id\":\"http:\\\/\\\/musikaliaelkartea.eus\\\/es\\\/#organization\",\"name\":\"Getxoko Andres Isasi Musikalia Elkartea\",\"url\":\"http:\\\/\\\/musikaliaelkartea.eus\\\/es\\\/\",\"logo\":{\"@type\":\"ImageObject\",\"inLanguage\":\"es\",\"@id\":\"http:\\\/\\\/musikaliaelkartea.eus\\\/es\\\/#\\\/schema\\\/logo\\\/image\\\/\",\"url\":\"https:\\\/\\\/i0.wp.com\\\/musikaliaelkartea.eus\\\/wp-content\\\/uploads\\\/2025\\\/03\\\/cropped-MUSIKALIA-LOGO-LARGO.png?fit=5455%2C1928\",\"contentUrl\":\"https:\\\/\\\/i0.wp.com\\\/musikaliaelkartea.eus\\\/wp-content\\\/uploads\\\/2025\\\/03\\\/cropped-MUSIKALIA-LOGO-LARGO.png?fit=5455%2C1928\",\"width\":5455,\"height\":1928,\"caption\":\"Getxoko Andres Isasi Musikalia Elkartea\"},\"image\":{\"@id\":\"http:\\\/\\\/musikaliaelkartea.eus\\\/es\\\/#\\\/schema\\\/logo\\\/image\\\/\"},\"sameAs\":[\"https:\\\/\\\/www.facebook.com\\\/musikaliaelkartea\",\"https:\\\/\\\/www.instagram.com\\\/musikaliaelkartea\\\/\",\"https:\\\/\\\/www.youtube.com\\\/channel\\\/UCYG_UH_Rv-34wbmS8nQ7mpg\"]},{\"@type\":\"Person\",\"@id\":\"http:\\\/\\\/musikaliaelkartea.eus\\\/es\\\/#\\\/schema\\\/person\\\/14029d72e7fe33dcc3b5b67080703aab\",\"name\":\"Musikalia\",\"image\":{\"@type\":\"ImageObject\",\"inLanguage\":\"es\",\"@id\":\"https:\\\/\\\/secure.gravatar.com\\\/avatar\\\/4cedd4863d0dc30f70d9375282b4f70545dbeb2a5fec482325b3b89efe2dd5e3?s=96&d=mm&r=g\",\"url\":\"https:\\\/\\\/secure.gravatar.com\\\/avatar\\\/4cedd4863d0dc30f70d9375282b4f70545dbeb2a5fec482325b3b89efe2dd5e3?s=96&d=mm&r=g\",\"contentUrl\":\"https:\\\/\\\/secure.gravatar.com\\\/avatar\\\/4cedd4863d0dc30f70d9375282b4f70545dbeb2a5fec482325b3b89efe2dd5e3?s=96&d=mm&r=g\",\"caption\":\"Musikalia\"},\"url\":\"http:\\\/\\\/musikaliaelkartea.eus\\\/es\\\/author\\\/musikalia\\\/\"}]}<\/script>\n<!-- \/ Yoast SEO plugin. -->","yoast_head_json":{"title":"Ipuin kontaketa musikatua - Musikalia Elkartea","robots":{"index":"index","follow":"follow","max-snippet":"max-snippet:-1","max-image-preview":"max-image-preview:large","max-video-preview":"max-video-preview:-1"},"canonical":"http:\/\/musikaliaelkartea.eus\/2018\/10\/16\/ipuin-kontaketa-musikatua\/","og_locale":"es_ES","og_type":"article","og_title":"Ipuin kontaketa musikatua - Musikalia Elkartea","og_description":"Con el fin de celebrar Santa Cecilia, este a\u00f1o, las Asociaciones Musikalia y la Sorgina Txirulina os presentamos el relato de cuento musicado. Erica LiqueteView More","og_url":"http:\/\/musikaliaelkartea.eus\/2018\/10\/16\/ipuin-kontaketa-musikatua\/","og_site_name":"Musikalia Elkartea","article_publisher":"https:\/\/www.facebook.com\/musikaliaelkartea","article_published_time":"2018-10-16T11:22:59+00:00","article_modified_time":"2018-11-05T11:52:21+00:00","og_image":[{"width":820,"height":312,"url":"https:\/\/i0.wp.com\/musikaliaelkartea.eus\/wp-content\/uploads\/2018\/10\/Dise%C3%B1o-sin-t%C3%ADtulo-3.png?fit=820%2C312","type":"image\/png"}],"author":"Musikalia","twitter_card":"summary_large_image","twitter_misc":{"Escrito por":"Musikalia","Tiempo de lectura":"1 minuto"},"schema":{"@context":"https:\/\/schema.org","@graph":[{"@type":"Article","@id":"http:\/\/musikaliaelkartea.eus\/2018\/10\/16\/ipuin-kontaketa-musikatua\/#article","isPartOf":{"@id":"http:\/\/musikaliaelkartea.eus\/2018\/10\/16\/ipuin-kontaketa-musikatua\/"},"author":{"name":"Musikalia","@id":"http:\/\/musikaliaelkartea.eus\/es\/#\/schema\/person\/14029d72e7fe33dcc3b5b67080703aab"},"headline":"Ipuin kontaketa musikatua","datePublished":"2018-10-16T11:22:59+00:00","dateModified":"2018-11-05T11:52:21+00:00","mainEntityOfPage":{"@id":"http:\/\/musikaliaelkartea.eus\/2018\/10\/16\/ipuin-kontaketa-musikatua\/"},"wordCount":263,"commentCount":0,"publisher":{"@id":"http:\/\/musikaliaelkartea.eus\/es\/#organization"},"image":{"@id":"http:\/\/musikaliaelkartea.eus\/2018\/10\/16\/ipuin-kontaketa-musikatua\/#primaryimage"},"thumbnailUrl":"https:\/\/i0.wp.com\/musikaliaelkartea.eus\/wp-content\/uploads\/2018\/10\/Dise%C3%B1o-sin-t%C3%ADtulo-3.png?fit=820%2C312","articleSection":["Uncategorized"],"inLanguage":"es","potentialAction":[{"@type":"CommentAction","name":"Comment","target":["http:\/\/musikaliaelkartea.eus\/2018\/10\/16\/ipuin-kontaketa-musikatua\/#respond"]}]},{"@type":"WebPage","@id":"http:\/\/musikaliaelkartea.eus\/2018\/10\/16\/ipuin-kontaketa-musikatua\/","url":"http:\/\/musikaliaelkartea.eus\/2018\/10\/16\/ipuin-kontaketa-musikatua\/","name":"Ipuin kontaketa musikatua - Musikalia Elkartea","isPartOf":{"@id":"http:\/\/musikaliaelkartea.eus\/es\/#website"},"primaryImageOfPage":{"@id":"http:\/\/musikaliaelkartea.eus\/2018\/10\/16\/ipuin-kontaketa-musikatua\/#primaryimage"},"image":{"@id":"http:\/\/musikaliaelkartea.eus\/2018\/10\/16\/ipuin-kontaketa-musikatua\/#primaryimage"},"thumbnailUrl":"https:\/\/i0.wp.com\/musikaliaelkartea.eus\/wp-content\/uploads\/2018\/10\/Dise%C3%B1o-sin-t%C3%ADtulo-3.png?fit=820%2C312","datePublished":"2018-10-16T11:22:59+00:00","dateModified":"2018-11-05T11:52:21+00:00","breadcrumb":{"@id":"http:\/\/musikaliaelkartea.eus\/2018\/10\/16\/ipuin-kontaketa-musikatua\/#breadcrumb"},"inLanguage":"es","potentialAction":[{"@type":"ReadAction","target":["http:\/\/musikaliaelkartea.eus\/2018\/10\/16\/ipuin-kontaketa-musikatua\/"]}]},{"@type":"ImageObject","inLanguage":"es","@id":"http:\/\/musikaliaelkartea.eus\/2018\/10\/16\/ipuin-kontaketa-musikatua\/#primaryimage","url":"https:\/\/i0.wp.com\/musikaliaelkartea.eus\/wp-content\/uploads\/2018\/10\/Dise%C3%B1o-sin-t%C3%ADtulo-3.png?fit=820%2C312","contentUrl":"https:\/\/i0.wp.com\/musikaliaelkartea.eus\/wp-content\/uploads\/2018\/10\/Dise%C3%B1o-sin-t%C3%ADtulo-3.png?fit=820%2C312","width":820,"height":312},{"@type":"BreadcrumbList","@id":"http:\/\/musikaliaelkartea.eus\/2018\/10\/16\/ipuin-kontaketa-musikatua\/#breadcrumb","itemListElement":[{"@type":"ListItem","position":1,"name":"Home","item":"http:\/\/musikaliaelkartea.eus\/es\/"},{"@type":"ListItem","position":2,"name":"Ipuin kontaketa musikatua"}]},{"@type":"WebSite","@id":"http:\/\/musikaliaelkartea.eus\/es\/#website","url":"http:\/\/musikaliaelkartea.eus\/es\/","name":"Musikalia Elkartea","description":"","publisher":{"@id":"http:\/\/musikaliaelkartea.eus\/es\/#organization"},"potentialAction":[{"@type":"SearchAction","target":{"@type":"EntryPoint","urlTemplate":"http:\/\/musikaliaelkartea.eus\/es\/?s={search_term_string}"},"query-input":{"@type":"PropertyValueSpecification","valueRequired":true,"valueName":"search_term_string"}}],"inLanguage":"es"},{"@type":"Organization","@id":"http:\/\/musikaliaelkartea.eus\/es\/#organization","name":"Getxoko Andres Isasi Musikalia Elkartea","url":"http:\/\/musikaliaelkartea.eus\/es\/","logo":{"@type":"ImageObject","inLanguage":"es","@id":"http:\/\/musikaliaelkartea.eus\/es\/#\/schema\/logo\/image\/","url":"https:\/\/i0.wp.com\/musikaliaelkartea.eus\/wp-content\/uploads\/2025\/03\/cropped-MUSIKALIA-LOGO-LARGO.png?fit=5455%2C1928","contentUrl":"https:\/\/i0.wp.com\/musikaliaelkartea.eus\/wp-content\/uploads\/2025\/03\/cropped-MUSIKALIA-LOGO-LARGO.png?fit=5455%2C1928","width":5455,"height":1928,"caption":"Getxoko Andres Isasi Musikalia Elkartea"},"image":{"@id":"http:\/\/musikaliaelkartea.eus\/es\/#\/schema\/logo\/image\/"},"sameAs":["https:\/\/www.facebook.com\/musikaliaelkartea","https:\/\/www.instagram.com\/musikaliaelkartea\/","https:\/\/www.youtube.com\/channel\/UCYG_UH_Rv-34wbmS8nQ7mpg"]},{"@type":"Person","@id":"http:\/\/musikaliaelkartea.eus\/es\/#\/schema\/person\/14029d72e7fe33dcc3b5b67080703aab","name":"Musikalia","image":{"@type":"ImageObject","inLanguage":"es","@id":"https:\/\/secure.gravatar.com\/avatar\/4cedd4863d0dc30f70d9375282b4f70545dbeb2a5fec482325b3b89efe2dd5e3?s=96&d=mm&r=g","url":"https:\/\/secure.gravatar.com\/avatar\/4cedd4863d0dc30f70d9375282b4f70545dbeb2a5fec482325b3b89efe2dd5e3?s=96&d=mm&r=g","contentUrl":"https:\/\/secure.gravatar.com\/avatar\/4cedd4863d0dc30f70d9375282b4f70545dbeb2a5fec482325b3b89efe2dd5e3?s=96&d=mm&r=g","caption":"Musikalia"},"url":"http:\/\/musikaliaelkartea.eus\/es\/author\/musikalia\/"}]}},"jetpack_featured_media_url":"https:\/\/i0.wp.com\/musikaliaelkartea.eus\/wp-content\/uploads\/2018\/10\/Dise%C3%B1o-sin-t%C3%ADtulo-3.png?fit=820%2C312","jetpack_sharing_enabled":true,"jetpack_shortlink":"https:\/\/wp.me\/p8OhQz-rb","_links":{"self":[{"href":"http:\/\/musikaliaelkartea.eus\/es\/wp-json\/wp\/v2\/posts\/1685","targetHints":{"allow":["GET"]}}],"collection":[{"href":"http:\/\/musikaliaelkartea.eus\/es\/wp-json\/wp\/v2\/posts"}],"about":[{"href":"http:\/\/musikaliaelkartea.eus\/es\/wp-json\/wp\/v2\/types\/post"}],"author":[{"embeddable":true,"href":"http:\/\/musikaliaelkartea.eus\/es\/wp-json\/wp\/v2\/users\/2"}],"replies":[{"embeddable":true,"href":"http:\/\/musikaliaelkartea.eus\/es\/wp-json\/wp\/v2\/comments?post=1685"}],"version-history":[{"count":15,"href":"http:\/\/musikaliaelkartea.eus\/es\/wp-json\/wp\/v2\/posts\/1685\/revisions"}],"predecessor-version":[{"id":1762,"href":"http:\/\/musikaliaelkartea.eus\/es\/wp-json\/wp\/v2\/posts\/1685\/revisions\/1762"}],"wp:featuredmedia":[{"embeddable":true,"href":"http:\/\/musikaliaelkartea.eus\/es\/wp-json\/wp\/v2\/media\/1688"}],"wp:attachment":[{"href":"http:\/\/musikaliaelkartea.eus\/es\/wp-json\/wp\/v2\/media?parent=1685"}],"wp:term":[{"taxonomy":"category","embeddable":true,"href":"http:\/\/musikaliaelkartea.eus\/es\/wp-json\/wp\/v2\/categories?post=1685"},{"taxonomy":"post_tag","embeddable":true,"href":"http:\/\/musikaliaelkartea.eus\/es\/wp-json\/wp\/v2\/tags?post=1685"}],"curies":[{"name":"wp","href":"https:\/\/api.w.org\/{rel}","templated":true}]}}