{"id":1529,"date":"2018-06-04T07:11:55","date_gmt":"2018-06-04T07:11:55","guid":{"rendered":"http:\/\/musikaliaelkartea.eus\/?p=1529"},"modified":"2018-06-04T07:38:19","modified_gmt":"2018-06-04T07:38:19","slug":"kantatzen-duen-herri-bat-ez-da-inoiz-hilko","status":"publish","type":"post","link":"http:\/\/musikaliaelkartea.eus\/es\/2018\/06\/04\/kantatzen-duen-herri-bat-ez-da-inoiz-hilko\/","title":{"rendered":"\u201cKantatzen duen herri bat ez da inoiz hilko\u201d"},"content":{"rendered":"<p>\u00a1Que buen fin de semana hemos pasado! La m\u00fasica y los bailes han sido los protagonistas de la programaci\u00f3n del fin de semana y hemos podido disfrutar mucho. Los ciudadanos que nos dedicamos a la cultura y formamos el tejido asociativo de Getxo hemos hecho p\u00fablicos los resultados del trabajo del a\u00f1o. El s\u00e1bado, se celebr\u00f3 en el parque de Malakate la \u201cdantza plaza\u201d y tambi\u00e9n pudimos disfrutar de un espect\u00e1culo visual en la inauguraci\u00f3n de la Romoko kultur etxea. El domingo la carpa de Biotz Alai acogi\u00f3 de nuevo a los peque\u00f1os cantantes del pueblo y por la tarde en cambio tuvimos la oportunidad de disfrutar del d\u00eda del Corpus en el Puerto Viejo.<\/p>\n<h4>kantu&amp;band<\/h4>\n<p><img data-recalc-dims=\"1\" loading=\"lazy\" decoding=\"async\" data-attachment-id=\"1538\" data-permalink=\"http:\/\/musikaliaelkartea.eus\/es\/?attachment_id=1538\" data-orig-file=\"https:\/\/i0.wp.com\/musikaliaelkartea.eus\/wp-content\/uploads\/2018\/06\/eee-min.jpg?fit=1577%2C1043\" data-orig-size=\"1577,1043\" data-comments-opened=\"1\" data-image-meta=\"{&quot;aperture&quot;:&quot;0&quot;,&quot;credit&quot;:&quot;&quot;,&quot;camera&quot;:&quot;&quot;,&quot;caption&quot;:&quot;&quot;,&quot;created_timestamp&quot;:&quot;0&quot;,&quot;copyright&quot;:&quot;&quot;,&quot;focal_length&quot;:&quot;0&quot;,&quot;iso&quot;:&quot;0&quot;,&quot;shutter_speed&quot;:&quot;0&quot;,&quot;title&quot;:&quot;&quot;,&quot;orientation&quot;:&quot;0&quot;}\" data-image-title=\"eee-min\" data-image-description=\"\" data-image-caption=\"\" data-large-file=\"https:\/\/i0.wp.com\/musikaliaelkartea.eus\/wp-content\/uploads\/2018\/06\/eee-min.jpg?fit=1024%2C677\" class=\"alignright wp-image-1538 size-medium\" src=\"https:\/\/i0.wp.com\/musikaliaelkartea.eus\/wp-content\/uploads\/2018\/06\/eee-min.jpg?resize=300%2C198\" alt=\"\" width=\"300\" height=\"198\" srcset=\"https:\/\/i0.wp.com\/musikaliaelkartea.eus\/wp-content\/uploads\/2018\/06\/eee-min.jpg?resize=300%2C198 300w, https:\/\/i0.wp.com\/musikaliaelkartea.eus\/wp-content\/uploads\/2018\/06\/eee-min.jpg?resize=768%2C508 768w, https:\/\/i0.wp.com\/musikaliaelkartea.eus\/wp-content\/uploads\/2018\/06\/eee-min.jpg?resize=1024%2C677 1024w, https:\/\/i0.wp.com\/musikaliaelkartea.eus\/wp-content\/uploads\/2018\/06\/eee-min.jpg?resize=454%2C300 454w, https:\/\/i0.wp.com\/musikaliaelkartea.eus\/wp-content\/uploads\/2018\/06\/eee-min.jpg?w=1577 1577w\" sizes=\"(max-width: 300px) 100vw, 300px\" \/>En cuanto a Musikalia, el s\u00e1bado presentamos el proyecto Kantu&amp;Band. Los trabajos de preparaci\u00f3n empezaron desde primera hora de la tarde, con pruebas de sonido y con ensayos generales con los coros. El s\u00e1bado fue un d\u00eda soleado pero el calor no nos detuvo.<\/p>\n<p>Que una banda y un coro colaboren no es tarea f\u00e1cil. Nos ha sido imposible de unificar los calendarios a lo largo de a\u00f1o. Pero los j\u00f3venes cantantes que pasaron por el escenario para cantar junto a Musikalia no tuvieron ning\u00fan problema para adaptarse a la melod\u00eda de la banda. A la vista qued\u00f3 el trabajo llevado a cabo con diferentes profesores\/as y directores\/as a lo largo de a\u00f1o.<\/p>\n<p><img data-recalc-dims=\"1\" loading=\"lazy\" decoding=\"async\" data-attachment-id=\"1546\" data-permalink=\"http:\/\/musikaliaelkartea.eus\/es\/?attachment_id=1546\" data-orig-file=\"https:\/\/i0.wp.com\/musikaliaelkartea.eus\/wp-content\/uploads\/2018\/06\/vv-min.jpg?fit=1582%2C1043\" data-orig-size=\"1582,1043\" data-comments-opened=\"1\" data-image-meta=\"{&quot;aperture&quot;:&quot;0&quot;,&quot;credit&quot;:&quot;&quot;,&quot;camera&quot;:&quot;&quot;,&quot;caption&quot;:&quot;&quot;,&quot;created_timestamp&quot;:&quot;0&quot;,&quot;copyright&quot;:&quot;&quot;,&quot;focal_length&quot;:&quot;0&quot;,&quot;iso&quot;:&quot;0&quot;,&quot;shutter_speed&quot;:&quot;0&quot;,&quot;title&quot;:&quot;&quot;,&quot;orientation&quot;:&quot;0&quot;}\" data-image-title=\"vv-min\" data-image-description=\"\" data-image-caption=\"\" data-large-file=\"https:\/\/i0.wp.com\/musikaliaelkartea.eus\/wp-content\/uploads\/2018\/06\/vv-min.jpg?fit=1024%2C675\" class=\"alignright wp-image-1546 size-medium\" src=\"https:\/\/i0.wp.com\/musikaliaelkartea.eus\/wp-content\/uploads\/2018\/06\/vv-min.jpg?resize=300%2C198\" alt=\"\" width=\"300\" height=\"198\" srcset=\"https:\/\/i0.wp.com\/musikaliaelkartea.eus\/wp-content\/uploads\/2018\/06\/vv-min.jpg?resize=300%2C198 300w, https:\/\/i0.wp.com\/musikaliaelkartea.eus\/wp-content\/uploads\/2018\/06\/vv-min.jpg?resize=768%2C506 768w, https:\/\/i0.wp.com\/musikaliaelkartea.eus\/wp-content\/uploads\/2018\/06\/vv-min.jpg?resize=1024%2C675 1024w, https:\/\/i0.wp.com\/musikaliaelkartea.eus\/wp-content\/uploads\/2018\/06\/vv-min.jpg?resize=455%2C300 455w, https:\/\/i0.wp.com\/musikaliaelkartea.eus\/wp-content\/uploads\/2018\/06\/vv-min.jpg?w=1582 1582w\" sizes=\"(max-width: 300px) 100vw, 300px\" \/>Una de las razones principales de que el acto fuese exitoso fue el trabajo de Ane Legarreta. Adem\u00e1s de dirigir a nuestra banda, dirigi\u00f3 los dem\u00e1s coros y las recomendaci\u00f3n y \u00e1nimos que dio a los ni\u00f1os en los ensayos facilitaron mucho la tarea de unificar de la banda y los coros. Tener una directora como Ane, nos ha ayudado mejorar\u00a0 el nivel musical del grupo. Su trabajo, su compromiso y la cercan\u00eda son el secreto del \u00e9xito de los actos llevados a cabo hasta el momento.<img data-recalc-dims=\"1\" loading=\"lazy\" decoding=\"async\" data-attachment-id=\"1542\" data-permalink=\"http:\/\/musikaliaelkartea.eus\/es\/?attachment_id=1542\" data-orig-file=\"https:\/\/i0.wp.com\/musikaliaelkartea.eus\/wp-content\/uploads\/2018\/06\/log-2-min.jpg?fit=1754%2C1240\" data-orig-size=\"1754,1240\" data-comments-opened=\"1\" data-image-meta=\"{&quot;aperture&quot;:&quot;0&quot;,&quot;credit&quot;:&quot;&quot;,&quot;camera&quot;:&quot;&quot;,&quot;caption&quot;:&quot;&quot;,&quot;created_timestamp&quot;:&quot;0&quot;,&quot;copyright&quot;:&quot;&quot;,&quot;focal_length&quot;:&quot;0&quot;,&quot;iso&quot;:&quot;0&quot;,&quot;shutter_speed&quot;:&quot;0&quot;,&quot;title&quot;:&quot;&quot;,&quot;orientation&quot;:&quot;0&quot;}\" data-image-title=\"log 2-min\" data-image-description=\"\" data-image-caption=\"\" data-large-file=\"https:\/\/i0.wp.com\/musikaliaelkartea.eus\/wp-content\/uploads\/2018\/06\/log-2-min.jpg?fit=1024%2C724\" class=\"aligncenter wp-image-1542 size-apostrophe-featured\" src=\"https:\/\/i0.wp.com\/musikaliaelkartea.eus\/wp-content\/uploads\/2018\/06\/log-2-min.jpg?resize=723%2C350\" alt=\"\" width=\"723\" height=\"350\" srcset=\"https:\/\/i0.wp.com\/musikaliaelkartea.eus\/wp-content\/uploads\/2018\/06\/log-2-min.jpg?resize=930%2C450 930w, https:\/\/i0.wp.com\/musikaliaelkartea.eus\/wp-content\/uploads\/2018\/06\/log-2-min.jpg?zoom=2&amp;resize=723%2C350 1446w\" sizes=\"(max-width: 723px) 100vw, 723px\" \/><\/p>\n<h4>corpus puerto viejo<\/h4>\n<p>Hace tres a\u00f1os, comenzamos el proyecto de Musikalia y con el formato de calle fuimos al Corpus realizando as\u00ed nuestra primera actuaci\u00f3n como asociaci\u00f3n. Por lo tanto, es una cita muy especial para nosotros. Alegrar con nuestra m\u00fasica las estrechas calles del Puerto Viejo es un gran placer para nosotros y disfrutamos mucho de este d\u00eda. Adem\u00e1s, los organizadores y los vecinos nos cuidan estupendamente todos los a\u00f1os. El domingo, tuvimos la oportunidad de tocar las nuevas canciones que hemos a\u00f1adido al repertorio de calle de este a\u00f1o.<img data-recalc-dims=\"1\" loading=\"lazy\" decoding=\"async\" data-attachment-id=\"1566\" data-permalink=\"http:\/\/musikaliaelkartea.eus\/es\/2018\/06\/04\/kantatzen-duen-herri-bat-ez-da-inoiz-hilko\/publicacion1\/\" data-orig-file=\"https:\/\/i0.wp.com\/musikaliaelkartea.eus\/wp-content\/uploads\/2018\/06\/Publicaci%C3%B3n1.jpg?fit=1572%2C874\" data-orig-size=\"1572,874\" data-comments-opened=\"1\" data-image-meta=\"{&quot;aperture&quot;:&quot;0&quot;,&quot;credit&quot;:&quot;&quot;,&quot;camera&quot;:&quot;&quot;,&quot;caption&quot;:&quot;&quot;,&quot;created_timestamp&quot;:&quot;1528065325&quot;,&quot;copyright&quot;:&quot;&quot;,&quot;focal_length&quot;:&quot;0&quot;,&quot;iso&quot;:&quot;0&quot;,&quot;shutter_speed&quot;:&quot;0&quot;,&quot;title&quot;:&quot;&quot;,&quot;orientation&quot;:&quot;1&quot;}\" data-image-title=\"Publicaci\u00f3n1\" data-image-description=\"\" data-image-caption=\"\" data-large-file=\"https:\/\/i0.wp.com\/musikaliaelkartea.eus\/wp-content\/uploads\/2018\/06\/Publicaci%C3%B3n1.jpg?fit=1024%2C569\" class=\"wp-image-1566 size-large aligncenter\" src=\"https:\/\/i0.wp.com\/musikaliaelkartea.eus\/wp-content\/uploads\/2018\/06\/Publicaci%C3%B3n1.jpg?resize=723%2C402\" alt=\"\" width=\"723\" height=\"402\" srcset=\"https:\/\/i0.wp.com\/musikaliaelkartea.eus\/wp-content\/uploads\/2018\/06\/Publicaci%C3%B3n1.jpg?resize=1024%2C569 1024w, https:\/\/i0.wp.com\/musikaliaelkartea.eus\/wp-content\/uploads\/2018\/06\/Publicaci%C3%B3n1.jpg?resize=300%2C167 300w, https:\/\/i0.wp.com\/musikaliaelkartea.eus\/wp-content\/uploads\/2018\/06\/Publicaci%C3%B3n1.jpg?resize=768%2C427 768w, https:\/\/i0.wp.com\/musikaliaelkartea.eus\/wp-content\/uploads\/2018\/06\/Publicaci%C3%B3n1.jpg?resize=540%2C300 540w, https:\/\/i0.wp.com\/musikaliaelkartea.eus\/wp-content\/uploads\/2018\/06\/Publicaci%C3%B3n1.jpg?w=1572 1572w\" sizes=\"(max-width: 723px) 100vw, 723px\" \/><\/p>\n<h4>feten feten &amp; musikalia<\/h4>\n<p>La pr\u00f3xima actuaci\u00f3n de Musikalia ser\u00e1 el 21 de junio en la carpa Biotz Alai. Este ser\u00e1 el proyecto m\u00e1s ambicioso del a\u00f1o y llevaremos al escenario el trabajo realizado a lo largo de a\u00f1o.\u00a0 Las entradas se pondr\u00e1n a la venta el 7 de junio.<\/p>","protected":false},"excerpt":{"rendered":"<p>\u00a1Que buen fin de semana hemos pasado! La m\u00fasica y los bailes han sido los protagonistas de la programaci\u00f3n del fin de semana y hemos<a href=\"http:\/\/musikaliaelkartea.eus\/es\/2018\/06\/04\/kantatzen-duen-herri-bat-ez-da-inoiz-hilko\/\" class=\"more-link\">View More<\/a><\/p>\n","protected":false},"author":1,"featured_media":1565,"comment_status":"open","ping_status":"open","sticky":false,"template":"","format":"standard","meta":{"jetpack_post_was_ever_published":false,"_jetpack_newsletter_access":"","_jetpack_dont_email_post_to_subs":false,"_jetpack_newsletter_tier_id":0,"_jetpack_memberships_contains_paywalled_content":false,"_jetpack_memberships_contains_paid_content":false,"footnotes":""},"categories":[1],"tags":[],"class_list":["post-1529","post","type-post","status-publish","format-standard","has-post-thumbnail","hentry","category-uncategorized"],"yoast_head":"<!-- This site is optimized with the Yoast SEO plugin v27.4 - https:\/\/yoast.com\/product\/yoast-seo-wordpress\/ -->\n<title>\u201cKantatzen duen herri bat ez da inoiz hilko\u201d - Musikalia Elkartea<\/title>\n<meta name=\"robots\" content=\"index, follow, max-snippet:-1, max-image-preview:large, max-video-preview:-1\" \/>\n<link rel=\"canonical\" href=\"http:\/\/musikaliaelkartea.eus\/es\/2018\/06\/04\/kantatzen-duen-herri-bat-ez-da-inoiz-hilko\/\" \/>\n<meta property=\"og:locale\" content=\"es_ES\" \/>\n<meta property=\"og:type\" content=\"article\" \/>\n<meta property=\"og:title\" content=\"\u201cKantatzen duen herri bat ez da inoiz hilko\u201d - Musikalia Elkartea\" \/>\n<meta property=\"og:description\" content=\"\u00a1Que buen fin de semana hemos pasado! La m\u00fasica y los bailes han sido los protagonistas de la programaci\u00f3n del fin de semana y hemosView More\" \/>\n<meta property=\"og:url\" content=\"http:\/\/musikaliaelkartea.eus\/es\/2018\/06\/04\/kantatzen-duen-herri-bat-ez-da-inoiz-hilko\/\" \/>\n<meta property=\"og:site_name\" content=\"Musikalia Elkartea\" \/>\n<meta property=\"article:publisher\" content=\"https:\/\/www.facebook.com\/musikaliaelkartea\" \/>\n<meta property=\"article:published_time\" content=\"2018-06-04T07:11:55+00:00\" \/>\n<meta property=\"article:modified_time\" content=\"2018-06-04T07:38:19+00:00\" \/>\n<meta property=\"og:image\" content=\"https:\/\/i0.wp.com\/musikaliaelkartea.eus\/wp-content\/uploads\/2018\/06\/adventure.jpg?fit=820%2C312\" \/>\n\t<meta property=\"og:image:width\" content=\"820\" \/>\n\t<meta property=\"og:image:height\" content=\"312\" \/>\n\t<meta property=\"og:image:type\" content=\"image\/jpeg\" \/>\n<meta name=\"author\" content=\"admin\" \/>\n<meta name=\"twitter:card\" content=\"summary_large_image\" \/>\n<meta name=\"twitter:label1\" content=\"Escrito por\" \/>\n\t<meta name=\"twitter:data1\" content=\"admin\" \/>\n\t<meta name=\"twitter:label2\" content=\"Tiempo de lectura\" \/>\n\t<meta name=\"twitter:data2\" content=\"4 minutos\" \/>\n<script type=\"application\/ld+json\" class=\"yoast-schema-graph\">{\"@context\":\"https:\\\/\\\/schema.org\",\"@graph\":[{\"@type\":\"Article\",\"@id\":\"http:\\\/\\\/musikaliaelkartea.eus\\\/es\\\/2018\\\/06\\\/04\\\/kantatzen-duen-herri-bat-ez-da-inoiz-hilko\\\/#article\",\"isPartOf\":{\"@id\":\"http:\\\/\\\/musikaliaelkartea.eus\\\/es\\\/2018\\\/06\\\/04\\\/kantatzen-duen-herri-bat-ez-da-inoiz-hilko\\\/\"},\"author\":{\"name\":\"admin\",\"@id\":\"http:\\\/\\\/musikaliaelkartea.eus\\\/es\\\/#\\\/schema\\\/person\\\/83f4e89e47194300d20a42d314de9e57\"},\"headline\":\"\u201cKantatzen duen herri bat ez da inoiz hilko\u201d\",\"datePublished\":\"2018-06-04T07:11:55+00:00\",\"dateModified\":\"2018-06-04T07:38:19+00:00\",\"mainEntityOfPage\":{\"@id\":\"http:\\\/\\\/musikaliaelkartea.eus\\\/es\\\/2018\\\/06\\\/04\\\/kantatzen-duen-herri-bat-ez-da-inoiz-hilko\\\/\"},\"wordCount\":817,\"commentCount\":0,\"publisher\":{\"@id\":\"http:\\\/\\\/musikaliaelkartea.eus\\\/es\\\/#organization\"},\"image\":{\"@id\":\"http:\\\/\\\/musikaliaelkartea.eus\\\/es\\\/2018\\\/06\\\/04\\\/kantatzen-duen-herri-bat-ez-da-inoiz-hilko\\\/#primaryimage\"},\"thumbnailUrl\":\"https:\\\/\\\/i0.wp.com\\\/musikaliaelkartea.eus\\\/wp-content\\\/uploads\\\/2018\\\/06\\\/adventure.jpg?fit=820%2C312\",\"articleSection\":[\"Uncategorized\"],\"inLanguage\":\"es\",\"potentialAction\":[{\"@type\":\"CommentAction\",\"name\":\"Comment\",\"target\":[\"http:\\\/\\\/musikaliaelkartea.eus\\\/es\\\/2018\\\/06\\\/04\\\/kantatzen-duen-herri-bat-ez-da-inoiz-hilko\\\/#respond\"]}]},{\"@type\":\"WebPage\",\"@id\":\"http:\\\/\\\/musikaliaelkartea.eus\\\/es\\\/2018\\\/06\\\/04\\\/kantatzen-duen-herri-bat-ez-da-inoiz-hilko\\\/\",\"url\":\"http:\\\/\\\/musikaliaelkartea.eus\\\/es\\\/2018\\\/06\\\/04\\\/kantatzen-duen-herri-bat-ez-da-inoiz-hilko\\\/\",\"name\":\"\u201cKantatzen duen herri bat ez da inoiz hilko\u201d - Musikalia Elkartea\",\"isPartOf\":{\"@id\":\"http:\\\/\\\/musikaliaelkartea.eus\\\/es\\\/#website\"},\"primaryImageOfPage\":{\"@id\":\"http:\\\/\\\/musikaliaelkartea.eus\\\/es\\\/2018\\\/06\\\/04\\\/kantatzen-duen-herri-bat-ez-da-inoiz-hilko\\\/#primaryimage\"},\"image\":{\"@id\":\"http:\\\/\\\/musikaliaelkartea.eus\\\/es\\\/2018\\\/06\\\/04\\\/kantatzen-duen-herri-bat-ez-da-inoiz-hilko\\\/#primaryimage\"},\"thumbnailUrl\":\"https:\\\/\\\/i0.wp.com\\\/musikaliaelkartea.eus\\\/wp-content\\\/uploads\\\/2018\\\/06\\\/adventure.jpg?fit=820%2C312\",\"datePublished\":\"2018-06-04T07:11:55+00:00\",\"dateModified\":\"2018-06-04T07:38:19+00:00\",\"breadcrumb\":{\"@id\":\"http:\\\/\\\/musikaliaelkartea.eus\\\/es\\\/2018\\\/06\\\/04\\\/kantatzen-duen-herri-bat-ez-da-inoiz-hilko\\\/#breadcrumb\"},\"inLanguage\":\"es\",\"potentialAction\":[{\"@type\":\"ReadAction\",\"target\":[\"http:\\\/\\\/musikaliaelkartea.eus\\\/es\\\/2018\\\/06\\\/04\\\/kantatzen-duen-herri-bat-ez-da-inoiz-hilko\\\/\"]}]},{\"@type\":\"ImageObject\",\"inLanguage\":\"es\",\"@id\":\"http:\\\/\\\/musikaliaelkartea.eus\\\/es\\\/2018\\\/06\\\/04\\\/kantatzen-duen-herri-bat-ez-da-inoiz-hilko\\\/#primaryimage\",\"url\":\"https:\\\/\\\/i0.wp.com\\\/musikaliaelkartea.eus\\\/wp-content\\\/uploads\\\/2018\\\/06\\\/adventure.jpg?fit=820%2C312\",\"contentUrl\":\"https:\\\/\\\/i0.wp.com\\\/musikaliaelkartea.eus\\\/wp-content\\\/uploads\\\/2018\\\/06\\\/adventure.jpg?fit=820%2C312\",\"width\":820,\"height\":312},{\"@type\":\"BreadcrumbList\",\"@id\":\"http:\\\/\\\/musikaliaelkartea.eus\\\/es\\\/2018\\\/06\\\/04\\\/kantatzen-duen-herri-bat-ez-da-inoiz-hilko\\\/#breadcrumb\",\"itemListElement\":[{\"@type\":\"ListItem\",\"position\":1,\"name\":\"Home\",\"item\":\"http:\\\/\\\/musikaliaelkartea.eus\\\/es\\\/\"},{\"@type\":\"ListItem\",\"position\":2,\"name\":\"\u201cKantatzen duen herri bat ez da inoiz hilko\u201d\"}]},{\"@type\":\"WebSite\",\"@id\":\"http:\\\/\\\/musikaliaelkartea.eus\\\/es\\\/#website\",\"url\":\"http:\\\/\\\/musikaliaelkartea.eus\\\/es\\\/\",\"name\":\"Musikalia Elkartea\",\"description\":\"\",\"publisher\":{\"@id\":\"http:\\\/\\\/musikaliaelkartea.eus\\\/es\\\/#organization\"},\"potentialAction\":[{\"@type\":\"SearchAction\",\"target\":{\"@type\":\"EntryPoint\",\"urlTemplate\":\"http:\\\/\\\/musikaliaelkartea.eus\\\/es\\\/?s={search_term_string}\"},\"query-input\":{\"@type\":\"PropertyValueSpecification\",\"valueRequired\":true,\"valueName\":\"search_term_string\"}}],\"inLanguage\":\"es\"},{\"@type\":\"Organization\",\"@id\":\"http:\\\/\\\/musikaliaelkartea.eus\\\/es\\\/#organization\",\"name\":\"Getxoko Andres Isasi Musikalia Elkartea\",\"url\":\"http:\\\/\\\/musikaliaelkartea.eus\\\/es\\\/\",\"logo\":{\"@type\":\"ImageObject\",\"inLanguage\":\"es\",\"@id\":\"http:\\\/\\\/musikaliaelkartea.eus\\\/es\\\/#\\\/schema\\\/logo\\\/image\\\/\",\"url\":\"https:\\\/\\\/i0.wp.com\\\/musikaliaelkartea.eus\\\/wp-content\\\/uploads\\\/2025\\\/03\\\/cropped-MUSIKALIA-LOGO-LARGO.png?fit=5455%2C1928\",\"contentUrl\":\"https:\\\/\\\/i0.wp.com\\\/musikaliaelkartea.eus\\\/wp-content\\\/uploads\\\/2025\\\/03\\\/cropped-MUSIKALIA-LOGO-LARGO.png?fit=5455%2C1928\",\"width\":5455,\"height\":1928,\"caption\":\"Getxoko Andres Isasi Musikalia Elkartea\"},\"image\":{\"@id\":\"http:\\\/\\\/musikaliaelkartea.eus\\\/es\\\/#\\\/schema\\\/logo\\\/image\\\/\"},\"sameAs\":[\"https:\\\/\\\/www.facebook.com\\\/musikaliaelkartea\",\"https:\\\/\\\/www.instagram.com\\\/musikaliaelkartea\\\/\",\"https:\\\/\\\/www.youtube.com\\\/channel\\\/UCYG_UH_Rv-34wbmS8nQ7mpg\"]},{\"@type\":\"Person\",\"@id\":\"http:\\\/\\\/musikaliaelkartea.eus\\\/es\\\/#\\\/schema\\\/person\\\/83f4e89e47194300d20a42d314de9e57\",\"name\":\"admin\",\"image\":{\"@type\":\"ImageObject\",\"inLanguage\":\"es\",\"@id\":\"https:\\\/\\\/secure.gravatar.com\\\/avatar\\\/15c1142fe4ffaf0416ede19e056ec705eab3a0077bf155c88eea63b5977c525f?s=96&d=mm&r=g\",\"url\":\"https:\\\/\\\/secure.gravatar.com\\\/avatar\\\/15c1142fe4ffaf0416ede19e056ec705eab3a0077bf155c88eea63b5977c525f?s=96&d=mm&r=g\",\"contentUrl\":\"https:\\\/\\\/secure.gravatar.com\\\/avatar\\\/15c1142fe4ffaf0416ede19e056ec705eab3a0077bf155c88eea63b5977c525f?s=96&d=mm&r=g\",\"caption\":\"admin\"},\"url\":\"http:\\\/\\\/musikaliaelkartea.eus\\\/es\\\/author\\\/admin\\\/\"}]}<\/script>\n<!-- \/ Yoast SEO plugin. -->","yoast_head_json":{"title":"\u201cKantatzen duen herri bat ez da inoiz hilko\u201d - Musikalia Elkartea","robots":{"index":"index","follow":"follow","max-snippet":"max-snippet:-1","max-image-preview":"max-image-preview:large","max-video-preview":"max-video-preview:-1"},"canonical":"http:\/\/musikaliaelkartea.eus\/es\/2018\/06\/04\/kantatzen-duen-herri-bat-ez-da-inoiz-hilko\/","og_locale":"es_ES","og_type":"article","og_title":"\u201cKantatzen duen herri bat ez da inoiz hilko\u201d - Musikalia Elkartea","og_description":"\u00a1Que buen fin de semana hemos pasado! La m\u00fasica y los bailes han sido los protagonistas de la programaci\u00f3n del fin de semana y hemosView More","og_url":"http:\/\/musikaliaelkartea.eus\/es\/2018\/06\/04\/kantatzen-duen-herri-bat-ez-da-inoiz-hilko\/","og_site_name":"Musikalia Elkartea","article_publisher":"https:\/\/www.facebook.com\/musikaliaelkartea","article_published_time":"2018-06-04T07:11:55+00:00","article_modified_time":"2018-06-04T07:38:19+00:00","og_image":[{"width":820,"height":312,"url":"https:\/\/i0.wp.com\/musikaliaelkartea.eus\/wp-content\/uploads\/2018\/06\/adventure.jpg?fit=820%2C312","type":"image\/jpeg"}],"author":"admin","twitter_card":"summary_large_image","twitter_misc":{"Escrito por":"admin","Tiempo de lectura":"4 minutos"},"schema":{"@context":"https:\/\/schema.org","@graph":[{"@type":"Article","@id":"http:\/\/musikaliaelkartea.eus\/es\/2018\/06\/04\/kantatzen-duen-herri-bat-ez-da-inoiz-hilko\/#article","isPartOf":{"@id":"http:\/\/musikaliaelkartea.eus\/es\/2018\/06\/04\/kantatzen-duen-herri-bat-ez-da-inoiz-hilko\/"},"author":{"name":"admin","@id":"http:\/\/musikaliaelkartea.eus\/es\/#\/schema\/person\/83f4e89e47194300d20a42d314de9e57"},"headline":"\u201cKantatzen duen herri bat ez da inoiz hilko\u201d","datePublished":"2018-06-04T07:11:55+00:00","dateModified":"2018-06-04T07:38:19+00:00","mainEntityOfPage":{"@id":"http:\/\/musikaliaelkartea.eus\/es\/2018\/06\/04\/kantatzen-duen-herri-bat-ez-da-inoiz-hilko\/"},"wordCount":817,"commentCount":0,"publisher":{"@id":"http:\/\/musikaliaelkartea.eus\/es\/#organization"},"image":{"@id":"http:\/\/musikaliaelkartea.eus\/es\/2018\/06\/04\/kantatzen-duen-herri-bat-ez-da-inoiz-hilko\/#primaryimage"},"thumbnailUrl":"https:\/\/i0.wp.com\/musikaliaelkartea.eus\/wp-content\/uploads\/2018\/06\/adventure.jpg?fit=820%2C312","articleSection":["Uncategorized"],"inLanguage":"es","potentialAction":[{"@type":"CommentAction","name":"Comment","target":["http:\/\/musikaliaelkartea.eus\/es\/2018\/06\/04\/kantatzen-duen-herri-bat-ez-da-inoiz-hilko\/#respond"]}]},{"@type":"WebPage","@id":"http:\/\/musikaliaelkartea.eus\/es\/2018\/06\/04\/kantatzen-duen-herri-bat-ez-da-inoiz-hilko\/","url":"http:\/\/musikaliaelkartea.eus\/es\/2018\/06\/04\/kantatzen-duen-herri-bat-ez-da-inoiz-hilko\/","name":"\u201cKantatzen duen herri bat ez da inoiz hilko\u201d - Musikalia Elkartea","isPartOf":{"@id":"http:\/\/musikaliaelkartea.eus\/es\/#website"},"primaryImageOfPage":{"@id":"http:\/\/musikaliaelkartea.eus\/es\/2018\/06\/04\/kantatzen-duen-herri-bat-ez-da-inoiz-hilko\/#primaryimage"},"image":{"@id":"http:\/\/musikaliaelkartea.eus\/es\/2018\/06\/04\/kantatzen-duen-herri-bat-ez-da-inoiz-hilko\/#primaryimage"},"thumbnailUrl":"https:\/\/i0.wp.com\/musikaliaelkartea.eus\/wp-content\/uploads\/2018\/06\/adventure.jpg?fit=820%2C312","datePublished":"2018-06-04T07:11:55+00:00","dateModified":"2018-06-04T07:38:19+00:00","breadcrumb":{"@id":"http:\/\/musikaliaelkartea.eus\/es\/2018\/06\/04\/kantatzen-duen-herri-bat-ez-da-inoiz-hilko\/#breadcrumb"},"inLanguage":"es","potentialAction":[{"@type":"ReadAction","target":["http:\/\/musikaliaelkartea.eus\/es\/2018\/06\/04\/kantatzen-duen-herri-bat-ez-da-inoiz-hilko\/"]}]},{"@type":"ImageObject","inLanguage":"es","@id":"http:\/\/musikaliaelkartea.eus\/es\/2018\/06\/04\/kantatzen-duen-herri-bat-ez-da-inoiz-hilko\/#primaryimage","url":"https:\/\/i0.wp.com\/musikaliaelkartea.eus\/wp-content\/uploads\/2018\/06\/adventure.jpg?fit=820%2C312","contentUrl":"https:\/\/i0.wp.com\/musikaliaelkartea.eus\/wp-content\/uploads\/2018\/06\/adventure.jpg?fit=820%2C312","width":820,"height":312},{"@type":"BreadcrumbList","@id":"http:\/\/musikaliaelkartea.eus\/es\/2018\/06\/04\/kantatzen-duen-herri-bat-ez-da-inoiz-hilko\/#breadcrumb","itemListElement":[{"@type":"ListItem","position":1,"name":"Home","item":"http:\/\/musikaliaelkartea.eus\/es\/"},{"@type":"ListItem","position":2,"name":"\u201cKantatzen duen herri bat ez da inoiz hilko\u201d"}]},{"@type":"WebSite","@id":"http:\/\/musikaliaelkartea.eus\/es\/#website","url":"http:\/\/musikaliaelkartea.eus\/es\/","name":"Musikalia Elkartea","description":"","publisher":{"@id":"http:\/\/musikaliaelkartea.eus\/es\/#organization"},"potentialAction":[{"@type":"SearchAction","target":{"@type":"EntryPoint","urlTemplate":"http:\/\/musikaliaelkartea.eus\/es\/?s={search_term_string}"},"query-input":{"@type":"PropertyValueSpecification","valueRequired":true,"valueName":"search_term_string"}}],"inLanguage":"es"},{"@type":"Organization","@id":"http:\/\/musikaliaelkartea.eus\/es\/#organization","name":"Getxoko Andres Isasi Musikalia Elkartea","url":"http:\/\/musikaliaelkartea.eus\/es\/","logo":{"@type":"ImageObject","inLanguage":"es","@id":"http:\/\/musikaliaelkartea.eus\/es\/#\/schema\/logo\/image\/","url":"https:\/\/i0.wp.com\/musikaliaelkartea.eus\/wp-content\/uploads\/2025\/03\/cropped-MUSIKALIA-LOGO-LARGO.png?fit=5455%2C1928","contentUrl":"https:\/\/i0.wp.com\/musikaliaelkartea.eus\/wp-content\/uploads\/2025\/03\/cropped-MUSIKALIA-LOGO-LARGO.png?fit=5455%2C1928","width":5455,"height":1928,"caption":"Getxoko Andres Isasi Musikalia Elkartea"},"image":{"@id":"http:\/\/musikaliaelkartea.eus\/es\/#\/schema\/logo\/image\/"},"sameAs":["https:\/\/www.facebook.com\/musikaliaelkartea","https:\/\/www.instagram.com\/musikaliaelkartea\/","https:\/\/www.youtube.com\/channel\/UCYG_UH_Rv-34wbmS8nQ7mpg"]},{"@type":"Person","@id":"http:\/\/musikaliaelkartea.eus\/es\/#\/schema\/person\/83f4e89e47194300d20a42d314de9e57","name":"admin","image":{"@type":"ImageObject","inLanguage":"es","@id":"https:\/\/secure.gravatar.com\/avatar\/15c1142fe4ffaf0416ede19e056ec705eab3a0077bf155c88eea63b5977c525f?s=96&d=mm&r=g","url":"https:\/\/secure.gravatar.com\/avatar\/15c1142fe4ffaf0416ede19e056ec705eab3a0077bf155c88eea63b5977c525f?s=96&d=mm&r=g","contentUrl":"https:\/\/secure.gravatar.com\/avatar\/15c1142fe4ffaf0416ede19e056ec705eab3a0077bf155c88eea63b5977c525f?s=96&d=mm&r=g","caption":"admin"},"url":"http:\/\/musikaliaelkartea.eus\/es\/author\/admin\/"}]}},"jetpack_featured_media_url":"https:\/\/i0.wp.com\/musikaliaelkartea.eus\/wp-content\/uploads\/2018\/06\/adventure.jpg?fit=820%2C312","jetpack_sharing_enabled":true,"jetpack_shortlink":"https:\/\/wp.me\/p8OhQz-oF","_links":{"self":[{"href":"http:\/\/musikaliaelkartea.eus\/es\/wp-json\/wp\/v2\/posts\/1529","targetHints":{"allow":["GET"]}}],"collection":[{"href":"http:\/\/musikaliaelkartea.eus\/es\/wp-json\/wp\/v2\/posts"}],"about":[{"href":"http:\/\/musikaliaelkartea.eus\/es\/wp-json\/wp\/v2\/types\/post"}],"author":[{"embeddable":true,"href":"http:\/\/musikaliaelkartea.eus\/es\/wp-json\/wp\/v2\/users\/1"}],"replies":[{"embeddable":true,"href":"http:\/\/musikaliaelkartea.eus\/es\/wp-json\/wp\/v2\/comments?post=1529"}],"version-history":[{"count":8,"href":"http:\/\/musikaliaelkartea.eus\/es\/wp-json\/wp\/v2\/posts\/1529\/revisions"}],"predecessor-version":[{"id":1567,"href":"http:\/\/musikaliaelkartea.eus\/es\/wp-json\/wp\/v2\/posts\/1529\/revisions\/1567"}],"wp:featuredmedia":[{"embeddable":true,"href":"http:\/\/musikaliaelkartea.eus\/es\/wp-json\/wp\/v2\/media\/1565"}],"wp:attachment":[{"href":"http:\/\/musikaliaelkartea.eus\/es\/wp-json\/wp\/v2\/media?parent=1529"}],"wp:term":[{"taxonomy":"category","embeddable":true,"href":"http:\/\/musikaliaelkartea.eus\/es\/wp-json\/wp\/v2\/categories?post=1529"},{"taxonomy":"post_tag","embeddable":true,"href":"http:\/\/musikaliaelkartea.eus\/es\/wp-json\/wp\/v2\/tags?post=1529"}],"curies":[{"name":"wp","href":"https:\/\/api.w.org\/{rel}","templated":true}]}}