{"id":1407,"date":"2018-04-13T12:21:27","date_gmt":"2018-04-13T12:21:27","guid":{"rendered":"http:\/\/musikaliaelkartea.eus\/?p=1407"},"modified":"2018-04-25T15:11:36","modified_gmt":"2018-04-25T15:11:36","slug":"azken-hiruhilekorako-agenda","status":"publish","type":"post","link":"http:\/\/musikaliaelkartea.eus\/es\/2018\/04\/13\/azken-hiruhilekorako-agenda\/","title":{"rendered":"Agenda para el \u00faltimo trimestre"},"content":{"rendered":"<p>Falta poco para poner fin al a\u00f1o escolar y como siempre, intentaremos darle la bienvenida al verano de la mejor manera posible: sacando la m\u00fasica a la calle.<\/p>\n<p>Para ello,\u00a0 empezando en mayo y poniendo punto final en junio,\u00a0 ofreceremos varios conciertos en diferentes formatos.<img data-recalc-dims=\"1\" fetchpriority=\"high\" decoding=\"async\" data-attachment-id=\"1440\" data-permalink=\"http:\/\/musikaliaelkartea.eus\/es\/2018\/04\/13\/azken-hiruhilekorako-agenda\/hey-there-lovely-2\/\" data-orig-file=\"https:\/\/i0.wp.com\/musikaliaelkartea.eus\/wp-content\/uploads\/2018\/04\/hey-there-lovely-2.png?fit=820%2C312\" data-orig-size=\"820,312\" data-comments-opened=\"1\" data-image-meta=\"{&quot;aperture&quot;:&quot;0&quot;,&quot;credit&quot;:&quot;&quot;,&quot;camera&quot;:&quot;&quot;,&quot;caption&quot;:&quot;&quot;,&quot;created_timestamp&quot;:&quot;0&quot;,&quot;copyright&quot;:&quot;&quot;,&quot;focal_length&quot;:&quot;0&quot;,&quot;iso&quot;:&quot;0&quot;,&quot;shutter_speed&quot;:&quot;0&quot;,&quot;title&quot;:&quot;&quot;,&quot;orientation&quot;:&quot;0&quot;}\" data-image-title=\"hey there, lovely! (2)\" data-image-description=\"\" data-image-caption=\"\" data-large-file=\"https:\/\/i0.wp.com\/musikaliaelkartea.eus\/wp-content\/uploads\/2018\/04\/hey-there-lovely-2.png?fit=820%2C312\" class=\"alignnone wp-image-1440 size-full\" src=\"https:\/\/i0.wp.com\/musikaliaelkartea.eus\/wp-content\/uploads\/2018\/04\/hey-there-lovely-2.png?resize=820%2C312\" alt=\"\" width=\"820\" height=\"312\" srcset=\"https:\/\/i0.wp.com\/musikaliaelkartea.eus\/wp-content\/uploads\/2018\/04\/hey-there-lovely-2.png?w=820 820w, https:\/\/i0.wp.com\/musikaliaelkartea.eus\/wp-content\/uploads\/2018\/04\/hey-there-lovely-2.png?resize=300%2C114 300w, https:\/\/i0.wp.com\/musikaliaelkartea.eus\/wp-content\/uploads\/2018\/04\/hey-there-lovely-2.png?resize=768%2C292 768w, https:\/\/i0.wp.com\/musikaliaelkartea.eus\/wp-content\/uploads\/2018\/04\/hey-there-lovely-2.png?resize=788%2C300 788w\" sizes=\"(max-width: 820px) 100vw, 820px\" \/><\/p>\n<h4>fiestas de andra mari (13\/05\/2018, 12:00)<\/h4>\n<p>Como todos los a\u00f1os, estaremos en el mercado del domingo. Ser\u00e1 el tercer a\u00f1o que nos acerquemos a estas fiestas. La actuaci\u00f3n comenzar\u00e1 a las 12:00 en la plaza de Malakate y pasando por \u201cLa Venta\u201d llegaremos a la carpa de arriba. A lo largo del recorrido, haremos peque\u00f1as pausas y tendremos la posibilidad de presentar nuevas canciones. Como todos los a\u00f1os, esperamos un ambiente excelente en el mercado de la ma\u00f1ana.<\/p>\n<p><img data-recalc-dims=\"1\" loading=\"lazy\" decoding=\"async\" data-attachment-id=\"1435\" data-permalink=\"http:\/\/musikaliaelkartea.eus\/es\/events\/andra-mariko-jaiak\/andra-mari-kartela\/\" data-orig-file=\"https:\/\/i0.wp.com\/musikaliaelkartea.eus\/wp-content\/uploads\/2018\/01\/Andra-Mari-kartela.png?fit=820%2C312\" data-orig-size=\"820,312\" data-comments-opened=\"1\" data-image-meta=\"{&quot;aperture&quot;:&quot;0&quot;,&quot;credit&quot;:&quot;&quot;,&quot;camera&quot;:&quot;&quot;,&quot;caption&quot;:&quot;&quot;,&quot;created_timestamp&quot;:&quot;0&quot;,&quot;copyright&quot;:&quot;&quot;,&quot;focal_length&quot;:&quot;0&quot;,&quot;iso&quot;:&quot;0&quot;,&quot;shutter_speed&quot;:&quot;0&quot;,&quot;title&quot;:&quot;&quot;,&quot;orientation&quot;:&quot;0&quot;}\" data-image-title=\"Andra Mari kartela\" data-image-description=\"\" data-image-caption=\"\" data-large-file=\"https:\/\/i0.wp.com\/musikaliaelkartea.eus\/wp-content\/uploads\/2018\/01\/Andra-Mari-kartela.png?fit=820%2C312\" class=\"alignnone wp-image-1435 size-full\" src=\"https:\/\/i0.wp.com\/musikaliaelkartea.eus\/wp-content\/uploads\/2018\/01\/Andra-Mari-kartela.png?resize=820%2C312\" alt=\"\" width=\"820\" height=\"312\" srcset=\"https:\/\/i0.wp.com\/musikaliaelkartea.eus\/wp-content\/uploads\/2018\/01\/Andra-Mari-kartela.png?w=820 820w, https:\/\/i0.wp.com\/musikaliaelkartea.eus\/wp-content\/uploads\/2018\/01\/Andra-Mari-kartela.png?resize=300%2C114 300w, https:\/\/i0.wp.com\/musikaliaelkartea.eus\/wp-content\/uploads\/2018\/01\/Andra-Mari-kartela.png?resize=768%2C292 768w, https:\/\/i0.wp.com\/musikaliaelkartea.eus\/wp-content\/uploads\/2018\/01\/Andra-Mari-kartela.png?resize=788%2C300 788w\" sizes=\"(max-width: 820px) 100vw, 820px\" \/><\/p>\n<h4>kantu band (02\/06\/2018, 18:00)<\/h4>\n<p><img data-recalc-dims=\"1\" decoding=\"async\" data-attachment-id=\"1453\" data-permalink=\"http:\/\/musikaliaelkartea.eus\/es\/2018\/04\/13\/azken-hiruhilekorako-agenda\/kantu_band_2018-def_logos-def-2\/\" data-orig-file=\"https:\/\/i0.wp.com\/musikaliaelkartea.eus\/wp-content\/uploads\/2018\/04\/kantu_band_2018-def_logos-def-2.jpg?fit=2386%2C3354\" data-orig-size=\"2386,3354\" data-comments-opened=\"1\" data-image-meta=\"{&quot;aperture&quot;:&quot;0&quot;,&quot;credit&quot;:&quot;&quot;,&quot;camera&quot;:&quot;&quot;,&quot;caption&quot;:&quot;&quot;,&quot;created_timestamp&quot;:&quot;0&quot;,&quot;copyright&quot;:&quot;&quot;,&quot;focal_length&quot;:&quot;0&quot;,&quot;iso&quot;:&quot;0&quot;,&quot;shutter_speed&quot;:&quot;0&quot;,&quot;title&quot;:&quot;&quot;,&quot;orientation&quot;:&quot;1&quot;}\" data-image-title=\"kantu_band_2018-def_logos-def (2)\" data-image-description=\"\" data-image-caption=\"\" data-large-file=\"https:\/\/i0.wp.com\/musikaliaelkartea.eus\/wp-content\/uploads\/2018\/04\/kantu_band_2018-def_logos-def-2.jpg?fit=728%2C1024\" class=\"wp-image-1453 size-medium alignright\" src=\"https:\/\/i0.wp.com\/musikaliaelkartea.eus\/wp-content\/uploads\/2018\/04\/kantu_band_2018-def_logos-def-2.jpg?resize=213%2C300\" alt=\"\" width=\"213\" height=\"300\" srcset=\"https:\/\/i0.wp.com\/musikaliaelkartea.eus\/wp-content\/uploads\/2018\/04\/kantu_band_2018-def_logos-def-2.jpg?resize=213%2C300 213w, https:\/\/i0.wp.com\/musikaliaelkartea.eus\/wp-content\/uploads\/2018\/04\/kantu_band_2018-def_logos-def-2.jpg?resize=768%2C1080 768w, https:\/\/i0.wp.com\/musikaliaelkartea.eus\/wp-content\/uploads\/2018\/04\/kantu_band_2018-def_logos-def-2.jpg?resize=728%2C1024 728w\" sizes=\"(max-width: 213px) 100vw, 213px\" \/>En los \u00faltimos a\u00f1os hemos realizado varios trabajos con Nahikari, como el flashmoob o \u00abBerbaband\u00bb con los alumnos del instituto Aixerrota. Esta vez nos presento el proyecto Kantu band donde participar\u00e1n alumnos de diferentes centros educativos y asociaciones locales.<\/p>\n<p>El objetivo del concierto es presentar el trabajo realizado durante el curso en las clases de canto impartidas por Maria y Nahikari. Tambi\u00e9n est\u00e1n invitados los coros de las diferentes agrupaciones. Los componentes de Musikalia pondremos melod\u00eda a los cantos de estos ni\u00f1os y ni\u00f1as. El concierto se celebrar\u00e1 en la carpa de Biotz Alai<\/p>\n<h4>corpus puerto viejo (03\/06\/2018)<\/h4>\n<p>Este evento se ha convertido en tradici\u00f3n y nos encanta acudir a estas fiestas. Siempre que vamos, el tiempo ayuda y se crea un clima inmejorable. Como cada a\u00f1o, estaremos por el puerto para arriba y para abajo despu\u00e9s del concierto de las bilbainadas.<\/p>\n<p><img data-recalc-dims=\"1\" loading=\"lazy\" decoding=\"async\" data-attachment-id=\"1436\" data-permalink=\"http:\/\/musikaliaelkartea.eus\/es\/2018\/04\/13\/azken-hiruhilekorako-agenda\/corpus-kartela\/\" data-orig-file=\"https:\/\/i0.wp.com\/musikaliaelkartea.eus\/wp-content\/uploads\/2018\/04\/Corpus-kartela.png?fit=820%2C312\" data-orig-size=\"820,312\" data-comments-opened=\"1\" data-image-meta=\"{&quot;aperture&quot;:&quot;0&quot;,&quot;credit&quot;:&quot;&quot;,&quot;camera&quot;:&quot;&quot;,&quot;caption&quot;:&quot;&quot;,&quot;created_timestamp&quot;:&quot;0&quot;,&quot;copyright&quot;:&quot;&quot;,&quot;focal_length&quot;:&quot;0&quot;,&quot;iso&quot;:&quot;0&quot;,&quot;shutter_speed&quot;:&quot;0&quot;,&quot;title&quot;:&quot;&quot;,&quot;orientation&quot;:&quot;0&quot;}\" data-image-title=\"Corpus kartela\" data-image-description=\"\" data-image-caption=\"\" data-large-file=\"https:\/\/i0.wp.com\/musikaliaelkartea.eus\/wp-content\/uploads\/2018\/04\/Corpus-kartela.png?fit=820%2C312\" class=\"alignnone wp-image-1436 size-full\" src=\"https:\/\/i0.wp.com\/musikaliaelkartea.eus\/wp-content\/uploads\/2018\/04\/Corpus-kartela.png?resize=820%2C312\" alt=\"\" width=\"820\" height=\"312\" srcset=\"https:\/\/i0.wp.com\/musikaliaelkartea.eus\/wp-content\/uploads\/2018\/04\/Corpus-kartela.png?w=820 820w, https:\/\/i0.wp.com\/musikaliaelkartea.eus\/wp-content\/uploads\/2018\/04\/Corpus-kartela.png?resize=300%2C114 300w, https:\/\/i0.wp.com\/musikaliaelkartea.eus\/wp-content\/uploads\/2018\/04\/Corpus-kartela.png?resize=768%2C292 768w, https:\/\/i0.wp.com\/musikaliaelkartea.eus\/wp-content\/uploads\/2018\/04\/Corpus-kartela.png?resize=788%2C300 788w\" sizes=\"(max-width: 820px) 100vw, 820px\" \/><\/p>\n<h4>fet\u00e9n fet\u00e9n y musikalia (21\/06\/2018)<\/h4>\n<p>Sin ninguna duda, este es el concierto estrella para este curso. Con la ayuda de esta pareja que ya sabe lo que es actuar en Getxo, ofreceremos un divertido y diferente concierto en la carpa de Biotz alai. Para m\u00e1s informaci\u00f3n, <a href=\"http:\/\/musikaliaelkartea.eus\/es\/2018\/04\/13\/feten-feten-ekin-elkarlanean\/\">aqu\u00ed<\/a>.<\/p>\n<p><img data-recalc-dims=\"1\" loading=\"lazy\" decoding=\"async\" data-attachment-id=\"1430\" data-permalink=\"http:\/\/musikaliaelkartea.eus\/es\/2018\/04\/13\/feten-feten-ekin-elkarlanean\/1-3\/\" data-orig-file=\"https:\/\/i0.wp.com\/musikaliaelkartea.eus\/wp-content\/uploads\/2018\/04\/1.jpg?fit=820%2C312\" data-orig-size=\"820,312\" data-comments-opened=\"1\" data-image-meta=\"{&quot;aperture&quot;:&quot;0&quot;,&quot;credit&quot;:&quot;&quot;,&quot;camera&quot;:&quot;&quot;,&quot;caption&quot;:&quot;&quot;,&quot;created_timestamp&quot;:&quot;0&quot;,&quot;copyright&quot;:&quot;&quot;,&quot;focal_length&quot;:&quot;0&quot;,&quot;iso&quot;:&quot;0&quot;,&quot;shutter_speed&quot;:&quot;0&quot;,&quot;title&quot;:&quot;&quot;,&quot;orientation&quot;:&quot;0&quot;}\" data-image-title=\"1\" data-image-description=\"\" data-image-caption=\"\" data-large-file=\"https:\/\/i0.wp.com\/musikaliaelkartea.eus\/wp-content\/uploads\/2018\/04\/1.jpg?fit=820%2C312\" class=\"alignnone wp-image-1430 size-full\" src=\"https:\/\/i0.wp.com\/musikaliaelkartea.eus\/wp-content\/uploads\/2018\/04\/1.jpg?resize=820%2C312\" alt=\"\" width=\"820\" height=\"312\" srcset=\"https:\/\/i0.wp.com\/musikaliaelkartea.eus\/wp-content\/uploads\/2018\/04\/1.jpg?w=820 820w, https:\/\/i0.wp.com\/musikaliaelkartea.eus\/wp-content\/uploads\/2018\/04\/1.jpg?resize=300%2C114 300w, https:\/\/i0.wp.com\/musikaliaelkartea.eus\/wp-content\/uploads\/2018\/04\/1.jpg?resize=768%2C292 768w, https:\/\/i0.wp.com\/musikaliaelkartea.eus\/wp-content\/uploads\/2018\/04\/1.jpg?resize=788%2C300 788w\" sizes=\"(max-width: 820px) 100vw, 820px\" \/><\/p>\n<h4>san juanes de zubilletas (23\/06\/2018)<\/h4>\n<p>Para finalizar el curso y dar la bienvenida al verano de la mejor manera posible estaremos tocando como cada a\u00f1o en las fiestas de San Juan del barrio de Zubilletas. Aunque los fuegos de los pueblos de alrededor tengan mayor renombre, estas fiestas nos brindan la oportunidad de disfrutar de un d\u00eda especial en un ambiente familiar.<\/p>\n<p><img data-recalc-dims=\"1\" loading=\"lazy\" decoding=\"async\" data-attachment-id=\"1438\" data-permalink=\"http:\/\/musikaliaelkartea.eus\/es\/2018\/04\/13\/azken-hiruhilekorako-agenda\/hey-there-lovely-1\/\" data-orig-file=\"https:\/\/i0.wp.com\/musikaliaelkartea.eus\/wp-content\/uploads\/2018\/04\/hey-there-lovely-1.png?fit=820%2C312\" data-orig-size=\"820,312\" data-comments-opened=\"1\" data-image-meta=\"{&quot;aperture&quot;:&quot;0&quot;,&quot;credit&quot;:&quot;&quot;,&quot;camera&quot;:&quot;&quot;,&quot;caption&quot;:&quot;&quot;,&quot;created_timestamp&quot;:&quot;0&quot;,&quot;copyright&quot;:&quot;&quot;,&quot;focal_length&quot;:&quot;0&quot;,&quot;iso&quot;:&quot;0&quot;,&quot;shutter_speed&quot;:&quot;0&quot;,&quot;title&quot;:&quot;&quot;,&quot;orientation&quot;:&quot;0&quot;}\" data-image-title=\"hey there, lovely! (1)\" data-image-description=\"\" data-image-caption=\"\" data-large-file=\"https:\/\/i0.wp.com\/musikaliaelkartea.eus\/wp-content\/uploads\/2018\/04\/hey-there-lovely-1.png?fit=820%2C312\" class=\"alignnone wp-image-1438 size-full\" src=\"https:\/\/i0.wp.com\/musikaliaelkartea.eus\/wp-content\/uploads\/2018\/04\/hey-there-lovely-1.png?resize=820%2C312\" alt=\"\" width=\"820\" height=\"312\" srcset=\"https:\/\/i0.wp.com\/musikaliaelkartea.eus\/wp-content\/uploads\/2018\/04\/hey-there-lovely-1.png?w=820 820w, https:\/\/i0.wp.com\/musikaliaelkartea.eus\/wp-content\/uploads\/2018\/04\/hey-there-lovely-1.png?resize=300%2C114 300w, https:\/\/i0.wp.com\/musikaliaelkartea.eus\/wp-content\/uploads\/2018\/04\/hey-there-lovely-1.png?resize=768%2C292 768w, https:\/\/i0.wp.com\/musikaliaelkartea.eus\/wp-content\/uploads\/2018\/04\/hey-there-lovely-1.png?resize=788%2C300 788w\" sizes=\"(max-width: 820px) 100vw, 820px\" \/><\/p>","protected":false},"excerpt":{"rendered":"<p>Falta poco para poner fin al a\u00f1o escolar y como siempre, intentaremos darle la bienvenida al verano de la mejor manera posible: sacando la m\u00fasica<a href=\"http:\/\/musikaliaelkartea.eus\/es\/2018\/04\/13\/azken-hiruhilekorako-agenda\/\" class=\"more-link\">View More<\/a><\/p>\n","protected":false},"author":1,"featured_media":1440,"comment_status":"open","ping_status":"open","sticky":false,"template":"","format":"standard","meta":{"jetpack_post_was_ever_published":false,"_jetpack_newsletter_access":"","_jetpack_dont_email_post_to_subs":false,"_jetpack_newsletter_tier_id":0,"_jetpack_memberships_contains_paywalled_content":false,"_jetpack_memberships_contains_paid_content":false,"footnotes":""},"categories":[1],"tags":[],"class_list":["post-1407","post","type-post","status-publish","format-standard","has-post-thumbnail","hentry","category-uncategorized"],"yoast_head":"<!-- This site is optimized with the Yoast SEO plugin v27.4 - https:\/\/yoast.com\/product\/yoast-seo-wordpress\/ -->\n<title>Agenda para el \u00faltimo trimestre - Musikalia Elkartea<\/title>\n<meta name=\"robots\" content=\"index, follow, max-snippet:-1, max-image-preview:large, max-video-preview:-1\" \/>\n<link rel=\"canonical\" href=\"http:\/\/musikaliaelkartea.eus\/es\/2018\/04\/13\/azken-hiruhilekorako-agenda\/\" \/>\n<meta property=\"og:locale\" content=\"es_ES\" \/>\n<meta property=\"og:type\" content=\"article\" \/>\n<meta property=\"og:title\" content=\"[:eu]Azken hiruhilekorako agenda[:es]Agenda para el \u00faltimo trimestre[:] - Musikalia Elkartea\" \/>\n<meta property=\"og:description\" content=\"Falta poco para poner fin al a\u00f1o escolar y como siempre, intentaremos darle la bienvenida al verano de la mejor manera posible: sacando la m\u00fasicaView More\" \/>\n<meta property=\"og:url\" content=\"http:\/\/musikaliaelkartea.eus\/es\/2018\/04\/13\/azken-hiruhilekorako-agenda\/\" \/>\n<meta property=\"og:site_name\" content=\"Musikalia Elkartea\" \/>\n<meta property=\"article:publisher\" content=\"https:\/\/www.facebook.com\/musikaliaelkartea\" \/>\n<meta property=\"article:published_time\" content=\"2018-04-13T12:21:27+00:00\" \/>\n<meta property=\"article:modified_time\" content=\"2018-04-25T15:11:36+00:00\" \/>\n<meta property=\"og:image\" content=\"https:\/\/i0.wp.com\/musikaliaelkartea.eus\/wp-content\/uploads\/2018\/04\/hey-there-lovely-2.png?fit=820%2C312\" \/>\n\t<meta property=\"og:image:width\" content=\"820\" \/>\n\t<meta property=\"og:image:height\" content=\"312\" \/>\n\t<meta property=\"og:image:type\" content=\"image\/png\" \/>\n<meta name=\"author\" content=\"admin\" \/>\n<meta name=\"twitter:card\" content=\"summary_large_image\" \/>\n<meta name=\"twitter:label1\" content=\"Escrito por\" \/>\n\t<meta name=\"twitter:data1\" content=\"admin\" \/>\n\t<meta name=\"twitter:label2\" content=\"Tiempo de lectura\" \/>\n\t<meta name=\"twitter:data2\" content=\"4 minutos\" \/>\n<script type=\"application\/ld+json\" class=\"yoast-schema-graph\">{\"@context\":\"https:\\\/\\\/schema.org\",\"@graph\":[{\"@type\":\"Article\",\"@id\":\"http:\\\/\\\/musikaliaelkartea.eus\\\/es\\\/2018\\\/04\\\/13\\\/azken-hiruhilekorako-agenda\\\/#article\",\"isPartOf\":{\"@id\":\"http:\\\/\\\/musikaliaelkartea.eus\\\/es\\\/2018\\\/04\\\/13\\\/azken-hiruhilekorako-agenda\\\/\"},\"author\":{\"name\":\"admin\",\"@id\":\"http:\\\/\\\/musikaliaelkartea.eus\\\/es\\\/#\\\/schema\\\/person\\\/83f4e89e47194300d20a42d314de9e57\"},\"headline\":\"Agenda para el \u00faltimo trimestre\",\"datePublished\":\"2018-04-13T12:21:27+00:00\",\"dateModified\":\"2018-04-25T15:11:36+00:00\",\"mainEntityOfPage\":{\"@id\":\"http:\\\/\\\/musikaliaelkartea.eus\\\/es\\\/2018\\\/04\\\/13\\\/azken-hiruhilekorako-agenda\\\/\"},\"wordCount\":720,\"commentCount\":0,\"publisher\":{\"@id\":\"http:\\\/\\\/musikaliaelkartea.eus\\\/es\\\/#organization\"},\"image\":{\"@id\":\"http:\\\/\\\/musikaliaelkartea.eus\\\/es\\\/2018\\\/04\\\/13\\\/azken-hiruhilekorako-agenda\\\/#primaryimage\"},\"thumbnailUrl\":\"https:\\\/\\\/i0.wp.com\\\/musikaliaelkartea.eus\\\/wp-content\\\/uploads\\\/2018\\\/04\\\/hey-there-lovely-2.png?fit=820%2C312\",\"articleSection\":[\"Uncategorized\"],\"inLanguage\":\"es\",\"potentialAction\":[{\"@type\":\"CommentAction\",\"name\":\"Comment\",\"target\":[\"http:\\\/\\\/musikaliaelkartea.eus\\\/es\\\/2018\\\/04\\\/13\\\/azken-hiruhilekorako-agenda\\\/#respond\"]}]},{\"@type\":\"WebPage\",\"@id\":\"http:\\\/\\\/musikaliaelkartea.eus\\\/es\\\/2018\\\/04\\\/13\\\/azken-hiruhilekorako-agenda\\\/\",\"url\":\"http:\\\/\\\/musikaliaelkartea.eus\\\/es\\\/2018\\\/04\\\/13\\\/azken-hiruhilekorako-agenda\\\/\",\"name\":\"[:eu]Azken hiruhilekorako agenda[:es]Agenda para el \u00faltimo trimestre[:] - Musikalia Elkartea\",\"isPartOf\":{\"@id\":\"http:\\\/\\\/musikaliaelkartea.eus\\\/es\\\/#website\"},\"primaryImageOfPage\":{\"@id\":\"http:\\\/\\\/musikaliaelkartea.eus\\\/es\\\/2018\\\/04\\\/13\\\/azken-hiruhilekorako-agenda\\\/#primaryimage\"},\"image\":{\"@id\":\"http:\\\/\\\/musikaliaelkartea.eus\\\/es\\\/2018\\\/04\\\/13\\\/azken-hiruhilekorako-agenda\\\/#primaryimage\"},\"thumbnailUrl\":\"https:\\\/\\\/i0.wp.com\\\/musikaliaelkartea.eus\\\/wp-content\\\/uploads\\\/2018\\\/04\\\/hey-there-lovely-2.png?fit=820%2C312\",\"datePublished\":\"2018-04-13T12:21:27+00:00\",\"dateModified\":\"2018-04-25T15:11:36+00:00\",\"breadcrumb\":{\"@id\":\"http:\\\/\\\/musikaliaelkartea.eus\\\/es\\\/2018\\\/04\\\/13\\\/azken-hiruhilekorako-agenda\\\/#breadcrumb\"},\"inLanguage\":\"es\",\"potentialAction\":[{\"@type\":\"ReadAction\",\"target\":[\"http:\\\/\\\/musikaliaelkartea.eus\\\/es\\\/2018\\\/04\\\/13\\\/azken-hiruhilekorako-agenda\\\/\"]}]},{\"@type\":\"ImageObject\",\"inLanguage\":\"es\",\"@id\":\"http:\\\/\\\/musikaliaelkartea.eus\\\/es\\\/2018\\\/04\\\/13\\\/azken-hiruhilekorako-agenda\\\/#primaryimage\",\"url\":\"https:\\\/\\\/i0.wp.com\\\/musikaliaelkartea.eus\\\/wp-content\\\/uploads\\\/2018\\\/04\\\/hey-there-lovely-2.png?fit=820%2C312\",\"contentUrl\":\"https:\\\/\\\/i0.wp.com\\\/musikaliaelkartea.eus\\\/wp-content\\\/uploads\\\/2018\\\/04\\\/hey-there-lovely-2.png?fit=820%2C312\",\"width\":820,\"height\":312},{\"@type\":\"BreadcrumbList\",\"@id\":\"http:\\\/\\\/musikaliaelkartea.eus\\\/es\\\/2018\\\/04\\\/13\\\/azken-hiruhilekorako-agenda\\\/#breadcrumb\",\"itemListElement\":[{\"@type\":\"ListItem\",\"position\":1,\"name\":\"Home\",\"item\":\"http:\\\/\\\/musikaliaelkartea.eus\\\/es\\\/\"},{\"@type\":\"ListItem\",\"position\":2,\"name\":\"Agenda para el \u00faltimo trimestre\"}]},{\"@type\":\"WebSite\",\"@id\":\"http:\\\/\\\/musikaliaelkartea.eus\\\/es\\\/#website\",\"url\":\"http:\\\/\\\/musikaliaelkartea.eus\\\/es\\\/\",\"name\":\"Musikalia Elkartea\",\"description\":\"\",\"publisher\":{\"@id\":\"http:\\\/\\\/musikaliaelkartea.eus\\\/es\\\/#organization\"},\"potentialAction\":[{\"@type\":\"SearchAction\",\"target\":{\"@type\":\"EntryPoint\",\"urlTemplate\":\"http:\\\/\\\/musikaliaelkartea.eus\\\/es\\\/?s={search_term_string}\"},\"query-input\":{\"@type\":\"PropertyValueSpecification\",\"valueRequired\":true,\"valueName\":\"search_term_string\"}}],\"inLanguage\":\"es\"},{\"@type\":\"Organization\",\"@id\":\"http:\\\/\\\/musikaliaelkartea.eus\\\/es\\\/#organization\",\"name\":\"Getxoko Andres Isasi Musikalia Elkartea\",\"url\":\"http:\\\/\\\/musikaliaelkartea.eus\\\/es\\\/\",\"logo\":{\"@type\":\"ImageObject\",\"inLanguage\":\"es\",\"@id\":\"http:\\\/\\\/musikaliaelkartea.eus\\\/es\\\/#\\\/schema\\\/logo\\\/image\\\/\",\"url\":\"https:\\\/\\\/i0.wp.com\\\/musikaliaelkartea.eus\\\/wp-content\\\/uploads\\\/2025\\\/03\\\/cropped-MUSIKALIA-LOGO-LARGO.png?fit=5455%2C1928\",\"contentUrl\":\"https:\\\/\\\/i0.wp.com\\\/musikaliaelkartea.eus\\\/wp-content\\\/uploads\\\/2025\\\/03\\\/cropped-MUSIKALIA-LOGO-LARGO.png?fit=5455%2C1928\",\"width\":5455,\"height\":1928,\"caption\":\"Getxoko Andres Isasi Musikalia Elkartea\"},\"image\":{\"@id\":\"http:\\\/\\\/musikaliaelkartea.eus\\\/es\\\/#\\\/schema\\\/logo\\\/image\\\/\"},\"sameAs\":[\"https:\\\/\\\/www.facebook.com\\\/musikaliaelkartea\",\"https:\\\/\\\/www.instagram.com\\\/musikaliaelkartea\\\/\",\"https:\\\/\\\/www.youtube.com\\\/channel\\\/UCYG_UH_Rv-34wbmS8nQ7mpg\"]},{\"@type\":\"Person\",\"@id\":\"http:\\\/\\\/musikaliaelkartea.eus\\\/es\\\/#\\\/schema\\\/person\\\/83f4e89e47194300d20a42d314de9e57\",\"name\":\"admin\",\"image\":{\"@type\":\"ImageObject\",\"inLanguage\":\"es\",\"@id\":\"https:\\\/\\\/secure.gravatar.com\\\/avatar\\\/15c1142fe4ffaf0416ede19e056ec705eab3a0077bf155c88eea63b5977c525f?s=96&d=mm&r=g\",\"url\":\"https:\\\/\\\/secure.gravatar.com\\\/avatar\\\/15c1142fe4ffaf0416ede19e056ec705eab3a0077bf155c88eea63b5977c525f?s=96&d=mm&r=g\",\"contentUrl\":\"https:\\\/\\\/secure.gravatar.com\\\/avatar\\\/15c1142fe4ffaf0416ede19e056ec705eab3a0077bf155c88eea63b5977c525f?s=96&d=mm&r=g\",\"caption\":\"admin\"},\"url\":\"http:\\\/\\\/musikaliaelkartea.eus\\\/es\\\/author\\\/admin\\\/\"}]}<\/script>\n<!-- \/ Yoast SEO plugin. -->","yoast_head_json":{"title":"[:eu]Azken hiruhilekorako agenda[:es]Agenda para el \u00faltimo trimestre[:] - Musikalia Elkartea","robots":{"index":"index","follow":"follow","max-snippet":"max-snippet:-1","max-image-preview":"max-image-preview:large","max-video-preview":"max-video-preview:-1"},"canonical":"http:\/\/musikaliaelkartea.eus\/es\/2018\/04\/13\/azken-hiruhilekorako-agenda\/","og_locale":"es_ES","og_type":"article","og_title":"[:eu]Azken hiruhilekorako agenda[:es]Agenda para el \u00faltimo trimestre[:] - Musikalia Elkartea","og_description":"Falta poco para poner fin al a\u00f1o escolar y como siempre, intentaremos darle la bienvenida al verano de la mejor manera posible: sacando la m\u00fasicaView More","og_url":"http:\/\/musikaliaelkartea.eus\/es\/2018\/04\/13\/azken-hiruhilekorako-agenda\/","og_site_name":"Musikalia Elkartea","article_publisher":"https:\/\/www.facebook.com\/musikaliaelkartea","article_published_time":"2018-04-13T12:21:27+00:00","article_modified_time":"2018-04-25T15:11:36+00:00","og_image":[{"width":820,"height":312,"url":"https:\/\/i0.wp.com\/musikaliaelkartea.eus\/wp-content\/uploads\/2018\/04\/hey-there-lovely-2.png?fit=820%2C312","type":"image\/png"}],"author":"admin","twitter_card":"summary_large_image","twitter_misc":{"Escrito por":"admin","Tiempo de lectura":"4 minutos"},"schema":{"@context":"https:\/\/schema.org","@graph":[{"@type":"Article","@id":"http:\/\/musikaliaelkartea.eus\/es\/2018\/04\/13\/azken-hiruhilekorako-agenda\/#article","isPartOf":{"@id":"http:\/\/musikaliaelkartea.eus\/es\/2018\/04\/13\/azken-hiruhilekorako-agenda\/"},"author":{"name":"admin","@id":"http:\/\/musikaliaelkartea.eus\/es\/#\/schema\/person\/83f4e89e47194300d20a42d314de9e57"},"headline":"Agenda para el \u00faltimo trimestre","datePublished":"2018-04-13T12:21:27+00:00","dateModified":"2018-04-25T15:11:36+00:00","mainEntityOfPage":{"@id":"http:\/\/musikaliaelkartea.eus\/es\/2018\/04\/13\/azken-hiruhilekorako-agenda\/"},"wordCount":720,"commentCount":0,"publisher":{"@id":"http:\/\/musikaliaelkartea.eus\/es\/#organization"},"image":{"@id":"http:\/\/musikaliaelkartea.eus\/es\/2018\/04\/13\/azken-hiruhilekorako-agenda\/#primaryimage"},"thumbnailUrl":"https:\/\/i0.wp.com\/musikaliaelkartea.eus\/wp-content\/uploads\/2018\/04\/hey-there-lovely-2.png?fit=820%2C312","articleSection":["Uncategorized"],"inLanguage":"es","potentialAction":[{"@type":"CommentAction","name":"Comment","target":["http:\/\/musikaliaelkartea.eus\/es\/2018\/04\/13\/azken-hiruhilekorako-agenda\/#respond"]}]},{"@type":"WebPage","@id":"http:\/\/musikaliaelkartea.eus\/es\/2018\/04\/13\/azken-hiruhilekorako-agenda\/","url":"http:\/\/musikaliaelkartea.eus\/es\/2018\/04\/13\/azken-hiruhilekorako-agenda\/","name":"[:eu]Azken hiruhilekorako agenda[:es]Agenda para el \u00faltimo trimestre[:] - Musikalia Elkartea","isPartOf":{"@id":"http:\/\/musikaliaelkartea.eus\/es\/#website"},"primaryImageOfPage":{"@id":"http:\/\/musikaliaelkartea.eus\/es\/2018\/04\/13\/azken-hiruhilekorako-agenda\/#primaryimage"},"image":{"@id":"http:\/\/musikaliaelkartea.eus\/es\/2018\/04\/13\/azken-hiruhilekorako-agenda\/#primaryimage"},"thumbnailUrl":"https:\/\/i0.wp.com\/musikaliaelkartea.eus\/wp-content\/uploads\/2018\/04\/hey-there-lovely-2.png?fit=820%2C312","datePublished":"2018-04-13T12:21:27+00:00","dateModified":"2018-04-25T15:11:36+00:00","breadcrumb":{"@id":"http:\/\/musikaliaelkartea.eus\/es\/2018\/04\/13\/azken-hiruhilekorako-agenda\/#breadcrumb"},"inLanguage":"es","potentialAction":[{"@type":"ReadAction","target":["http:\/\/musikaliaelkartea.eus\/es\/2018\/04\/13\/azken-hiruhilekorako-agenda\/"]}]},{"@type":"ImageObject","inLanguage":"es","@id":"http:\/\/musikaliaelkartea.eus\/es\/2018\/04\/13\/azken-hiruhilekorako-agenda\/#primaryimage","url":"https:\/\/i0.wp.com\/musikaliaelkartea.eus\/wp-content\/uploads\/2018\/04\/hey-there-lovely-2.png?fit=820%2C312","contentUrl":"https:\/\/i0.wp.com\/musikaliaelkartea.eus\/wp-content\/uploads\/2018\/04\/hey-there-lovely-2.png?fit=820%2C312","width":820,"height":312},{"@type":"BreadcrumbList","@id":"http:\/\/musikaliaelkartea.eus\/es\/2018\/04\/13\/azken-hiruhilekorako-agenda\/#breadcrumb","itemListElement":[{"@type":"ListItem","position":1,"name":"Home","item":"http:\/\/musikaliaelkartea.eus\/es\/"},{"@type":"ListItem","position":2,"name":"Agenda para el \u00faltimo trimestre"}]},{"@type":"WebSite","@id":"http:\/\/musikaliaelkartea.eus\/es\/#website","url":"http:\/\/musikaliaelkartea.eus\/es\/","name":"Musikalia Elkartea","description":"","publisher":{"@id":"http:\/\/musikaliaelkartea.eus\/es\/#organization"},"potentialAction":[{"@type":"SearchAction","target":{"@type":"EntryPoint","urlTemplate":"http:\/\/musikaliaelkartea.eus\/es\/?s={search_term_string}"},"query-input":{"@type":"PropertyValueSpecification","valueRequired":true,"valueName":"search_term_string"}}],"inLanguage":"es"},{"@type":"Organization","@id":"http:\/\/musikaliaelkartea.eus\/es\/#organization","name":"Getxoko Andres Isasi Musikalia Elkartea","url":"http:\/\/musikaliaelkartea.eus\/es\/","logo":{"@type":"ImageObject","inLanguage":"es","@id":"http:\/\/musikaliaelkartea.eus\/es\/#\/schema\/logo\/image\/","url":"https:\/\/i0.wp.com\/musikaliaelkartea.eus\/wp-content\/uploads\/2025\/03\/cropped-MUSIKALIA-LOGO-LARGO.png?fit=5455%2C1928","contentUrl":"https:\/\/i0.wp.com\/musikaliaelkartea.eus\/wp-content\/uploads\/2025\/03\/cropped-MUSIKALIA-LOGO-LARGO.png?fit=5455%2C1928","width":5455,"height":1928,"caption":"Getxoko Andres Isasi Musikalia Elkartea"},"image":{"@id":"http:\/\/musikaliaelkartea.eus\/es\/#\/schema\/logo\/image\/"},"sameAs":["https:\/\/www.facebook.com\/musikaliaelkartea","https:\/\/www.instagram.com\/musikaliaelkartea\/","https:\/\/www.youtube.com\/channel\/UCYG_UH_Rv-34wbmS8nQ7mpg"]},{"@type":"Person","@id":"http:\/\/musikaliaelkartea.eus\/es\/#\/schema\/person\/83f4e89e47194300d20a42d314de9e57","name":"admin","image":{"@type":"ImageObject","inLanguage":"es","@id":"https:\/\/secure.gravatar.com\/avatar\/15c1142fe4ffaf0416ede19e056ec705eab3a0077bf155c88eea63b5977c525f?s=96&d=mm&r=g","url":"https:\/\/secure.gravatar.com\/avatar\/15c1142fe4ffaf0416ede19e056ec705eab3a0077bf155c88eea63b5977c525f?s=96&d=mm&r=g","contentUrl":"https:\/\/secure.gravatar.com\/avatar\/15c1142fe4ffaf0416ede19e056ec705eab3a0077bf155c88eea63b5977c525f?s=96&d=mm&r=g","caption":"admin"},"url":"http:\/\/musikaliaelkartea.eus\/es\/author\/admin\/"}]}},"jetpack_featured_media_url":"https:\/\/i0.wp.com\/musikaliaelkartea.eus\/wp-content\/uploads\/2018\/04\/hey-there-lovely-2.png?fit=820%2C312","jetpack_sharing_enabled":true,"jetpack_shortlink":"https:\/\/wp.me\/p8OhQz-mH","_links":{"self":[{"href":"http:\/\/musikaliaelkartea.eus\/es\/wp-json\/wp\/v2\/posts\/1407","targetHints":{"allow":["GET"]}}],"collection":[{"href":"http:\/\/musikaliaelkartea.eus\/es\/wp-json\/wp\/v2\/posts"}],"about":[{"href":"http:\/\/musikaliaelkartea.eus\/es\/wp-json\/wp\/v2\/types\/post"}],"author":[{"embeddable":true,"href":"http:\/\/musikaliaelkartea.eus\/es\/wp-json\/wp\/v2\/users\/1"}],"replies":[{"embeddable":true,"href":"http:\/\/musikaliaelkartea.eus\/es\/wp-json\/wp\/v2\/comments?post=1407"}],"version-history":[{"count":16,"href":"http:\/\/musikaliaelkartea.eus\/es\/wp-json\/wp\/v2\/posts\/1407\/revisions"}],"predecessor-version":[{"id":1456,"href":"http:\/\/musikaliaelkartea.eus\/es\/wp-json\/wp\/v2\/posts\/1407\/revisions\/1456"}],"wp:featuredmedia":[{"embeddable":true,"href":"http:\/\/musikaliaelkartea.eus\/es\/wp-json\/wp\/v2\/media\/1440"}],"wp:attachment":[{"href":"http:\/\/musikaliaelkartea.eus\/es\/wp-json\/wp\/v2\/media?parent=1407"}],"wp:term":[{"taxonomy":"category","embeddable":true,"href":"http:\/\/musikaliaelkartea.eus\/es\/wp-json\/wp\/v2\/categories?post=1407"},{"taxonomy":"post_tag","embeddable":true,"href":"http:\/\/musikaliaelkartea.eus\/es\/wp-json\/wp\/v2\/tags?post=1407"}],"curies":[{"name":"wp","href":"https:\/\/api.w.org\/{rel}","templated":true}]}}