{"id":1348,"date":"2018-03-15T11:45:50","date_gmt":"2018-03-15T11:45:50","guid":{"rendered":"http:\/\/musikaliaelkartea.eus\/?p=1348"},"modified":"2018-03-15T11:48:03","modified_gmt":"2018-03-15T11:48:03","slug":"ekaineko-kontzertuetarako-prestaketa-lanekin-hasi-gara","status":"publish","type":"post","link":"http:\/\/musikaliaelkartea.eus\/es\/2018\/03\/15\/ekaineko-kontzertuetarako-prestaketa-lanekin-hasi-gara\/","title":{"rendered":"Comenzamos con lo preparativos para los conciertos de junio"},"content":{"rendered":"<p>En septiembre comenzamos a organizar los eventos para el fin de curso y este mes nos hemos puesto en marcha. Desde la primera semana de marzo, comenzamos a ensayar con Ane para preparar los conciertos de junio. De momento, poco podemos adelantar sobre los proyectos. Ofreceremos dos conciertos en formato sentado. El primero con agrupaciones locales y el segundo con un grupo de fuera de Euskal Herria. Estamos deseando hacer p\u00fablico nuestros proyectos.<\/p>\n<p><img data-recalc-dims=\"1\" fetchpriority=\"high\" decoding=\"async\" data-attachment-id=\"1102\" data-permalink=\"http:\/\/musikaliaelkartea.eus\/es\/?attachment_id=1102\" data-orig-file=\"https:\/\/i0.wp.com\/musikaliaelkartea.eus\/wp-content\/uploads\/2017\/11\/WhatsApp-Image-2017-11-26-at-17.11.411-min.jpeg?fit=1600%2C1200\" data-orig-size=\"1600,1200\" data-comments-opened=\"1\" data-image-meta=\"{&quot;aperture&quot;:&quot;0&quot;,&quot;credit&quot;:&quot;&quot;,&quot;camera&quot;:&quot;&quot;,&quot;caption&quot;:&quot;&quot;,&quot;created_timestamp&quot;:&quot;0&quot;,&quot;copyright&quot;:&quot;&quot;,&quot;focal_length&quot;:&quot;0&quot;,&quot;iso&quot;:&quot;0&quot;,&quot;shutter_speed&quot;:&quot;0&quot;,&quot;title&quot;:&quot;&quot;,&quot;orientation&quot;:&quot;0&quot;}\" data-image-title=\"WhatsApp Image 2017-11-26 at 17.11.41(1)-min\" data-image-description=\"\" data-image-caption=\"\" data-large-file=\"https:\/\/i0.wp.com\/musikaliaelkartea.eus\/wp-content\/uploads\/2017\/11\/WhatsApp-Image-2017-11-26-at-17.11.411-min.jpeg?fit=1024%2C768\" class=\"size-medium wp-image-1102 alignright\" src=\"https:\/\/i0.wp.com\/musikaliaelkartea.eus\/wp-content\/uploads\/2017\/11\/WhatsApp-Image-2017-11-26-at-17.11.411-min.jpeg?resize=300%2C225\" alt=\"\" width=\"300\" height=\"225\" srcset=\"https:\/\/i0.wp.com\/musikaliaelkartea.eus\/wp-content\/uploads\/2017\/11\/WhatsApp-Image-2017-11-26-at-17.11.411-min.jpeg?resize=300%2C225 300w, https:\/\/i0.wp.com\/musikaliaelkartea.eus\/wp-content\/uploads\/2017\/11\/WhatsApp-Image-2017-11-26-at-17.11.411-min.jpeg?resize=768%2C576 768w, https:\/\/i0.wp.com\/musikaliaelkartea.eus\/wp-content\/uploads\/2017\/11\/WhatsApp-Image-2017-11-26-at-17.11.411-min.jpeg?resize=1024%2C768 1024w, https:\/\/i0.wp.com\/musikaliaelkartea.eus\/wp-content\/uploads\/2017\/11\/WhatsApp-Image-2017-11-26-at-17.11.411-min.jpeg?resize=400%2C300 400w, https:\/\/i0.wp.com\/musikaliaelkartea.eus\/wp-content\/uploads\/2017\/11\/WhatsApp-Image-2017-11-26-at-17.11.411-min.jpeg?w=1600 1600w\" sizes=\"(max-width: 300px) 100vw, 300px\" \/><\/p>\n<p>Por otro lado, el grupo de metales de Musikalia interpretar\u00e1 dos obras en la escuela de Las Arenas la pr\u00f3xima semana y en relaci\u00f3n al formato de calle, nuestra previsi\u00f3n es estar en el Corpus del Puerto Viejo, en Andra Mari y en los San Juanes de Zubilletas.<\/p>","protected":false},"excerpt":{"rendered":"<p>En septiembre comenzamos a organizar los eventos para el fin de curso y este mes nos hemos puesto en marcha. Desde la primera semana de<a href=\"http:\/\/musikaliaelkartea.eus\/es\/2018\/03\/15\/ekaineko-kontzertuetarako-prestaketa-lanekin-hasi-gara\/\" class=\"more-link\">View More<\/a><\/p>\n","protected":false},"author":1,"featured_media":812,"comment_status":"open","ping_status":"open","sticky":false,"template":"","format":"standard","meta":{"jetpack_post_was_ever_published":false,"_jetpack_newsletter_access":"","_jetpack_dont_email_post_to_subs":false,"_jetpack_newsletter_tier_id":0,"_jetpack_memberships_contains_paywalled_content":false,"_jetpack_memberships_contains_paid_content":false,"footnotes":""},"categories":[1],"tags":[],"class_list":["post-1348","post","type-post","status-publish","format-standard","has-post-thumbnail","hentry","category-uncategorized"],"yoast_head":"<!-- This site is optimized with the Yoast SEO plugin v27.4 - https:\/\/yoast.com\/product\/yoast-seo-wordpress\/ -->\n<title>Comenzamos con lo preparativos para los conciertos de junio - Musikalia Elkartea<\/title>\n<meta name=\"robots\" content=\"index, follow, max-snippet:-1, max-image-preview:large, max-video-preview:-1\" \/>\n<link rel=\"canonical\" href=\"http:\/\/musikaliaelkartea.eus\/es\/2018\/03\/15\/ekaineko-kontzertuetarako-prestaketa-lanekin-hasi-gara\/\" \/>\n<meta property=\"og:locale\" content=\"es_ES\" \/>\n<meta property=\"og:type\" content=\"article\" \/>\n<meta property=\"og:title\" content=\"[:eu]Ekaineko kontzertuetarako prestaketa lanekin hasi gara[:es]Comenzamos con lo preparativos para los conciertos de junio[:] - Musikalia Elkartea\" \/>\n<meta property=\"og:description\" content=\"En septiembre comenzamos a organizar los eventos para el fin de curso y este mes nos hemos puesto en marcha. Desde la primera semana deView More\" \/>\n<meta property=\"og:url\" content=\"http:\/\/musikaliaelkartea.eus\/es\/2018\/03\/15\/ekaineko-kontzertuetarako-prestaketa-lanekin-hasi-gara\/\" \/>\n<meta property=\"og:site_name\" content=\"Musikalia Elkartea\" \/>\n<meta property=\"article:publisher\" content=\"https:\/\/www.facebook.com\/musikaliaelkartea\" \/>\n<meta property=\"article:published_time\" content=\"2018-03-15T11:45:50+00:00\" \/>\n<meta property=\"article:modified_time\" content=\"2018-03-15T11:48:03+00:00\" \/>\n<meta property=\"og:image\" content=\"https:\/\/i0.wp.com\/musikaliaelkartea.eus\/wp-content\/uploads\/2017\/11\/IMG_2397.jpg?fit=3264%2C2448\" \/>\n\t<meta property=\"og:image:width\" content=\"3264\" \/>\n\t<meta property=\"og:image:height\" content=\"2448\" \/>\n\t<meta property=\"og:image:type\" content=\"image\/jpeg\" \/>\n<meta name=\"author\" content=\"admin\" \/>\n<meta name=\"twitter:card\" content=\"summary_large_image\" \/>\n<meta name=\"twitter:label1\" content=\"Escrito por\" \/>\n\t<meta name=\"twitter:data1\" content=\"admin\" \/>\n\t<meta name=\"twitter:label2\" content=\"Tiempo de lectura\" \/>\n\t<meta name=\"twitter:data2\" content=\"1 minuto\" \/>\n<script type=\"application\/ld+json\" class=\"yoast-schema-graph\">{\"@context\":\"https:\\\/\\\/schema.org\",\"@graph\":[{\"@type\":\"Article\",\"@id\":\"http:\\\/\\\/musikaliaelkartea.eus\\\/es\\\/2018\\\/03\\\/15\\\/ekaineko-kontzertuetarako-prestaketa-lanekin-hasi-gara\\\/#article\",\"isPartOf\":{\"@id\":\"http:\\\/\\\/musikaliaelkartea.eus\\\/es\\\/2018\\\/03\\\/15\\\/ekaineko-kontzertuetarako-prestaketa-lanekin-hasi-gara\\\/\"},\"author\":{\"name\":\"admin\",\"@id\":\"http:\\\/\\\/musikaliaelkartea.eus\\\/es\\\/#\\\/schema\\\/person\\\/83f4e89e47194300d20a42d314de9e57\"},\"headline\":\"Comenzamos con lo preparativos para los conciertos de junio\",\"datePublished\":\"2018-03-15T11:45:50+00:00\",\"dateModified\":\"2018-03-15T11:48:03+00:00\",\"mainEntityOfPage\":{\"@id\":\"http:\\\/\\\/musikaliaelkartea.eus\\\/es\\\/2018\\\/03\\\/15\\\/ekaineko-kontzertuetarako-prestaketa-lanekin-hasi-gara\\\/\"},\"wordCount\":255,\"commentCount\":0,\"publisher\":{\"@id\":\"http:\\\/\\\/musikaliaelkartea.eus\\\/es\\\/#organization\"},\"image\":{\"@id\":\"http:\\\/\\\/musikaliaelkartea.eus\\\/es\\\/2018\\\/03\\\/15\\\/ekaineko-kontzertuetarako-prestaketa-lanekin-hasi-gara\\\/#primaryimage\"},\"thumbnailUrl\":\"https:\\\/\\\/i0.wp.com\\\/musikaliaelkartea.eus\\\/wp-content\\\/uploads\\\/2017\\\/11\\\/IMG_2397.jpg?fit=3264%2C2448\",\"articleSection\":[\"Uncategorized\"],\"inLanguage\":\"es\",\"potentialAction\":[{\"@type\":\"CommentAction\",\"name\":\"Comment\",\"target\":[\"http:\\\/\\\/musikaliaelkartea.eus\\\/es\\\/2018\\\/03\\\/15\\\/ekaineko-kontzertuetarako-prestaketa-lanekin-hasi-gara\\\/#respond\"]}]},{\"@type\":\"WebPage\",\"@id\":\"http:\\\/\\\/musikaliaelkartea.eus\\\/es\\\/2018\\\/03\\\/15\\\/ekaineko-kontzertuetarako-prestaketa-lanekin-hasi-gara\\\/\",\"url\":\"http:\\\/\\\/musikaliaelkartea.eus\\\/es\\\/2018\\\/03\\\/15\\\/ekaineko-kontzertuetarako-prestaketa-lanekin-hasi-gara\\\/\",\"name\":\"[:eu]Ekaineko kontzertuetarako prestaketa lanekin hasi gara[:es]Comenzamos con lo preparativos para los conciertos de junio[:] - Musikalia Elkartea\",\"isPartOf\":{\"@id\":\"http:\\\/\\\/musikaliaelkartea.eus\\\/es\\\/#website\"},\"primaryImageOfPage\":{\"@id\":\"http:\\\/\\\/musikaliaelkartea.eus\\\/es\\\/2018\\\/03\\\/15\\\/ekaineko-kontzertuetarako-prestaketa-lanekin-hasi-gara\\\/#primaryimage\"},\"image\":{\"@id\":\"http:\\\/\\\/musikaliaelkartea.eus\\\/es\\\/2018\\\/03\\\/15\\\/ekaineko-kontzertuetarako-prestaketa-lanekin-hasi-gara\\\/#primaryimage\"},\"thumbnailUrl\":\"https:\\\/\\\/i0.wp.com\\\/musikaliaelkartea.eus\\\/wp-content\\\/uploads\\\/2017\\\/11\\\/IMG_2397.jpg?fit=3264%2C2448\",\"datePublished\":\"2018-03-15T11:45:50+00:00\",\"dateModified\":\"2018-03-15T11:48:03+00:00\",\"breadcrumb\":{\"@id\":\"http:\\\/\\\/musikaliaelkartea.eus\\\/es\\\/2018\\\/03\\\/15\\\/ekaineko-kontzertuetarako-prestaketa-lanekin-hasi-gara\\\/#breadcrumb\"},\"inLanguage\":\"es\",\"potentialAction\":[{\"@type\":\"ReadAction\",\"target\":[\"http:\\\/\\\/musikaliaelkartea.eus\\\/es\\\/2018\\\/03\\\/15\\\/ekaineko-kontzertuetarako-prestaketa-lanekin-hasi-gara\\\/\"]}]},{\"@type\":\"ImageObject\",\"inLanguage\":\"es\",\"@id\":\"http:\\\/\\\/musikaliaelkartea.eus\\\/es\\\/2018\\\/03\\\/15\\\/ekaineko-kontzertuetarako-prestaketa-lanekin-hasi-gara\\\/#primaryimage\",\"url\":\"https:\\\/\\\/i0.wp.com\\\/musikaliaelkartea.eus\\\/wp-content\\\/uploads\\\/2017\\\/11\\\/IMG_2397.jpg?fit=3264%2C2448\",\"contentUrl\":\"https:\\\/\\\/i0.wp.com\\\/musikaliaelkartea.eus\\\/wp-content\\\/uploads\\\/2017\\\/11\\\/IMG_2397.jpg?fit=3264%2C2448\",\"width\":3264,\"height\":2448},{\"@type\":\"BreadcrumbList\",\"@id\":\"http:\\\/\\\/musikaliaelkartea.eus\\\/es\\\/2018\\\/03\\\/15\\\/ekaineko-kontzertuetarako-prestaketa-lanekin-hasi-gara\\\/#breadcrumb\",\"itemListElement\":[{\"@type\":\"ListItem\",\"position\":1,\"name\":\"Home\",\"item\":\"http:\\\/\\\/musikaliaelkartea.eus\\\/es\\\/\"},{\"@type\":\"ListItem\",\"position\":2,\"name\":\"Comenzamos con lo preparativos para los conciertos de junio\"}]},{\"@type\":\"WebSite\",\"@id\":\"http:\\\/\\\/musikaliaelkartea.eus\\\/es\\\/#website\",\"url\":\"http:\\\/\\\/musikaliaelkartea.eus\\\/es\\\/\",\"name\":\"Musikalia Elkartea\",\"description\":\"\",\"publisher\":{\"@id\":\"http:\\\/\\\/musikaliaelkartea.eus\\\/es\\\/#organization\"},\"potentialAction\":[{\"@type\":\"SearchAction\",\"target\":{\"@type\":\"EntryPoint\",\"urlTemplate\":\"http:\\\/\\\/musikaliaelkartea.eus\\\/es\\\/?s={search_term_string}\"},\"query-input\":{\"@type\":\"PropertyValueSpecification\",\"valueRequired\":true,\"valueName\":\"search_term_string\"}}],\"inLanguage\":\"es\"},{\"@type\":\"Organization\",\"@id\":\"http:\\\/\\\/musikaliaelkartea.eus\\\/es\\\/#organization\",\"name\":\"Getxoko Andres Isasi Musikalia Elkartea\",\"url\":\"http:\\\/\\\/musikaliaelkartea.eus\\\/es\\\/\",\"logo\":{\"@type\":\"ImageObject\",\"inLanguage\":\"es\",\"@id\":\"http:\\\/\\\/musikaliaelkartea.eus\\\/es\\\/#\\\/schema\\\/logo\\\/image\\\/\",\"url\":\"https:\\\/\\\/i0.wp.com\\\/musikaliaelkartea.eus\\\/wp-content\\\/uploads\\\/2025\\\/03\\\/cropped-MUSIKALIA-LOGO-LARGO.png?fit=5455%2C1928\",\"contentUrl\":\"https:\\\/\\\/i0.wp.com\\\/musikaliaelkartea.eus\\\/wp-content\\\/uploads\\\/2025\\\/03\\\/cropped-MUSIKALIA-LOGO-LARGO.png?fit=5455%2C1928\",\"width\":5455,\"height\":1928,\"caption\":\"Getxoko Andres Isasi Musikalia Elkartea\"},\"image\":{\"@id\":\"http:\\\/\\\/musikaliaelkartea.eus\\\/es\\\/#\\\/schema\\\/logo\\\/image\\\/\"},\"sameAs\":[\"https:\\\/\\\/www.facebook.com\\\/musikaliaelkartea\",\"https:\\\/\\\/www.instagram.com\\\/musikaliaelkartea\\\/\",\"https:\\\/\\\/www.youtube.com\\\/channel\\\/UCYG_UH_Rv-34wbmS8nQ7mpg\"]},{\"@type\":\"Person\",\"@id\":\"http:\\\/\\\/musikaliaelkartea.eus\\\/es\\\/#\\\/schema\\\/person\\\/83f4e89e47194300d20a42d314de9e57\",\"name\":\"admin\",\"image\":{\"@type\":\"ImageObject\",\"inLanguage\":\"es\",\"@id\":\"https:\\\/\\\/secure.gravatar.com\\\/avatar\\\/15c1142fe4ffaf0416ede19e056ec705eab3a0077bf155c88eea63b5977c525f?s=96&d=mm&r=g\",\"url\":\"https:\\\/\\\/secure.gravatar.com\\\/avatar\\\/15c1142fe4ffaf0416ede19e056ec705eab3a0077bf155c88eea63b5977c525f?s=96&d=mm&r=g\",\"contentUrl\":\"https:\\\/\\\/secure.gravatar.com\\\/avatar\\\/15c1142fe4ffaf0416ede19e056ec705eab3a0077bf155c88eea63b5977c525f?s=96&d=mm&r=g\",\"caption\":\"admin\"},\"url\":\"http:\\\/\\\/musikaliaelkartea.eus\\\/es\\\/author\\\/admin\\\/\"}]}<\/script>\n<!-- \/ Yoast SEO plugin. -->","yoast_head_json":{"title":"[:eu]Ekaineko kontzertuetarako prestaketa lanekin hasi gara[:es]Comenzamos con lo preparativos para los conciertos de junio[:] - Musikalia Elkartea","robots":{"index":"index","follow":"follow","max-snippet":"max-snippet:-1","max-image-preview":"max-image-preview:large","max-video-preview":"max-video-preview:-1"},"canonical":"http:\/\/musikaliaelkartea.eus\/es\/2018\/03\/15\/ekaineko-kontzertuetarako-prestaketa-lanekin-hasi-gara\/","og_locale":"es_ES","og_type":"article","og_title":"[:eu]Ekaineko kontzertuetarako prestaketa lanekin hasi gara[:es]Comenzamos con lo preparativos para los conciertos de junio[:] - Musikalia Elkartea","og_description":"En septiembre comenzamos a organizar los eventos para el fin de curso y este mes nos hemos puesto en marcha. Desde la primera semana deView More","og_url":"http:\/\/musikaliaelkartea.eus\/es\/2018\/03\/15\/ekaineko-kontzertuetarako-prestaketa-lanekin-hasi-gara\/","og_site_name":"Musikalia Elkartea","article_publisher":"https:\/\/www.facebook.com\/musikaliaelkartea","article_published_time":"2018-03-15T11:45:50+00:00","article_modified_time":"2018-03-15T11:48:03+00:00","og_image":[{"width":3264,"height":2448,"url":"https:\/\/i0.wp.com\/musikaliaelkartea.eus\/wp-content\/uploads\/2017\/11\/IMG_2397.jpg?fit=3264%2C2448","type":"image\/jpeg"}],"author":"admin","twitter_card":"summary_large_image","twitter_misc":{"Escrito por":"admin","Tiempo de lectura":"1 minuto"},"schema":{"@context":"https:\/\/schema.org","@graph":[{"@type":"Article","@id":"http:\/\/musikaliaelkartea.eus\/es\/2018\/03\/15\/ekaineko-kontzertuetarako-prestaketa-lanekin-hasi-gara\/#article","isPartOf":{"@id":"http:\/\/musikaliaelkartea.eus\/es\/2018\/03\/15\/ekaineko-kontzertuetarako-prestaketa-lanekin-hasi-gara\/"},"author":{"name":"admin","@id":"http:\/\/musikaliaelkartea.eus\/es\/#\/schema\/person\/83f4e89e47194300d20a42d314de9e57"},"headline":"Comenzamos con lo preparativos para los conciertos de junio","datePublished":"2018-03-15T11:45:50+00:00","dateModified":"2018-03-15T11:48:03+00:00","mainEntityOfPage":{"@id":"http:\/\/musikaliaelkartea.eus\/es\/2018\/03\/15\/ekaineko-kontzertuetarako-prestaketa-lanekin-hasi-gara\/"},"wordCount":255,"commentCount":0,"publisher":{"@id":"http:\/\/musikaliaelkartea.eus\/es\/#organization"},"image":{"@id":"http:\/\/musikaliaelkartea.eus\/es\/2018\/03\/15\/ekaineko-kontzertuetarako-prestaketa-lanekin-hasi-gara\/#primaryimage"},"thumbnailUrl":"https:\/\/i0.wp.com\/musikaliaelkartea.eus\/wp-content\/uploads\/2017\/11\/IMG_2397.jpg?fit=3264%2C2448","articleSection":["Uncategorized"],"inLanguage":"es","potentialAction":[{"@type":"CommentAction","name":"Comment","target":["http:\/\/musikaliaelkartea.eus\/es\/2018\/03\/15\/ekaineko-kontzertuetarako-prestaketa-lanekin-hasi-gara\/#respond"]}]},{"@type":"WebPage","@id":"http:\/\/musikaliaelkartea.eus\/es\/2018\/03\/15\/ekaineko-kontzertuetarako-prestaketa-lanekin-hasi-gara\/","url":"http:\/\/musikaliaelkartea.eus\/es\/2018\/03\/15\/ekaineko-kontzertuetarako-prestaketa-lanekin-hasi-gara\/","name":"[:eu]Ekaineko kontzertuetarako prestaketa lanekin hasi gara[:es]Comenzamos con lo preparativos para los conciertos de junio[:] - Musikalia Elkartea","isPartOf":{"@id":"http:\/\/musikaliaelkartea.eus\/es\/#website"},"primaryImageOfPage":{"@id":"http:\/\/musikaliaelkartea.eus\/es\/2018\/03\/15\/ekaineko-kontzertuetarako-prestaketa-lanekin-hasi-gara\/#primaryimage"},"image":{"@id":"http:\/\/musikaliaelkartea.eus\/es\/2018\/03\/15\/ekaineko-kontzertuetarako-prestaketa-lanekin-hasi-gara\/#primaryimage"},"thumbnailUrl":"https:\/\/i0.wp.com\/musikaliaelkartea.eus\/wp-content\/uploads\/2017\/11\/IMG_2397.jpg?fit=3264%2C2448","datePublished":"2018-03-15T11:45:50+00:00","dateModified":"2018-03-15T11:48:03+00:00","breadcrumb":{"@id":"http:\/\/musikaliaelkartea.eus\/es\/2018\/03\/15\/ekaineko-kontzertuetarako-prestaketa-lanekin-hasi-gara\/#breadcrumb"},"inLanguage":"es","potentialAction":[{"@type":"ReadAction","target":["http:\/\/musikaliaelkartea.eus\/es\/2018\/03\/15\/ekaineko-kontzertuetarako-prestaketa-lanekin-hasi-gara\/"]}]},{"@type":"ImageObject","inLanguage":"es","@id":"http:\/\/musikaliaelkartea.eus\/es\/2018\/03\/15\/ekaineko-kontzertuetarako-prestaketa-lanekin-hasi-gara\/#primaryimage","url":"https:\/\/i0.wp.com\/musikaliaelkartea.eus\/wp-content\/uploads\/2017\/11\/IMG_2397.jpg?fit=3264%2C2448","contentUrl":"https:\/\/i0.wp.com\/musikaliaelkartea.eus\/wp-content\/uploads\/2017\/11\/IMG_2397.jpg?fit=3264%2C2448","width":3264,"height":2448},{"@type":"BreadcrumbList","@id":"http:\/\/musikaliaelkartea.eus\/es\/2018\/03\/15\/ekaineko-kontzertuetarako-prestaketa-lanekin-hasi-gara\/#breadcrumb","itemListElement":[{"@type":"ListItem","position":1,"name":"Home","item":"http:\/\/musikaliaelkartea.eus\/es\/"},{"@type":"ListItem","position":2,"name":"Comenzamos con lo preparativos para los conciertos de junio"}]},{"@type":"WebSite","@id":"http:\/\/musikaliaelkartea.eus\/es\/#website","url":"http:\/\/musikaliaelkartea.eus\/es\/","name":"Musikalia Elkartea","description":"","publisher":{"@id":"http:\/\/musikaliaelkartea.eus\/es\/#organization"},"potentialAction":[{"@type":"SearchAction","target":{"@type":"EntryPoint","urlTemplate":"http:\/\/musikaliaelkartea.eus\/es\/?s={search_term_string}"},"query-input":{"@type":"PropertyValueSpecification","valueRequired":true,"valueName":"search_term_string"}}],"inLanguage":"es"},{"@type":"Organization","@id":"http:\/\/musikaliaelkartea.eus\/es\/#organization","name":"Getxoko Andres Isasi Musikalia Elkartea","url":"http:\/\/musikaliaelkartea.eus\/es\/","logo":{"@type":"ImageObject","inLanguage":"es","@id":"http:\/\/musikaliaelkartea.eus\/es\/#\/schema\/logo\/image\/","url":"https:\/\/i0.wp.com\/musikaliaelkartea.eus\/wp-content\/uploads\/2025\/03\/cropped-MUSIKALIA-LOGO-LARGO.png?fit=5455%2C1928","contentUrl":"https:\/\/i0.wp.com\/musikaliaelkartea.eus\/wp-content\/uploads\/2025\/03\/cropped-MUSIKALIA-LOGO-LARGO.png?fit=5455%2C1928","width":5455,"height":1928,"caption":"Getxoko Andres Isasi Musikalia Elkartea"},"image":{"@id":"http:\/\/musikaliaelkartea.eus\/es\/#\/schema\/logo\/image\/"},"sameAs":["https:\/\/www.facebook.com\/musikaliaelkartea","https:\/\/www.instagram.com\/musikaliaelkartea\/","https:\/\/www.youtube.com\/channel\/UCYG_UH_Rv-34wbmS8nQ7mpg"]},{"@type":"Person","@id":"http:\/\/musikaliaelkartea.eus\/es\/#\/schema\/person\/83f4e89e47194300d20a42d314de9e57","name":"admin","image":{"@type":"ImageObject","inLanguage":"es","@id":"https:\/\/secure.gravatar.com\/avatar\/15c1142fe4ffaf0416ede19e056ec705eab3a0077bf155c88eea63b5977c525f?s=96&d=mm&r=g","url":"https:\/\/secure.gravatar.com\/avatar\/15c1142fe4ffaf0416ede19e056ec705eab3a0077bf155c88eea63b5977c525f?s=96&d=mm&r=g","contentUrl":"https:\/\/secure.gravatar.com\/avatar\/15c1142fe4ffaf0416ede19e056ec705eab3a0077bf155c88eea63b5977c525f?s=96&d=mm&r=g","caption":"admin"},"url":"http:\/\/musikaliaelkartea.eus\/es\/author\/admin\/"}]}},"jetpack_featured_media_url":"https:\/\/i0.wp.com\/musikaliaelkartea.eus\/wp-content\/uploads\/2017\/11\/IMG_2397.jpg?fit=3264%2C2448","jetpack_sharing_enabled":true,"jetpack_shortlink":"https:\/\/wp.me\/p8OhQz-lK","_links":{"self":[{"href":"http:\/\/musikaliaelkartea.eus\/es\/wp-json\/wp\/v2\/posts\/1348","targetHints":{"allow":["GET"]}}],"collection":[{"href":"http:\/\/musikaliaelkartea.eus\/es\/wp-json\/wp\/v2\/posts"}],"about":[{"href":"http:\/\/musikaliaelkartea.eus\/es\/wp-json\/wp\/v2\/types\/post"}],"author":[{"embeddable":true,"href":"http:\/\/musikaliaelkartea.eus\/es\/wp-json\/wp\/v2\/users\/1"}],"replies":[{"embeddable":true,"href":"http:\/\/musikaliaelkartea.eus\/es\/wp-json\/wp\/v2\/comments?post=1348"}],"version-history":[{"count":7,"href":"http:\/\/musikaliaelkartea.eus\/es\/wp-json\/wp\/v2\/posts\/1348\/revisions"}],"predecessor-version":[{"id":1362,"href":"http:\/\/musikaliaelkartea.eus\/es\/wp-json\/wp\/v2\/posts\/1348\/revisions\/1362"}],"wp:featuredmedia":[{"embeddable":true,"href":"http:\/\/musikaliaelkartea.eus\/es\/wp-json\/wp\/v2\/media\/812"}],"wp:attachment":[{"href":"http:\/\/musikaliaelkartea.eus\/es\/wp-json\/wp\/v2\/media?parent=1348"}],"wp:term":[{"taxonomy":"category","embeddable":true,"href":"http:\/\/musikaliaelkartea.eus\/es\/wp-json\/wp\/v2\/categories?post=1348"},{"taxonomy":"post_tag","embeddable":true,"href":"http:\/\/musikaliaelkartea.eus\/es\/wp-json\/wp\/v2\/tags?post=1348"}],"curies":[{"name":"wp","href":"https:\/\/api.w.org\/{rel}","templated":true}]}}