{"id":119362,"date":"2024-11-16T11:50:48","date_gmt":"2024-11-16T11:50:48","guid":{"rendered":"https:\/\/musikaliaelkartea.eus\/?p=119362"},"modified":"2024-11-17T10:10:07","modified_gmt":"2024-11-17T10:10:07","slug":"prest-al-zaude-denboran-zeharreko-bidaia-musikalerako-%f0%9f%8e%b6%e2%9c%a8","status":"publish","type":"post","link":"http:\/\/musikaliaelkartea.eus\/es\/2024\/11\/16\/prest-al-zaude-denboran-zeharreko-bidaia-musikalerako-%f0%9f%8e%b6%e2%9c%a8\/","title":{"rendered":"\u00bfEst\u00e1s preparado para un viaje musical a trav\u00e9s del tiempo? \ud83c\udfb6\u2728"},"content":{"rendered":"<p>El pr\u00f3ximo <strong>1 de diciembre, a las 12:30<\/strong>, la <strong>Banda de M\u00fasica de Getxo ofrecer\u00e1 un concierto pedag\u00f3gico especial en la Escuela de M\u00fasica Andr\u00e9s Isasi de Las Arenas<\/strong>. Bajo la direcci\u00f3n de <strong>Ane Legarreta<\/strong>, disfrutaremos de una selecci\u00f3n de canciones ic\u00f3nicas de las \u00faltimas d\u00e9cadas, pensadas para emocionar y ense\u00f1ar.<\/p>\n<p>Este evento est\u00e1 dirigido a <strong>todo tipo de p\u00fablico<\/strong>, pero est\u00e1 dise\u00f1ado especialmente para que los m\u00e1s peque\u00f1os de la casa vivan una experiencia \u00fanica a trav\u00e9s de la m\u00fasica.<\/p>\n<p>\ud83c\udf9f\ufe0f <strong>La entrada es gratuita<\/strong>, pero es necesario solicitar invitaciones rellenando un breve formulario. Asegura tu lugar y ven a disfrutar de este m\u00e1gico evento musical.<\/p>\n<p>\ud83d\udcbb <strong><span style=\"color: #ff0000;\">ENTRADAS AGOTADAS<\/span><\/strong><\/p>\n<p>\u00a1No te lo pierdas! \ud83c\udfb6<br \/>\nEstamos deseando compartir contigo la magia de la m\u00fasica.<\/p>\n<p><img data-recalc-dims=\"1\" fetchpriority=\"high\" decoding=\"async\" data-attachment-id=\"119363\" data-permalink=\"http:\/\/musikaliaelkartea.eus\/es\/2024\/11\/16\/prest-al-zaude-denboran-zeharreko-bidaia-musikalerako-%f0%9f%8e%b6%e2%9c%a8\/instagram-2\/\" data-orig-file=\"https:\/\/i0.wp.com\/musikaliaelkartea.eus\/wp-content\/uploads\/2024\/11\/INSTAGRAM.png?fit=1080%2C1080\" data-orig-size=\"1080,1080\" data-comments-opened=\"0\" data-image-meta=\"{&quot;aperture&quot;:&quot;0&quot;,&quot;credit&quot;:&quot;&quot;,&quot;camera&quot;:&quot;&quot;,&quot;caption&quot;:&quot;&quot;,&quot;created_timestamp&quot;:&quot;0&quot;,&quot;copyright&quot;:&quot;&quot;,&quot;focal_length&quot;:&quot;0&quot;,&quot;iso&quot;:&quot;0&quot;,&quot;shutter_speed&quot;:&quot;0&quot;,&quot;title&quot;:&quot;&quot;,&quot;orientation&quot;:&quot;0&quot;}\" data-image-title=\"INSTAGRAM\" data-image-description=\"\" data-image-caption=\"\" data-large-file=\"https:\/\/i0.wp.com\/musikaliaelkartea.eus\/wp-content\/uploads\/2024\/11\/INSTAGRAM.png?fit=1024%2C1024\" class=\"aligncenter size-medium_large wp-image-119363\" src=\"https:\/\/i0.wp.com\/musikaliaelkartea.eus\/wp-content\/uploads\/2024\/11\/INSTAGRAM.png?resize=723%2C723\" alt=\"\" width=\"723\" height=\"723\" srcset=\"https:\/\/i0.wp.com\/musikaliaelkartea.eus\/wp-content\/uploads\/2024\/11\/INSTAGRAM.png?resize=768%2C768 768w, https:\/\/i0.wp.com\/musikaliaelkartea.eus\/wp-content\/uploads\/2024\/11\/INSTAGRAM.png?resize=300%2C300 300w, https:\/\/i0.wp.com\/musikaliaelkartea.eus\/wp-content\/uploads\/2024\/11\/INSTAGRAM.png?resize=1024%2C1024 1024w, https:\/\/i0.wp.com\/musikaliaelkartea.eus\/wp-content\/uploads\/2024\/11\/INSTAGRAM.png?resize=150%2C150 150w, https:\/\/i0.wp.com\/musikaliaelkartea.eus\/wp-content\/uploads\/2024\/11\/INSTAGRAM.png?resize=450%2C450 450w, https:\/\/i0.wp.com\/musikaliaelkartea.eus\/wp-content\/uploads\/2024\/11\/INSTAGRAM.png?resize=60%2C60 60w, https:\/\/i0.wp.com\/musikaliaelkartea.eus\/wp-content\/uploads\/2024\/11\/INSTAGRAM.png?resize=550%2C550 550w, https:\/\/i0.wp.com\/musikaliaelkartea.eus\/wp-content\/uploads\/2024\/11\/INSTAGRAM.png?resize=45%2C45 45w, https:\/\/i0.wp.com\/musikaliaelkartea.eus\/wp-content\/uploads\/2024\/11\/INSTAGRAM.png?w=1080 1080w\" sizes=\"(max-width: 723px) 100vw, 723px\" \/><\/p>","protected":false},"excerpt":{"rendered":"<p>El pr\u00f3ximo 1 de diciembre, a las 12:30, la Banda de M\u00fasica de Getxo ofrecer\u00e1 un concierto pedag\u00f3gico especial en la Escuela de M\u00fasica Andr\u00e9s<a href=\"http:\/\/musikaliaelkartea.eus\/es\/2024\/11\/16\/prest-al-zaude-denboran-zeharreko-bidaia-musikalerako-%f0%9f%8e%b6%e2%9c%a8\/\" class=\"more-link\">View More<\/a><\/p>\n","protected":false},"author":2,"featured_media":119365,"comment_status":"closed","ping_status":"open","sticky":false,"template":"","format":"standard","meta":{"jetpack_post_was_ever_published":false,"_jetpack_newsletter_access":"","_jetpack_dont_email_post_to_subs":false,"_jetpack_newsletter_tier_id":0,"_jetpack_memberships_contains_paywalled_content":false,"_jetpack_memberships_contains_paid_content":false,"footnotes":""},"categories":[1],"tags":[],"class_list":["post-119362","post","type-post","status-publish","format-standard","has-post-thumbnail","hentry","category-uncategorized"],"yoast_head":"<!-- This site is optimized with the Yoast SEO plugin v27.4 - https:\/\/yoast.com\/product\/yoast-seo-wordpress\/ -->\n<title>\u00bfEst\u00e1s preparado para un viaje musical a trav\u00e9s del tiempo? \ud83c\udfb6\u2728 - Musikalia Elkartea<\/title>\n<meta name=\"robots\" content=\"index, follow, max-snippet:-1, max-image-preview:large, max-video-preview:-1\" \/>\n<link rel=\"canonical\" href=\"http:\/\/musikaliaelkartea.eus\/2024\/11\/16\/prest-al-zaude-denboran-zeharreko-bidaia-musikalerako-\ud83c\udfb6\u2728\/\" \/>\n<meta property=\"og:locale\" content=\"es_ES\" \/>\n<meta property=\"og:type\" content=\"article\" \/>\n<meta property=\"og:title\" content=\"[:eu]Prest al zaude denboran zeharreko bidaia musikalerako ? \ud83c\udfb6\u2728[:es]\u00bfEst\u00e1s preparado para un viaje musical a trav\u00e9s del tiempo? \ud83c\udfb6\u2728[:] - Musikalia Elkartea\" \/>\n<meta property=\"og:description\" content=\"El pr\u00f3ximo 1 de diciembre, a las 12:30, la Banda de M\u00fasica de Getxo ofrecer\u00e1 un concierto pedag\u00f3gico especial en la Escuela de M\u00fasica Andr\u00e9sView More\" \/>\n<meta property=\"og:url\" content=\"http:\/\/musikaliaelkartea.eus\/2024\/11\/16\/prest-al-zaude-denboran-zeharreko-bidaia-musikalerako-\ud83c\udfb6\u2728\/\" \/>\n<meta property=\"og:site_name\" content=\"Musikalia Elkartea\" \/>\n<meta property=\"article:publisher\" content=\"https:\/\/www.facebook.com\/musikaliaelkartea\" \/>\n<meta property=\"article:published_time\" content=\"2024-11-16T11:50:48+00:00\" \/>\n<meta property=\"article:modified_time\" content=\"2024-11-17T10:10:07+00:00\" \/>\n<meta property=\"og:image\" content=\"https:\/\/i0.wp.com\/musikaliaelkartea.eus\/wp-content\/uploads\/2024\/11\/2.png?fit=820%2C312\" \/>\n\t<meta property=\"og:image:width\" content=\"820\" \/>\n\t<meta property=\"og:image:height\" content=\"312\" \/>\n\t<meta property=\"og:image:type\" content=\"image\/png\" \/>\n<meta name=\"author\" content=\"Musikalia\" \/>\n<meta name=\"twitter:card\" content=\"summary_large_image\" \/>\n<meta name=\"twitter:label1\" content=\"Escrito por\" \/>\n\t<meta name=\"twitter:data1\" content=\"Musikalia\" \/>\n\t<meta name=\"twitter:label2\" content=\"Tiempo de lectura\" \/>\n\t<meta name=\"twitter:data2\" content=\"1 minuto\" \/>\n<script type=\"application\/ld+json\" class=\"yoast-schema-graph\">{\"@context\":\"https:\\\/\\\/schema.org\",\"@graph\":[{\"@type\":\"Article\",\"@id\":\"http:\\\/\\\/musikaliaelkartea.eus\\\/2024\\\/11\\\/16\\\/prest-al-zaude-denboran-zeharreko-bidaia-musikalerako-%f0%9f%8e%b6%e2%9c%a8\\\/#article\",\"isPartOf\":{\"@id\":\"http:\\\/\\\/musikaliaelkartea.eus\\\/2024\\\/11\\\/16\\\/prest-al-zaude-denboran-zeharreko-bidaia-musikalerako-%f0%9f%8e%b6%e2%9c%a8\\\/\"},\"author\":{\"name\":\"Musikalia\",\"@id\":\"http:\\\/\\\/musikaliaelkartea.eus\\\/es\\\/#\\\/schema\\\/person\\\/14029d72e7fe33dcc3b5b67080703aab\"},\"headline\":\"\u00bfEst\u00e1s preparado para un viaje musical a trav\u00e9s del tiempo? \ud83c\udfb6\u2728\",\"datePublished\":\"2024-11-16T11:50:48+00:00\",\"dateModified\":\"2024-11-17T10:10:07+00:00\",\"mainEntityOfPage\":{\"@id\":\"http:\\\/\\\/musikaliaelkartea.eus\\\/2024\\\/11\\\/16\\\/prest-al-zaude-denboran-zeharreko-bidaia-musikalerako-%f0%9f%8e%b6%e2%9c%a8\\\/\"},\"wordCount\":246,\"publisher\":{\"@id\":\"http:\\\/\\\/musikaliaelkartea.eus\\\/es\\\/#organization\"},\"image\":{\"@id\":\"http:\\\/\\\/musikaliaelkartea.eus\\\/2024\\\/11\\\/16\\\/prest-al-zaude-denboran-zeharreko-bidaia-musikalerako-%f0%9f%8e%b6%e2%9c%a8\\\/#primaryimage\"},\"thumbnailUrl\":\"https:\\\/\\\/i0.wp.com\\\/musikaliaelkartea.eus\\\/wp-content\\\/uploads\\\/2024\\\/11\\\/2.png?fit=820%2C312\",\"articleSection\":[\"Uncategorized\"],\"inLanguage\":\"es\"},{\"@type\":\"WebPage\",\"@id\":\"http:\\\/\\\/musikaliaelkartea.eus\\\/2024\\\/11\\\/16\\\/prest-al-zaude-denboran-zeharreko-bidaia-musikalerako-%f0%9f%8e%b6%e2%9c%a8\\\/\",\"url\":\"http:\\\/\\\/musikaliaelkartea.eus\\\/2024\\\/11\\\/16\\\/prest-al-zaude-denboran-zeharreko-bidaia-musikalerako-%f0%9f%8e%b6%e2%9c%a8\\\/\",\"name\":\"[:eu]Prest al zaude denboran zeharreko bidaia musikalerako ? \ud83c\udfb6\u2728[:es]\u00bfEst\u00e1s preparado para un viaje musical a trav\u00e9s del tiempo? \ud83c\udfb6\u2728[:] - Musikalia Elkartea\",\"isPartOf\":{\"@id\":\"http:\\\/\\\/musikaliaelkartea.eus\\\/es\\\/#website\"},\"primaryImageOfPage\":{\"@id\":\"http:\\\/\\\/musikaliaelkartea.eus\\\/2024\\\/11\\\/16\\\/prest-al-zaude-denboran-zeharreko-bidaia-musikalerako-%f0%9f%8e%b6%e2%9c%a8\\\/#primaryimage\"},\"image\":{\"@id\":\"http:\\\/\\\/musikaliaelkartea.eus\\\/2024\\\/11\\\/16\\\/prest-al-zaude-denboran-zeharreko-bidaia-musikalerako-%f0%9f%8e%b6%e2%9c%a8\\\/#primaryimage\"},\"thumbnailUrl\":\"https:\\\/\\\/i0.wp.com\\\/musikaliaelkartea.eus\\\/wp-content\\\/uploads\\\/2024\\\/11\\\/2.png?fit=820%2C312\",\"datePublished\":\"2024-11-16T11:50:48+00:00\",\"dateModified\":\"2024-11-17T10:10:07+00:00\",\"breadcrumb\":{\"@id\":\"http:\\\/\\\/musikaliaelkartea.eus\\\/2024\\\/11\\\/16\\\/prest-al-zaude-denboran-zeharreko-bidaia-musikalerako-%f0%9f%8e%b6%e2%9c%a8\\\/#breadcrumb\"},\"inLanguage\":\"es\",\"potentialAction\":[{\"@type\":\"ReadAction\",\"target\":[\"http:\\\/\\\/musikaliaelkartea.eus\\\/2024\\\/11\\\/16\\\/prest-al-zaude-denboran-zeharreko-bidaia-musikalerako-%f0%9f%8e%b6%e2%9c%a8\\\/\"]}]},{\"@type\":\"ImageObject\",\"inLanguage\":\"es\",\"@id\":\"http:\\\/\\\/musikaliaelkartea.eus\\\/2024\\\/11\\\/16\\\/prest-al-zaude-denboran-zeharreko-bidaia-musikalerako-%f0%9f%8e%b6%e2%9c%a8\\\/#primaryimage\",\"url\":\"https:\\\/\\\/i0.wp.com\\\/musikaliaelkartea.eus\\\/wp-content\\\/uploads\\\/2024\\\/11\\\/2.png?fit=820%2C312\",\"contentUrl\":\"https:\\\/\\\/i0.wp.com\\\/musikaliaelkartea.eus\\\/wp-content\\\/uploads\\\/2024\\\/11\\\/2.png?fit=820%2C312\",\"width\":820,\"height\":312},{\"@type\":\"BreadcrumbList\",\"@id\":\"http:\\\/\\\/musikaliaelkartea.eus\\\/2024\\\/11\\\/16\\\/prest-al-zaude-denboran-zeharreko-bidaia-musikalerako-%f0%9f%8e%b6%e2%9c%a8\\\/#breadcrumb\",\"itemListElement\":[{\"@type\":\"ListItem\",\"position\":1,\"name\":\"Home\",\"item\":\"http:\\\/\\\/musikaliaelkartea.eus\\\/es\\\/\"},{\"@type\":\"ListItem\",\"position\":2,\"name\":\"Prest al zaude denboran zeharreko bidaia musikalerako ? \ud83c\udfb6\u2728\"}]},{\"@type\":\"WebSite\",\"@id\":\"http:\\\/\\\/musikaliaelkartea.eus\\\/es\\\/#website\",\"url\":\"http:\\\/\\\/musikaliaelkartea.eus\\\/es\\\/\",\"name\":\"Musikalia Elkartea\",\"description\":\"\",\"publisher\":{\"@id\":\"http:\\\/\\\/musikaliaelkartea.eus\\\/es\\\/#organization\"},\"potentialAction\":[{\"@type\":\"SearchAction\",\"target\":{\"@type\":\"EntryPoint\",\"urlTemplate\":\"http:\\\/\\\/musikaliaelkartea.eus\\\/es\\\/?s={search_term_string}\"},\"query-input\":{\"@type\":\"PropertyValueSpecification\",\"valueRequired\":true,\"valueName\":\"search_term_string\"}}],\"inLanguage\":\"es\"},{\"@type\":\"Organization\",\"@id\":\"http:\\\/\\\/musikaliaelkartea.eus\\\/es\\\/#organization\",\"name\":\"Getxoko Andres Isasi Musikalia Elkartea\",\"url\":\"http:\\\/\\\/musikaliaelkartea.eus\\\/es\\\/\",\"logo\":{\"@type\":\"ImageObject\",\"inLanguage\":\"es\",\"@id\":\"http:\\\/\\\/musikaliaelkartea.eus\\\/es\\\/#\\\/schema\\\/logo\\\/image\\\/\",\"url\":\"https:\\\/\\\/i0.wp.com\\\/musikaliaelkartea.eus\\\/wp-content\\\/uploads\\\/2025\\\/03\\\/cropped-MUSIKALIA-LOGO-LARGO.png?fit=5455%2C1928\",\"contentUrl\":\"https:\\\/\\\/i0.wp.com\\\/musikaliaelkartea.eus\\\/wp-content\\\/uploads\\\/2025\\\/03\\\/cropped-MUSIKALIA-LOGO-LARGO.png?fit=5455%2C1928\",\"width\":5455,\"height\":1928,\"caption\":\"Getxoko Andres Isasi Musikalia Elkartea\"},\"image\":{\"@id\":\"http:\\\/\\\/musikaliaelkartea.eus\\\/es\\\/#\\\/schema\\\/logo\\\/image\\\/\"},\"sameAs\":[\"https:\\\/\\\/www.facebook.com\\\/musikaliaelkartea\",\"https:\\\/\\\/www.instagram.com\\\/musikaliaelkartea\\\/\",\"https:\\\/\\\/www.youtube.com\\\/channel\\\/UCYG_UH_Rv-34wbmS8nQ7mpg\"]},{\"@type\":\"Person\",\"@id\":\"http:\\\/\\\/musikaliaelkartea.eus\\\/es\\\/#\\\/schema\\\/person\\\/14029d72e7fe33dcc3b5b67080703aab\",\"name\":\"Musikalia\",\"image\":{\"@type\":\"ImageObject\",\"inLanguage\":\"es\",\"@id\":\"https:\\\/\\\/secure.gravatar.com\\\/avatar\\\/4cedd4863d0dc30f70d9375282b4f70545dbeb2a5fec482325b3b89efe2dd5e3?s=96&d=mm&r=g\",\"url\":\"https:\\\/\\\/secure.gravatar.com\\\/avatar\\\/4cedd4863d0dc30f70d9375282b4f70545dbeb2a5fec482325b3b89efe2dd5e3?s=96&d=mm&r=g\",\"contentUrl\":\"https:\\\/\\\/secure.gravatar.com\\\/avatar\\\/4cedd4863d0dc30f70d9375282b4f70545dbeb2a5fec482325b3b89efe2dd5e3?s=96&d=mm&r=g\",\"caption\":\"Musikalia\"},\"url\":\"http:\\\/\\\/musikaliaelkartea.eus\\\/es\\\/author\\\/musikalia\\\/\"}]}<\/script>\n<!-- \/ Yoast SEO plugin. -->","yoast_head_json":{"title":"[:eu]Prest al zaude denboran zeharreko bidaia musikalerako ? \ud83c\udfb6\u2728[:es]\u00bfEst\u00e1s preparado para un viaje musical a trav\u00e9s del tiempo? \ud83c\udfb6\u2728[:] - Musikalia Elkartea","robots":{"index":"index","follow":"follow","max-snippet":"max-snippet:-1","max-image-preview":"max-image-preview:large","max-video-preview":"max-video-preview:-1"},"canonical":"http:\/\/musikaliaelkartea.eus\/2024\/11\/16\/prest-al-zaude-denboran-zeharreko-bidaia-musikalerako-\ud83c\udfb6\u2728\/","og_locale":"es_ES","og_type":"article","og_title":"[:eu]Prest al zaude denboran zeharreko bidaia musikalerako ? \ud83c\udfb6\u2728[:es]\u00bfEst\u00e1s preparado para un viaje musical a trav\u00e9s del tiempo? \ud83c\udfb6\u2728[:] - Musikalia Elkartea","og_description":"El pr\u00f3ximo 1 de diciembre, a las 12:30, la Banda de M\u00fasica de Getxo ofrecer\u00e1 un concierto pedag\u00f3gico especial en la Escuela de M\u00fasica Andr\u00e9sView More","og_url":"http:\/\/musikaliaelkartea.eus\/2024\/11\/16\/prest-al-zaude-denboran-zeharreko-bidaia-musikalerako-\ud83c\udfb6\u2728\/","og_site_name":"Musikalia Elkartea","article_publisher":"https:\/\/www.facebook.com\/musikaliaelkartea","article_published_time":"2024-11-16T11:50:48+00:00","article_modified_time":"2024-11-17T10:10:07+00:00","og_image":[{"width":820,"height":312,"url":"https:\/\/i0.wp.com\/musikaliaelkartea.eus\/wp-content\/uploads\/2024\/11\/2.png?fit=820%2C312","type":"image\/png"}],"author":"Musikalia","twitter_card":"summary_large_image","twitter_misc":{"Escrito por":"Musikalia","Tiempo de lectura":"1 minuto"},"schema":{"@context":"https:\/\/schema.org","@graph":[{"@type":"Article","@id":"http:\/\/musikaliaelkartea.eus\/2024\/11\/16\/prest-al-zaude-denboran-zeharreko-bidaia-musikalerako-%f0%9f%8e%b6%e2%9c%a8\/#article","isPartOf":{"@id":"http:\/\/musikaliaelkartea.eus\/2024\/11\/16\/prest-al-zaude-denboran-zeharreko-bidaia-musikalerako-%f0%9f%8e%b6%e2%9c%a8\/"},"author":{"name":"Musikalia","@id":"http:\/\/musikaliaelkartea.eus\/es\/#\/schema\/person\/14029d72e7fe33dcc3b5b67080703aab"},"headline":"\u00bfEst\u00e1s preparado para un viaje musical a trav\u00e9s del tiempo? \ud83c\udfb6\u2728","datePublished":"2024-11-16T11:50:48+00:00","dateModified":"2024-11-17T10:10:07+00:00","mainEntityOfPage":{"@id":"http:\/\/musikaliaelkartea.eus\/2024\/11\/16\/prest-al-zaude-denboran-zeharreko-bidaia-musikalerako-%f0%9f%8e%b6%e2%9c%a8\/"},"wordCount":246,"publisher":{"@id":"http:\/\/musikaliaelkartea.eus\/es\/#organization"},"image":{"@id":"http:\/\/musikaliaelkartea.eus\/2024\/11\/16\/prest-al-zaude-denboran-zeharreko-bidaia-musikalerako-%f0%9f%8e%b6%e2%9c%a8\/#primaryimage"},"thumbnailUrl":"https:\/\/i0.wp.com\/musikaliaelkartea.eus\/wp-content\/uploads\/2024\/11\/2.png?fit=820%2C312","articleSection":["Uncategorized"],"inLanguage":"es"},{"@type":"WebPage","@id":"http:\/\/musikaliaelkartea.eus\/2024\/11\/16\/prest-al-zaude-denboran-zeharreko-bidaia-musikalerako-%f0%9f%8e%b6%e2%9c%a8\/","url":"http:\/\/musikaliaelkartea.eus\/2024\/11\/16\/prest-al-zaude-denboran-zeharreko-bidaia-musikalerako-%f0%9f%8e%b6%e2%9c%a8\/","name":"[:eu]Prest al zaude denboran zeharreko bidaia musikalerako ? \ud83c\udfb6\u2728[:es]\u00bfEst\u00e1s preparado para un viaje musical a trav\u00e9s del tiempo? \ud83c\udfb6\u2728[:] - Musikalia Elkartea","isPartOf":{"@id":"http:\/\/musikaliaelkartea.eus\/es\/#website"},"primaryImageOfPage":{"@id":"http:\/\/musikaliaelkartea.eus\/2024\/11\/16\/prest-al-zaude-denboran-zeharreko-bidaia-musikalerako-%f0%9f%8e%b6%e2%9c%a8\/#primaryimage"},"image":{"@id":"http:\/\/musikaliaelkartea.eus\/2024\/11\/16\/prest-al-zaude-denboran-zeharreko-bidaia-musikalerako-%f0%9f%8e%b6%e2%9c%a8\/#primaryimage"},"thumbnailUrl":"https:\/\/i0.wp.com\/musikaliaelkartea.eus\/wp-content\/uploads\/2024\/11\/2.png?fit=820%2C312","datePublished":"2024-11-16T11:50:48+00:00","dateModified":"2024-11-17T10:10:07+00:00","breadcrumb":{"@id":"http:\/\/musikaliaelkartea.eus\/2024\/11\/16\/prest-al-zaude-denboran-zeharreko-bidaia-musikalerako-%f0%9f%8e%b6%e2%9c%a8\/#breadcrumb"},"inLanguage":"es","potentialAction":[{"@type":"ReadAction","target":["http:\/\/musikaliaelkartea.eus\/2024\/11\/16\/prest-al-zaude-denboran-zeharreko-bidaia-musikalerako-%f0%9f%8e%b6%e2%9c%a8\/"]}]},{"@type":"ImageObject","inLanguage":"es","@id":"http:\/\/musikaliaelkartea.eus\/2024\/11\/16\/prest-al-zaude-denboran-zeharreko-bidaia-musikalerako-%f0%9f%8e%b6%e2%9c%a8\/#primaryimage","url":"https:\/\/i0.wp.com\/musikaliaelkartea.eus\/wp-content\/uploads\/2024\/11\/2.png?fit=820%2C312","contentUrl":"https:\/\/i0.wp.com\/musikaliaelkartea.eus\/wp-content\/uploads\/2024\/11\/2.png?fit=820%2C312","width":820,"height":312},{"@type":"BreadcrumbList","@id":"http:\/\/musikaliaelkartea.eus\/2024\/11\/16\/prest-al-zaude-denboran-zeharreko-bidaia-musikalerako-%f0%9f%8e%b6%e2%9c%a8\/#breadcrumb","itemListElement":[{"@type":"ListItem","position":1,"name":"Home","item":"http:\/\/musikaliaelkartea.eus\/es\/"},{"@type":"ListItem","position":2,"name":"Prest al zaude denboran zeharreko bidaia musikalerako ? \ud83c\udfb6\u2728"}]},{"@type":"WebSite","@id":"http:\/\/musikaliaelkartea.eus\/es\/#website","url":"http:\/\/musikaliaelkartea.eus\/es\/","name":"Musikalia Elkartea","description":"","publisher":{"@id":"http:\/\/musikaliaelkartea.eus\/es\/#organization"},"potentialAction":[{"@type":"SearchAction","target":{"@type":"EntryPoint","urlTemplate":"http:\/\/musikaliaelkartea.eus\/es\/?s={search_term_string}"},"query-input":{"@type":"PropertyValueSpecification","valueRequired":true,"valueName":"search_term_string"}}],"inLanguage":"es"},{"@type":"Organization","@id":"http:\/\/musikaliaelkartea.eus\/es\/#organization","name":"Getxoko Andres Isasi Musikalia Elkartea","url":"http:\/\/musikaliaelkartea.eus\/es\/","logo":{"@type":"ImageObject","inLanguage":"es","@id":"http:\/\/musikaliaelkartea.eus\/es\/#\/schema\/logo\/image\/","url":"https:\/\/i0.wp.com\/musikaliaelkartea.eus\/wp-content\/uploads\/2025\/03\/cropped-MUSIKALIA-LOGO-LARGO.png?fit=5455%2C1928","contentUrl":"https:\/\/i0.wp.com\/musikaliaelkartea.eus\/wp-content\/uploads\/2025\/03\/cropped-MUSIKALIA-LOGO-LARGO.png?fit=5455%2C1928","width":5455,"height":1928,"caption":"Getxoko Andres Isasi Musikalia Elkartea"},"image":{"@id":"http:\/\/musikaliaelkartea.eus\/es\/#\/schema\/logo\/image\/"},"sameAs":["https:\/\/www.facebook.com\/musikaliaelkartea","https:\/\/www.instagram.com\/musikaliaelkartea\/","https:\/\/www.youtube.com\/channel\/UCYG_UH_Rv-34wbmS8nQ7mpg"]},{"@type":"Person","@id":"http:\/\/musikaliaelkartea.eus\/es\/#\/schema\/person\/14029d72e7fe33dcc3b5b67080703aab","name":"Musikalia","image":{"@type":"ImageObject","inLanguage":"es","@id":"https:\/\/secure.gravatar.com\/avatar\/4cedd4863d0dc30f70d9375282b4f70545dbeb2a5fec482325b3b89efe2dd5e3?s=96&d=mm&r=g","url":"https:\/\/secure.gravatar.com\/avatar\/4cedd4863d0dc30f70d9375282b4f70545dbeb2a5fec482325b3b89efe2dd5e3?s=96&d=mm&r=g","contentUrl":"https:\/\/secure.gravatar.com\/avatar\/4cedd4863d0dc30f70d9375282b4f70545dbeb2a5fec482325b3b89efe2dd5e3?s=96&d=mm&r=g","caption":"Musikalia"},"url":"http:\/\/musikaliaelkartea.eus\/es\/author\/musikalia\/"}]}},"jetpack_featured_media_url":"https:\/\/i0.wp.com\/musikaliaelkartea.eus\/wp-content\/uploads\/2024\/11\/2.png?fit=820%2C312","jetpack_sharing_enabled":true,"jetpack_shortlink":"https:\/\/wp.me\/p8OhQz-v3c","_links":{"self":[{"href":"http:\/\/musikaliaelkartea.eus\/es\/wp-json\/wp\/v2\/posts\/119362","targetHints":{"allow":["GET"]}}],"collection":[{"href":"http:\/\/musikaliaelkartea.eus\/es\/wp-json\/wp\/v2\/posts"}],"about":[{"href":"http:\/\/musikaliaelkartea.eus\/es\/wp-json\/wp\/v2\/types\/post"}],"author":[{"embeddable":true,"href":"http:\/\/musikaliaelkartea.eus\/es\/wp-json\/wp\/v2\/users\/2"}],"replies":[{"embeddable":true,"href":"http:\/\/musikaliaelkartea.eus\/es\/wp-json\/wp\/v2\/comments?post=119362"}],"version-history":[{"count":3,"href":"http:\/\/musikaliaelkartea.eus\/es\/wp-json\/wp\/v2\/posts\/119362\/revisions"}],"predecessor-version":[{"id":119559,"href":"http:\/\/musikaliaelkartea.eus\/es\/wp-json\/wp\/v2\/posts\/119362\/revisions\/119559"}],"wp:featuredmedia":[{"embeddable":true,"href":"http:\/\/musikaliaelkartea.eus\/es\/wp-json\/wp\/v2\/media\/119365"}],"wp:attachment":[{"href":"http:\/\/musikaliaelkartea.eus\/es\/wp-json\/wp\/v2\/media?parent=119362"}],"wp:term":[{"taxonomy":"category","embeddable":true,"href":"http:\/\/musikaliaelkartea.eus\/es\/wp-json\/wp\/v2\/categories?post=119362"},{"taxonomy":"post_tag","embeddable":true,"href":"http:\/\/musikaliaelkartea.eus\/es\/wp-json\/wp\/v2\/tags?post=119362"}],"curies":[{"name":"wp","href":"https:\/\/api.w.org\/{rel}","templated":true}]}}