{"id":1050,"date":"2017-11-23T07:41:34","date_gmt":"2017-11-23T07:41:34","guid":{"rendered":"http:\/\/musikaliaelkartea.eus\/?p=1050"},"modified":"2017-11-23T07:53:40","modified_gmt":"2017-11-23T07:53:40","slug":"musikalia-alfonbra-gorrian","status":"publish","type":"post","link":"http:\/\/musikaliaelkartea.eus\/es\/2017\/11\/23\/musikalia-alfonbra-gorrian\/","title":{"rendered":"Musikalia en la alfombra roja"},"content":{"rendered":"<p><img data-recalc-dims=\"1\" fetchpriority=\"high\" decoding=\"async\" data-attachment-id=\"1055\" data-permalink=\"http:\/\/musikaliaelkartea.eus\/es\/2017\/11\/23\/musikalia-alfonbra-gorrian\/whatsapp-image-2017-11-22-at-21-10-56-min\/\" data-orig-file=\"https:\/\/i0.wp.com\/musikaliaelkartea.eus\/wp-content\/uploads\/2017\/11\/WhatsApp-Image-2017-11-22-at-21.10.56-min.jpeg?fit=1000%2C750\" data-orig-size=\"1000,750\" data-comments-opened=\"1\" data-image-meta=\"{&quot;aperture&quot;:&quot;0&quot;,&quot;credit&quot;:&quot;&quot;,&quot;camera&quot;:&quot;&quot;,&quot;caption&quot;:&quot;&quot;,&quot;created_timestamp&quot;:&quot;0&quot;,&quot;copyright&quot;:&quot;&quot;,&quot;focal_length&quot;:&quot;0&quot;,&quot;iso&quot;:&quot;0&quot;,&quot;shutter_speed&quot;:&quot;0&quot;,&quot;title&quot;:&quot;&quot;,&quot;orientation&quot;:&quot;0&quot;}\" data-image-title=\"WhatsApp Image 2017-11-22 at 21.10.56-min\" data-image-description=\"\" data-image-caption=\"\" data-large-file=\"https:\/\/i0.wp.com\/musikaliaelkartea.eus\/wp-content\/uploads\/2017\/11\/WhatsApp-Image-2017-11-22-at-21.10.56-min.jpeg?fit=1000%2C750\" class=\"size-medium wp-image-1055 alignleft\" src=\"https:\/\/i0.wp.com\/musikaliaelkartea.eus\/wp-content\/uploads\/2017\/11\/WhatsApp-Image-2017-11-22-at-21.10.56-min.jpeg?resize=300%2C225\" alt=\"\" width=\"300\" height=\"225\" srcset=\"https:\/\/i0.wp.com\/musikaliaelkartea.eus\/wp-content\/uploads\/2017\/11\/WhatsApp-Image-2017-11-22-at-21.10.56-min.jpeg?resize=300%2C225 300w, https:\/\/i0.wp.com\/musikaliaelkartea.eus\/wp-content\/uploads\/2017\/11\/WhatsApp-Image-2017-11-22-at-21.10.56-min.jpeg?resize=768%2C576 768w, https:\/\/i0.wp.com\/musikaliaelkartea.eus\/wp-content\/uploads\/2017\/11\/WhatsApp-Image-2017-11-22-at-21.10.56-min.jpeg?resize=400%2C300 400w, https:\/\/i0.wp.com\/musikaliaelkartea.eus\/wp-content\/uploads\/2017\/11\/WhatsApp-Image-2017-11-22-at-21.10.56-min.jpeg?w=1000 1000w\" sizes=\"(max-width: 300px) 100vw, 300px\" \/>El mi\u00e9rcoles 22, estuvimos en el pre-estreno de \u00abLa higuera de los bastardos\u00bb en los cines de Getxo. Disfrutamos de la pel\u00edcula, con una sala repleta de colaboradores\u00a0 con ganas de ver el resultado final. Tambi\u00e9n pudimos saludar a Ana y a algunos actores que se acercaron al evento. La pel\u00edcula se estrena el 24 de noviembre en los cines. Aqu\u00ed ten\u00e9is la sinopsis:<\/p>\n<p>&nbsp;<\/p>\n<blockquote><p><img data-recalc-dims=\"1\" loading=\"lazy\" decoding=\"async\" data-attachment-id=\"1060\" data-permalink=\"http:\/\/musikaliaelkartea.eus\/es\/2017\/11\/23\/musikalia-alfonbra-gorrian\/img_20171122_211302_948-min\/\" data-orig-file=\"https:\/\/i0.wp.com\/musikaliaelkartea.eus\/wp-content\/uploads\/2017\/11\/IMG_20171122_211302_948-min.jpg?fit=2304%2C4096\" data-orig-size=\"2304,4096\" data-comments-opened=\"1\" data-image-meta=\"{&quot;aperture&quot;:&quot;0&quot;,&quot;credit&quot;:&quot;&quot;,&quot;camera&quot;:&quot;&quot;,&quot;caption&quot;:&quot;&quot;,&quot;created_timestamp&quot;:&quot;0&quot;,&quot;copyright&quot;:&quot;&quot;,&quot;focal_length&quot;:&quot;0&quot;,&quot;iso&quot;:&quot;0&quot;,&quot;shutter_speed&quot;:&quot;0&quot;,&quot;title&quot;:&quot;&quot;,&quot;orientation&quot;:&quot;0&quot;}\" data-image-title=\"IMG_20171122_211302_948-min\" data-image-description=\"\" data-image-caption=\"\" data-large-file=\"https:\/\/i0.wp.com\/musikaliaelkartea.eus\/wp-content\/uploads\/2017\/11\/IMG_20171122_211302_948-min.jpg?fit=576%2C1024\" class=\"alignright wp-image-1060 size-medium\" src=\"https:\/\/i0.wp.com\/musikaliaelkartea.eus\/wp-content\/uploads\/2017\/11\/IMG_20171122_211302_948-min.jpg?resize=169%2C300\" alt=\"\" width=\"169\" height=\"300\" srcset=\"https:\/\/i0.wp.com\/musikaliaelkartea.eus\/wp-content\/uploads\/2017\/11\/IMG_20171122_211302_948-min.jpg?resize=169%2C300 169w, https:\/\/i0.wp.com\/musikaliaelkartea.eus\/wp-content\/uploads\/2017\/11\/IMG_20171122_211302_948-min.jpg?resize=768%2C1365 768w, https:\/\/i0.wp.com\/musikaliaelkartea.eus\/wp-content\/uploads\/2017\/11\/IMG_20171122_211302_948-min.jpg?resize=576%2C1024 576w\" sizes=\"(max-width: 169px) 100vw, 169px\" \/>En una \u00e9poca no muy lejana en la que el conflicto y la oscuridad se apoderaron de los territorios en Espa\u00f1a, la mirada de un ni\u00f1o se cruza con la de Rogelio (Karra Elejalde), el ejecutor. Convencido de que el ni\u00f1o lo matar\u00e1 cuando crezca, Rogelio abandona a sus camaradas y se dedica a cuidar de la higuera que el cr\u00edo ha plantado sobre la tumba de su padre y hermano. Cipriana (Pepa Aniorte), la mujer del nuevo alcalde (Jordi S\u00e1nchez), acrecienta la fama de Rogelio como ermita\u00f1o y sant\u00f3n, y convierte el lugar en centro de peregrinaciones. Ermo (Carlos Areces) el codicioso chivato que denunci\u00f3 a la familia, no se separa de Rogelio, convencido, cual golum, de que bajo la higuera se esconde un tesoro. Los antiguos camaradas, que ven con estupor c\u00f3mo la higuera crece entre los peregrinos se\u00f1alando el lugar de la ejecuci\u00f3n, intentar\u00e1n qu\u00e9 Rogelio abandone sumisi\u00f3n para deshacerse de la higuera y borrar el inc\u00f3modo rastro.<\/p><\/blockquote>\n<p><img data-recalc-dims=\"1\" loading=\"lazy\" decoding=\"async\" data-attachment-id=\"1054\" data-permalink=\"http:\/\/musikaliaelkartea.eus\/es\/2017\/11\/23\/musikalia-alfonbra-gorrian\/whatsapp-image-2017-11-22-at-21-22-13-min\/\" data-orig-file=\"https:\/\/i0.wp.com\/musikaliaelkartea.eus\/wp-content\/uploads\/2017\/11\/WhatsApp-Image-2017-11-22-at-21.22.13-min.jpeg?fit=1599%2C1186\" data-orig-size=\"1599,1186\" data-comments-opened=\"1\" data-image-meta=\"{&quot;aperture&quot;:&quot;0&quot;,&quot;credit&quot;:&quot;&quot;,&quot;camera&quot;:&quot;&quot;,&quot;caption&quot;:&quot;&quot;,&quot;created_timestamp&quot;:&quot;0&quot;,&quot;copyright&quot;:&quot;&quot;,&quot;focal_length&quot;:&quot;0&quot;,&quot;iso&quot;:&quot;0&quot;,&quot;shutter_speed&quot;:&quot;0&quot;,&quot;title&quot;:&quot;&quot;,&quot;orientation&quot;:&quot;0&quot;}\" data-image-title=\"WhatsApp Image 2017-11-22 at 21.22.13-min\" data-image-description=\"\" data-image-caption=\"\" data-large-file=\"https:\/\/i0.wp.com\/musikaliaelkartea.eus\/wp-content\/uploads\/2017\/11\/WhatsApp-Image-2017-11-22-at-21.22.13-min.jpeg?fit=1024%2C760\" class=\"size-medium wp-image-1054 alignright\" style=\"font-style: italic;\" src=\"https:\/\/i0.wp.com\/musikaliaelkartea.eus\/wp-content\/uploads\/2017\/11\/WhatsApp-Image-2017-11-22-at-21.22.13-min.jpeg?resize=300%2C223\" alt=\"\" width=\"300\" height=\"223\" srcset=\"https:\/\/i0.wp.com\/musikaliaelkartea.eus\/wp-content\/uploads\/2017\/11\/WhatsApp-Image-2017-11-22-at-21.22.13-min.jpeg?resize=300%2C223 300w, https:\/\/i0.wp.com\/musikaliaelkartea.eus\/wp-content\/uploads\/2017\/11\/WhatsApp-Image-2017-11-22-at-21.22.13-min.jpeg?resize=768%2C570 768w, https:\/\/i0.wp.com\/musikaliaelkartea.eus\/wp-content\/uploads\/2017\/11\/WhatsApp-Image-2017-11-22-at-21.22.13-min.jpeg?resize=1024%2C760 1024w, https:\/\/i0.wp.com\/musikaliaelkartea.eus\/wp-content\/uploads\/2017\/11\/WhatsApp-Image-2017-11-22-at-21.22.13-min.jpeg?resize=404%2C300 404w, https:\/\/i0.wp.com\/musikaliaelkartea.eus\/wp-content\/uploads\/2017\/11\/WhatsApp-Image-2017-11-22-at-21.22.13-min.jpeg?w=1599 1599w\" sizes=\"(max-width: 300px) 100vw, 300px\" \/><img data-recalc-dims=\"1\" loading=\"lazy\" decoding=\"async\" data-attachment-id=\"1051\" data-permalink=\"http:\/\/musikaliaelkartea.eus\/es\/2017\/11\/23\/musikalia-alfonbra-gorrian\/whatsapp-image-2017-11-22-at-21-22-27-min\/\" data-orig-file=\"https:\/\/i0.wp.com\/musikaliaelkartea.eus\/wp-content\/uploads\/2017\/11\/WhatsApp-Image-2017-11-22-at-21.22.27-min.jpeg?fit=1600%2C1200\" data-orig-size=\"1600,1200\" data-comments-opened=\"1\" data-image-meta=\"{&quot;aperture&quot;:&quot;0&quot;,&quot;credit&quot;:&quot;&quot;,&quot;camera&quot;:&quot;&quot;,&quot;caption&quot;:&quot;&quot;,&quot;created_timestamp&quot;:&quot;0&quot;,&quot;copyright&quot;:&quot;&quot;,&quot;focal_length&quot;:&quot;0&quot;,&quot;iso&quot;:&quot;0&quot;,&quot;shutter_speed&quot;:&quot;0&quot;,&quot;title&quot;:&quot;&quot;,&quot;orientation&quot;:&quot;0&quot;}\" data-image-title=\"WhatsApp Image 2017-11-22 at 21.22.27-min\" data-image-description=\"\" data-image-caption=\"\" data-large-file=\"https:\/\/i0.wp.com\/musikaliaelkartea.eus\/wp-content\/uploads\/2017\/11\/WhatsApp-Image-2017-11-22-at-21.22.27-min.jpeg?fit=1024%2C768\" class=\"size-medium wp-image-1051 alignleft\" src=\"https:\/\/i0.wp.com\/musikaliaelkartea.eus\/wp-content\/uploads\/2017\/11\/WhatsApp-Image-2017-11-22-at-21.22.27-min.jpeg?resize=300%2C225\" alt=\"\" width=\"300\" height=\"225\" srcset=\"https:\/\/i0.wp.com\/musikaliaelkartea.eus\/wp-content\/uploads\/2017\/11\/WhatsApp-Image-2017-11-22-at-21.22.27-min.jpeg?resize=300%2C225 300w, https:\/\/i0.wp.com\/musikaliaelkartea.eus\/wp-content\/uploads\/2017\/11\/WhatsApp-Image-2017-11-22-at-21.22.27-min.jpeg?resize=768%2C576 768w, https:\/\/i0.wp.com\/musikaliaelkartea.eus\/wp-content\/uploads\/2017\/11\/WhatsApp-Image-2017-11-22-at-21.22.27-min.jpeg?resize=1024%2C768 1024w, https:\/\/i0.wp.com\/musikaliaelkartea.eus\/wp-content\/uploads\/2017\/11\/WhatsApp-Image-2017-11-22-at-21.22.27-min.jpeg?resize=400%2C300 400w, https:\/\/i0.wp.com\/musikaliaelkartea.eus\/wp-content\/uploads\/2017\/11\/WhatsApp-Image-2017-11-22-at-21.22.27-min.jpeg?w=1600 1600w\" sizes=\"(max-width: 300px) 100vw, 300px\" \/><\/p>","protected":false},"excerpt":{"rendered":"<p>El mi\u00e9rcoles 22, estuvimos en el pre-estreno de \u00abLa higuera de los bastardos\u00bb en los cines de Getxo. Disfrutamos de la pel\u00edcula, con una sala<a href=\"http:\/\/musikaliaelkartea.eus\/es\/2017\/11\/23\/musikalia-alfonbra-gorrian\/\" class=\"more-link\">View More<\/a><\/p>\n","protected":false},"author":2,"featured_media":1055,"comment_status":"open","ping_status":"open","sticky":false,"template":"","format":"standard","meta":{"jetpack_post_was_ever_published":false,"_jetpack_newsletter_access":"","_jetpack_dont_email_post_to_subs":false,"_jetpack_newsletter_tier_id":0,"_jetpack_memberships_contains_paywalled_content":false,"_jetpack_memberships_contains_paid_content":false,"footnotes":""},"categories":[1],"tags":[],"class_list":["post-1050","post","type-post","status-publish","format-standard","has-post-thumbnail","hentry","category-uncategorized"],"yoast_head":"<!-- This site is optimized with the Yoast SEO plugin v27.4 - https:\/\/yoast.com\/product\/yoast-seo-wordpress\/ -->\n<title>Musikalia en la alfombra roja - Musikalia Elkartea<\/title>\n<meta name=\"robots\" content=\"index, follow, max-snippet:-1, max-image-preview:large, max-video-preview:-1\" \/>\n<link rel=\"canonical\" href=\"http:\/\/musikaliaelkartea.eus\/es\/2017\/11\/23\/musikalia-alfonbra-gorrian\/\" \/>\n<meta property=\"og:locale\" content=\"es_ES\" \/>\n<meta property=\"og:type\" content=\"article\" \/>\n<meta property=\"og:title\" content=\"[:eu]Musikalia alfonbra gorrian[:es]Musikalia en la alfombra roja[:] - Musikalia Elkartea\" \/>\n<meta property=\"og:description\" content=\"El mi\u00e9rcoles 22, estuvimos en el pre-estreno de \u00abLa higuera de los bastardos\u00bb en los cines de Getxo. Disfrutamos de la pel\u00edcula, con una salaView More\" \/>\n<meta property=\"og:url\" content=\"http:\/\/musikaliaelkartea.eus\/es\/2017\/11\/23\/musikalia-alfonbra-gorrian\/\" \/>\n<meta property=\"og:site_name\" content=\"Musikalia Elkartea\" \/>\n<meta property=\"article:publisher\" content=\"https:\/\/www.facebook.com\/musikaliaelkartea\" \/>\n<meta property=\"article:published_time\" content=\"2017-11-23T07:41:34+00:00\" \/>\n<meta property=\"article:modified_time\" content=\"2017-11-23T07:53:40+00:00\" \/>\n<meta property=\"og:image\" content=\"https:\/\/i0.wp.com\/musikaliaelkartea.eus\/wp-content\/uploads\/2017\/11\/WhatsApp-Image-2017-11-22-at-21.10.56-min.jpeg?fit=1000%2C750\" \/>\n\t<meta property=\"og:image:width\" content=\"1000\" \/>\n\t<meta property=\"og:image:height\" content=\"750\" \/>\n\t<meta property=\"og:image:type\" content=\"image\/jpeg\" \/>\n<meta name=\"author\" content=\"Musikalia\" \/>\n<meta name=\"twitter:card\" content=\"summary_large_image\" \/>\n<meta name=\"twitter:label1\" content=\"Escrito por\" \/>\n\t<meta name=\"twitter:data1\" content=\"Musikalia\" \/>\n\t<meta name=\"twitter:label2\" content=\"Tiempo de lectura\" \/>\n\t<meta name=\"twitter:data2\" content=\"2 minutos\" \/>\n<script type=\"application\/ld+json\" class=\"yoast-schema-graph\">{\"@context\":\"https:\\\/\\\/schema.org\",\"@graph\":[{\"@type\":\"Article\",\"@id\":\"http:\\\/\\\/musikaliaelkartea.eus\\\/es\\\/2017\\\/11\\\/23\\\/musikalia-alfonbra-gorrian\\\/#article\",\"isPartOf\":{\"@id\":\"http:\\\/\\\/musikaliaelkartea.eus\\\/es\\\/2017\\\/11\\\/23\\\/musikalia-alfonbra-gorrian\\\/\"},\"author\":{\"name\":\"Musikalia\",\"@id\":\"http:\\\/\\\/musikaliaelkartea.eus\\\/es\\\/#\\\/schema\\\/person\\\/14029d72e7fe33dcc3b5b67080703aab\"},\"headline\":\"Musikalia en la alfombra roja\",\"datePublished\":\"2017-11-23T07:41:34+00:00\",\"dateModified\":\"2017-11-23T07:53:40+00:00\",\"mainEntityOfPage\":{\"@id\":\"http:\\\/\\\/musikaliaelkartea.eus\\\/es\\\/2017\\\/11\\\/23\\\/musikalia-alfonbra-gorrian\\\/\"},\"wordCount\":475,\"commentCount\":0,\"publisher\":{\"@id\":\"http:\\\/\\\/musikaliaelkartea.eus\\\/es\\\/#organization\"},\"image\":{\"@id\":\"http:\\\/\\\/musikaliaelkartea.eus\\\/es\\\/2017\\\/11\\\/23\\\/musikalia-alfonbra-gorrian\\\/#primaryimage\"},\"thumbnailUrl\":\"https:\\\/\\\/i0.wp.com\\\/musikaliaelkartea.eus\\\/wp-content\\\/uploads\\\/2017\\\/11\\\/WhatsApp-Image-2017-11-22-at-21.10.56-min.jpeg?fit=1000%2C750\",\"articleSection\":[\"Uncategorized\"],\"inLanguage\":\"es\",\"potentialAction\":[{\"@type\":\"CommentAction\",\"name\":\"Comment\",\"target\":[\"http:\\\/\\\/musikaliaelkartea.eus\\\/es\\\/2017\\\/11\\\/23\\\/musikalia-alfonbra-gorrian\\\/#respond\"]}]},{\"@type\":\"WebPage\",\"@id\":\"http:\\\/\\\/musikaliaelkartea.eus\\\/es\\\/2017\\\/11\\\/23\\\/musikalia-alfonbra-gorrian\\\/\",\"url\":\"http:\\\/\\\/musikaliaelkartea.eus\\\/es\\\/2017\\\/11\\\/23\\\/musikalia-alfonbra-gorrian\\\/\",\"name\":\"[:eu]Musikalia alfonbra gorrian[:es]Musikalia en la alfombra roja[:] - Musikalia Elkartea\",\"isPartOf\":{\"@id\":\"http:\\\/\\\/musikaliaelkartea.eus\\\/es\\\/#website\"},\"primaryImageOfPage\":{\"@id\":\"http:\\\/\\\/musikaliaelkartea.eus\\\/es\\\/2017\\\/11\\\/23\\\/musikalia-alfonbra-gorrian\\\/#primaryimage\"},\"image\":{\"@id\":\"http:\\\/\\\/musikaliaelkartea.eus\\\/es\\\/2017\\\/11\\\/23\\\/musikalia-alfonbra-gorrian\\\/#primaryimage\"},\"thumbnailUrl\":\"https:\\\/\\\/i0.wp.com\\\/musikaliaelkartea.eus\\\/wp-content\\\/uploads\\\/2017\\\/11\\\/WhatsApp-Image-2017-11-22-at-21.10.56-min.jpeg?fit=1000%2C750\",\"datePublished\":\"2017-11-23T07:41:34+00:00\",\"dateModified\":\"2017-11-23T07:53:40+00:00\",\"breadcrumb\":{\"@id\":\"http:\\\/\\\/musikaliaelkartea.eus\\\/es\\\/2017\\\/11\\\/23\\\/musikalia-alfonbra-gorrian\\\/#breadcrumb\"},\"inLanguage\":\"es\",\"potentialAction\":[{\"@type\":\"ReadAction\",\"target\":[\"http:\\\/\\\/musikaliaelkartea.eus\\\/es\\\/2017\\\/11\\\/23\\\/musikalia-alfonbra-gorrian\\\/\"]}]},{\"@type\":\"ImageObject\",\"inLanguage\":\"es\",\"@id\":\"http:\\\/\\\/musikaliaelkartea.eus\\\/es\\\/2017\\\/11\\\/23\\\/musikalia-alfonbra-gorrian\\\/#primaryimage\",\"url\":\"https:\\\/\\\/i0.wp.com\\\/musikaliaelkartea.eus\\\/wp-content\\\/uploads\\\/2017\\\/11\\\/WhatsApp-Image-2017-11-22-at-21.10.56-min.jpeg?fit=1000%2C750\",\"contentUrl\":\"https:\\\/\\\/i0.wp.com\\\/musikaliaelkartea.eus\\\/wp-content\\\/uploads\\\/2017\\\/11\\\/WhatsApp-Image-2017-11-22-at-21.10.56-min.jpeg?fit=1000%2C750\",\"width\":1000,\"height\":750},{\"@type\":\"BreadcrumbList\",\"@id\":\"http:\\\/\\\/musikaliaelkartea.eus\\\/es\\\/2017\\\/11\\\/23\\\/musikalia-alfonbra-gorrian\\\/#breadcrumb\",\"itemListElement\":[{\"@type\":\"ListItem\",\"position\":1,\"name\":\"Home\",\"item\":\"http:\\\/\\\/musikaliaelkartea.eus\\\/es\\\/\"},{\"@type\":\"ListItem\",\"position\":2,\"name\":\"Musikalia en la alfombra roja\"}]},{\"@type\":\"WebSite\",\"@id\":\"http:\\\/\\\/musikaliaelkartea.eus\\\/es\\\/#website\",\"url\":\"http:\\\/\\\/musikaliaelkartea.eus\\\/es\\\/\",\"name\":\"Musikalia Elkartea\",\"description\":\"\",\"publisher\":{\"@id\":\"http:\\\/\\\/musikaliaelkartea.eus\\\/es\\\/#organization\"},\"potentialAction\":[{\"@type\":\"SearchAction\",\"target\":{\"@type\":\"EntryPoint\",\"urlTemplate\":\"http:\\\/\\\/musikaliaelkartea.eus\\\/es\\\/?s={search_term_string}\"},\"query-input\":{\"@type\":\"PropertyValueSpecification\",\"valueRequired\":true,\"valueName\":\"search_term_string\"}}],\"inLanguage\":\"es\"},{\"@type\":\"Organization\",\"@id\":\"http:\\\/\\\/musikaliaelkartea.eus\\\/es\\\/#organization\",\"name\":\"Getxoko Andres Isasi Musikalia Elkartea\",\"url\":\"http:\\\/\\\/musikaliaelkartea.eus\\\/es\\\/\",\"logo\":{\"@type\":\"ImageObject\",\"inLanguage\":\"es\",\"@id\":\"http:\\\/\\\/musikaliaelkartea.eus\\\/es\\\/#\\\/schema\\\/logo\\\/image\\\/\",\"url\":\"https:\\\/\\\/i0.wp.com\\\/musikaliaelkartea.eus\\\/wp-content\\\/uploads\\\/2025\\\/03\\\/cropped-MUSIKALIA-LOGO-LARGO.png?fit=5455%2C1928\",\"contentUrl\":\"https:\\\/\\\/i0.wp.com\\\/musikaliaelkartea.eus\\\/wp-content\\\/uploads\\\/2025\\\/03\\\/cropped-MUSIKALIA-LOGO-LARGO.png?fit=5455%2C1928\",\"width\":5455,\"height\":1928,\"caption\":\"Getxoko Andres Isasi Musikalia Elkartea\"},\"image\":{\"@id\":\"http:\\\/\\\/musikaliaelkartea.eus\\\/es\\\/#\\\/schema\\\/logo\\\/image\\\/\"},\"sameAs\":[\"https:\\\/\\\/www.facebook.com\\\/musikaliaelkartea\",\"https:\\\/\\\/www.instagram.com\\\/musikaliaelkartea\\\/\",\"https:\\\/\\\/www.youtube.com\\\/channel\\\/UCYG_UH_Rv-34wbmS8nQ7mpg\"]},{\"@type\":\"Person\",\"@id\":\"http:\\\/\\\/musikaliaelkartea.eus\\\/es\\\/#\\\/schema\\\/person\\\/14029d72e7fe33dcc3b5b67080703aab\",\"name\":\"Musikalia\",\"image\":{\"@type\":\"ImageObject\",\"inLanguage\":\"es\",\"@id\":\"https:\\\/\\\/secure.gravatar.com\\\/avatar\\\/4cedd4863d0dc30f70d9375282b4f70545dbeb2a5fec482325b3b89efe2dd5e3?s=96&d=mm&r=g\",\"url\":\"https:\\\/\\\/secure.gravatar.com\\\/avatar\\\/4cedd4863d0dc30f70d9375282b4f70545dbeb2a5fec482325b3b89efe2dd5e3?s=96&d=mm&r=g\",\"contentUrl\":\"https:\\\/\\\/secure.gravatar.com\\\/avatar\\\/4cedd4863d0dc30f70d9375282b4f70545dbeb2a5fec482325b3b89efe2dd5e3?s=96&d=mm&r=g\",\"caption\":\"Musikalia\"},\"url\":\"http:\\\/\\\/musikaliaelkartea.eus\\\/es\\\/author\\\/musikalia\\\/\"}]}<\/script>\n<!-- \/ Yoast SEO plugin. -->","yoast_head_json":{"title":"[:eu]Musikalia alfonbra gorrian[:es]Musikalia en la alfombra roja[:] - Musikalia Elkartea","robots":{"index":"index","follow":"follow","max-snippet":"max-snippet:-1","max-image-preview":"max-image-preview:large","max-video-preview":"max-video-preview:-1"},"canonical":"http:\/\/musikaliaelkartea.eus\/es\/2017\/11\/23\/musikalia-alfonbra-gorrian\/","og_locale":"es_ES","og_type":"article","og_title":"[:eu]Musikalia alfonbra gorrian[:es]Musikalia en la alfombra roja[:] - Musikalia Elkartea","og_description":"El mi\u00e9rcoles 22, estuvimos en el pre-estreno de \u00abLa higuera de los bastardos\u00bb en los cines de Getxo. Disfrutamos de la pel\u00edcula, con una salaView More","og_url":"http:\/\/musikaliaelkartea.eus\/es\/2017\/11\/23\/musikalia-alfonbra-gorrian\/","og_site_name":"Musikalia Elkartea","article_publisher":"https:\/\/www.facebook.com\/musikaliaelkartea","article_published_time":"2017-11-23T07:41:34+00:00","article_modified_time":"2017-11-23T07:53:40+00:00","og_image":[{"width":1000,"height":750,"url":"https:\/\/i0.wp.com\/musikaliaelkartea.eus\/wp-content\/uploads\/2017\/11\/WhatsApp-Image-2017-11-22-at-21.10.56-min.jpeg?fit=1000%2C750","type":"image\/jpeg"}],"author":"Musikalia","twitter_card":"summary_large_image","twitter_misc":{"Escrito por":"Musikalia","Tiempo de lectura":"2 minutos"},"schema":{"@context":"https:\/\/schema.org","@graph":[{"@type":"Article","@id":"http:\/\/musikaliaelkartea.eus\/es\/2017\/11\/23\/musikalia-alfonbra-gorrian\/#article","isPartOf":{"@id":"http:\/\/musikaliaelkartea.eus\/es\/2017\/11\/23\/musikalia-alfonbra-gorrian\/"},"author":{"name":"Musikalia","@id":"http:\/\/musikaliaelkartea.eus\/es\/#\/schema\/person\/14029d72e7fe33dcc3b5b67080703aab"},"headline":"Musikalia en la alfombra roja","datePublished":"2017-11-23T07:41:34+00:00","dateModified":"2017-11-23T07:53:40+00:00","mainEntityOfPage":{"@id":"http:\/\/musikaliaelkartea.eus\/es\/2017\/11\/23\/musikalia-alfonbra-gorrian\/"},"wordCount":475,"commentCount":0,"publisher":{"@id":"http:\/\/musikaliaelkartea.eus\/es\/#organization"},"image":{"@id":"http:\/\/musikaliaelkartea.eus\/es\/2017\/11\/23\/musikalia-alfonbra-gorrian\/#primaryimage"},"thumbnailUrl":"https:\/\/i0.wp.com\/musikaliaelkartea.eus\/wp-content\/uploads\/2017\/11\/WhatsApp-Image-2017-11-22-at-21.10.56-min.jpeg?fit=1000%2C750","articleSection":["Uncategorized"],"inLanguage":"es","potentialAction":[{"@type":"CommentAction","name":"Comment","target":["http:\/\/musikaliaelkartea.eus\/es\/2017\/11\/23\/musikalia-alfonbra-gorrian\/#respond"]}]},{"@type":"WebPage","@id":"http:\/\/musikaliaelkartea.eus\/es\/2017\/11\/23\/musikalia-alfonbra-gorrian\/","url":"http:\/\/musikaliaelkartea.eus\/es\/2017\/11\/23\/musikalia-alfonbra-gorrian\/","name":"[:eu]Musikalia alfonbra gorrian[:es]Musikalia en la alfombra roja[:] - Musikalia Elkartea","isPartOf":{"@id":"http:\/\/musikaliaelkartea.eus\/es\/#website"},"primaryImageOfPage":{"@id":"http:\/\/musikaliaelkartea.eus\/es\/2017\/11\/23\/musikalia-alfonbra-gorrian\/#primaryimage"},"image":{"@id":"http:\/\/musikaliaelkartea.eus\/es\/2017\/11\/23\/musikalia-alfonbra-gorrian\/#primaryimage"},"thumbnailUrl":"https:\/\/i0.wp.com\/musikaliaelkartea.eus\/wp-content\/uploads\/2017\/11\/WhatsApp-Image-2017-11-22-at-21.10.56-min.jpeg?fit=1000%2C750","datePublished":"2017-11-23T07:41:34+00:00","dateModified":"2017-11-23T07:53:40+00:00","breadcrumb":{"@id":"http:\/\/musikaliaelkartea.eus\/es\/2017\/11\/23\/musikalia-alfonbra-gorrian\/#breadcrumb"},"inLanguage":"es","potentialAction":[{"@type":"ReadAction","target":["http:\/\/musikaliaelkartea.eus\/es\/2017\/11\/23\/musikalia-alfonbra-gorrian\/"]}]},{"@type":"ImageObject","inLanguage":"es","@id":"http:\/\/musikaliaelkartea.eus\/es\/2017\/11\/23\/musikalia-alfonbra-gorrian\/#primaryimage","url":"https:\/\/i0.wp.com\/musikaliaelkartea.eus\/wp-content\/uploads\/2017\/11\/WhatsApp-Image-2017-11-22-at-21.10.56-min.jpeg?fit=1000%2C750","contentUrl":"https:\/\/i0.wp.com\/musikaliaelkartea.eus\/wp-content\/uploads\/2017\/11\/WhatsApp-Image-2017-11-22-at-21.10.56-min.jpeg?fit=1000%2C750","width":1000,"height":750},{"@type":"BreadcrumbList","@id":"http:\/\/musikaliaelkartea.eus\/es\/2017\/11\/23\/musikalia-alfonbra-gorrian\/#breadcrumb","itemListElement":[{"@type":"ListItem","position":1,"name":"Home","item":"http:\/\/musikaliaelkartea.eus\/es\/"},{"@type":"ListItem","position":2,"name":"Musikalia en la alfombra roja"}]},{"@type":"WebSite","@id":"http:\/\/musikaliaelkartea.eus\/es\/#website","url":"http:\/\/musikaliaelkartea.eus\/es\/","name":"Musikalia Elkartea","description":"","publisher":{"@id":"http:\/\/musikaliaelkartea.eus\/es\/#organization"},"potentialAction":[{"@type":"SearchAction","target":{"@type":"EntryPoint","urlTemplate":"http:\/\/musikaliaelkartea.eus\/es\/?s={search_term_string}"},"query-input":{"@type":"PropertyValueSpecification","valueRequired":true,"valueName":"search_term_string"}}],"inLanguage":"es"},{"@type":"Organization","@id":"http:\/\/musikaliaelkartea.eus\/es\/#organization","name":"Getxoko Andres Isasi Musikalia Elkartea","url":"http:\/\/musikaliaelkartea.eus\/es\/","logo":{"@type":"ImageObject","inLanguage":"es","@id":"http:\/\/musikaliaelkartea.eus\/es\/#\/schema\/logo\/image\/","url":"https:\/\/i0.wp.com\/musikaliaelkartea.eus\/wp-content\/uploads\/2025\/03\/cropped-MUSIKALIA-LOGO-LARGO.png?fit=5455%2C1928","contentUrl":"https:\/\/i0.wp.com\/musikaliaelkartea.eus\/wp-content\/uploads\/2025\/03\/cropped-MUSIKALIA-LOGO-LARGO.png?fit=5455%2C1928","width":5455,"height":1928,"caption":"Getxoko Andres Isasi Musikalia Elkartea"},"image":{"@id":"http:\/\/musikaliaelkartea.eus\/es\/#\/schema\/logo\/image\/"},"sameAs":["https:\/\/www.facebook.com\/musikaliaelkartea","https:\/\/www.instagram.com\/musikaliaelkartea\/","https:\/\/www.youtube.com\/channel\/UCYG_UH_Rv-34wbmS8nQ7mpg"]},{"@type":"Person","@id":"http:\/\/musikaliaelkartea.eus\/es\/#\/schema\/person\/14029d72e7fe33dcc3b5b67080703aab","name":"Musikalia","image":{"@type":"ImageObject","inLanguage":"es","@id":"https:\/\/secure.gravatar.com\/avatar\/4cedd4863d0dc30f70d9375282b4f70545dbeb2a5fec482325b3b89efe2dd5e3?s=96&d=mm&r=g","url":"https:\/\/secure.gravatar.com\/avatar\/4cedd4863d0dc30f70d9375282b4f70545dbeb2a5fec482325b3b89efe2dd5e3?s=96&d=mm&r=g","contentUrl":"https:\/\/secure.gravatar.com\/avatar\/4cedd4863d0dc30f70d9375282b4f70545dbeb2a5fec482325b3b89efe2dd5e3?s=96&d=mm&r=g","caption":"Musikalia"},"url":"http:\/\/musikaliaelkartea.eus\/es\/author\/musikalia\/"}]}},"jetpack_featured_media_url":"https:\/\/i0.wp.com\/musikaliaelkartea.eus\/wp-content\/uploads\/2017\/11\/WhatsApp-Image-2017-11-22-at-21.10.56-min.jpeg?fit=1000%2C750","jetpack_sharing_enabled":true,"jetpack_shortlink":"https:\/\/wp.me\/p8OhQz-gW","_links":{"self":[{"href":"http:\/\/musikaliaelkartea.eus\/es\/wp-json\/wp\/v2\/posts\/1050","targetHints":{"allow":["GET"]}}],"collection":[{"href":"http:\/\/musikaliaelkartea.eus\/es\/wp-json\/wp\/v2\/posts"}],"about":[{"href":"http:\/\/musikaliaelkartea.eus\/es\/wp-json\/wp\/v2\/types\/post"}],"author":[{"embeddable":true,"href":"http:\/\/musikaliaelkartea.eus\/es\/wp-json\/wp\/v2\/users\/2"}],"replies":[{"embeddable":true,"href":"http:\/\/musikaliaelkartea.eus\/es\/wp-json\/wp\/v2\/comments?post=1050"}],"version-history":[{"count":3,"href":"http:\/\/musikaliaelkartea.eus\/es\/wp-json\/wp\/v2\/posts\/1050\/revisions"}],"predecessor-version":[{"id":1061,"href":"http:\/\/musikaliaelkartea.eus\/es\/wp-json\/wp\/v2\/posts\/1050\/revisions\/1061"}],"wp:featuredmedia":[{"embeddable":true,"href":"http:\/\/musikaliaelkartea.eus\/es\/wp-json\/wp\/v2\/media\/1055"}],"wp:attachment":[{"href":"http:\/\/musikaliaelkartea.eus\/es\/wp-json\/wp\/v2\/media?parent=1050"}],"wp:term":[{"taxonomy":"category","embeddable":true,"href":"http:\/\/musikaliaelkartea.eus\/es\/wp-json\/wp\/v2\/categories?post=1050"},{"taxonomy":"post_tag","embeddable":true,"href":"http:\/\/musikaliaelkartea.eus\/es\/wp-json\/wp\/v2\/tags?post=1050"}],"curies":[{"name":"wp","href":"https:\/\/api.w.org\/{rel}","templated":true}]}}